{"id":185902,"date":"2020-02-17T22:35:05","date_gmt":"2020-02-17T21:35:05","guid":{"rendered":"https:\/\/www.letemsvetemapplem.eu\/bazar\/?p=185902"},"modified":"2020-02-17T22:35:05","modified_gmt":"2020-02-17T21:35:05","slug":"ipad-pro-12-9-128gb-sim-pencil","status":"publish","type":"post","link":"https:\/\/www.letemsvetemapplem.eu\/bazar\/ipad-pro-12-9-128gb-sim-pencil\/","title":{"rendered":"iPad Pro 12.9 128GB SIM + Pencil"},"content":{"rendered":"<p>Dobry den, prodam malo pouzivany iPad Pro 12.9&quot; Cellular (se SIM kartou) pridam k nemu i Apple Pencil.<br \/>\nV hezkem stavu, display male vrascite oderky, ale nic co by bylo videt kdyz se rozsviti, zadni strana je vybledla os toho jak dlouho stal se smart cover na stole, maly dulek na zadni strane &#8211; na fotkach vypada daleko hure nez v realu.<\/p>\n<p>K videni na CVUTu v Dejvicich.<\/p>\n","protected":false},"excerpt":{"rendered":"<p>Dobry den, prodam malo pouzivany iPad Pro 12.9&quot; Cellular (se SIM kartou) pridam k nemu i Apple Pencil. V hezkem stavu, display male vrascite oderky, ale nic co by bylo videt kdyz se rozsviti, zadni strana je vybledla os toho jak dlouho stal se smart cover na stole, maly dulek na zadni strane &#8211; na&#8230;<\/p>\n","protected":false},"author":0,"featured_media":185903,"comment_status":"closed","ping_status":"closed","sticky":false,"template":"","format":"standard","meta":{"footnotes":""},"categories":[57],"tags":[],"class_list":["post-185902","post","type-post","status-publish","format-standard","has-post-thumbnail","hentry","category-ipad-pro"],"yoast_head":"<!-- This site is optimized with the Yoast SEO plugin v27.2 - https:\/\/yoast.com\/product\/yoast-seo-wordpress\/ -->\n<title>iPad Pro 12.9 128GB SIM + Pencil - Apple bazar<\/title>\n<meta name=\"robots\" content=\"index, follow, max-snippet:-1, max-image-preview:large, max-video-preview:-1\" \/>\n<link rel=\"canonical\" href=\"https:\/\/www.letemsvetemapplem.eu\/bazar\/ipad-pro-12-9-128gb-sim-pencil\/\" \/>\n<meta property=\"og:locale\" content=\"cs_CZ\" \/>\n<meta property=\"og:type\" content=\"article\" \/>\n<meta property=\"og:title\" content=\"iPad Pro 12.9 128GB SIM + Pencil - Apple bazar\" \/>\n<meta property=\"og:description\" content=\"Dobry den, prodam malo pouzivany iPad Pro 12.9&quot; Cellular (se SIM kartou) pridam k nemu i Apple Pencil. V hezkem stavu, display male vrascite oderky, ale nic co by bylo videt kdyz se rozsviti, zadni strana je vybledla os toho jak dlouho stal se smart cover na stole, maly dulek na zadni strane &#8211; na...\" \/>\n<meta property=\"og:url\" content=\"https:\/\/www.letemsvetemapplem.eu\/bazar\/ipad-pro-12-9-128gb-sim-pencil\/\" \/>\n<meta property=\"og:site_name\" content=\"Apple bazar\" \/>\n<meta property=\"article:published_time\" content=\"2020-02-17T21:35:05+00:00\" \/>\n<meta property=\"og:image\" content=\"https:\/\/www.letemsvetemapplem.eu\/bazar\/wp-content\/uploads\/2020\/02\/IMG_1309-scaled.jpeg\" \/>\n\t<meta property=\"og:image:width\" content=\"1920\" \/>\n\t<meta property=\"og:image:height\" content=\"2560\" \/>\n\t<meta property=\"og:image:type\" content=\"image\/jpeg\" \/>\n<meta name=\"twitter:card\" content=\"summary_large_image\" \/>\n<script type=\"application\/ld+json\" class=\"yoast-schema-graph\">{\"@context\":\"https:\/\/schema.org\",\"@graph\":[{\"@type\":\"Article\",\"@id\":\"https:\/\/www.letemsvetemapplem.eu\/bazar\/ipad-pro-12-9-128gb-sim-pencil\/#article\",\"isPartOf\":{\"@id\":\"https:\/\/www.letemsvetemapplem.eu\/bazar\/ipad-pro-12-9-128gb-sim-pencil\/\"},\"author\":{\"name\":\"\",\"@id\":\"\"},\"headline\":\"iPad Pro 12.9 128GB SIM + Pencil\",\"datePublished\":\"2020-02-17T21:35:05+00:00\",\"mainEntityOfPage\":{\"@id\":\"https:\/\/www.letemsvetemapplem.eu\/bazar\/ipad-pro-12-9-128gb-sim-pencil\/\"},\"wordCount\":73,\"image\":{\"@id\":\"https:\/\/www.letemsvetemapplem.eu\/bazar\/ipad-pro-12-9-128gb-sim-pencil\/#primaryimage\"},\"thumbnailUrl\":\"https:\/\/www.letemsvetemapplem.eu\/bazar\/wp-content\/uploads\/2020\/02\/IMG_1309-scaled.jpeg\",\"articleSection\":[\"iPad Pro\"],\"inLanguage\":\"cs\"},{\"@type\":\"WebPage\",\"@id\":\"https:\/\/www.letemsvetemapplem.eu\/bazar\/ipad-pro-12-9-128gb-sim-pencil\/\",\"url\":\"https:\/\/www.letemsvetemapplem.eu\/bazar\/ipad-pro-12-9-128gb-sim-pencil\/\",\"name\":\"iPad Pro 12.9 128GB SIM + Pencil - Apple bazar\",\"isPartOf\":{\"@id\":\"https:\/\/www.letemsvetemapplem.eu\/bazar\/#website\"},\"primaryImageOfPage\":{\"@id\":\"https:\/\/www.letemsvetemapplem.eu\/bazar\/ipad-pro-12-9-128gb-sim-pencil\/#primaryimage\"},\"image\":{\"@id\":\"https:\/\/www.letemsvetemapplem.eu\/bazar\/ipad-pro-12-9-128gb-sim-pencil\/#primaryimage\"},\"thumbnailUrl\":\"https:\/\/www.letemsvetemapplem.eu\/bazar\/wp-content\/uploads\/2020\/02\/IMG_1309-scaled.jpeg\",\"datePublished\":\"2020-02-17T21:35:05+00:00\",\"author\":{\"@id\":\"\"},\"breadcrumb\":{\"@id\":\"https:\/\/www.letemsvetemapplem.eu\/bazar\/ipad-pro-12-9-128gb-sim-pencil\/#breadcrumb\"},\"inLanguage\":\"cs\",\"potentialAction\":[{\"@type\":\"ReadAction\",\"target\":[\"https:\/\/www.letemsvetemapplem.eu\/bazar\/ipad-pro-12-9-128gb-sim-pencil\/\"]}]},{\"@type\":\"ImageObject\",\"inLanguage\":\"cs\",\"@id\":\"https:\/\/www.letemsvetemapplem.eu\/bazar\/ipad-pro-12-9-128gb-sim-pencil\/#primaryimage\",\"url\":\"https:\/\/www.letemsvetemapplem.eu\/bazar\/wp-content\/uploads\/2020\/02\/IMG_1309-scaled.jpeg\",\"contentUrl\":\"https:\/\/www.letemsvetemapplem.eu\/bazar\/wp-content\/uploads\/2020\/02\/IMG_1309-scaled.jpeg\",\"width\":1920,\"height\":2560},{\"@type\":\"BreadcrumbList\",\"@id\":\"https:\/\/www.letemsvetemapplem.eu\/bazar\/ipad-pro-12-9-128gb-sim-pencil\/#breadcrumb\",\"itemListElement\":[{\"@type\":\"ListItem\",\"position\":1,\"name\":\"Apple Bazar\",\"item\":\"https:\/\/www.letemsvetemapplem.eu\/bazar\/\"},{\"@type\":\"ListItem\",\"position\":2,\"name\":\"iPad Pro 12.9 128GB SIM + Pencil\"}]},{\"@type\":\"WebSite\",\"@id\":\"https:\/\/www.letemsvetemapplem.eu\/bazar\/#website\",\"url\":\"https:\/\/www.letemsvetemapplem.eu\/bazar\/\",\"name\":\"Apple bazar\",\"description\":\"Oou\u017eit\u00e9 Apple produkty za skv\u011bl\u00e9 ceny\",\"potentialAction\":[{\"@type\":\"SearchAction\",\"target\":{\"@type\":\"EntryPoint\",\"urlTemplate\":\"https:\/\/www.letemsvetemapplem.eu\/bazar\/?s={search_term_string}\"},\"query-input\":{\"@type\":\"PropertyValueSpecification\",\"valueRequired\":true,\"valueName\":\"search_term_string\"}}],\"inLanguage\":\"cs\"}]}<\/script>\n<!-- \/ Yoast SEO plugin. -->","yoast_head_json":{"title":"iPad Pro 12.9 128GB SIM + Pencil - Apple bazar","robots":{"index":"index","follow":"follow","max-snippet":"max-snippet:-1","max-image-preview":"max-image-preview:large","max-video-preview":"max-video-preview:-1"},"canonical":"https:\/\/www.letemsvetemapplem.eu\/bazar\/ipad-pro-12-9-128gb-sim-pencil\/","og_locale":"cs_CZ","og_type":"article","og_title":"iPad Pro 12.9 128GB SIM + Pencil - Apple bazar","og_description":"Dobry den, prodam malo pouzivany iPad Pro 12.9&quot; Cellular (se SIM kartou) pridam k nemu i Apple Pencil. V hezkem stavu, display male vrascite oderky, ale nic co by bylo videt kdyz se rozsviti, zadni strana je vybledla os toho jak dlouho stal se smart cover na stole, maly dulek na zadni strane &#8211; na...","og_url":"https:\/\/www.letemsvetemapplem.eu\/bazar\/ipad-pro-12-9-128gb-sim-pencil\/","og_site_name":"Apple bazar","article_published_time":"2020-02-17T21:35:05+00:00","og_image":[{"width":1920,"height":2560,"url":"https:\/\/www.letemsvetemapplem.eu\/bazar\/wp-content\/uploads\/2020\/02\/IMG_1309-scaled.jpeg","type":"image\/jpeg"}],"twitter_card":"summary_large_image","schema":{"@context":"https:\/\/schema.org","@graph":[{"@type":"Article","@id":"https:\/\/www.letemsvetemapplem.eu\/bazar\/ipad-pro-12-9-128gb-sim-pencil\/#article","isPartOf":{"@id":"https:\/\/www.letemsvetemapplem.eu\/bazar\/ipad-pro-12-9-128gb-sim-pencil\/"},"author":{"name":"","@id":""},"headline":"iPad Pro 12.9 128GB SIM + Pencil","datePublished":"2020-02-17T21:35:05+00:00","mainEntityOfPage":{"@id":"https:\/\/www.letemsvetemapplem.eu\/bazar\/ipad-pro-12-9-128gb-sim-pencil\/"},"wordCount":73,"image":{"@id":"https:\/\/www.letemsvetemapplem.eu\/bazar\/ipad-pro-12-9-128gb-sim-pencil\/#primaryimage"},"thumbnailUrl":"https:\/\/www.letemsvetemapplem.eu\/bazar\/wp-content\/uploads\/2020\/02\/IMG_1309-scaled.jpeg","articleSection":["iPad Pro"],"inLanguage":"cs"},{"@type":"WebPage","@id":"https:\/\/www.letemsvetemapplem.eu\/bazar\/ipad-pro-12-9-128gb-sim-pencil\/","url":"https:\/\/www.letemsvetemapplem.eu\/bazar\/ipad-pro-12-9-128gb-sim-pencil\/","name":"iPad Pro 12.9 128GB SIM + Pencil - Apple bazar","isPartOf":{"@id":"https:\/\/www.letemsvetemapplem.eu\/bazar\/#website"},"primaryImageOfPage":{"@id":"https:\/\/www.letemsvetemapplem.eu\/bazar\/ipad-pro-12-9-128gb-sim-pencil\/#primaryimage"},"image":{"@id":"https:\/\/www.letemsvetemapplem.eu\/bazar\/ipad-pro-12-9-128gb-sim-pencil\/#primaryimage"},"thumbnailUrl":"https:\/\/www.letemsvetemapplem.eu\/bazar\/wp-content\/uploads\/2020\/02\/IMG_1309-scaled.jpeg","datePublished":"2020-02-17T21:35:05+00:00","author":{"@id":""},"breadcrumb":{"@id":"https:\/\/www.letemsvetemapplem.eu\/bazar\/ipad-pro-12-9-128gb-sim-pencil\/#breadcrumb"},"inLanguage":"cs","potentialAction":[{"@type":"ReadAction","target":["https:\/\/www.letemsvetemapplem.eu\/bazar\/ipad-pro-12-9-128gb-sim-pencil\/"]}]},{"@type":"ImageObject","inLanguage":"cs","@id":"https:\/\/www.letemsvetemapplem.eu\/bazar\/ipad-pro-12-9-128gb-sim-pencil\/#primaryimage","url":"https:\/\/www.letemsvetemapplem.eu\/bazar\/wp-content\/uploads\/2020\/02\/IMG_1309-scaled.jpeg","contentUrl":"https:\/\/www.letemsvetemapplem.eu\/bazar\/wp-content\/uploads\/2020\/02\/IMG_1309-scaled.jpeg","width":1920,"height":2560},{"@type":"BreadcrumbList","@id":"https:\/\/www.letemsvetemapplem.eu\/bazar\/ipad-pro-12-9-128gb-sim-pencil\/#breadcrumb","itemListElement":[{"@type":"ListItem","position":1,"name":"Apple Bazar","item":"https:\/\/www.letemsvetemapplem.eu\/bazar\/"},{"@type":"ListItem","position":2,"name":"iPad Pro 12.9 128GB SIM + Pencil"}]},{"@type":"WebSite","@id":"https:\/\/www.letemsvetemapplem.eu\/bazar\/#website","url":"https:\/\/www.letemsvetemapplem.eu\/bazar\/","name":"Apple bazar","description":"Oou\u017eit\u00e9 Apple produkty za skv\u011bl\u00e9 ceny","potentialAction":[{"@type":"SearchAction","target":{"@type":"EntryPoint","urlTemplate":"https:\/\/www.letemsvetemapplem.eu\/bazar\/?s={search_term_string}"},"query-input":{"@type":"PropertyValueSpecification","valueRequired":true,"valueName":"search_term_string"}}],"inLanguage":"cs"}]}},"_links":{"self":[{"href":"https:\/\/www.letemsvetemapplem.eu\/bazar\/wp-json\/wp\/v2\/posts\/185902","targetHints":{"allow":["GET"]}}],"collection":[{"href":"https:\/\/www.letemsvetemapplem.eu\/bazar\/wp-json\/wp\/v2\/posts"}],"about":[{"href":"https:\/\/www.letemsvetemapplem.eu\/bazar\/wp-json\/wp\/v2\/types\/post"}],"replies":[{"embeddable":true,"href":"https:\/\/www.letemsvetemapplem.eu\/bazar\/wp-json\/wp\/v2\/comments?post=185902"}],"version-history":[{"count":1,"href":"https:\/\/www.letemsvetemapplem.eu\/bazar\/wp-json\/wp\/v2\/posts\/185902\/revisions"}],"predecessor-version":[{"id":185906,"href":"https:\/\/www.letemsvetemapplem.eu\/bazar\/wp-json\/wp\/v2\/posts\/185902\/revisions\/185906"}],"wp:featuredmedia":[{"embeddable":true,"href":"https:\/\/www.letemsvetemapplem.eu\/bazar\/wp-json\/wp\/v2\/media\/185903"}],"wp:attachment":[{"href":"https:\/\/www.letemsvetemapplem.eu\/bazar\/wp-json\/wp\/v2\/media?parent=185902"}],"wp:term":[{"taxonomy":"category","embeddable":true,"href":"https:\/\/www.letemsvetemapplem.eu\/bazar\/wp-json\/wp\/v2\/categories?post=185902"},{"taxonomy":"post_tag","embeddable":true,"href":"https:\/\/www.letemsvetemapplem.eu\/bazar\/wp-json\/wp\/v2\/tags?post=185902"}],"curies":[{"name":"wp","href":"https:\/\/api.w.org\/{rel}","templated":true}]}}