{"id":184187,"date":"2020-02-02T17:35:47","date_gmt":"2020-02-02T16:35:47","guid":{"rendered":"https:\/\/www.letemsvetemapplem.eu\/bazar\/?p=184187"},"modified":"2020-02-02T17:35:47","modified_gmt":"2020-02-02T16:35:47","slug":"imac-27-2017-radeon-575-pro-16gb","status":"publish","type":"post","link":"https:\/\/www.letemsvetemapplem.eu\/bazar\/imac-27-2017-radeon-575-pro-16gb\/","title":{"rendered":"iMac 27 2017 Radeon 575 PRO 16GB"},"content":{"rendered":"<p>Prod\u00e1m<\/p>\n<p>Model: iMac<\/p>\n<p>Barva: St\u0159\u00edbrn\u00e1<\/p>\n<p>Opera\u010dn\u00ed syst\u00e9m: macOS Catalina<\/p>\n<p>Procesor: Intel\u00ae Core i5 3,5 GHz (Turbo Boost a\u017e 4,1 GHz)<\/p>\n<p>Display: 27palcov\u00fd (\u00fahlop\u0159\u00ed\u010dn\u011b) Retina 5K displej,Rozli\u0161en\u00ed 5120 \u00d7 2880 s podporou miliardy barev<\/p>\n<p>Grafika: AMD Radeon Pro 575 se 4 GB pam\u011bti VRAM<\/p>\n<p>Pevn\u00fd disk: 1 TB Fusion Drive<\/p>\n<p>Optick\u00e1 mechanika: Bez optick\u00e9 mechaniky<\/p>\n<p>Pam\u011b\u0165: 16 GB (\u010dty\u0159i 4 GB moduly) 2400MHz pam\u011bti DDR4;<\/p>\n<p>Po\u010det slot\u016f(Celkem \/ Voln\u00e9): 4\/2<\/p>\n<p>S\u00ed\u0165:<\/p>\n<p>LAN 10\/100\/1000<\/p>\n<p>WI-FI(802.11ac)<\/p>\n<p>Bluetooth 4.2<\/p>\n<p>Konektory (celkem):<\/p>\n<p>1x 3,5mm sluch\u00e1tkov\u00fd v\u00fdstup<\/p>\n<p>1x RJ-45<\/p>\n<p>4x porty USB 3 (kompatibiln\u00ed s USB 2)<\/p>\n<p>2x porty Thunderbolt 3 (USB-C)<\/p>\n<p>\u010cte\u010dka pam\u011b\u0165ov\u00fdch karet: SDXC<\/p>\n<p>Rozm\u011bry: 650x516x203 mm (\u0160xVxH)<\/p>\n<p>Hmotnost: 9,44 Kg<\/p>\n<p>Nejl\u00e9pe osobn\u00ed p\u0159ed\u00e1n\u00ed &#8211; sou\u010d\u00e1st\u00ed prodeje je Apple magic mouse 2 a Apple keyboard 2, samoz\u0159ejmost\u00ed je krabice, iMac je ji\u017e bez z\u00e1ruky, zakoupen koncem roku 2017 stav je velmi p\u011bkn\u00fd, bez po\u0161kozen\u00ed. P\u0159i rychl\u00e9m jedn\u00e1n\u00ed mo\u017en\u00e1 sleva. Foto po\u0161lu z\u00e1jemc\u016fm.<\/p>\n","protected":false},"excerpt":{"rendered":"<p>Prod\u00e1m Model: iMac Barva: St\u0159\u00edbrn\u00e1 Opera\u010dn\u00ed syst\u00e9m: macOS Catalina Procesor: Intel\u00ae Core i5 3,5 GHz (Turbo Boost a\u017e 4,1 GHz) Display: 27palcov\u00fd (\u00fahlop\u0159\u00ed\u010dn\u011b) Retina 5K displej,Rozli\u0161en\u00ed 5120 \u00d7 2880 s podporou miliardy barev Grafika: AMD Radeon Pro 575 se 4 GB pam\u011bti VRAM Pevn\u00fd disk: 1 TB Fusion Drive Optick\u00e1 mechanika: Bez optick\u00e9 mechaniky Pam\u011b\u0165:&#8230;<\/p>\n","protected":false},"author":0,"featured_media":184188,"comment_status":"closed","ping_status":"closed","sticky":false,"template":"","format":"standard","meta":{"footnotes":""},"categories":[41],"tags":[],"class_list":["post-184187","post","type-post","status-publish","format-standard","has-post-thumbnail","hentry","category-imac"],"yoast_head":"<!-- This site is optimized with the Yoast SEO plugin v27.2 - https:\/\/yoast.com\/product\/yoast-seo-wordpress\/ -->\n<title>iMac 27 2017 Radeon 575 PRO 16GB - Apple bazar<\/title>\n<meta name=\"robots\" content=\"index, follow, max-snippet:-1, max-image-preview:large, max-video-preview:-1\" \/>\n<link rel=\"canonical\" href=\"https:\/\/www.letemsvetemapplem.eu\/bazar\/imac-27-2017-radeon-575-pro-16gb\/\" \/>\n<meta property=\"og:locale\" content=\"cs_CZ\" \/>\n<meta property=\"og:type\" content=\"article\" \/>\n<meta property=\"og:title\" content=\"iMac 27 2017 Radeon 575 PRO 16GB - Apple bazar\" \/>\n<meta property=\"og:description\" content=\"Prod\u00e1m Model: iMac Barva: St\u0159\u00edbrn\u00e1 Opera\u010dn\u00ed syst\u00e9m: macOS Catalina Procesor: Intel\u00ae Core i5 3,5 GHz (Turbo Boost a\u017e 4,1 GHz) Display: 27palcov\u00fd (\u00fahlop\u0159\u00ed\u010dn\u011b) Retina 5K displej,Rozli\u0161en\u00ed 5120 \u00d7 2880 s podporou miliardy barev Grafika: AMD Radeon Pro 575 se 4 GB pam\u011bti VRAM Pevn\u00fd disk: 1 TB Fusion Drive Optick\u00e1 mechanika: Bez optick\u00e9 mechaniky Pam\u011b\u0165:...\" \/>\n<meta property=\"og:url\" content=\"https:\/\/www.letemsvetemapplem.eu\/bazar\/imac-27-2017-radeon-575-pro-16gb\/\" \/>\n<meta property=\"og:site_name\" content=\"Apple bazar\" \/>\n<meta property=\"article:published_time\" content=\"2020-02-02T16:35:47+00:00\" \/>\n<meta property=\"og:image\" content=\"https:\/\/www.letemsvetemapplem.eu\/bazar\/wp-content\/uploads\/2020\/02\/115416868.jpg\" \/>\n\t<meta property=\"og:image:width\" content=\"490\" \/>\n\t<meta property=\"og:image:height\" content=\"490\" \/>\n\t<meta property=\"og:image:type\" content=\"image\/jpeg\" \/>\n<meta name=\"twitter:card\" content=\"summary_large_image\" \/>\n<script type=\"application\/ld+json\" class=\"yoast-schema-graph\">{\"@context\":\"https:\/\/schema.org\",\"@graph\":[{\"@type\":\"Article\",\"@id\":\"https:\/\/www.letemsvetemapplem.eu\/bazar\/imac-27-2017-radeon-575-pro-16gb\/#article\",\"isPartOf\":{\"@id\":\"https:\/\/www.letemsvetemapplem.eu\/bazar\/imac-27-2017-radeon-575-pro-16gb\/\"},\"author\":{\"name\":\"\",\"@id\":\"\"},\"headline\":\"iMac 27 2017 Radeon 575 PRO 16GB\",\"datePublished\":\"2020-02-02T16:35:47+00:00\",\"mainEntityOfPage\":{\"@id\":\"https:\/\/www.letemsvetemapplem.eu\/bazar\/imac-27-2017-radeon-575-pro-16gb\/\"},\"wordCount\":166,\"image\":{\"@id\":\"https:\/\/www.letemsvetemapplem.eu\/bazar\/imac-27-2017-radeon-575-pro-16gb\/#primaryimage\"},\"thumbnailUrl\":\"https:\/\/www.letemsvetemapplem.eu\/bazar\/wp-content\/uploads\/2020\/02\/115416868.jpg\",\"articleSection\":[\"iMac\"],\"inLanguage\":\"cs\"},{\"@type\":\"WebPage\",\"@id\":\"https:\/\/www.letemsvetemapplem.eu\/bazar\/imac-27-2017-radeon-575-pro-16gb\/\",\"url\":\"https:\/\/www.letemsvetemapplem.eu\/bazar\/imac-27-2017-radeon-575-pro-16gb\/\",\"name\":\"iMac 27 2017 Radeon 575 PRO 16GB - Apple bazar\",\"isPartOf\":{\"@id\":\"https:\/\/www.letemsvetemapplem.eu\/bazar\/#website\"},\"primaryImageOfPage\":{\"@id\":\"https:\/\/www.letemsvetemapplem.eu\/bazar\/imac-27-2017-radeon-575-pro-16gb\/#primaryimage\"},\"image\":{\"@id\":\"https:\/\/www.letemsvetemapplem.eu\/bazar\/imac-27-2017-radeon-575-pro-16gb\/#primaryimage\"},\"thumbnailUrl\":\"https:\/\/www.letemsvetemapplem.eu\/bazar\/wp-content\/uploads\/2020\/02\/115416868.jpg\",\"datePublished\":\"2020-02-02T16:35:47+00:00\",\"author\":{\"@id\":\"\"},\"breadcrumb\":{\"@id\":\"https:\/\/www.letemsvetemapplem.eu\/bazar\/imac-27-2017-radeon-575-pro-16gb\/#breadcrumb\"},\"inLanguage\":\"cs\",\"potentialAction\":[{\"@type\":\"ReadAction\",\"target\":[\"https:\/\/www.letemsvetemapplem.eu\/bazar\/imac-27-2017-radeon-575-pro-16gb\/\"]}]},{\"@type\":\"ImageObject\",\"inLanguage\":\"cs\",\"@id\":\"https:\/\/www.letemsvetemapplem.eu\/bazar\/imac-27-2017-radeon-575-pro-16gb\/#primaryimage\",\"url\":\"https:\/\/www.letemsvetemapplem.eu\/bazar\/wp-content\/uploads\/2020\/02\/115416868.jpg\",\"contentUrl\":\"https:\/\/www.letemsvetemapplem.eu\/bazar\/wp-content\/uploads\/2020\/02\/115416868.jpg\",\"width\":490,\"height\":490},{\"@type\":\"BreadcrumbList\",\"@id\":\"https:\/\/www.letemsvetemapplem.eu\/bazar\/imac-27-2017-radeon-575-pro-16gb\/#breadcrumb\",\"itemListElement\":[{\"@type\":\"ListItem\",\"position\":1,\"name\":\"Apple Bazar\",\"item\":\"https:\/\/www.letemsvetemapplem.eu\/bazar\/\"},{\"@type\":\"ListItem\",\"position\":2,\"name\":\"iMac 27 2017 Radeon 575 PRO 16GB\"}]},{\"@type\":\"WebSite\",\"@id\":\"https:\/\/www.letemsvetemapplem.eu\/bazar\/#website\",\"url\":\"https:\/\/www.letemsvetemapplem.eu\/bazar\/\",\"name\":\"Apple bazar\",\"description\":\"Oou\u017eit\u00e9 Apple produkty za skv\u011bl\u00e9 ceny\",\"potentialAction\":[{\"@type\":\"SearchAction\",\"target\":{\"@type\":\"EntryPoint\",\"urlTemplate\":\"https:\/\/www.letemsvetemapplem.eu\/bazar\/?s={search_term_string}\"},\"query-input\":{\"@type\":\"PropertyValueSpecification\",\"valueRequired\":true,\"valueName\":\"search_term_string\"}}],\"inLanguage\":\"cs\"}]}<\/script>\n<!-- \/ Yoast SEO plugin. -->","yoast_head_json":{"title":"iMac 27 2017 Radeon 575 PRO 16GB - Apple bazar","robots":{"index":"index","follow":"follow","max-snippet":"max-snippet:-1","max-image-preview":"max-image-preview:large","max-video-preview":"max-video-preview:-1"},"canonical":"https:\/\/www.letemsvetemapplem.eu\/bazar\/imac-27-2017-radeon-575-pro-16gb\/","og_locale":"cs_CZ","og_type":"article","og_title":"iMac 27 2017 Radeon 575 PRO 16GB - Apple bazar","og_description":"Prod\u00e1m Model: iMac Barva: St\u0159\u00edbrn\u00e1 Opera\u010dn\u00ed syst\u00e9m: macOS Catalina Procesor: Intel\u00ae Core i5 3,5 GHz (Turbo Boost a\u017e 4,1 GHz) Display: 27palcov\u00fd (\u00fahlop\u0159\u00ed\u010dn\u011b) Retina 5K displej,Rozli\u0161en\u00ed 5120 \u00d7 2880 s podporou miliardy barev Grafika: AMD Radeon Pro 575 se 4 GB pam\u011bti VRAM Pevn\u00fd disk: 1 TB Fusion Drive Optick\u00e1 mechanika: Bez optick\u00e9 mechaniky Pam\u011b\u0165:...","og_url":"https:\/\/www.letemsvetemapplem.eu\/bazar\/imac-27-2017-radeon-575-pro-16gb\/","og_site_name":"Apple bazar","article_published_time":"2020-02-02T16:35:47+00:00","og_image":[{"width":490,"height":490,"url":"https:\/\/www.letemsvetemapplem.eu\/bazar\/wp-content\/uploads\/2020\/02\/115416868.jpg","type":"image\/jpeg"}],"twitter_card":"summary_large_image","schema":{"@context":"https:\/\/schema.org","@graph":[{"@type":"Article","@id":"https:\/\/www.letemsvetemapplem.eu\/bazar\/imac-27-2017-radeon-575-pro-16gb\/#article","isPartOf":{"@id":"https:\/\/www.letemsvetemapplem.eu\/bazar\/imac-27-2017-radeon-575-pro-16gb\/"},"author":{"name":"","@id":""},"headline":"iMac 27 2017 Radeon 575 PRO 16GB","datePublished":"2020-02-02T16:35:47+00:00","mainEntityOfPage":{"@id":"https:\/\/www.letemsvetemapplem.eu\/bazar\/imac-27-2017-radeon-575-pro-16gb\/"},"wordCount":166,"image":{"@id":"https:\/\/www.letemsvetemapplem.eu\/bazar\/imac-27-2017-radeon-575-pro-16gb\/#primaryimage"},"thumbnailUrl":"https:\/\/www.letemsvetemapplem.eu\/bazar\/wp-content\/uploads\/2020\/02\/115416868.jpg","articleSection":["iMac"],"inLanguage":"cs"},{"@type":"WebPage","@id":"https:\/\/www.letemsvetemapplem.eu\/bazar\/imac-27-2017-radeon-575-pro-16gb\/","url":"https:\/\/www.letemsvetemapplem.eu\/bazar\/imac-27-2017-radeon-575-pro-16gb\/","name":"iMac 27 2017 Radeon 575 PRO 16GB - Apple bazar","isPartOf":{"@id":"https:\/\/www.letemsvetemapplem.eu\/bazar\/#website"},"primaryImageOfPage":{"@id":"https:\/\/www.letemsvetemapplem.eu\/bazar\/imac-27-2017-radeon-575-pro-16gb\/#primaryimage"},"image":{"@id":"https:\/\/www.letemsvetemapplem.eu\/bazar\/imac-27-2017-radeon-575-pro-16gb\/#primaryimage"},"thumbnailUrl":"https:\/\/www.letemsvetemapplem.eu\/bazar\/wp-content\/uploads\/2020\/02\/115416868.jpg","datePublished":"2020-02-02T16:35:47+00:00","author":{"@id":""},"breadcrumb":{"@id":"https:\/\/www.letemsvetemapplem.eu\/bazar\/imac-27-2017-radeon-575-pro-16gb\/#breadcrumb"},"inLanguage":"cs","potentialAction":[{"@type":"ReadAction","target":["https:\/\/www.letemsvetemapplem.eu\/bazar\/imac-27-2017-radeon-575-pro-16gb\/"]}]},{"@type":"ImageObject","inLanguage":"cs","@id":"https:\/\/www.letemsvetemapplem.eu\/bazar\/imac-27-2017-radeon-575-pro-16gb\/#primaryimage","url":"https:\/\/www.letemsvetemapplem.eu\/bazar\/wp-content\/uploads\/2020\/02\/115416868.jpg","contentUrl":"https:\/\/www.letemsvetemapplem.eu\/bazar\/wp-content\/uploads\/2020\/02\/115416868.jpg","width":490,"height":490},{"@type":"BreadcrumbList","@id":"https:\/\/www.letemsvetemapplem.eu\/bazar\/imac-27-2017-radeon-575-pro-16gb\/#breadcrumb","itemListElement":[{"@type":"ListItem","position":1,"name":"Apple Bazar","item":"https:\/\/www.letemsvetemapplem.eu\/bazar\/"},{"@type":"ListItem","position":2,"name":"iMac 27 2017 Radeon 575 PRO 16GB"}]},{"@type":"WebSite","@id":"https:\/\/www.letemsvetemapplem.eu\/bazar\/#website","url":"https:\/\/www.letemsvetemapplem.eu\/bazar\/","name":"Apple bazar","description":"Oou\u017eit\u00e9 Apple produkty za skv\u011bl\u00e9 ceny","potentialAction":[{"@type":"SearchAction","target":{"@type":"EntryPoint","urlTemplate":"https:\/\/www.letemsvetemapplem.eu\/bazar\/?s={search_term_string}"},"query-input":{"@type":"PropertyValueSpecification","valueRequired":true,"valueName":"search_term_string"}}],"inLanguage":"cs"}]}},"_links":{"self":[{"href":"https:\/\/www.letemsvetemapplem.eu\/bazar\/wp-json\/wp\/v2\/posts\/184187","targetHints":{"allow":["GET"]}}],"collection":[{"href":"https:\/\/www.letemsvetemapplem.eu\/bazar\/wp-json\/wp\/v2\/posts"}],"about":[{"href":"https:\/\/www.letemsvetemapplem.eu\/bazar\/wp-json\/wp\/v2\/types\/post"}],"replies":[{"embeddable":true,"href":"https:\/\/www.letemsvetemapplem.eu\/bazar\/wp-json\/wp\/v2\/comments?post=184187"}],"version-history":[{"count":1,"href":"https:\/\/www.letemsvetemapplem.eu\/bazar\/wp-json\/wp\/v2\/posts\/184187\/revisions"}],"predecessor-version":[{"id":184189,"href":"https:\/\/www.letemsvetemapplem.eu\/bazar\/wp-json\/wp\/v2\/posts\/184187\/revisions\/184189"}],"wp:featuredmedia":[{"embeddable":true,"href":"https:\/\/www.letemsvetemapplem.eu\/bazar\/wp-json\/wp\/v2\/media\/184188"}],"wp:attachment":[{"href":"https:\/\/www.letemsvetemapplem.eu\/bazar\/wp-json\/wp\/v2\/media?parent=184187"}],"wp:term":[{"taxonomy":"category","embeddable":true,"href":"https:\/\/www.letemsvetemapplem.eu\/bazar\/wp-json\/wp\/v2\/categories?post=184187"},{"taxonomy":"post_tag","embeddable":true,"href":"https:\/\/www.letemsvetemapplem.eu\/bazar\/wp-json\/wp\/v2\/tags?post=184187"}],"curies":[{"name":"wp","href":"https:\/\/api.w.org\/{rel}","templated":true}]}}