{"id":1801,"date":"2016-06-09T15:08:02","date_gmt":"2016-06-09T14:08:02","guid":{"rendered":"https:\/\/www.letemsvetemapplem.eu\/bazar\/?p=1801"},"modified":"2016-06-09T15:08:02","modified_gmt":"2016-06-09T14:08:02","slug":"imac-21-4k-1tb-fusiondrive","status":"publish","type":"post","link":"https:\/\/www.letemsvetemapplem.eu\/bazar\/imac-21-4k-1tb-fusiondrive\/","title":{"rendered":"iMac 21&quot;, 4K, 1TB FusionDrive"},"content":{"rendered":"<p>Nab\u00edz\u00edm k prodeji 21.5&quot; iMac s Retina 4K displejem, v konfiguraci: 3.1GHz Intel Core i5, Turbo Boost a\u017e 3,6 GHz, 8 GB 1867MHz pam\u011bti DDR3, 1TB Fusion Drive, Intel Iris Pro Graphics 6200 1536MB, Magic Mouse 2, Magic Keyboard (\u010desk\u00e1) a u\u017eivatelsk\u00e1 p\u0159\u00edru\u010dka (\u010desk\u00e1). V\u010detn\u011b krabice. Z neku\u0159\u00e1ck\u00e9ho prost\u0159ed\u00ed. V z\u00e1ruce do 11\/2016. Zakoupeno v 11\/2015 za kupn\u00ed cenu 50000,-K\u010d. K vid\u011bn\u00ed na Praze 4 &#8211; Chodov. <\/p>\n","protected":false},"excerpt":{"rendered":"<p>Nab\u00edz\u00edm k prodeji 21.5&quot; iMac s Retina 4K displejem, v konfiguraci: 3.1GHz Intel Core i5, Turbo Boost a\u017e 3,6 GHz, 8 GB 1867MHz pam\u011bti DDR3, 1TB Fusion Drive, Intel Iris Pro Graphics 6200 1536MB, Magic Mouse 2, Magic Keyboard (\u010desk\u00e1) a u\u017eivatelsk\u00e1 p\u0159\u00edru\u010dka (\u010desk\u00e1). V\u010detn\u011b krabice. Z neku\u0159\u00e1ck\u00e9ho prost\u0159ed\u00ed. V z\u00e1ruce do 11\/2016. Zakoupeno v&#8230;<\/p>\n","protected":false},"author":0,"featured_media":1802,"comment_status":"open","ping_status":"open","sticky":false,"template":"","format":"standard","meta":{"footnotes":""},"categories":[41],"tags":[77],"class_list":["post-1801","post","type-post","status-publish","format-standard","has-post-thumbnail","hentry","category-imac","tag-imac"],"yoast_head":"<!-- This site is optimized with the Yoast SEO plugin v27.2 - https:\/\/yoast.com\/product\/yoast-seo-wordpress\/ -->\n<title>iMac 21&quot;, 4K, 1TB FusionDrive - Apple bazar<\/title>\n<meta name=\"robots\" content=\"index, follow, max-snippet:-1, max-image-preview:large, max-video-preview:-1\" \/>\n<link rel=\"canonical\" href=\"https:\/\/www.letemsvetemapplem.eu\/bazar\/imac-21-4k-1tb-fusiondrive\/\" \/>\n<meta property=\"og:locale\" content=\"cs_CZ\" \/>\n<meta property=\"og:type\" content=\"article\" \/>\n<meta property=\"og:title\" content=\"iMac 21&quot;, 4K, 1TB FusionDrive - Apple bazar\" \/>\n<meta property=\"og:description\" content=\"Nab\u00edz\u00edm k prodeji 21.5&quot; iMac s Retina 4K displejem, v konfiguraci: 3.1GHz Intel Core i5, Turbo Boost a\u017e 3,6 GHz, 8 GB 1867MHz pam\u011bti DDR3, 1TB Fusion Drive, Intel Iris Pro Graphics 6200 1536MB, Magic Mouse 2, Magic Keyboard (\u010desk\u00e1) a u\u017eivatelsk\u00e1 p\u0159\u00edru\u010dka (\u010desk\u00e1). V\u010detn\u011b krabice. Z neku\u0159\u00e1ck\u00e9ho prost\u0159ed\u00ed. V z\u00e1ruce do 11\/2016. Zakoupeno v...\" \/>\n<meta property=\"og:url\" content=\"https:\/\/www.letemsvetemapplem.eu\/bazar\/imac-21-4k-1tb-fusiondrive\/\" \/>\n<meta property=\"og:site_name\" content=\"Apple bazar\" \/>\n<meta property=\"article:published_time\" content=\"2016-06-09T14:08:02+00:00\" \/>\n<meta property=\"og:image\" content=\"https:\/\/www.letemsvetemapplem.eu\/bazar\/wp-content\/uploads\/2016\/06\/2015-09-03-image-21.jpg\" \/>\n\t<meta property=\"og:image:width\" content=\"800\" \/>\n\t<meta property=\"og:image:height\" content=\"539\" \/>\n\t<meta property=\"og:image:type\" content=\"image\/jpeg\" \/>\n<meta name=\"twitter:card\" content=\"summary_large_image\" \/>\n<script type=\"application\/ld+json\" class=\"yoast-schema-graph\">{\"@context\":\"https:\/\/schema.org\",\"@graph\":[{\"@type\":\"Article\",\"@id\":\"https:\/\/www.letemsvetemapplem.eu\/bazar\/imac-21-4k-1tb-fusiondrive\/#article\",\"isPartOf\":{\"@id\":\"https:\/\/www.letemsvetemapplem.eu\/bazar\/imac-21-4k-1tb-fusiondrive\/\"},\"author\":{\"name\":\"\",\"@id\":\"\"},\"headline\":\"iMac 21&quot;, 4K, 1TB FusionDrive\",\"datePublished\":\"2016-06-09T14:08:02+00:00\",\"mainEntityOfPage\":{\"@id\":\"https:\/\/www.letemsvetemapplem.eu\/bazar\/imac-21-4k-1tb-fusiondrive\/\"},\"wordCount\":77,\"commentCount\":0,\"image\":{\"@id\":\"https:\/\/www.letemsvetemapplem.eu\/bazar\/imac-21-4k-1tb-fusiondrive\/#primaryimage\"},\"thumbnailUrl\":\"https:\/\/www.letemsvetemapplem.eu\/bazar\/wp-content\/uploads\/2016\/06\/2015-09-03-image-21.jpg\",\"keywords\":[\"iMac\"],\"articleSection\":[\"iMac\"],\"inLanguage\":\"cs\",\"potentialAction\":[{\"@type\":\"CommentAction\",\"name\":\"Comment\",\"target\":[\"https:\/\/www.letemsvetemapplem.eu\/bazar\/imac-21-4k-1tb-fusiondrive\/#respond\"]}]},{\"@type\":\"WebPage\",\"@id\":\"https:\/\/www.letemsvetemapplem.eu\/bazar\/imac-21-4k-1tb-fusiondrive\/\",\"url\":\"https:\/\/www.letemsvetemapplem.eu\/bazar\/imac-21-4k-1tb-fusiondrive\/\",\"name\":\"iMac 21&quot;, 4K, 1TB FusionDrive - Apple bazar\",\"isPartOf\":{\"@id\":\"https:\/\/www.letemsvetemapplem.eu\/bazar\/#website\"},\"primaryImageOfPage\":{\"@id\":\"https:\/\/www.letemsvetemapplem.eu\/bazar\/imac-21-4k-1tb-fusiondrive\/#primaryimage\"},\"image\":{\"@id\":\"https:\/\/www.letemsvetemapplem.eu\/bazar\/imac-21-4k-1tb-fusiondrive\/#primaryimage\"},\"thumbnailUrl\":\"https:\/\/www.letemsvetemapplem.eu\/bazar\/wp-content\/uploads\/2016\/06\/2015-09-03-image-21.jpg\",\"datePublished\":\"2016-06-09T14:08:02+00:00\",\"author\":{\"@id\":\"\"},\"breadcrumb\":{\"@id\":\"https:\/\/www.letemsvetemapplem.eu\/bazar\/imac-21-4k-1tb-fusiondrive\/#breadcrumb\"},\"inLanguage\":\"cs\",\"potentialAction\":[{\"@type\":\"ReadAction\",\"target\":[\"https:\/\/www.letemsvetemapplem.eu\/bazar\/imac-21-4k-1tb-fusiondrive\/\"]}]},{\"@type\":\"ImageObject\",\"inLanguage\":\"cs\",\"@id\":\"https:\/\/www.letemsvetemapplem.eu\/bazar\/imac-21-4k-1tb-fusiondrive\/#primaryimage\",\"url\":\"https:\/\/www.letemsvetemapplem.eu\/bazar\/wp-content\/uploads\/2016\/06\/2015-09-03-image-21.jpg\",\"contentUrl\":\"https:\/\/www.letemsvetemapplem.eu\/bazar\/wp-content\/uploads\/2016\/06\/2015-09-03-image-21.jpg\",\"width\":800,\"height\":539},{\"@type\":\"BreadcrumbList\",\"@id\":\"https:\/\/www.letemsvetemapplem.eu\/bazar\/imac-21-4k-1tb-fusiondrive\/#breadcrumb\",\"itemListElement\":[{\"@type\":\"ListItem\",\"position\":1,\"name\":\"Apple Bazar\",\"item\":\"https:\/\/www.letemsvetemapplem.eu\/bazar\/\"},{\"@type\":\"ListItem\",\"position\":2,\"name\":\"iMac 21&quot;, 4K, 1TB FusionDrive\"}]},{\"@type\":\"WebSite\",\"@id\":\"https:\/\/www.letemsvetemapplem.eu\/bazar\/#website\",\"url\":\"https:\/\/www.letemsvetemapplem.eu\/bazar\/\",\"name\":\"Apple bazar\",\"description\":\"Oou\u017eit\u00e9 Apple produkty za skv\u011bl\u00e9 ceny\",\"potentialAction\":[{\"@type\":\"SearchAction\",\"target\":{\"@type\":\"EntryPoint\",\"urlTemplate\":\"https:\/\/www.letemsvetemapplem.eu\/bazar\/?s={search_term_string}\"},\"query-input\":{\"@type\":\"PropertyValueSpecification\",\"valueRequired\":true,\"valueName\":\"search_term_string\"}}],\"inLanguage\":\"cs\"}]}<\/script>\n<!-- \/ Yoast SEO plugin. -->","yoast_head_json":{"title":"iMac 21&quot;, 4K, 1TB FusionDrive - Apple bazar","robots":{"index":"index","follow":"follow","max-snippet":"max-snippet:-1","max-image-preview":"max-image-preview:large","max-video-preview":"max-video-preview:-1"},"canonical":"https:\/\/www.letemsvetemapplem.eu\/bazar\/imac-21-4k-1tb-fusiondrive\/","og_locale":"cs_CZ","og_type":"article","og_title":"iMac 21&quot;, 4K, 1TB FusionDrive - Apple bazar","og_description":"Nab\u00edz\u00edm k prodeji 21.5&quot; iMac s Retina 4K displejem, v konfiguraci: 3.1GHz Intel Core i5, Turbo Boost a\u017e 3,6 GHz, 8 GB 1867MHz pam\u011bti DDR3, 1TB Fusion Drive, Intel Iris Pro Graphics 6200 1536MB, Magic Mouse 2, Magic Keyboard (\u010desk\u00e1) a u\u017eivatelsk\u00e1 p\u0159\u00edru\u010dka (\u010desk\u00e1). V\u010detn\u011b krabice. Z neku\u0159\u00e1ck\u00e9ho prost\u0159ed\u00ed. V z\u00e1ruce do 11\/2016. Zakoupeno v...","og_url":"https:\/\/www.letemsvetemapplem.eu\/bazar\/imac-21-4k-1tb-fusiondrive\/","og_site_name":"Apple bazar","article_published_time":"2016-06-09T14:08:02+00:00","og_image":[{"width":800,"height":539,"url":"https:\/\/www.letemsvetemapplem.eu\/bazar\/wp-content\/uploads\/2016\/06\/2015-09-03-image-21.jpg","type":"image\/jpeg"}],"twitter_card":"summary_large_image","schema":{"@context":"https:\/\/schema.org","@graph":[{"@type":"Article","@id":"https:\/\/www.letemsvetemapplem.eu\/bazar\/imac-21-4k-1tb-fusiondrive\/#article","isPartOf":{"@id":"https:\/\/www.letemsvetemapplem.eu\/bazar\/imac-21-4k-1tb-fusiondrive\/"},"author":{"name":"","@id":""},"headline":"iMac 21&quot;, 4K, 1TB FusionDrive","datePublished":"2016-06-09T14:08:02+00:00","mainEntityOfPage":{"@id":"https:\/\/www.letemsvetemapplem.eu\/bazar\/imac-21-4k-1tb-fusiondrive\/"},"wordCount":77,"commentCount":0,"image":{"@id":"https:\/\/www.letemsvetemapplem.eu\/bazar\/imac-21-4k-1tb-fusiondrive\/#primaryimage"},"thumbnailUrl":"https:\/\/www.letemsvetemapplem.eu\/bazar\/wp-content\/uploads\/2016\/06\/2015-09-03-image-21.jpg","keywords":["iMac"],"articleSection":["iMac"],"inLanguage":"cs","potentialAction":[{"@type":"CommentAction","name":"Comment","target":["https:\/\/www.letemsvetemapplem.eu\/bazar\/imac-21-4k-1tb-fusiondrive\/#respond"]}]},{"@type":"WebPage","@id":"https:\/\/www.letemsvetemapplem.eu\/bazar\/imac-21-4k-1tb-fusiondrive\/","url":"https:\/\/www.letemsvetemapplem.eu\/bazar\/imac-21-4k-1tb-fusiondrive\/","name":"iMac 21&quot;, 4K, 1TB FusionDrive - Apple bazar","isPartOf":{"@id":"https:\/\/www.letemsvetemapplem.eu\/bazar\/#website"},"primaryImageOfPage":{"@id":"https:\/\/www.letemsvetemapplem.eu\/bazar\/imac-21-4k-1tb-fusiondrive\/#primaryimage"},"image":{"@id":"https:\/\/www.letemsvetemapplem.eu\/bazar\/imac-21-4k-1tb-fusiondrive\/#primaryimage"},"thumbnailUrl":"https:\/\/www.letemsvetemapplem.eu\/bazar\/wp-content\/uploads\/2016\/06\/2015-09-03-image-21.jpg","datePublished":"2016-06-09T14:08:02+00:00","author":{"@id":""},"breadcrumb":{"@id":"https:\/\/www.letemsvetemapplem.eu\/bazar\/imac-21-4k-1tb-fusiondrive\/#breadcrumb"},"inLanguage":"cs","potentialAction":[{"@type":"ReadAction","target":["https:\/\/www.letemsvetemapplem.eu\/bazar\/imac-21-4k-1tb-fusiondrive\/"]}]},{"@type":"ImageObject","inLanguage":"cs","@id":"https:\/\/www.letemsvetemapplem.eu\/bazar\/imac-21-4k-1tb-fusiondrive\/#primaryimage","url":"https:\/\/www.letemsvetemapplem.eu\/bazar\/wp-content\/uploads\/2016\/06\/2015-09-03-image-21.jpg","contentUrl":"https:\/\/www.letemsvetemapplem.eu\/bazar\/wp-content\/uploads\/2016\/06\/2015-09-03-image-21.jpg","width":800,"height":539},{"@type":"BreadcrumbList","@id":"https:\/\/www.letemsvetemapplem.eu\/bazar\/imac-21-4k-1tb-fusiondrive\/#breadcrumb","itemListElement":[{"@type":"ListItem","position":1,"name":"Apple Bazar","item":"https:\/\/www.letemsvetemapplem.eu\/bazar\/"},{"@type":"ListItem","position":2,"name":"iMac 21&quot;, 4K, 1TB FusionDrive"}]},{"@type":"WebSite","@id":"https:\/\/www.letemsvetemapplem.eu\/bazar\/#website","url":"https:\/\/www.letemsvetemapplem.eu\/bazar\/","name":"Apple bazar","description":"Oou\u017eit\u00e9 Apple produkty za skv\u011bl\u00e9 ceny","potentialAction":[{"@type":"SearchAction","target":{"@type":"EntryPoint","urlTemplate":"https:\/\/www.letemsvetemapplem.eu\/bazar\/?s={search_term_string}"},"query-input":{"@type":"PropertyValueSpecification","valueRequired":true,"valueName":"search_term_string"}}],"inLanguage":"cs"}]}},"_links":{"self":[{"href":"https:\/\/www.letemsvetemapplem.eu\/bazar\/wp-json\/wp\/v2\/posts\/1801","targetHints":{"allow":["GET"]}}],"collection":[{"href":"https:\/\/www.letemsvetemapplem.eu\/bazar\/wp-json\/wp\/v2\/posts"}],"about":[{"href":"https:\/\/www.letemsvetemapplem.eu\/bazar\/wp-json\/wp\/v2\/types\/post"}],"replies":[{"embeddable":true,"href":"https:\/\/www.letemsvetemapplem.eu\/bazar\/wp-json\/wp\/v2\/comments?post=1801"}],"version-history":[{"count":0,"href":"https:\/\/www.letemsvetemapplem.eu\/bazar\/wp-json\/wp\/v2\/posts\/1801\/revisions"}],"wp:featuredmedia":[{"embeddable":true,"href":"https:\/\/www.letemsvetemapplem.eu\/bazar\/wp-json\/wp\/v2\/media\/1802"}],"wp:attachment":[{"href":"https:\/\/www.letemsvetemapplem.eu\/bazar\/wp-json\/wp\/v2\/media?parent=1801"}],"wp:term":[{"taxonomy":"category","embeddable":true,"href":"https:\/\/www.letemsvetemapplem.eu\/bazar\/wp-json\/wp\/v2\/categories?post=1801"},{"taxonomy":"post_tag","embeddable":true,"href":"https:\/\/www.letemsvetemapplem.eu\/bazar\/wp-json\/wp\/v2\/tags?post=1801"}],"curies":[{"name":"wp","href":"https:\/\/api.w.org\/{rel}","templated":true}]}}