{"id":177303,"date":"2019-12-12T13:24:05","date_gmt":"2019-12-12T12:24:05","guid":{"rendered":"https:\/\/www.letemsvetemapplem.eu\/bazar\/?p=177303"},"modified":"2019-12-23T14:33:00","modified_gmt":"2019-12-23T13:33:00","slug":"prodam-macbook-air-13-2017-256gb-8gb-ra","status":"publish","type":"post","link":"https:\/\/www.letemsvetemapplem.eu\/bazar\/prodam-macbook-air-13-2017-256gb-8gb-ra\/","title":{"rendered":"PROD\u00c1M MacBook Air 13 2017 256GB, 8GB RA"},"content":{"rendered":"<p>Prod\u00e1m Macbook Air 13&quot; (2017) 256GB SSD, 8GB RAM, rozli\u0161en\u00ed 1440\u00d7900 px, 2j\u00e1drov\u00fd procesor Intel Core i5 (1,8 GHz), Bluetooth 4.0 \u2022 2\u00d7 USB 3.0, 1\u00d7 Thunderbolt 2, nap\u00e1jec\u00ed port MagSafe 2, podsv\u00edcen\u00e1 kl\u00e1vesnice, opera\u010dn\u00ed syst\u00e9m MacOS.&lt;br \/&gt;<br \/>\nMacbook byl kupov\u00e1n 9\/2017. Sou\u010d\u00e1st\u00ed balen\u00ed je krabice, nab\u00edje\u010dka, tzn. p\u016fvodn\u00ed balen\u00ed.&lt;br \/&gt;<br \/>\nBaterie m\u00e1 kapacitu 85% a cca 330 cykl\u016f, tak\u017ee velmi dobr\u00fd stav, jemn\u00e9 \u0161kr\u00e1bance z bo\u010dn\u00edch stran a spodn\u00ed strany. Na obvykl\u00e9m sv\u011btle neru\u0161\u00ed a nejsou znateln\u00e9. Foto lehk\u00e9 \u0161kr\u00e1bance ne\u00fam\u011brn\u011b zd\u016fraz\u0148uje.&lt;br \/&gt;<br \/>\nV cen\u011b p\u0159\u00edslu\u0161enstv\u00ed&lt;br \/&gt;<br \/>\nredukce Thunderbolt 2 \u2013&gt; VGA&lt;br \/&gt;<br \/>\nredukce Thunderbolt 2 \u2013&gt; HDMI&lt;br \/&gt;<br \/>\nkabel Thunderbolt 2 \u2013&gt; Thunderbolt 2<br \/>\nNa po\u017e\u00e1d\u00e1n\u00ed mohu zaslat v\u00edce fotografi\u00ed.<br \/>\nKontaktovat mne m\u016f\u017eete bu\u010f na ludek@bybartos.com, nebo na tel. \u010d\u00edsle +420 733 696 333<\/p>\n","protected":false},"excerpt":{"rendered":"<p>Prod\u00e1m Macbook Air 13&quot; (2017) 256GB SSD, 8GB RAM, rozli\u0161en\u00ed 1440\u00d7900 px, 2j\u00e1drov\u00fd procesor Intel Core i5 (1,8 GHz), Bluetooth 4.0 \u2022 2\u00d7 USB 3.0, 1\u00d7 Thunderbolt 2, nap\u00e1jec\u00ed port MagSafe 2, podsv\u00edcen\u00e1 kl\u00e1vesnice, opera\u010dn\u00ed syst\u00e9m MacOS.&lt;br \/&gt; Macbook byl kupov\u00e1n 9\/2017. Sou\u010d\u00e1st\u00ed balen\u00ed je krabice, nab\u00edje\u010dka, tzn. p\u016fvodn\u00ed balen\u00ed.&lt;br \/&gt; Baterie m\u00e1 kapacitu 85%&#8230;<\/p>\n","protected":false},"author":0,"featured_media":177304,"comment_status":"closed","ping_status":"closed","sticky":false,"template":"","format":"standard","meta":{"footnotes":""},"categories":[42],"tags":[],"class_list":["post-177303","post","type-post","status-publish","format-standard","has-post-thumbnail","hentry","category-macbook-air"],"yoast_head":"<!-- This site is optimized with the Yoast SEO plugin v27.5 - https:\/\/yoast.com\/product\/yoast-seo-wordpress\/ -->\n<title>PROD\u00c1M MacBook Air 13 2017 256GB, 8GB RA - Apple bazar<\/title>\n<meta name=\"robots\" content=\"index, follow, max-snippet:-1, max-image-preview:large, max-video-preview:-1\" \/>\n<link rel=\"canonical\" href=\"https:\/\/www.letemsvetemapplem.eu\/bazar\/prodam-macbook-air-13-2017-256gb-8gb-ra\/\" \/>\n<meta property=\"og:locale\" content=\"cs_CZ\" \/>\n<meta property=\"og:type\" content=\"article\" \/>\n<meta property=\"og:title\" content=\"PROD\u00c1M MacBook Air 13 2017 256GB, 8GB RA - Apple bazar\" \/>\n<meta property=\"og:description\" content=\"Prod\u00e1m Macbook Air 13&quot; (2017) 256GB SSD, 8GB RAM, rozli\u0161en\u00ed 1440\u00d7900 px, 2j\u00e1drov\u00fd procesor Intel Core i5 (1,8 GHz), Bluetooth 4.0 \u2022 2\u00d7 USB 3.0, 1\u00d7 Thunderbolt 2, nap\u00e1jec\u00ed port MagSafe 2, podsv\u00edcen\u00e1 kl\u00e1vesnice, opera\u010dn\u00ed syst\u00e9m MacOS.&lt;br \/&gt; Macbook byl kupov\u00e1n 9\/2017. Sou\u010d\u00e1st\u00ed balen\u00ed je krabice, nab\u00edje\u010dka, tzn. p\u016fvodn\u00ed balen\u00ed.&lt;br \/&gt; Baterie m\u00e1 kapacitu 85%...\" \/>\n<meta property=\"og:url\" content=\"https:\/\/www.letemsvetemapplem.eu\/bazar\/prodam-macbook-air-13-2017-256gb-8gb-ra\/\" \/>\n<meta property=\"og:site_name\" content=\"Apple bazar\" \/>\n<meta property=\"article:published_time\" content=\"2019-12-12T12:24:05+00:00\" \/>\n<meta property=\"article:modified_time\" content=\"2019-12-23T13:33:00+00:00\" \/>\n<meta property=\"og:image\" content=\"https:\/\/www.letemsvetemapplem.eu\/bazar\/wp-content\/uploads\/2019\/12\/IMG_0588-scaled.jpeg\" \/>\n\t<meta property=\"og:image:width\" content=\"2560\" \/>\n\t<meta property=\"og:image:height\" content=\"1920\" \/>\n\t<meta property=\"og:image:type\" content=\"image\/jpeg\" \/>\n<meta name=\"twitter:card\" content=\"summary_large_image\" \/>\n<script type=\"application\/ld+json\" class=\"yoast-schema-graph\">{\"@context\":\"https:\\\/\\\/schema.org\",\"@graph\":[{\"@type\":\"Article\",\"@id\":\"https:\\\/\\\/www.letemsvetemapplem.eu\\\/bazar\\\/prodam-macbook-air-13-2017-256gb-8gb-ra\\\/#article\",\"isPartOf\":{\"@id\":\"https:\\\/\\\/www.letemsvetemapplem.eu\\\/bazar\\\/prodam-macbook-air-13-2017-256gb-8gb-ra\\\/\"},\"author\":{\"name\":\"\",\"@id\":\"\"},\"headline\":\"PROD\u00c1M MacBook Air 13 2017 256GB, 8GB RA\",\"datePublished\":\"2019-12-12T12:24:05+00:00\",\"dateModified\":\"2019-12-23T13:33:00+00:00\",\"mainEntityOfPage\":{\"@id\":\"https:\\\/\\\/www.letemsvetemapplem.eu\\\/bazar\\\/prodam-macbook-air-13-2017-256gb-8gb-ra\\\/\"},\"wordCount\":156,\"image\":{\"@id\":\"https:\\\/\\\/www.letemsvetemapplem.eu\\\/bazar\\\/prodam-macbook-air-13-2017-256gb-8gb-ra\\\/#primaryimage\"},\"thumbnailUrl\":\"https:\\\/\\\/www.letemsvetemapplem.eu\\\/bazar\\\/wp-content\\\/uploads\\\/2019\\\/12\\\/IMG_0588-scaled.jpeg\",\"articleSection\":[\"MacBook Air\"],\"inLanguage\":\"cs\"},{\"@type\":\"WebPage\",\"@id\":\"https:\\\/\\\/www.letemsvetemapplem.eu\\\/bazar\\\/prodam-macbook-air-13-2017-256gb-8gb-ra\\\/\",\"url\":\"https:\\\/\\\/www.letemsvetemapplem.eu\\\/bazar\\\/prodam-macbook-air-13-2017-256gb-8gb-ra\\\/\",\"name\":\"PROD\u00c1M MacBook Air 13 2017 256GB, 8GB RA - Apple bazar\",\"isPartOf\":{\"@id\":\"https:\\\/\\\/www.letemsvetemapplem.eu\\\/bazar\\\/#website\"},\"primaryImageOfPage\":{\"@id\":\"https:\\\/\\\/www.letemsvetemapplem.eu\\\/bazar\\\/prodam-macbook-air-13-2017-256gb-8gb-ra\\\/#primaryimage\"},\"image\":{\"@id\":\"https:\\\/\\\/www.letemsvetemapplem.eu\\\/bazar\\\/prodam-macbook-air-13-2017-256gb-8gb-ra\\\/#primaryimage\"},\"thumbnailUrl\":\"https:\\\/\\\/www.letemsvetemapplem.eu\\\/bazar\\\/wp-content\\\/uploads\\\/2019\\\/12\\\/IMG_0588-scaled.jpeg\",\"datePublished\":\"2019-12-12T12:24:05+00:00\",\"dateModified\":\"2019-12-23T13:33:00+00:00\",\"author\":{\"@id\":\"\"},\"breadcrumb\":{\"@id\":\"https:\\\/\\\/www.letemsvetemapplem.eu\\\/bazar\\\/prodam-macbook-air-13-2017-256gb-8gb-ra\\\/#breadcrumb\"},\"inLanguage\":\"cs\",\"potentialAction\":[{\"@type\":\"ReadAction\",\"target\":[\"https:\\\/\\\/www.letemsvetemapplem.eu\\\/bazar\\\/prodam-macbook-air-13-2017-256gb-8gb-ra\\\/\"]}]},{\"@type\":\"ImageObject\",\"inLanguage\":\"cs\",\"@id\":\"https:\\\/\\\/www.letemsvetemapplem.eu\\\/bazar\\\/prodam-macbook-air-13-2017-256gb-8gb-ra\\\/#primaryimage\",\"url\":\"https:\\\/\\\/www.letemsvetemapplem.eu\\\/bazar\\\/wp-content\\\/uploads\\\/2019\\\/12\\\/IMG_0588-scaled.jpeg\",\"contentUrl\":\"https:\\\/\\\/www.letemsvetemapplem.eu\\\/bazar\\\/wp-content\\\/uploads\\\/2019\\\/12\\\/IMG_0588-scaled.jpeg\",\"width\":2560,\"height\":1920},{\"@type\":\"BreadcrumbList\",\"@id\":\"https:\\\/\\\/www.letemsvetemapplem.eu\\\/bazar\\\/prodam-macbook-air-13-2017-256gb-8gb-ra\\\/#breadcrumb\",\"itemListElement\":[{\"@type\":\"ListItem\",\"position\":1,\"name\":\"Apple Bazar\",\"item\":\"https:\\\/\\\/www.letemsvetemapplem.eu\\\/bazar\\\/\"},{\"@type\":\"ListItem\",\"position\":2,\"name\":\"PROD\u00c1M MacBook Air 13 2017 256GB, 8GB RA\"}]},{\"@type\":\"WebSite\",\"@id\":\"https:\\\/\\\/www.letemsvetemapplem.eu\\\/bazar\\\/#website\",\"url\":\"https:\\\/\\\/www.letemsvetemapplem.eu\\\/bazar\\\/\",\"name\":\"Apple bazar\",\"description\":\"Oou\u017eit\u00e9 Apple produkty za skv\u011bl\u00e9 ceny\",\"potentialAction\":[{\"@type\":\"SearchAction\",\"target\":{\"@type\":\"EntryPoint\",\"urlTemplate\":\"https:\\\/\\\/www.letemsvetemapplem.eu\\\/bazar\\\/?s={search_term_string}\"},\"query-input\":{\"@type\":\"PropertyValueSpecification\",\"valueRequired\":true,\"valueName\":\"search_term_string\"}}],\"inLanguage\":\"cs\"}]}<\/script>\n<!-- \/ Yoast SEO plugin. -->","yoast_head_json":{"title":"PROD\u00c1M MacBook Air 13 2017 256GB, 8GB RA - Apple bazar","robots":{"index":"index","follow":"follow","max-snippet":"max-snippet:-1","max-image-preview":"max-image-preview:large","max-video-preview":"max-video-preview:-1"},"canonical":"https:\/\/www.letemsvetemapplem.eu\/bazar\/prodam-macbook-air-13-2017-256gb-8gb-ra\/","og_locale":"cs_CZ","og_type":"article","og_title":"PROD\u00c1M MacBook Air 13 2017 256GB, 8GB RA - Apple bazar","og_description":"Prod\u00e1m Macbook Air 13&quot; (2017) 256GB SSD, 8GB RAM, rozli\u0161en\u00ed 1440\u00d7900 px, 2j\u00e1drov\u00fd procesor Intel Core i5 (1,8 GHz), Bluetooth 4.0 \u2022 2\u00d7 USB 3.0, 1\u00d7 Thunderbolt 2, nap\u00e1jec\u00ed port MagSafe 2, podsv\u00edcen\u00e1 kl\u00e1vesnice, opera\u010dn\u00ed syst\u00e9m MacOS.&lt;br \/&gt; Macbook byl kupov\u00e1n 9\/2017. Sou\u010d\u00e1st\u00ed balen\u00ed je krabice, nab\u00edje\u010dka, tzn. p\u016fvodn\u00ed balen\u00ed.&lt;br \/&gt; Baterie m\u00e1 kapacitu 85%...","og_url":"https:\/\/www.letemsvetemapplem.eu\/bazar\/prodam-macbook-air-13-2017-256gb-8gb-ra\/","og_site_name":"Apple bazar","article_published_time":"2019-12-12T12:24:05+00:00","article_modified_time":"2019-12-23T13:33:00+00:00","og_image":[{"width":2560,"height":1920,"url":"https:\/\/www.letemsvetemapplem.eu\/bazar\/wp-content\/uploads\/2019\/12\/IMG_0588-scaled.jpeg","type":"image\/jpeg"}],"twitter_card":"summary_large_image","schema":{"@context":"https:\/\/schema.org","@graph":[{"@type":"Article","@id":"https:\/\/www.letemsvetemapplem.eu\/bazar\/prodam-macbook-air-13-2017-256gb-8gb-ra\/#article","isPartOf":{"@id":"https:\/\/www.letemsvetemapplem.eu\/bazar\/prodam-macbook-air-13-2017-256gb-8gb-ra\/"},"author":{"name":"","@id":""},"headline":"PROD\u00c1M MacBook Air 13 2017 256GB, 8GB RA","datePublished":"2019-12-12T12:24:05+00:00","dateModified":"2019-12-23T13:33:00+00:00","mainEntityOfPage":{"@id":"https:\/\/www.letemsvetemapplem.eu\/bazar\/prodam-macbook-air-13-2017-256gb-8gb-ra\/"},"wordCount":156,"image":{"@id":"https:\/\/www.letemsvetemapplem.eu\/bazar\/prodam-macbook-air-13-2017-256gb-8gb-ra\/#primaryimage"},"thumbnailUrl":"https:\/\/www.letemsvetemapplem.eu\/bazar\/wp-content\/uploads\/2019\/12\/IMG_0588-scaled.jpeg","articleSection":["MacBook Air"],"inLanguage":"cs"},{"@type":"WebPage","@id":"https:\/\/www.letemsvetemapplem.eu\/bazar\/prodam-macbook-air-13-2017-256gb-8gb-ra\/","url":"https:\/\/www.letemsvetemapplem.eu\/bazar\/prodam-macbook-air-13-2017-256gb-8gb-ra\/","name":"PROD\u00c1M MacBook Air 13 2017 256GB, 8GB RA - Apple bazar","isPartOf":{"@id":"https:\/\/www.letemsvetemapplem.eu\/bazar\/#website"},"primaryImageOfPage":{"@id":"https:\/\/www.letemsvetemapplem.eu\/bazar\/prodam-macbook-air-13-2017-256gb-8gb-ra\/#primaryimage"},"image":{"@id":"https:\/\/www.letemsvetemapplem.eu\/bazar\/prodam-macbook-air-13-2017-256gb-8gb-ra\/#primaryimage"},"thumbnailUrl":"https:\/\/www.letemsvetemapplem.eu\/bazar\/wp-content\/uploads\/2019\/12\/IMG_0588-scaled.jpeg","datePublished":"2019-12-12T12:24:05+00:00","dateModified":"2019-12-23T13:33:00+00:00","author":{"@id":""},"breadcrumb":{"@id":"https:\/\/www.letemsvetemapplem.eu\/bazar\/prodam-macbook-air-13-2017-256gb-8gb-ra\/#breadcrumb"},"inLanguage":"cs","potentialAction":[{"@type":"ReadAction","target":["https:\/\/www.letemsvetemapplem.eu\/bazar\/prodam-macbook-air-13-2017-256gb-8gb-ra\/"]}]},{"@type":"ImageObject","inLanguage":"cs","@id":"https:\/\/www.letemsvetemapplem.eu\/bazar\/prodam-macbook-air-13-2017-256gb-8gb-ra\/#primaryimage","url":"https:\/\/www.letemsvetemapplem.eu\/bazar\/wp-content\/uploads\/2019\/12\/IMG_0588-scaled.jpeg","contentUrl":"https:\/\/www.letemsvetemapplem.eu\/bazar\/wp-content\/uploads\/2019\/12\/IMG_0588-scaled.jpeg","width":2560,"height":1920},{"@type":"BreadcrumbList","@id":"https:\/\/www.letemsvetemapplem.eu\/bazar\/prodam-macbook-air-13-2017-256gb-8gb-ra\/#breadcrumb","itemListElement":[{"@type":"ListItem","position":1,"name":"Apple Bazar","item":"https:\/\/www.letemsvetemapplem.eu\/bazar\/"},{"@type":"ListItem","position":2,"name":"PROD\u00c1M MacBook Air 13 2017 256GB, 8GB RA"}]},{"@type":"WebSite","@id":"https:\/\/www.letemsvetemapplem.eu\/bazar\/#website","url":"https:\/\/www.letemsvetemapplem.eu\/bazar\/","name":"Apple bazar","description":"Oou\u017eit\u00e9 Apple produkty za skv\u011bl\u00e9 ceny","potentialAction":[{"@type":"SearchAction","target":{"@type":"EntryPoint","urlTemplate":"https:\/\/www.letemsvetemapplem.eu\/bazar\/?s={search_term_string}"},"query-input":{"@type":"PropertyValueSpecification","valueRequired":true,"valueName":"search_term_string"}}],"inLanguage":"cs"}]}},"_links":{"self":[{"href":"https:\/\/www.letemsvetemapplem.eu\/bazar\/wp-json\/wp\/v2\/posts\/177303","targetHints":{"allow":["GET"]}}],"collection":[{"href":"https:\/\/www.letemsvetemapplem.eu\/bazar\/wp-json\/wp\/v2\/posts"}],"about":[{"href":"https:\/\/www.letemsvetemapplem.eu\/bazar\/wp-json\/wp\/v2\/types\/post"}],"replies":[{"embeddable":true,"href":"https:\/\/www.letemsvetemapplem.eu\/bazar\/wp-json\/wp\/v2\/comments?post=177303"}],"version-history":[{"count":1,"href":"https:\/\/www.letemsvetemapplem.eu\/bazar\/wp-json\/wp\/v2\/posts\/177303\/revisions"}],"predecessor-version":[{"id":179001,"href":"https:\/\/www.letemsvetemapplem.eu\/bazar\/wp-json\/wp\/v2\/posts\/177303\/revisions\/179001"}],"wp:featuredmedia":[{"embeddable":true,"href":"https:\/\/www.letemsvetemapplem.eu\/bazar\/wp-json\/wp\/v2\/media\/177304"}],"wp:attachment":[{"href":"https:\/\/www.letemsvetemapplem.eu\/bazar\/wp-json\/wp\/v2\/media?parent=177303"}],"wp:term":[{"taxonomy":"category","embeddable":true,"href":"https:\/\/www.letemsvetemapplem.eu\/bazar\/wp-json\/wp\/v2\/categories?post=177303"},{"taxonomy":"post_tag","embeddable":true,"href":"https:\/\/www.letemsvetemapplem.eu\/bazar\/wp-json\/wp\/v2\/tags?post=177303"}],"curies":[{"name":"wp","href":"https:\/\/api.w.org\/{rel}","templated":true}]}}