{"id":177156,"date":"2019-12-11T14:06:37","date_gmt":"2019-12-11T13:06:37","guid":{"rendered":"https:\/\/www.letemsvetemapplem.eu\/bazar\/?p=177156"},"modified":"2019-12-11T14:06:37","modified_gmt":"2019-12-11T13:06:37","slug":"imac-27-cz-retina-5k-2019","status":"publish","type":"post","link":"https:\/\/www.letemsvetemapplem.eu\/bazar\/imac-27-cz-retina-5k-2019\/","title":{"rendered":"iMac 27&quot;&quot; CZ Retina 5K 2019"},"content":{"rendered":"<p>Prod\u00e1m 6 m\u011bs\u00edc\u016f star\u00fd iMac 27&quot;&quot; CZ Retina 5K 2019<br \/>\nPo\u010d\u00edta\u010d je ve stavu 10\/10, bez od\u011brek a \u0161kr\u00e1banc\u016f nebo jin\u00fdch vizu\u00e1ln\u00edch vad, pln\u011b funk\u010dn\u00ed v origin\u00e1ln\u00edm balen\u00ed. iMac byl zakoupen v Alze, s b\u011b\u017enou z\u00e1rukou. S iMacem p\u0159id\u00e1m Magic Keyboard, Magic Mouse 2.<\/p>\n<p>Mo\u017enost v\u00fdm\u011bny za macbook pro-<\/p>\n<p>Technick\u00e9 specifikace:<\/p>\n<p>All In One PC<br \/>\n5120\u00d72880 LED IPS<br \/>\nIntel Hexa Core i5 3.0GHz Coffee Lake<br \/>\nRAM 8GB DDR4<br \/>\nAMD Radeon Pro 570X 4GB<br \/>\n1TB Fusion Drive<br \/>\nWiFi 802.11ac<br \/>\nBluetooth 4.2<br \/>\nWebkamera<br \/>\n4x USB 3.0<br \/>\n2x USB-C 3.1 Gen2 Thunderbolt 3<br \/>\nSDXC slot<br \/>\nMagic Keyboard<br \/>\nMagic Mouse 2<br \/>\nmacOS Catalina<\/p>\n<p>Jm\u00e9no: Mat\u011bj Svoboda<br \/>\nTelefon: 739842873<br \/>\nE-mail: matejsvoboda@icloud.com<\/p>\n","protected":false},"excerpt":{"rendered":"<p>Prod\u00e1m 6 m\u011bs\u00edc\u016f star\u00fd iMac 27&quot;&quot; CZ Retina 5K 2019 Po\u010d\u00edta\u010d je ve stavu 10\/10, bez od\u011brek a \u0161kr\u00e1banc\u016f nebo jin\u00fdch vizu\u00e1ln\u00edch vad, pln\u011b funk\u010dn\u00ed v origin\u00e1ln\u00edm balen\u00ed. iMac byl zakoupen v Alze, s b\u011b\u017enou z\u00e1rukou. S iMacem p\u0159id\u00e1m Magic Keyboard, Magic Mouse 2. Mo\u017enost v\u00fdm\u011bny za macbook pro- Technick\u00e9 specifikace: All In One PC&#8230;<\/p>\n","protected":false},"author":0,"featured_media":177157,"comment_status":"closed","ping_status":"closed","sticky":false,"template":"","format":"standard","meta":{"footnotes":""},"categories":[41],"tags":[],"class_list":["post-177156","post","type-post","status-publish","format-standard","has-post-thumbnail","hentry","category-imac"],"yoast_head":"<!-- This site is optimized with the Yoast SEO plugin v27.2 - https:\/\/yoast.com\/product\/yoast-seo-wordpress\/ -->\n<title>iMac 27&quot;&quot; CZ Retina 5K 2019 - Apple bazar<\/title>\n<meta name=\"robots\" content=\"index, follow, max-snippet:-1, max-image-preview:large, max-video-preview:-1\" \/>\n<link rel=\"canonical\" href=\"https:\/\/www.letemsvetemapplem.eu\/bazar\/imac-27-cz-retina-5k-2019\/\" \/>\n<meta property=\"og:locale\" content=\"cs_CZ\" \/>\n<meta property=\"og:type\" content=\"article\" \/>\n<meta property=\"og:title\" content=\"iMac 27&quot;&quot; CZ Retina 5K 2019 - Apple bazar\" \/>\n<meta property=\"og:description\" content=\"Prod\u00e1m 6 m\u011bs\u00edc\u016f star\u00fd iMac 27&quot;&quot; CZ Retina 5K 2019 Po\u010d\u00edta\u010d je ve stavu 10\/10, bez od\u011brek a \u0161kr\u00e1banc\u016f nebo jin\u00fdch vizu\u00e1ln\u00edch vad, pln\u011b funk\u010dn\u00ed v origin\u00e1ln\u00edm balen\u00ed. iMac byl zakoupen v Alze, s b\u011b\u017enou z\u00e1rukou. S iMacem p\u0159id\u00e1m Magic Keyboard, Magic Mouse 2. Mo\u017enost v\u00fdm\u011bny za macbook pro- Technick\u00e9 specifikace: All In One PC...\" \/>\n<meta property=\"og:url\" content=\"https:\/\/www.letemsvetemapplem.eu\/bazar\/imac-27-cz-retina-5k-2019\/\" \/>\n<meta property=\"og:site_name\" content=\"Apple bazar\" \/>\n<meta property=\"article:published_time\" content=\"2019-12-11T13:06:37+00:00\" \/>\n<meta property=\"og:image\" content=\"https:\/\/www.letemsvetemapplem.eu\/bazar\/wp-content\/uploads\/2019\/12\/113217990-1.jpg\" \/>\n\t<meta property=\"og:image:width\" content=\"160\" \/>\n\t<meta property=\"og:image:height\" content=\"120\" \/>\n\t<meta property=\"og:image:type\" content=\"image\/jpeg\" \/>\n<meta name=\"twitter:card\" content=\"summary_large_image\" \/>\n<script type=\"application\/ld+json\" class=\"yoast-schema-graph\">{\"@context\":\"https:\/\/schema.org\",\"@graph\":[{\"@type\":\"Article\",\"@id\":\"https:\/\/www.letemsvetemapplem.eu\/bazar\/imac-27-cz-retina-5k-2019\/#article\",\"isPartOf\":{\"@id\":\"https:\/\/www.letemsvetemapplem.eu\/bazar\/imac-27-cz-retina-5k-2019\/\"},\"author\":{\"name\":\"\",\"@id\":\"\"},\"headline\":\"iMac 27&quot;&quot; CZ Retina 5K 2019\",\"datePublished\":\"2019-12-11T13:06:37+00:00\",\"mainEntityOfPage\":{\"@id\":\"https:\/\/www.letemsvetemapplem.eu\/bazar\/imac-27-cz-retina-5k-2019\/\"},\"wordCount\":125,\"image\":{\"@id\":\"https:\/\/www.letemsvetemapplem.eu\/bazar\/imac-27-cz-retina-5k-2019\/#primaryimage\"},\"thumbnailUrl\":\"https:\/\/www.letemsvetemapplem.eu\/bazar\/wp-content\/uploads\/2019\/12\/113217990-1.jpg\",\"articleSection\":[\"iMac\"],\"inLanguage\":\"cs\"},{\"@type\":\"WebPage\",\"@id\":\"https:\/\/www.letemsvetemapplem.eu\/bazar\/imac-27-cz-retina-5k-2019\/\",\"url\":\"https:\/\/www.letemsvetemapplem.eu\/bazar\/imac-27-cz-retina-5k-2019\/\",\"name\":\"iMac 27&quot;&quot; CZ Retina 5K 2019 - Apple bazar\",\"isPartOf\":{\"@id\":\"https:\/\/www.letemsvetemapplem.eu\/bazar\/#website\"},\"primaryImageOfPage\":{\"@id\":\"https:\/\/www.letemsvetemapplem.eu\/bazar\/imac-27-cz-retina-5k-2019\/#primaryimage\"},\"image\":{\"@id\":\"https:\/\/www.letemsvetemapplem.eu\/bazar\/imac-27-cz-retina-5k-2019\/#primaryimage\"},\"thumbnailUrl\":\"https:\/\/www.letemsvetemapplem.eu\/bazar\/wp-content\/uploads\/2019\/12\/113217990-1.jpg\",\"datePublished\":\"2019-12-11T13:06:37+00:00\",\"author\":{\"@id\":\"\"},\"breadcrumb\":{\"@id\":\"https:\/\/www.letemsvetemapplem.eu\/bazar\/imac-27-cz-retina-5k-2019\/#breadcrumb\"},\"inLanguage\":\"cs\",\"potentialAction\":[{\"@type\":\"ReadAction\",\"target\":[\"https:\/\/www.letemsvetemapplem.eu\/bazar\/imac-27-cz-retina-5k-2019\/\"]}]},{\"@type\":\"ImageObject\",\"inLanguage\":\"cs\",\"@id\":\"https:\/\/www.letemsvetemapplem.eu\/bazar\/imac-27-cz-retina-5k-2019\/#primaryimage\",\"url\":\"https:\/\/www.letemsvetemapplem.eu\/bazar\/wp-content\/uploads\/2019\/12\/113217990-1.jpg\",\"contentUrl\":\"https:\/\/www.letemsvetemapplem.eu\/bazar\/wp-content\/uploads\/2019\/12\/113217990-1.jpg\",\"width\":160,\"height\":120},{\"@type\":\"BreadcrumbList\",\"@id\":\"https:\/\/www.letemsvetemapplem.eu\/bazar\/imac-27-cz-retina-5k-2019\/#breadcrumb\",\"itemListElement\":[{\"@type\":\"ListItem\",\"position\":1,\"name\":\"Apple Bazar\",\"item\":\"https:\/\/www.letemsvetemapplem.eu\/bazar\/\"},{\"@type\":\"ListItem\",\"position\":2,\"name\":\"iMac 27&quot;&quot; CZ Retina 5K 2019\"}]},{\"@type\":\"WebSite\",\"@id\":\"https:\/\/www.letemsvetemapplem.eu\/bazar\/#website\",\"url\":\"https:\/\/www.letemsvetemapplem.eu\/bazar\/\",\"name\":\"Apple bazar\",\"description\":\"Oou\u017eit\u00e9 Apple produkty za skv\u011bl\u00e9 ceny\",\"potentialAction\":[{\"@type\":\"SearchAction\",\"target\":{\"@type\":\"EntryPoint\",\"urlTemplate\":\"https:\/\/www.letemsvetemapplem.eu\/bazar\/?s={search_term_string}\"},\"query-input\":{\"@type\":\"PropertyValueSpecification\",\"valueRequired\":true,\"valueName\":\"search_term_string\"}}],\"inLanguage\":\"cs\"}]}<\/script>\n<!-- \/ Yoast SEO plugin. -->","yoast_head_json":{"title":"iMac 27&quot;&quot; CZ Retina 5K 2019 - Apple bazar","robots":{"index":"index","follow":"follow","max-snippet":"max-snippet:-1","max-image-preview":"max-image-preview:large","max-video-preview":"max-video-preview:-1"},"canonical":"https:\/\/www.letemsvetemapplem.eu\/bazar\/imac-27-cz-retina-5k-2019\/","og_locale":"cs_CZ","og_type":"article","og_title":"iMac 27&quot;&quot; CZ Retina 5K 2019 - Apple bazar","og_description":"Prod\u00e1m 6 m\u011bs\u00edc\u016f star\u00fd iMac 27&quot;&quot; CZ Retina 5K 2019 Po\u010d\u00edta\u010d je ve stavu 10\/10, bez od\u011brek a \u0161kr\u00e1banc\u016f nebo jin\u00fdch vizu\u00e1ln\u00edch vad, pln\u011b funk\u010dn\u00ed v origin\u00e1ln\u00edm balen\u00ed. iMac byl zakoupen v Alze, s b\u011b\u017enou z\u00e1rukou. S iMacem p\u0159id\u00e1m Magic Keyboard, Magic Mouse 2. Mo\u017enost v\u00fdm\u011bny za macbook pro- Technick\u00e9 specifikace: All In One PC...","og_url":"https:\/\/www.letemsvetemapplem.eu\/bazar\/imac-27-cz-retina-5k-2019\/","og_site_name":"Apple bazar","article_published_time":"2019-12-11T13:06:37+00:00","og_image":[{"width":160,"height":120,"url":"https:\/\/www.letemsvetemapplem.eu\/bazar\/wp-content\/uploads\/2019\/12\/113217990-1.jpg","type":"image\/jpeg"}],"twitter_card":"summary_large_image","schema":{"@context":"https:\/\/schema.org","@graph":[{"@type":"Article","@id":"https:\/\/www.letemsvetemapplem.eu\/bazar\/imac-27-cz-retina-5k-2019\/#article","isPartOf":{"@id":"https:\/\/www.letemsvetemapplem.eu\/bazar\/imac-27-cz-retina-5k-2019\/"},"author":{"name":"","@id":""},"headline":"iMac 27&quot;&quot; CZ Retina 5K 2019","datePublished":"2019-12-11T13:06:37+00:00","mainEntityOfPage":{"@id":"https:\/\/www.letemsvetemapplem.eu\/bazar\/imac-27-cz-retina-5k-2019\/"},"wordCount":125,"image":{"@id":"https:\/\/www.letemsvetemapplem.eu\/bazar\/imac-27-cz-retina-5k-2019\/#primaryimage"},"thumbnailUrl":"https:\/\/www.letemsvetemapplem.eu\/bazar\/wp-content\/uploads\/2019\/12\/113217990-1.jpg","articleSection":["iMac"],"inLanguage":"cs"},{"@type":"WebPage","@id":"https:\/\/www.letemsvetemapplem.eu\/bazar\/imac-27-cz-retina-5k-2019\/","url":"https:\/\/www.letemsvetemapplem.eu\/bazar\/imac-27-cz-retina-5k-2019\/","name":"iMac 27&quot;&quot; CZ Retina 5K 2019 - Apple bazar","isPartOf":{"@id":"https:\/\/www.letemsvetemapplem.eu\/bazar\/#website"},"primaryImageOfPage":{"@id":"https:\/\/www.letemsvetemapplem.eu\/bazar\/imac-27-cz-retina-5k-2019\/#primaryimage"},"image":{"@id":"https:\/\/www.letemsvetemapplem.eu\/bazar\/imac-27-cz-retina-5k-2019\/#primaryimage"},"thumbnailUrl":"https:\/\/www.letemsvetemapplem.eu\/bazar\/wp-content\/uploads\/2019\/12\/113217990-1.jpg","datePublished":"2019-12-11T13:06:37+00:00","author":{"@id":""},"breadcrumb":{"@id":"https:\/\/www.letemsvetemapplem.eu\/bazar\/imac-27-cz-retina-5k-2019\/#breadcrumb"},"inLanguage":"cs","potentialAction":[{"@type":"ReadAction","target":["https:\/\/www.letemsvetemapplem.eu\/bazar\/imac-27-cz-retina-5k-2019\/"]}]},{"@type":"ImageObject","inLanguage":"cs","@id":"https:\/\/www.letemsvetemapplem.eu\/bazar\/imac-27-cz-retina-5k-2019\/#primaryimage","url":"https:\/\/www.letemsvetemapplem.eu\/bazar\/wp-content\/uploads\/2019\/12\/113217990-1.jpg","contentUrl":"https:\/\/www.letemsvetemapplem.eu\/bazar\/wp-content\/uploads\/2019\/12\/113217990-1.jpg","width":160,"height":120},{"@type":"BreadcrumbList","@id":"https:\/\/www.letemsvetemapplem.eu\/bazar\/imac-27-cz-retina-5k-2019\/#breadcrumb","itemListElement":[{"@type":"ListItem","position":1,"name":"Apple Bazar","item":"https:\/\/www.letemsvetemapplem.eu\/bazar\/"},{"@type":"ListItem","position":2,"name":"iMac 27&quot;&quot; CZ Retina 5K 2019"}]},{"@type":"WebSite","@id":"https:\/\/www.letemsvetemapplem.eu\/bazar\/#website","url":"https:\/\/www.letemsvetemapplem.eu\/bazar\/","name":"Apple bazar","description":"Oou\u017eit\u00e9 Apple produkty za skv\u011bl\u00e9 ceny","potentialAction":[{"@type":"SearchAction","target":{"@type":"EntryPoint","urlTemplate":"https:\/\/www.letemsvetemapplem.eu\/bazar\/?s={search_term_string}"},"query-input":{"@type":"PropertyValueSpecification","valueRequired":true,"valueName":"search_term_string"}}],"inLanguage":"cs"}]}},"_links":{"self":[{"href":"https:\/\/www.letemsvetemapplem.eu\/bazar\/wp-json\/wp\/v2\/posts\/177156","targetHints":{"allow":["GET"]}}],"collection":[{"href":"https:\/\/www.letemsvetemapplem.eu\/bazar\/wp-json\/wp\/v2\/posts"}],"about":[{"href":"https:\/\/www.letemsvetemapplem.eu\/bazar\/wp-json\/wp\/v2\/types\/post"}],"replies":[{"embeddable":true,"href":"https:\/\/www.letemsvetemapplem.eu\/bazar\/wp-json\/wp\/v2\/comments?post=177156"}],"version-history":[{"count":0,"href":"https:\/\/www.letemsvetemapplem.eu\/bazar\/wp-json\/wp\/v2\/posts\/177156\/revisions"}],"wp:featuredmedia":[{"embeddable":true,"href":"https:\/\/www.letemsvetemapplem.eu\/bazar\/wp-json\/wp\/v2\/media\/177157"}],"wp:attachment":[{"href":"https:\/\/www.letemsvetemapplem.eu\/bazar\/wp-json\/wp\/v2\/media?parent=177156"}],"wp:term":[{"taxonomy":"category","embeddable":true,"href":"https:\/\/www.letemsvetemapplem.eu\/bazar\/wp-json\/wp\/v2\/categories?post=177156"},{"taxonomy":"post_tag","embeddable":true,"href":"https:\/\/www.letemsvetemapplem.eu\/bazar\/wp-json\/wp\/v2\/tags?post=177156"}],"curies":[{"name":"wp","href":"https:\/\/api.w.org\/{rel}","templated":true}]}}