{"id":175631,"date":"2019-12-02T18:35:27","date_gmt":"2019-12-02T17:35:27","guid":{"rendered":"https:\/\/www.letemsvetemapplem.eu\/bazar\/?p=175631"},"modified":"2021-11-16T15:40:26","modified_gmt":"2021-11-16T14:40:26","slug":"kvalitni-drzak-alzaergo-na-apple-homepod","status":"publish","type":"post","link":"https:\/\/www.letemsvetemapplem.eu\/bazar\/kvalitni-drzak-alzaergo-na-apple-homepod\/","title":{"rendered":"Kvalitn\u00ed dr\u017e\u00e1k AlzaErgo na Apple Homepod"},"content":{"rendered":"<p>Nab\u00edz\u00edm \u00fapln\u011b nov\u00fd dr\u017e\u00e1k na st\u011bnu na Apple Homepod.<\/p>\n<p>Jedn\u00e1 se o kvalitn\u00ed v\u00fdrobek od zna\u010dky AlzaErgo, masivn\u00ed \u017eelezn\u00e1 konstrukce, siln\u00e1 silikonov\u00e1 podlo\u017eka a zna\u010dkov\u00e9 hmo\u017edinky Fisher.<\/p>\n<p>2 roky z\u00e1ruka u Alza.cz<\/p>\n<p>Standardn\u00ed cena 790,-<br \/>\nKompletn\u00ed nov\u00e9 balen\u00ed.<br \/>\nCena pevn\u00e1, dle m\u00e9ho velmi p\u0159\u00edv\u011btiv\u00e1.<\/p>\n<p>Mo\u017en\u00e9 i zasl\u00e1n\u00ed p\u0159es z\u00e1silkovnu nebo \u010deskou po\u0161tu, v p\u0159\u00edpad\u011b dob\u00edrky nutn\u00e1 \u00fahrada po\u0161tovn\u00e9ho p\u0159edem na \u00fa\u010det.<br \/>\nV p\u0159\u00edpad\u011b dotazu se nev\u00e1hejte se zeptat.<br \/>\nOsobn\u00ed vyzvednut\u00ed mo\u017en\u00e9 v okol\u00ed \u00dast\u00ed nad Labem, ob\u010das jezd\u00edm do Prahy.<\/p>\n","protected":false},"excerpt":{"rendered":"<p>Nab\u00edz\u00edm \u00fapln\u011b nov\u00fd dr\u017e\u00e1k na st\u011bnu na Apple Homepod. Jedn\u00e1 se o kvalitn\u00ed v\u00fdrobek od zna\u010dky AlzaErgo, masivn\u00ed \u017eelezn\u00e1 konstrukce, siln\u00e1 silikonov\u00e1 podlo\u017eka a zna\u010dkov\u00e9 hmo\u017edinky Fisher. 2 roky z\u00e1ruka u Alza.cz Standardn\u00ed cena 790,- Kompletn\u00ed nov\u00e9 balen\u00ed. Cena pevn\u00e1, dle m\u00e9ho velmi p\u0159\u00edv\u011btiv\u00e1. Mo\u017en\u00e9 i zasl\u00e1n\u00ed p\u0159es z\u00e1silkovnu nebo \u010deskou po\u0161tu, v p\u0159\u00edpad\u011b dob\u00edrky&#8230;<\/p>\n","protected":false},"author":3,"featured_media":175632,"comment_status":"closed","ping_status":"closed","sticky":false,"template":"","format":"standard","meta":{"footnotes":""},"categories":[22,131],"tags":[],"class_list":["post-175631","post","type-post","status-publish","format-standard","has-post-thumbnail","hentry","category-ostatni-ostatni","category-homepod"],"yoast_head":"<!-- This site is optimized with the Yoast SEO plugin v27.2 - https:\/\/yoast.com\/product\/yoast-seo-wordpress\/ -->\n<title>Kvalitn\u00ed dr\u017e\u00e1k AlzaErgo na Apple Homepod - Apple bazar<\/title>\n<meta name=\"robots\" content=\"index, follow, max-snippet:-1, max-image-preview:large, max-video-preview:-1\" \/>\n<link rel=\"canonical\" href=\"https:\/\/www.letemsvetemapplem.eu\/bazar\/kvalitni-drzak-alzaergo-na-apple-homepod\/\" \/>\n<meta property=\"og:locale\" content=\"cs_CZ\" \/>\n<meta property=\"og:type\" content=\"article\" \/>\n<meta property=\"og:title\" content=\"Kvalitn\u00ed dr\u017e\u00e1k AlzaErgo na Apple Homepod - Apple bazar\" \/>\n<meta property=\"og:description\" content=\"Nab\u00edz\u00edm \u00fapln\u011b nov\u00fd dr\u017e\u00e1k na st\u011bnu na Apple Homepod. Jedn\u00e1 se o kvalitn\u00ed v\u00fdrobek od zna\u010dky AlzaErgo, masivn\u00ed \u017eelezn\u00e1 konstrukce, siln\u00e1 silikonov\u00e1 podlo\u017eka a zna\u010dkov\u00e9 hmo\u017edinky Fisher. 2 roky z\u00e1ruka u Alza.cz Standardn\u00ed cena 790,- Kompletn\u00ed nov\u00e9 balen\u00ed. Cena pevn\u00e1, dle m\u00e9ho velmi p\u0159\u00edv\u011btiv\u00e1. Mo\u017en\u00e9 i zasl\u00e1n\u00ed p\u0159es z\u00e1silkovnu nebo \u010deskou po\u0161tu, v p\u0159\u00edpad\u011b dob\u00edrky...\" \/>\n<meta property=\"og:url\" content=\"https:\/\/www.letemsvetemapplem.eu\/bazar\/kvalitni-drzak-alzaergo-na-apple-homepod\/\" \/>\n<meta property=\"og:site_name\" content=\"Apple bazar\" \/>\n<meta property=\"article:published_time\" content=\"2019-12-02T17:35:27+00:00\" \/>\n<meta property=\"article:modified_time\" content=\"2021-11-16T14:40:26+00:00\" \/>\n<meta property=\"og:image\" content=\"https:\/\/www.letemsvetemapplem.eu\/bazar\/wp-content\/uploads\/2019\/12\/01-2.jpeg\" \/>\n\t<meta property=\"og:image:width\" content=\"1161\" \/>\n\t<meta property=\"og:image:height\" content=\"2000\" \/>\n\t<meta property=\"og:image:type\" content=\"image\/jpeg\" \/>\n<meta name=\"author\" content=\"Roman Zav\u0159el\" \/>\n<meta name=\"twitter:card\" content=\"summary_large_image\" \/>\n<script type=\"application\/ld+json\" class=\"yoast-schema-graph\">{\"@context\":\"https:\/\/schema.org\",\"@graph\":[{\"@type\":\"Article\",\"@id\":\"https:\/\/www.letemsvetemapplem.eu\/bazar\/kvalitni-drzak-alzaergo-na-apple-homepod\/#article\",\"isPartOf\":{\"@id\":\"https:\/\/www.letemsvetemapplem.eu\/bazar\/kvalitni-drzak-alzaergo-na-apple-homepod\/\"},\"author\":{\"name\":\"Roman Zav\u0159el\",\"@id\":\"https:\/\/www.letemsvetemapplem.eu\/bazar\/#\/schema\/person\/536e24320235a94169442c82763c642c\"},\"headline\":\"Kvalitn\u00ed dr\u017e\u00e1k AlzaErgo na Apple Homepod\",\"datePublished\":\"2019-12-02T17:35:27+00:00\",\"dateModified\":\"2021-11-16T14:40:26+00:00\",\"mainEntityOfPage\":{\"@id\":\"https:\/\/www.letemsvetemapplem.eu\/bazar\/kvalitni-drzak-alzaergo-na-apple-homepod\/\"},\"wordCount\":115,\"image\":{\"@id\":\"https:\/\/www.letemsvetemapplem.eu\/bazar\/kvalitni-drzak-alzaergo-na-apple-homepod\/#primaryimage\"},\"thumbnailUrl\":\"https:\/\/www.letemsvetemapplem.eu\/bazar\/wp-content\/uploads\/2019\/12\/01-2.jpeg\",\"articleSection\":[\"Ostatni\",\"HomePod\"],\"inLanguage\":\"cs\"},{\"@type\":\"WebPage\",\"@id\":\"https:\/\/www.letemsvetemapplem.eu\/bazar\/kvalitni-drzak-alzaergo-na-apple-homepod\/\",\"url\":\"https:\/\/www.letemsvetemapplem.eu\/bazar\/kvalitni-drzak-alzaergo-na-apple-homepod\/\",\"name\":\"Kvalitn\u00ed dr\u017e\u00e1k AlzaErgo na Apple Homepod - Apple bazar\",\"isPartOf\":{\"@id\":\"https:\/\/www.letemsvetemapplem.eu\/bazar\/#website\"},\"primaryImageOfPage\":{\"@id\":\"https:\/\/www.letemsvetemapplem.eu\/bazar\/kvalitni-drzak-alzaergo-na-apple-homepod\/#primaryimage\"},\"image\":{\"@id\":\"https:\/\/www.letemsvetemapplem.eu\/bazar\/kvalitni-drzak-alzaergo-na-apple-homepod\/#primaryimage\"},\"thumbnailUrl\":\"https:\/\/www.letemsvetemapplem.eu\/bazar\/wp-content\/uploads\/2019\/12\/01-2.jpeg\",\"datePublished\":\"2019-12-02T17:35:27+00:00\",\"dateModified\":\"2021-11-16T14:40:26+00:00\",\"author\":{\"@id\":\"https:\/\/www.letemsvetemapplem.eu\/bazar\/#\/schema\/person\/536e24320235a94169442c82763c642c\"},\"breadcrumb\":{\"@id\":\"https:\/\/www.letemsvetemapplem.eu\/bazar\/kvalitni-drzak-alzaergo-na-apple-homepod\/#breadcrumb\"},\"inLanguage\":\"cs\",\"potentialAction\":[{\"@type\":\"ReadAction\",\"target\":[\"https:\/\/www.letemsvetemapplem.eu\/bazar\/kvalitni-drzak-alzaergo-na-apple-homepod\/\"]}]},{\"@type\":\"ImageObject\",\"inLanguage\":\"cs\",\"@id\":\"https:\/\/www.letemsvetemapplem.eu\/bazar\/kvalitni-drzak-alzaergo-na-apple-homepod\/#primaryimage\",\"url\":\"https:\/\/www.letemsvetemapplem.eu\/bazar\/wp-content\/uploads\/2019\/12\/01-2.jpeg\",\"contentUrl\":\"https:\/\/www.letemsvetemapplem.eu\/bazar\/wp-content\/uploads\/2019\/12\/01-2.jpeg\",\"width\":1161,\"height\":2000},{\"@type\":\"BreadcrumbList\",\"@id\":\"https:\/\/www.letemsvetemapplem.eu\/bazar\/kvalitni-drzak-alzaergo-na-apple-homepod\/#breadcrumb\",\"itemListElement\":[{\"@type\":\"ListItem\",\"position\":1,\"name\":\"Apple Bazar\",\"item\":\"https:\/\/www.letemsvetemapplem.eu\/bazar\/\"},{\"@type\":\"ListItem\",\"position\":2,\"name\":\"Kvalitn\u00ed dr\u017e\u00e1k AlzaErgo na Apple Homepod\"}]},{\"@type\":\"WebSite\",\"@id\":\"https:\/\/www.letemsvetemapplem.eu\/bazar\/#website\",\"url\":\"https:\/\/www.letemsvetemapplem.eu\/bazar\/\",\"name\":\"Apple bazar\",\"description\":\"Oou\u017eit\u00e9 Apple produkty za skv\u011bl\u00e9 ceny\",\"potentialAction\":[{\"@type\":\"SearchAction\",\"target\":{\"@type\":\"EntryPoint\",\"urlTemplate\":\"https:\/\/www.letemsvetemapplem.eu\/bazar\/?s={search_term_string}\"},\"query-input\":{\"@type\":\"PropertyValueSpecification\",\"valueRequired\":true,\"valueName\":\"search_term_string\"}}],\"inLanguage\":\"cs\"},{\"@type\":\"Person\",\"@id\":\"https:\/\/www.letemsvetemapplem.eu\/bazar\/#\/schema\/person\/536e24320235a94169442c82763c642c\",\"name\":\"Roman Zav\u0159el\",\"sameAs\":[\"https:\/\/www.letemsvetemapplem.eu\"],\"url\":\"https:\/\/www.letemsvetemapplem.eu\/bazar\/author\/roman\/\"}]}<\/script>\n<!-- \/ Yoast SEO plugin. -->","yoast_head_json":{"title":"Kvalitn\u00ed dr\u017e\u00e1k AlzaErgo na Apple Homepod - Apple bazar","robots":{"index":"index","follow":"follow","max-snippet":"max-snippet:-1","max-image-preview":"max-image-preview:large","max-video-preview":"max-video-preview:-1"},"canonical":"https:\/\/www.letemsvetemapplem.eu\/bazar\/kvalitni-drzak-alzaergo-na-apple-homepod\/","og_locale":"cs_CZ","og_type":"article","og_title":"Kvalitn\u00ed dr\u017e\u00e1k AlzaErgo na Apple Homepod - Apple bazar","og_description":"Nab\u00edz\u00edm \u00fapln\u011b nov\u00fd dr\u017e\u00e1k na st\u011bnu na Apple Homepod. Jedn\u00e1 se o kvalitn\u00ed v\u00fdrobek od zna\u010dky AlzaErgo, masivn\u00ed \u017eelezn\u00e1 konstrukce, siln\u00e1 silikonov\u00e1 podlo\u017eka a zna\u010dkov\u00e9 hmo\u017edinky Fisher. 2 roky z\u00e1ruka u Alza.cz Standardn\u00ed cena 790,- Kompletn\u00ed nov\u00e9 balen\u00ed. Cena pevn\u00e1, dle m\u00e9ho velmi p\u0159\u00edv\u011btiv\u00e1. Mo\u017en\u00e9 i zasl\u00e1n\u00ed p\u0159es z\u00e1silkovnu nebo \u010deskou po\u0161tu, v p\u0159\u00edpad\u011b dob\u00edrky...","og_url":"https:\/\/www.letemsvetemapplem.eu\/bazar\/kvalitni-drzak-alzaergo-na-apple-homepod\/","og_site_name":"Apple bazar","article_published_time":"2019-12-02T17:35:27+00:00","article_modified_time":"2021-11-16T14:40:26+00:00","og_image":[{"width":1161,"height":2000,"url":"https:\/\/www.letemsvetemapplem.eu\/bazar\/wp-content\/uploads\/2019\/12\/01-2.jpeg","type":"image\/jpeg"}],"author":"Roman Zav\u0159el","twitter_card":"summary_large_image","schema":{"@context":"https:\/\/schema.org","@graph":[{"@type":"Article","@id":"https:\/\/www.letemsvetemapplem.eu\/bazar\/kvalitni-drzak-alzaergo-na-apple-homepod\/#article","isPartOf":{"@id":"https:\/\/www.letemsvetemapplem.eu\/bazar\/kvalitni-drzak-alzaergo-na-apple-homepod\/"},"author":{"name":"Roman Zav\u0159el","@id":"https:\/\/www.letemsvetemapplem.eu\/bazar\/#\/schema\/person\/536e24320235a94169442c82763c642c"},"headline":"Kvalitn\u00ed dr\u017e\u00e1k AlzaErgo na Apple Homepod","datePublished":"2019-12-02T17:35:27+00:00","dateModified":"2021-11-16T14:40:26+00:00","mainEntityOfPage":{"@id":"https:\/\/www.letemsvetemapplem.eu\/bazar\/kvalitni-drzak-alzaergo-na-apple-homepod\/"},"wordCount":115,"image":{"@id":"https:\/\/www.letemsvetemapplem.eu\/bazar\/kvalitni-drzak-alzaergo-na-apple-homepod\/#primaryimage"},"thumbnailUrl":"https:\/\/www.letemsvetemapplem.eu\/bazar\/wp-content\/uploads\/2019\/12\/01-2.jpeg","articleSection":["Ostatni","HomePod"],"inLanguage":"cs"},{"@type":"WebPage","@id":"https:\/\/www.letemsvetemapplem.eu\/bazar\/kvalitni-drzak-alzaergo-na-apple-homepod\/","url":"https:\/\/www.letemsvetemapplem.eu\/bazar\/kvalitni-drzak-alzaergo-na-apple-homepod\/","name":"Kvalitn\u00ed dr\u017e\u00e1k AlzaErgo na Apple Homepod - Apple bazar","isPartOf":{"@id":"https:\/\/www.letemsvetemapplem.eu\/bazar\/#website"},"primaryImageOfPage":{"@id":"https:\/\/www.letemsvetemapplem.eu\/bazar\/kvalitni-drzak-alzaergo-na-apple-homepod\/#primaryimage"},"image":{"@id":"https:\/\/www.letemsvetemapplem.eu\/bazar\/kvalitni-drzak-alzaergo-na-apple-homepod\/#primaryimage"},"thumbnailUrl":"https:\/\/www.letemsvetemapplem.eu\/bazar\/wp-content\/uploads\/2019\/12\/01-2.jpeg","datePublished":"2019-12-02T17:35:27+00:00","dateModified":"2021-11-16T14:40:26+00:00","author":{"@id":"https:\/\/www.letemsvetemapplem.eu\/bazar\/#\/schema\/person\/536e24320235a94169442c82763c642c"},"breadcrumb":{"@id":"https:\/\/www.letemsvetemapplem.eu\/bazar\/kvalitni-drzak-alzaergo-na-apple-homepod\/#breadcrumb"},"inLanguage":"cs","potentialAction":[{"@type":"ReadAction","target":["https:\/\/www.letemsvetemapplem.eu\/bazar\/kvalitni-drzak-alzaergo-na-apple-homepod\/"]}]},{"@type":"ImageObject","inLanguage":"cs","@id":"https:\/\/www.letemsvetemapplem.eu\/bazar\/kvalitni-drzak-alzaergo-na-apple-homepod\/#primaryimage","url":"https:\/\/www.letemsvetemapplem.eu\/bazar\/wp-content\/uploads\/2019\/12\/01-2.jpeg","contentUrl":"https:\/\/www.letemsvetemapplem.eu\/bazar\/wp-content\/uploads\/2019\/12\/01-2.jpeg","width":1161,"height":2000},{"@type":"BreadcrumbList","@id":"https:\/\/www.letemsvetemapplem.eu\/bazar\/kvalitni-drzak-alzaergo-na-apple-homepod\/#breadcrumb","itemListElement":[{"@type":"ListItem","position":1,"name":"Apple Bazar","item":"https:\/\/www.letemsvetemapplem.eu\/bazar\/"},{"@type":"ListItem","position":2,"name":"Kvalitn\u00ed dr\u017e\u00e1k AlzaErgo na Apple Homepod"}]},{"@type":"WebSite","@id":"https:\/\/www.letemsvetemapplem.eu\/bazar\/#website","url":"https:\/\/www.letemsvetemapplem.eu\/bazar\/","name":"Apple bazar","description":"Oou\u017eit\u00e9 Apple produkty za skv\u011bl\u00e9 ceny","potentialAction":[{"@type":"SearchAction","target":{"@type":"EntryPoint","urlTemplate":"https:\/\/www.letemsvetemapplem.eu\/bazar\/?s={search_term_string}"},"query-input":{"@type":"PropertyValueSpecification","valueRequired":true,"valueName":"search_term_string"}}],"inLanguage":"cs"},{"@type":"Person","@id":"https:\/\/www.letemsvetemapplem.eu\/bazar\/#\/schema\/person\/536e24320235a94169442c82763c642c","name":"Roman Zav\u0159el","sameAs":["https:\/\/www.letemsvetemapplem.eu"],"url":"https:\/\/www.letemsvetemapplem.eu\/bazar\/author\/roman\/"}]}},"_links":{"self":[{"href":"https:\/\/www.letemsvetemapplem.eu\/bazar\/wp-json\/wp\/v2\/posts\/175631","targetHints":{"allow":["GET"]}}],"collection":[{"href":"https:\/\/www.letemsvetemapplem.eu\/bazar\/wp-json\/wp\/v2\/posts"}],"about":[{"href":"https:\/\/www.letemsvetemapplem.eu\/bazar\/wp-json\/wp\/v2\/types\/post"}],"author":[{"embeddable":true,"href":"https:\/\/www.letemsvetemapplem.eu\/bazar\/wp-json\/wp\/v2\/users\/3"}],"replies":[{"embeddable":true,"href":"https:\/\/www.letemsvetemapplem.eu\/bazar\/wp-json\/wp\/v2\/comments?post=175631"}],"version-history":[{"count":1,"href":"https:\/\/www.letemsvetemapplem.eu\/bazar\/wp-json\/wp\/v2\/posts\/175631\/revisions"}],"predecessor-version":[{"id":242740,"href":"https:\/\/www.letemsvetemapplem.eu\/bazar\/wp-json\/wp\/v2\/posts\/175631\/revisions\/242740"}],"wp:featuredmedia":[{"embeddable":true,"href":"https:\/\/www.letemsvetemapplem.eu\/bazar\/wp-json\/wp\/v2\/media\/175632"}],"wp:attachment":[{"href":"https:\/\/www.letemsvetemapplem.eu\/bazar\/wp-json\/wp\/v2\/media?parent=175631"}],"wp:term":[{"taxonomy":"category","embeddable":true,"href":"https:\/\/www.letemsvetemapplem.eu\/bazar\/wp-json\/wp\/v2\/categories?post=175631"},{"taxonomy":"post_tag","embeddable":true,"href":"https:\/\/www.letemsvetemapplem.eu\/bazar\/wp-json\/wp\/v2\/tags?post=175631"}],"curies":[{"name":"wp","href":"https:\/\/api.w.org\/{rel}","templated":true}]}}