{"id":173921,"date":"2019-11-21T17:58:51","date_gmt":"2019-11-21T16:58:51","guid":{"rendered":"https:\/\/www.letemsvetemapplem.eu\/bazar\/?p=173921"},"modified":"2019-11-27T14:19:15","modified_gmt":"2019-11-27T13:19:15","slug":"macbook-air-13-2017-128gb-hdd-8gb-ram","status":"publish","type":"post","link":"https:\/\/www.letemsvetemapplem.eu\/bazar\/macbook-air-13-2017-128gb-hdd-8gb-ram\/","title":{"rendered":"MacBook Air 13&quot; 2017 128GB HDD, 8GB RAM"},"content":{"rendered":"<p>Nab\u00edz\u00edm ke koupi Macbook 13&quot; 128GB SSD, 8GB RAM, rozli\u0161en\u00ed 1440\u00d7900 px, 2j\u00e1drov\u00fd procesor Intel Core i5 (1,8 GHz), Bluetooth 4.0 \u2022 2\u00d7 USB 3.0, 1\u00d7 Thunderbolt 2,  nap\u00e1jec\u00ed port MagSafe 2, podsv\u00edcen\u00e1 kl\u00e1vesnice, opera\u010dn\u00ed syst\u00e9m MacOS.<br \/>\nMacbook byl kupov\u00e1n 7.9.2017 za p\u016fvodn\u00edch 25999,- ji\u017e je po z\u00e1ruce. Sou\u010d\u00e1st\u00ed balen\u00ed je krabice, faktura, nab\u00edje\u010dka, tzn. p\u016fvodn\u00ed balen\u00ed.<br \/>\nBaterie m\u00e1 130 cykl\u016f, tak\u017ee skoro jako nov\u00e1.<br \/>\nKontaktovat mne m\u016f\u017eete bu\u010f na koubyyy@gmail.com, nebo na tel. \u010d\u00edsle +420 736 170 110.<\/p>\n","protected":false},"excerpt":{"rendered":"<p>Nab\u00edz\u00edm ke koupi Macbook 13&quot; 128GB SSD, 8GB RAM, rozli\u0161en\u00ed 1440\u00d7900 px, 2j\u00e1drov\u00fd procesor Intel Core i5 (1,8 GHz), Bluetooth 4.0 \u2022 2\u00d7 USB 3.0, 1\u00d7 Thunderbolt 2, nap\u00e1jec\u00ed port MagSafe 2, podsv\u00edcen\u00e1 kl\u00e1vesnice, opera\u010dn\u00ed syst\u00e9m MacOS. Macbook byl kupov\u00e1n 7.9.2017 za p\u016fvodn\u00edch 25999,- ji\u017e je po z\u00e1ruce. Sou\u010d\u00e1st\u00ed balen\u00ed je krabice, faktura, nab\u00edje\u010dka, tzn&#8230;.<\/p>\n","protected":false},"author":0,"featured_media":173922,"comment_status":"closed","ping_status":"closed","sticky":false,"template":"","format":"standard","meta":{"footnotes":""},"categories":[42],"tags":[],"class_list":["post-173921","post","type-post","status-publish","format-standard","has-post-thumbnail","hentry","category-macbook-air"],"yoast_head":"<!-- This site is optimized with the Yoast SEO plugin v27.5 - https:\/\/yoast.com\/product\/yoast-seo-wordpress\/ -->\n<title>MacBook Air 13&quot; 2017 128GB HDD, 8GB RAM - Apple bazar<\/title>\n<meta name=\"robots\" content=\"index, follow, max-snippet:-1, max-image-preview:large, max-video-preview:-1\" \/>\n<link rel=\"canonical\" href=\"https:\/\/www.letemsvetemapplem.eu\/bazar\/macbook-air-13-2017-128gb-hdd-8gb-ram\/\" \/>\n<meta property=\"og:locale\" content=\"cs_CZ\" \/>\n<meta property=\"og:type\" content=\"article\" \/>\n<meta property=\"og:title\" content=\"MacBook Air 13&quot; 2017 128GB HDD, 8GB RAM - Apple bazar\" \/>\n<meta property=\"og:description\" content=\"Nab\u00edz\u00edm ke koupi Macbook 13&quot; 128GB SSD, 8GB RAM, rozli\u0161en\u00ed 1440\u00d7900 px, 2j\u00e1drov\u00fd procesor Intel Core i5 (1,8 GHz), Bluetooth 4.0 \u2022 2\u00d7 USB 3.0, 1\u00d7 Thunderbolt 2, nap\u00e1jec\u00ed port MagSafe 2, podsv\u00edcen\u00e1 kl\u00e1vesnice, opera\u010dn\u00ed syst\u00e9m MacOS. Macbook byl kupov\u00e1n 7.9.2017 za p\u016fvodn\u00edch 25999,- ji\u017e je po z\u00e1ruce. Sou\u010d\u00e1st\u00ed balen\u00ed je krabice, faktura, nab\u00edje\u010dka, tzn....\" \/>\n<meta property=\"og:url\" content=\"https:\/\/www.letemsvetemapplem.eu\/bazar\/macbook-air-13-2017-128gb-hdd-8gb-ram\/\" \/>\n<meta property=\"og:site_name\" content=\"Apple bazar\" \/>\n<meta property=\"article:published_time\" content=\"2019-11-21T16:58:51+00:00\" \/>\n<meta property=\"article:modified_time\" content=\"2019-11-27T13:19:15+00:00\" \/>\n<meta property=\"og:image\" content=\"https:\/\/www.letemsvetemapplem.eu\/bazar\/wp-content\/uploads\/2019\/11\/IMG_6794-scaled.jpg\" \/>\n\t<meta property=\"og:image:width\" content=\"2560\" \/>\n\t<meta property=\"og:image:height\" content=\"1920\" \/>\n\t<meta property=\"og:image:type\" content=\"image\/jpeg\" \/>\n<meta name=\"twitter:card\" content=\"summary_large_image\" \/>\n<script type=\"application\/ld+json\" class=\"yoast-schema-graph\">{\"@context\":\"https:\\\/\\\/schema.org\",\"@graph\":[{\"@type\":\"Article\",\"@id\":\"https:\\\/\\\/www.letemsvetemapplem.eu\\\/bazar\\\/macbook-air-13-2017-128gb-hdd-8gb-ram\\\/#article\",\"isPartOf\":{\"@id\":\"https:\\\/\\\/www.letemsvetemapplem.eu\\\/bazar\\\/macbook-air-13-2017-128gb-hdd-8gb-ram\\\/\"},\"author\":{\"name\":\"\",\"@id\":\"\"},\"headline\":\"MacBook Air 13&quot; 2017 128GB HDD, 8GB RAM\",\"datePublished\":\"2019-11-21T16:58:51+00:00\",\"dateModified\":\"2019-11-27T13:19:15+00:00\",\"mainEntityOfPage\":{\"@id\":\"https:\\\/\\\/www.letemsvetemapplem.eu\\\/bazar\\\/macbook-air-13-2017-128gb-hdd-8gb-ram\\\/\"},\"wordCount\":92,\"image\":{\"@id\":\"https:\\\/\\\/www.letemsvetemapplem.eu\\\/bazar\\\/macbook-air-13-2017-128gb-hdd-8gb-ram\\\/#primaryimage\"},\"thumbnailUrl\":\"https:\\\/\\\/www.letemsvetemapplem.eu\\\/bazar\\\/wp-content\\\/uploads\\\/2019\\\/11\\\/IMG_6794-scaled.jpg\",\"articleSection\":[\"MacBook Air\"],\"inLanguage\":\"cs\"},{\"@type\":\"WebPage\",\"@id\":\"https:\\\/\\\/www.letemsvetemapplem.eu\\\/bazar\\\/macbook-air-13-2017-128gb-hdd-8gb-ram\\\/\",\"url\":\"https:\\\/\\\/www.letemsvetemapplem.eu\\\/bazar\\\/macbook-air-13-2017-128gb-hdd-8gb-ram\\\/\",\"name\":\"MacBook Air 13&quot; 2017 128GB HDD, 8GB RAM - Apple bazar\",\"isPartOf\":{\"@id\":\"https:\\\/\\\/www.letemsvetemapplem.eu\\\/bazar\\\/#website\"},\"primaryImageOfPage\":{\"@id\":\"https:\\\/\\\/www.letemsvetemapplem.eu\\\/bazar\\\/macbook-air-13-2017-128gb-hdd-8gb-ram\\\/#primaryimage\"},\"image\":{\"@id\":\"https:\\\/\\\/www.letemsvetemapplem.eu\\\/bazar\\\/macbook-air-13-2017-128gb-hdd-8gb-ram\\\/#primaryimage\"},\"thumbnailUrl\":\"https:\\\/\\\/www.letemsvetemapplem.eu\\\/bazar\\\/wp-content\\\/uploads\\\/2019\\\/11\\\/IMG_6794-scaled.jpg\",\"datePublished\":\"2019-11-21T16:58:51+00:00\",\"dateModified\":\"2019-11-27T13:19:15+00:00\",\"author\":{\"@id\":\"\"},\"breadcrumb\":{\"@id\":\"https:\\\/\\\/www.letemsvetemapplem.eu\\\/bazar\\\/macbook-air-13-2017-128gb-hdd-8gb-ram\\\/#breadcrumb\"},\"inLanguage\":\"cs\",\"potentialAction\":[{\"@type\":\"ReadAction\",\"target\":[\"https:\\\/\\\/www.letemsvetemapplem.eu\\\/bazar\\\/macbook-air-13-2017-128gb-hdd-8gb-ram\\\/\"]}]},{\"@type\":\"ImageObject\",\"inLanguage\":\"cs\",\"@id\":\"https:\\\/\\\/www.letemsvetemapplem.eu\\\/bazar\\\/macbook-air-13-2017-128gb-hdd-8gb-ram\\\/#primaryimage\",\"url\":\"https:\\\/\\\/www.letemsvetemapplem.eu\\\/bazar\\\/wp-content\\\/uploads\\\/2019\\\/11\\\/IMG_6794-scaled.jpg\",\"contentUrl\":\"https:\\\/\\\/www.letemsvetemapplem.eu\\\/bazar\\\/wp-content\\\/uploads\\\/2019\\\/11\\\/IMG_6794-scaled.jpg\",\"width\":2560,\"height\":1920},{\"@type\":\"BreadcrumbList\",\"@id\":\"https:\\\/\\\/www.letemsvetemapplem.eu\\\/bazar\\\/macbook-air-13-2017-128gb-hdd-8gb-ram\\\/#breadcrumb\",\"itemListElement\":[{\"@type\":\"ListItem\",\"position\":1,\"name\":\"Apple Bazar\",\"item\":\"https:\\\/\\\/www.letemsvetemapplem.eu\\\/bazar\\\/\"},{\"@type\":\"ListItem\",\"position\":2,\"name\":\"MacBook Air 13&quot; 2017 128GB HDD, 8GB RAM\"}]},{\"@type\":\"WebSite\",\"@id\":\"https:\\\/\\\/www.letemsvetemapplem.eu\\\/bazar\\\/#website\",\"url\":\"https:\\\/\\\/www.letemsvetemapplem.eu\\\/bazar\\\/\",\"name\":\"Apple bazar\",\"description\":\"Oou\u017eit\u00e9 Apple produkty za skv\u011bl\u00e9 ceny\",\"potentialAction\":[{\"@type\":\"SearchAction\",\"target\":{\"@type\":\"EntryPoint\",\"urlTemplate\":\"https:\\\/\\\/www.letemsvetemapplem.eu\\\/bazar\\\/?s={search_term_string}\"},\"query-input\":{\"@type\":\"PropertyValueSpecification\",\"valueRequired\":true,\"valueName\":\"search_term_string\"}}],\"inLanguage\":\"cs\"}]}<\/script>\n<!-- \/ Yoast SEO plugin. -->","yoast_head_json":{"title":"MacBook Air 13&quot; 2017 128GB HDD, 8GB RAM - Apple bazar","robots":{"index":"index","follow":"follow","max-snippet":"max-snippet:-1","max-image-preview":"max-image-preview:large","max-video-preview":"max-video-preview:-1"},"canonical":"https:\/\/www.letemsvetemapplem.eu\/bazar\/macbook-air-13-2017-128gb-hdd-8gb-ram\/","og_locale":"cs_CZ","og_type":"article","og_title":"MacBook Air 13&quot; 2017 128GB HDD, 8GB RAM - Apple bazar","og_description":"Nab\u00edz\u00edm ke koupi Macbook 13&quot; 128GB SSD, 8GB RAM, rozli\u0161en\u00ed 1440\u00d7900 px, 2j\u00e1drov\u00fd procesor Intel Core i5 (1,8 GHz), Bluetooth 4.0 \u2022 2\u00d7 USB 3.0, 1\u00d7 Thunderbolt 2, nap\u00e1jec\u00ed port MagSafe 2, podsv\u00edcen\u00e1 kl\u00e1vesnice, opera\u010dn\u00ed syst\u00e9m MacOS. Macbook byl kupov\u00e1n 7.9.2017 za p\u016fvodn\u00edch 25999,- ji\u017e je po z\u00e1ruce. Sou\u010d\u00e1st\u00ed balen\u00ed je krabice, faktura, nab\u00edje\u010dka, tzn....","og_url":"https:\/\/www.letemsvetemapplem.eu\/bazar\/macbook-air-13-2017-128gb-hdd-8gb-ram\/","og_site_name":"Apple bazar","article_published_time":"2019-11-21T16:58:51+00:00","article_modified_time":"2019-11-27T13:19:15+00:00","og_image":[{"width":2560,"height":1920,"url":"https:\/\/www.letemsvetemapplem.eu\/bazar\/wp-content\/uploads\/2019\/11\/IMG_6794-scaled.jpg","type":"image\/jpeg"}],"twitter_card":"summary_large_image","schema":{"@context":"https:\/\/schema.org","@graph":[{"@type":"Article","@id":"https:\/\/www.letemsvetemapplem.eu\/bazar\/macbook-air-13-2017-128gb-hdd-8gb-ram\/#article","isPartOf":{"@id":"https:\/\/www.letemsvetemapplem.eu\/bazar\/macbook-air-13-2017-128gb-hdd-8gb-ram\/"},"author":{"name":"","@id":""},"headline":"MacBook Air 13&quot; 2017 128GB HDD, 8GB RAM","datePublished":"2019-11-21T16:58:51+00:00","dateModified":"2019-11-27T13:19:15+00:00","mainEntityOfPage":{"@id":"https:\/\/www.letemsvetemapplem.eu\/bazar\/macbook-air-13-2017-128gb-hdd-8gb-ram\/"},"wordCount":92,"image":{"@id":"https:\/\/www.letemsvetemapplem.eu\/bazar\/macbook-air-13-2017-128gb-hdd-8gb-ram\/#primaryimage"},"thumbnailUrl":"https:\/\/www.letemsvetemapplem.eu\/bazar\/wp-content\/uploads\/2019\/11\/IMG_6794-scaled.jpg","articleSection":["MacBook Air"],"inLanguage":"cs"},{"@type":"WebPage","@id":"https:\/\/www.letemsvetemapplem.eu\/bazar\/macbook-air-13-2017-128gb-hdd-8gb-ram\/","url":"https:\/\/www.letemsvetemapplem.eu\/bazar\/macbook-air-13-2017-128gb-hdd-8gb-ram\/","name":"MacBook Air 13&quot; 2017 128GB HDD, 8GB RAM - Apple bazar","isPartOf":{"@id":"https:\/\/www.letemsvetemapplem.eu\/bazar\/#website"},"primaryImageOfPage":{"@id":"https:\/\/www.letemsvetemapplem.eu\/bazar\/macbook-air-13-2017-128gb-hdd-8gb-ram\/#primaryimage"},"image":{"@id":"https:\/\/www.letemsvetemapplem.eu\/bazar\/macbook-air-13-2017-128gb-hdd-8gb-ram\/#primaryimage"},"thumbnailUrl":"https:\/\/www.letemsvetemapplem.eu\/bazar\/wp-content\/uploads\/2019\/11\/IMG_6794-scaled.jpg","datePublished":"2019-11-21T16:58:51+00:00","dateModified":"2019-11-27T13:19:15+00:00","author":{"@id":""},"breadcrumb":{"@id":"https:\/\/www.letemsvetemapplem.eu\/bazar\/macbook-air-13-2017-128gb-hdd-8gb-ram\/#breadcrumb"},"inLanguage":"cs","potentialAction":[{"@type":"ReadAction","target":["https:\/\/www.letemsvetemapplem.eu\/bazar\/macbook-air-13-2017-128gb-hdd-8gb-ram\/"]}]},{"@type":"ImageObject","inLanguage":"cs","@id":"https:\/\/www.letemsvetemapplem.eu\/bazar\/macbook-air-13-2017-128gb-hdd-8gb-ram\/#primaryimage","url":"https:\/\/www.letemsvetemapplem.eu\/bazar\/wp-content\/uploads\/2019\/11\/IMG_6794-scaled.jpg","contentUrl":"https:\/\/www.letemsvetemapplem.eu\/bazar\/wp-content\/uploads\/2019\/11\/IMG_6794-scaled.jpg","width":2560,"height":1920},{"@type":"BreadcrumbList","@id":"https:\/\/www.letemsvetemapplem.eu\/bazar\/macbook-air-13-2017-128gb-hdd-8gb-ram\/#breadcrumb","itemListElement":[{"@type":"ListItem","position":1,"name":"Apple Bazar","item":"https:\/\/www.letemsvetemapplem.eu\/bazar\/"},{"@type":"ListItem","position":2,"name":"MacBook Air 13&quot; 2017 128GB HDD, 8GB RAM"}]},{"@type":"WebSite","@id":"https:\/\/www.letemsvetemapplem.eu\/bazar\/#website","url":"https:\/\/www.letemsvetemapplem.eu\/bazar\/","name":"Apple bazar","description":"Oou\u017eit\u00e9 Apple produkty za skv\u011bl\u00e9 ceny","potentialAction":[{"@type":"SearchAction","target":{"@type":"EntryPoint","urlTemplate":"https:\/\/www.letemsvetemapplem.eu\/bazar\/?s={search_term_string}"},"query-input":{"@type":"PropertyValueSpecification","valueRequired":true,"valueName":"search_term_string"}}],"inLanguage":"cs"}]}},"_links":{"self":[{"href":"https:\/\/www.letemsvetemapplem.eu\/bazar\/wp-json\/wp\/v2\/posts\/173921","targetHints":{"allow":["GET"]}}],"collection":[{"href":"https:\/\/www.letemsvetemapplem.eu\/bazar\/wp-json\/wp\/v2\/posts"}],"about":[{"href":"https:\/\/www.letemsvetemapplem.eu\/bazar\/wp-json\/wp\/v2\/types\/post"}],"replies":[{"embeddable":true,"href":"https:\/\/www.letemsvetemapplem.eu\/bazar\/wp-json\/wp\/v2\/comments?post=173921"}],"version-history":[{"count":0,"href":"https:\/\/www.letemsvetemapplem.eu\/bazar\/wp-json\/wp\/v2\/posts\/173921\/revisions"}],"wp:featuredmedia":[{"embeddable":true,"href":"https:\/\/www.letemsvetemapplem.eu\/bazar\/wp-json\/wp\/v2\/media\/173922"}],"wp:attachment":[{"href":"https:\/\/www.letemsvetemapplem.eu\/bazar\/wp-json\/wp\/v2\/media?parent=173921"}],"wp:term":[{"taxonomy":"category","embeddable":true,"href":"https:\/\/www.letemsvetemapplem.eu\/bazar\/wp-json\/wp\/v2\/categories?post=173921"},{"taxonomy":"post_tag","embeddable":true,"href":"https:\/\/www.letemsvetemapplem.eu\/bazar\/wp-json\/wp\/v2\/tags?post=173921"}],"curies":[{"name":"wp","href":"https:\/\/api.w.org\/{rel}","templated":true}]}}