{"id":170142,"date":"2019-10-30T02:04:34","date_gmt":"2019-10-30T01:04:34","guid":{"rendered":"https:\/\/www.letemsvetemapplem.eu\/bazar\/?p=170142"},"modified":"2019-11-06T14:49:47","modified_gmt":"2019-11-06T13:49:47","slug":"airpods-2019-5","status":"publish","type":"post","link":"https:\/\/www.letemsvetemapplem.eu\/bazar\/airpods-2019-5\/","title":{"rendered":"Airpods 2019"},"content":{"rendered":"<p>Sh\u00e1nim n\u011bjak\u00e9 airpods<br \/>\nZkuste napsat a dohodneme se \ud83d\udda4<\/p>\n","protected":false},"excerpt":{"rendered":"<p>Sh\u00e1nim n\u011bjak\u00e9 airpods Zkuste napsat a dohodneme se \ud83d\udda4<\/p>\n","protected":false},"author":0,"featured_media":170143,"comment_status":"closed","ping_status":"closed","sticky":false,"template":"","format":"standard","meta":{"footnotes":""},"categories":[103],"tags":[],"class_list":["post-170142","post","type-post","status-publish","format-standard","has-post-thumbnail","hentry","category-airpods"],"yoast_head":"<!-- This site is optimized with the Yoast SEO plugin v27.2 - https:\/\/yoast.com\/product\/yoast-seo-wordpress\/ -->\n<title>Airpods 2019 - Apple bazar<\/title>\n<meta name=\"robots\" content=\"index, follow, max-snippet:-1, max-image-preview:large, max-video-preview:-1\" \/>\n<link rel=\"canonical\" href=\"https:\/\/www.letemsvetemapplem.eu\/bazar\/airpods-2019-5\/\" \/>\n<meta property=\"og:locale\" content=\"cs_CZ\" \/>\n<meta property=\"og:type\" content=\"article\" \/>\n<meta property=\"og:title\" content=\"Airpods 2019 - Apple bazar\" \/>\n<meta property=\"og:description\" content=\"Sh\u00e1nim n\u011bjak\u00e9 airpods Zkuste napsat a dohodneme se \ud83d\udda4\" \/>\n<meta property=\"og:url\" content=\"https:\/\/www.letemsvetemapplem.eu\/bazar\/airpods-2019-5\/\" \/>\n<meta property=\"og:site_name\" content=\"Apple bazar\" \/>\n<meta property=\"article:published_time\" content=\"2019-10-30T01:04:34+00:00\" \/>\n<meta property=\"article:modified_time\" content=\"2019-11-06T13:49:47+00:00\" \/>\n<meta property=\"og:image\" content=\"https:\/\/www.letemsvetemapplem.eu\/bazar\/wp-content\/uploads\/2019\/10\/5F66DE9D-5149-4ED7-A274-EC68521CF0A3.jpeg\" \/>\n\t<meta property=\"og:image:width\" content=\"1144\" \/>\n\t<meta property=\"og:image:height\" content=\"1144\" \/>\n\t<meta property=\"og:image:type\" content=\"image\/jpeg\" \/>\n<meta name=\"twitter:card\" content=\"summary_large_image\" \/>\n<script type=\"application\/ld+json\" class=\"yoast-schema-graph\">{\"@context\":\"https:\/\/schema.org\",\"@graph\":[{\"@type\":\"Article\",\"@id\":\"https:\/\/www.letemsvetemapplem.eu\/bazar\/airpods-2019-5\/#article\",\"isPartOf\":{\"@id\":\"https:\/\/www.letemsvetemapplem.eu\/bazar\/airpods-2019-5\/\"},\"author\":{\"name\":\"\",\"@id\":\"\"},\"headline\":\"Airpods 2019\",\"datePublished\":\"2019-10-30T01:04:34+00:00\",\"dateModified\":\"2019-11-06T13:49:47+00:00\",\"mainEntityOfPage\":{\"@id\":\"https:\/\/www.letemsvetemapplem.eu\/bazar\/airpods-2019-5\/\"},\"wordCount\":11,\"image\":{\"@id\":\"https:\/\/www.letemsvetemapplem.eu\/bazar\/airpods-2019-5\/#primaryimage\"},\"thumbnailUrl\":\"https:\/\/www.letemsvetemapplem.eu\/bazar\/wp-content\/uploads\/2019\/10\/5F66DE9D-5149-4ED7-A274-EC68521CF0A3.jpeg\",\"articleSection\":[\"AirPods\"],\"inLanguage\":\"cs\"},{\"@type\":\"WebPage\",\"@id\":\"https:\/\/www.letemsvetemapplem.eu\/bazar\/airpods-2019-5\/\",\"url\":\"https:\/\/www.letemsvetemapplem.eu\/bazar\/airpods-2019-5\/\",\"name\":\"Airpods 2019 - Apple bazar\",\"isPartOf\":{\"@id\":\"https:\/\/www.letemsvetemapplem.eu\/bazar\/#website\"},\"primaryImageOfPage\":{\"@id\":\"https:\/\/www.letemsvetemapplem.eu\/bazar\/airpods-2019-5\/#primaryimage\"},\"image\":{\"@id\":\"https:\/\/www.letemsvetemapplem.eu\/bazar\/airpods-2019-5\/#primaryimage\"},\"thumbnailUrl\":\"https:\/\/www.letemsvetemapplem.eu\/bazar\/wp-content\/uploads\/2019\/10\/5F66DE9D-5149-4ED7-A274-EC68521CF0A3.jpeg\",\"datePublished\":\"2019-10-30T01:04:34+00:00\",\"dateModified\":\"2019-11-06T13:49:47+00:00\",\"author\":{\"@id\":\"\"},\"breadcrumb\":{\"@id\":\"https:\/\/www.letemsvetemapplem.eu\/bazar\/airpods-2019-5\/#breadcrumb\"},\"inLanguage\":\"cs\",\"potentialAction\":[{\"@type\":\"ReadAction\",\"target\":[\"https:\/\/www.letemsvetemapplem.eu\/bazar\/airpods-2019-5\/\"]}]},{\"@type\":\"ImageObject\",\"inLanguage\":\"cs\",\"@id\":\"https:\/\/www.letemsvetemapplem.eu\/bazar\/airpods-2019-5\/#primaryimage\",\"url\":\"https:\/\/www.letemsvetemapplem.eu\/bazar\/wp-content\/uploads\/2019\/10\/5F66DE9D-5149-4ED7-A274-EC68521CF0A3.jpeg\",\"contentUrl\":\"https:\/\/www.letemsvetemapplem.eu\/bazar\/wp-content\/uploads\/2019\/10\/5F66DE9D-5149-4ED7-A274-EC68521CF0A3.jpeg\",\"width\":1144,\"height\":1144},{\"@type\":\"BreadcrumbList\",\"@id\":\"https:\/\/www.letemsvetemapplem.eu\/bazar\/airpods-2019-5\/#breadcrumb\",\"itemListElement\":[{\"@type\":\"ListItem\",\"position\":1,\"name\":\"Apple Bazar\",\"item\":\"https:\/\/www.letemsvetemapplem.eu\/bazar\/\"},{\"@type\":\"ListItem\",\"position\":2,\"name\":\"Airpods 2019\"}]},{\"@type\":\"WebSite\",\"@id\":\"https:\/\/www.letemsvetemapplem.eu\/bazar\/#website\",\"url\":\"https:\/\/www.letemsvetemapplem.eu\/bazar\/\",\"name\":\"Apple bazar\",\"description\":\"Oou\u017eit\u00e9 Apple produkty za skv\u011bl\u00e9 ceny\",\"potentialAction\":[{\"@type\":\"SearchAction\",\"target\":{\"@type\":\"EntryPoint\",\"urlTemplate\":\"https:\/\/www.letemsvetemapplem.eu\/bazar\/?s={search_term_string}\"},\"query-input\":{\"@type\":\"PropertyValueSpecification\",\"valueRequired\":true,\"valueName\":\"search_term_string\"}}],\"inLanguage\":\"cs\"}]}<\/script>\n<!-- \/ Yoast SEO plugin. -->","yoast_head_json":{"title":"Airpods 2019 - Apple bazar","robots":{"index":"index","follow":"follow","max-snippet":"max-snippet:-1","max-image-preview":"max-image-preview:large","max-video-preview":"max-video-preview:-1"},"canonical":"https:\/\/www.letemsvetemapplem.eu\/bazar\/airpods-2019-5\/","og_locale":"cs_CZ","og_type":"article","og_title":"Airpods 2019 - Apple bazar","og_description":"Sh\u00e1nim n\u011bjak\u00e9 airpods Zkuste napsat a dohodneme se \ud83d\udda4","og_url":"https:\/\/www.letemsvetemapplem.eu\/bazar\/airpods-2019-5\/","og_site_name":"Apple bazar","article_published_time":"2019-10-30T01:04:34+00:00","article_modified_time":"2019-11-06T13:49:47+00:00","og_image":[{"width":1144,"height":1144,"url":"https:\/\/www.letemsvetemapplem.eu\/bazar\/wp-content\/uploads\/2019\/10\/5F66DE9D-5149-4ED7-A274-EC68521CF0A3.jpeg","type":"image\/jpeg"}],"twitter_card":"summary_large_image","schema":{"@context":"https:\/\/schema.org","@graph":[{"@type":"Article","@id":"https:\/\/www.letemsvetemapplem.eu\/bazar\/airpods-2019-5\/#article","isPartOf":{"@id":"https:\/\/www.letemsvetemapplem.eu\/bazar\/airpods-2019-5\/"},"author":{"name":"","@id":""},"headline":"Airpods 2019","datePublished":"2019-10-30T01:04:34+00:00","dateModified":"2019-11-06T13:49:47+00:00","mainEntityOfPage":{"@id":"https:\/\/www.letemsvetemapplem.eu\/bazar\/airpods-2019-5\/"},"wordCount":11,"image":{"@id":"https:\/\/www.letemsvetemapplem.eu\/bazar\/airpods-2019-5\/#primaryimage"},"thumbnailUrl":"https:\/\/www.letemsvetemapplem.eu\/bazar\/wp-content\/uploads\/2019\/10\/5F66DE9D-5149-4ED7-A274-EC68521CF0A3.jpeg","articleSection":["AirPods"],"inLanguage":"cs"},{"@type":"WebPage","@id":"https:\/\/www.letemsvetemapplem.eu\/bazar\/airpods-2019-5\/","url":"https:\/\/www.letemsvetemapplem.eu\/bazar\/airpods-2019-5\/","name":"Airpods 2019 - Apple bazar","isPartOf":{"@id":"https:\/\/www.letemsvetemapplem.eu\/bazar\/#website"},"primaryImageOfPage":{"@id":"https:\/\/www.letemsvetemapplem.eu\/bazar\/airpods-2019-5\/#primaryimage"},"image":{"@id":"https:\/\/www.letemsvetemapplem.eu\/bazar\/airpods-2019-5\/#primaryimage"},"thumbnailUrl":"https:\/\/www.letemsvetemapplem.eu\/bazar\/wp-content\/uploads\/2019\/10\/5F66DE9D-5149-4ED7-A274-EC68521CF0A3.jpeg","datePublished":"2019-10-30T01:04:34+00:00","dateModified":"2019-11-06T13:49:47+00:00","author":{"@id":""},"breadcrumb":{"@id":"https:\/\/www.letemsvetemapplem.eu\/bazar\/airpods-2019-5\/#breadcrumb"},"inLanguage":"cs","potentialAction":[{"@type":"ReadAction","target":["https:\/\/www.letemsvetemapplem.eu\/bazar\/airpods-2019-5\/"]}]},{"@type":"ImageObject","inLanguage":"cs","@id":"https:\/\/www.letemsvetemapplem.eu\/bazar\/airpods-2019-5\/#primaryimage","url":"https:\/\/www.letemsvetemapplem.eu\/bazar\/wp-content\/uploads\/2019\/10\/5F66DE9D-5149-4ED7-A274-EC68521CF0A3.jpeg","contentUrl":"https:\/\/www.letemsvetemapplem.eu\/bazar\/wp-content\/uploads\/2019\/10\/5F66DE9D-5149-4ED7-A274-EC68521CF0A3.jpeg","width":1144,"height":1144},{"@type":"BreadcrumbList","@id":"https:\/\/www.letemsvetemapplem.eu\/bazar\/airpods-2019-5\/#breadcrumb","itemListElement":[{"@type":"ListItem","position":1,"name":"Apple Bazar","item":"https:\/\/www.letemsvetemapplem.eu\/bazar\/"},{"@type":"ListItem","position":2,"name":"Airpods 2019"}]},{"@type":"WebSite","@id":"https:\/\/www.letemsvetemapplem.eu\/bazar\/#website","url":"https:\/\/www.letemsvetemapplem.eu\/bazar\/","name":"Apple bazar","description":"Oou\u017eit\u00e9 Apple produkty za skv\u011bl\u00e9 ceny","potentialAction":[{"@type":"SearchAction","target":{"@type":"EntryPoint","urlTemplate":"https:\/\/www.letemsvetemapplem.eu\/bazar\/?s={search_term_string}"},"query-input":{"@type":"PropertyValueSpecification","valueRequired":true,"valueName":"search_term_string"}}],"inLanguage":"cs"}]}},"_links":{"self":[{"href":"https:\/\/www.letemsvetemapplem.eu\/bazar\/wp-json\/wp\/v2\/posts\/170142","targetHints":{"allow":["GET"]}}],"collection":[{"href":"https:\/\/www.letemsvetemapplem.eu\/bazar\/wp-json\/wp\/v2\/posts"}],"about":[{"href":"https:\/\/www.letemsvetemapplem.eu\/bazar\/wp-json\/wp\/v2\/types\/post"}],"replies":[{"embeddable":true,"href":"https:\/\/www.letemsvetemapplem.eu\/bazar\/wp-json\/wp\/v2\/comments?post=170142"}],"version-history":[{"count":0,"href":"https:\/\/www.letemsvetemapplem.eu\/bazar\/wp-json\/wp\/v2\/posts\/170142\/revisions"}],"wp:featuredmedia":[{"embeddable":true,"href":"https:\/\/www.letemsvetemapplem.eu\/bazar\/wp-json\/wp\/v2\/media\/170143"}],"wp:attachment":[{"href":"https:\/\/www.letemsvetemapplem.eu\/bazar\/wp-json\/wp\/v2\/media?parent=170142"}],"wp:term":[{"taxonomy":"category","embeddable":true,"href":"https:\/\/www.letemsvetemapplem.eu\/bazar\/wp-json\/wp\/v2\/categories?post=170142"},{"taxonomy":"post_tag","embeddable":true,"href":"https:\/\/www.letemsvetemapplem.eu\/bazar\/wp-json\/wp\/v2\/tags?post=170142"}],"curies":[{"name":"wp","href":"https:\/\/api.w.org\/{rel}","templated":true}]}}