{"id":168340,"date":"2019-10-15T07:33:58","date_gmt":"2019-10-15T06:33:58","guid":{"rendered":"https:\/\/www.letemsvetemapplem.eu\/bazar\/?p=168340"},"modified":"2019-10-15T07:33:58","modified_gmt":"2019-10-15T06:33:58","slug":"imac-27-16gb-ram-ssd500-2013-zaruka","status":"publish","type":"post","link":"https:\/\/www.letemsvetemapplem.eu\/bazar\/imac-27-16gb-ram-ssd500-2013-zaruka\/","title":{"rendered":"iMac 27, 16GB RAM, SSD500, 2013, z\u00e1ruka"},"content":{"rendered":"<p>Nab\u00edz\u00edm repasovan\u00fd iMac 27 palc\u016f s nov\u00fdm SSD diskem o kapacit\u011b 500 GB, procesor 3,2 GHz Intel Core i5, 16 GB DDR RAM, NVIDIA GeForce GT 755M 1GB, modelov\u00fd rok 2013. iMac m\u00e1 zcela nov\u00fd displej bez jedin\u00e9ho \u0161kr\u00e1bance. Byl zakoupen v obchod\u011b MacParts na Praze 4 a je v z\u00e1ruce do 06\/2020 (z\u00e1ru\u010dn\u00ed list p\u0159ed\u00e1m). P\u00e1ny z MacParts mohu jen doporu\u010dit! Sou\u010d\u00e1st\u00ed je i p\u0159epravn\u00ed origin\u00e1ln\u00ed krabice a kryc\u00ed f\u00f3lie. iMac m\u00e1 na \u0161asi p\u00e1r drobn\u00fdch od\u011brk\u016f (viz foto), ale nic z\u00e1sadn\u00edho. iMac jsem si po\u0159\u00eddil jako stroj do kancel\u00e1\u0159e, ale proto\u017ee jsem st\u00e1le na stavb\u00e1ch, tak ho bohu\u017eel nevyu\u017eiji. Sou\u010d\u00e1st\u00ed iMacu nen\u00ed kl\u00e1vesnice ani my\u0161. Mo\u017en\u00fd je pouze osobn\u00ed odb\u011br v Praze po dohod\u011b.<\/p>\n","protected":false},"excerpt":{"rendered":"<p>Nab\u00edz\u00edm repasovan\u00fd iMac 27 palc\u016f s nov\u00fdm SSD diskem o kapacit\u011b 500 GB, procesor 3,2 GHz Intel Core i5, 16 GB DDR RAM, NVIDIA GeForce GT 755M 1GB, modelov\u00fd rok 2013. iMac m\u00e1 zcela nov\u00fd displej bez jedin\u00e9ho \u0161kr\u00e1bance. Byl zakoupen v obchod\u011b MacParts na Praze 4 a je v z\u00e1ruce do 06\/2020 (z\u00e1ru\u010dn\u00ed list&#8230;<\/p>\n","protected":false},"author":0,"featured_media":168341,"comment_status":"closed","ping_status":"closed","sticky":false,"template":"","format":"standard","meta":{"footnotes":""},"categories":[41],"tags":[],"class_list":["post-168340","post","type-post","status-publish","format-standard","has-post-thumbnail","hentry","category-imac"],"yoast_head":"<!-- This site is optimized with the Yoast SEO plugin v27.2 - https:\/\/yoast.com\/product\/yoast-seo-wordpress\/ -->\n<title>iMac 27, 16GB RAM, SSD500, 2013, z\u00e1ruka - Apple bazar<\/title>\n<meta name=\"robots\" content=\"index, follow, max-snippet:-1, max-image-preview:large, max-video-preview:-1\" \/>\n<link rel=\"canonical\" href=\"https:\/\/www.letemsvetemapplem.eu\/bazar\/imac-27-16gb-ram-ssd500-2013-zaruka\/\" \/>\n<meta property=\"og:locale\" content=\"cs_CZ\" \/>\n<meta property=\"og:type\" content=\"article\" \/>\n<meta property=\"og:title\" content=\"iMac 27, 16GB RAM, SSD500, 2013, z\u00e1ruka - Apple bazar\" \/>\n<meta property=\"og:description\" content=\"Nab\u00edz\u00edm repasovan\u00fd iMac 27 palc\u016f s nov\u00fdm SSD diskem o kapacit\u011b 500 GB, procesor 3,2 GHz Intel Core i5, 16 GB DDR RAM, NVIDIA GeForce GT 755M 1GB, modelov\u00fd rok 2013. iMac m\u00e1 zcela nov\u00fd displej bez jedin\u00e9ho \u0161kr\u00e1bance. Byl zakoupen v obchod\u011b MacParts na Praze 4 a je v z\u00e1ruce do 06\/2020 (z\u00e1ru\u010dn\u00ed list...\" \/>\n<meta property=\"og:url\" content=\"https:\/\/www.letemsvetemapplem.eu\/bazar\/imac-27-16gb-ram-ssd500-2013-zaruka\/\" \/>\n<meta property=\"og:site_name\" content=\"Apple bazar\" \/>\n<meta property=\"article:published_time\" content=\"2019-10-15T06:33:58+00:00\" \/>\n<meta property=\"og:image\" content=\"https:\/\/www.letemsvetemapplem.eu\/bazar\/wp-content\/uploads\/2019\/10\/9746098F-C34B-4D64-9E95-33388122A90F.jpeg\" \/>\n\t<meta property=\"og:image:width\" content=\"3264\" \/>\n\t<meta property=\"og:image:height\" content=\"2448\" \/>\n\t<meta property=\"og:image:type\" content=\"image\/jpeg\" \/>\n<meta name=\"twitter:card\" content=\"summary_large_image\" \/>\n<script type=\"application\/ld+json\" class=\"yoast-schema-graph\">{\"@context\":\"https:\/\/schema.org\",\"@graph\":[{\"@type\":\"Article\",\"@id\":\"https:\/\/www.letemsvetemapplem.eu\/bazar\/imac-27-16gb-ram-ssd500-2013-zaruka\/#article\",\"isPartOf\":{\"@id\":\"https:\/\/www.letemsvetemapplem.eu\/bazar\/imac-27-16gb-ram-ssd500-2013-zaruka\/\"},\"author\":{\"name\":\"\",\"@id\":\"\"},\"headline\":\"iMac 27, 16GB RAM, SSD500, 2013, z\u00e1ruka\",\"datePublished\":\"2019-10-15T06:33:58+00:00\",\"mainEntityOfPage\":{\"@id\":\"https:\/\/www.letemsvetemapplem.eu\/bazar\/imac-27-16gb-ram-ssd500-2013-zaruka\/\"},\"wordCount\":147,\"image\":{\"@id\":\"https:\/\/www.letemsvetemapplem.eu\/bazar\/imac-27-16gb-ram-ssd500-2013-zaruka\/#primaryimage\"},\"thumbnailUrl\":\"https:\/\/www.letemsvetemapplem.eu\/bazar\/wp-content\/uploads\/2019\/10\/9746098F-C34B-4D64-9E95-33388122A90F.jpeg\",\"articleSection\":[\"iMac\"],\"inLanguage\":\"cs\"},{\"@type\":\"WebPage\",\"@id\":\"https:\/\/www.letemsvetemapplem.eu\/bazar\/imac-27-16gb-ram-ssd500-2013-zaruka\/\",\"url\":\"https:\/\/www.letemsvetemapplem.eu\/bazar\/imac-27-16gb-ram-ssd500-2013-zaruka\/\",\"name\":\"iMac 27, 16GB RAM, SSD500, 2013, z\u00e1ruka - Apple bazar\",\"isPartOf\":{\"@id\":\"https:\/\/www.letemsvetemapplem.eu\/bazar\/#website\"},\"primaryImageOfPage\":{\"@id\":\"https:\/\/www.letemsvetemapplem.eu\/bazar\/imac-27-16gb-ram-ssd500-2013-zaruka\/#primaryimage\"},\"image\":{\"@id\":\"https:\/\/www.letemsvetemapplem.eu\/bazar\/imac-27-16gb-ram-ssd500-2013-zaruka\/#primaryimage\"},\"thumbnailUrl\":\"https:\/\/www.letemsvetemapplem.eu\/bazar\/wp-content\/uploads\/2019\/10\/9746098F-C34B-4D64-9E95-33388122A90F.jpeg\",\"datePublished\":\"2019-10-15T06:33:58+00:00\",\"author\":{\"@id\":\"\"},\"breadcrumb\":{\"@id\":\"https:\/\/www.letemsvetemapplem.eu\/bazar\/imac-27-16gb-ram-ssd500-2013-zaruka\/#breadcrumb\"},\"inLanguage\":\"cs\",\"potentialAction\":[{\"@type\":\"ReadAction\",\"target\":[\"https:\/\/www.letemsvetemapplem.eu\/bazar\/imac-27-16gb-ram-ssd500-2013-zaruka\/\"]}]},{\"@type\":\"ImageObject\",\"inLanguage\":\"cs\",\"@id\":\"https:\/\/www.letemsvetemapplem.eu\/bazar\/imac-27-16gb-ram-ssd500-2013-zaruka\/#primaryimage\",\"url\":\"https:\/\/www.letemsvetemapplem.eu\/bazar\/wp-content\/uploads\/2019\/10\/9746098F-C34B-4D64-9E95-33388122A90F.jpeg\",\"contentUrl\":\"https:\/\/www.letemsvetemapplem.eu\/bazar\/wp-content\/uploads\/2019\/10\/9746098F-C34B-4D64-9E95-33388122A90F.jpeg\",\"width\":3264,\"height\":2448},{\"@type\":\"BreadcrumbList\",\"@id\":\"https:\/\/www.letemsvetemapplem.eu\/bazar\/imac-27-16gb-ram-ssd500-2013-zaruka\/#breadcrumb\",\"itemListElement\":[{\"@type\":\"ListItem\",\"position\":1,\"name\":\"Apple Bazar\",\"item\":\"https:\/\/www.letemsvetemapplem.eu\/bazar\/\"},{\"@type\":\"ListItem\",\"position\":2,\"name\":\"iMac 27, 16GB RAM, SSD500, 2013, z\u00e1ruka\"}]},{\"@type\":\"WebSite\",\"@id\":\"https:\/\/www.letemsvetemapplem.eu\/bazar\/#website\",\"url\":\"https:\/\/www.letemsvetemapplem.eu\/bazar\/\",\"name\":\"Apple bazar\",\"description\":\"Oou\u017eit\u00e9 Apple produkty za skv\u011bl\u00e9 ceny\",\"potentialAction\":[{\"@type\":\"SearchAction\",\"target\":{\"@type\":\"EntryPoint\",\"urlTemplate\":\"https:\/\/www.letemsvetemapplem.eu\/bazar\/?s={search_term_string}\"},\"query-input\":{\"@type\":\"PropertyValueSpecification\",\"valueRequired\":true,\"valueName\":\"search_term_string\"}}],\"inLanguage\":\"cs\"}]}<\/script>\n<!-- \/ Yoast SEO plugin. -->","yoast_head_json":{"title":"iMac 27, 16GB RAM, SSD500, 2013, z\u00e1ruka - Apple bazar","robots":{"index":"index","follow":"follow","max-snippet":"max-snippet:-1","max-image-preview":"max-image-preview:large","max-video-preview":"max-video-preview:-1"},"canonical":"https:\/\/www.letemsvetemapplem.eu\/bazar\/imac-27-16gb-ram-ssd500-2013-zaruka\/","og_locale":"cs_CZ","og_type":"article","og_title":"iMac 27, 16GB RAM, SSD500, 2013, z\u00e1ruka - Apple bazar","og_description":"Nab\u00edz\u00edm repasovan\u00fd iMac 27 palc\u016f s nov\u00fdm SSD diskem o kapacit\u011b 500 GB, procesor 3,2 GHz Intel Core i5, 16 GB DDR RAM, NVIDIA GeForce GT 755M 1GB, modelov\u00fd rok 2013. iMac m\u00e1 zcela nov\u00fd displej bez jedin\u00e9ho \u0161kr\u00e1bance. Byl zakoupen v obchod\u011b MacParts na Praze 4 a je v z\u00e1ruce do 06\/2020 (z\u00e1ru\u010dn\u00ed list...","og_url":"https:\/\/www.letemsvetemapplem.eu\/bazar\/imac-27-16gb-ram-ssd500-2013-zaruka\/","og_site_name":"Apple bazar","article_published_time":"2019-10-15T06:33:58+00:00","og_image":[{"width":3264,"height":2448,"url":"https:\/\/www.letemsvetemapplem.eu\/bazar\/wp-content\/uploads\/2019\/10\/9746098F-C34B-4D64-9E95-33388122A90F.jpeg","type":"image\/jpeg"}],"twitter_card":"summary_large_image","schema":{"@context":"https:\/\/schema.org","@graph":[{"@type":"Article","@id":"https:\/\/www.letemsvetemapplem.eu\/bazar\/imac-27-16gb-ram-ssd500-2013-zaruka\/#article","isPartOf":{"@id":"https:\/\/www.letemsvetemapplem.eu\/bazar\/imac-27-16gb-ram-ssd500-2013-zaruka\/"},"author":{"name":"","@id":""},"headline":"iMac 27, 16GB RAM, SSD500, 2013, z\u00e1ruka","datePublished":"2019-10-15T06:33:58+00:00","mainEntityOfPage":{"@id":"https:\/\/www.letemsvetemapplem.eu\/bazar\/imac-27-16gb-ram-ssd500-2013-zaruka\/"},"wordCount":147,"image":{"@id":"https:\/\/www.letemsvetemapplem.eu\/bazar\/imac-27-16gb-ram-ssd500-2013-zaruka\/#primaryimage"},"thumbnailUrl":"https:\/\/www.letemsvetemapplem.eu\/bazar\/wp-content\/uploads\/2019\/10\/9746098F-C34B-4D64-9E95-33388122A90F.jpeg","articleSection":["iMac"],"inLanguage":"cs"},{"@type":"WebPage","@id":"https:\/\/www.letemsvetemapplem.eu\/bazar\/imac-27-16gb-ram-ssd500-2013-zaruka\/","url":"https:\/\/www.letemsvetemapplem.eu\/bazar\/imac-27-16gb-ram-ssd500-2013-zaruka\/","name":"iMac 27, 16GB RAM, SSD500, 2013, z\u00e1ruka - Apple bazar","isPartOf":{"@id":"https:\/\/www.letemsvetemapplem.eu\/bazar\/#website"},"primaryImageOfPage":{"@id":"https:\/\/www.letemsvetemapplem.eu\/bazar\/imac-27-16gb-ram-ssd500-2013-zaruka\/#primaryimage"},"image":{"@id":"https:\/\/www.letemsvetemapplem.eu\/bazar\/imac-27-16gb-ram-ssd500-2013-zaruka\/#primaryimage"},"thumbnailUrl":"https:\/\/www.letemsvetemapplem.eu\/bazar\/wp-content\/uploads\/2019\/10\/9746098F-C34B-4D64-9E95-33388122A90F.jpeg","datePublished":"2019-10-15T06:33:58+00:00","author":{"@id":""},"breadcrumb":{"@id":"https:\/\/www.letemsvetemapplem.eu\/bazar\/imac-27-16gb-ram-ssd500-2013-zaruka\/#breadcrumb"},"inLanguage":"cs","potentialAction":[{"@type":"ReadAction","target":["https:\/\/www.letemsvetemapplem.eu\/bazar\/imac-27-16gb-ram-ssd500-2013-zaruka\/"]}]},{"@type":"ImageObject","inLanguage":"cs","@id":"https:\/\/www.letemsvetemapplem.eu\/bazar\/imac-27-16gb-ram-ssd500-2013-zaruka\/#primaryimage","url":"https:\/\/www.letemsvetemapplem.eu\/bazar\/wp-content\/uploads\/2019\/10\/9746098F-C34B-4D64-9E95-33388122A90F.jpeg","contentUrl":"https:\/\/www.letemsvetemapplem.eu\/bazar\/wp-content\/uploads\/2019\/10\/9746098F-C34B-4D64-9E95-33388122A90F.jpeg","width":3264,"height":2448},{"@type":"BreadcrumbList","@id":"https:\/\/www.letemsvetemapplem.eu\/bazar\/imac-27-16gb-ram-ssd500-2013-zaruka\/#breadcrumb","itemListElement":[{"@type":"ListItem","position":1,"name":"Apple Bazar","item":"https:\/\/www.letemsvetemapplem.eu\/bazar\/"},{"@type":"ListItem","position":2,"name":"iMac 27, 16GB RAM, SSD500, 2013, z\u00e1ruka"}]},{"@type":"WebSite","@id":"https:\/\/www.letemsvetemapplem.eu\/bazar\/#website","url":"https:\/\/www.letemsvetemapplem.eu\/bazar\/","name":"Apple bazar","description":"Oou\u017eit\u00e9 Apple produkty za skv\u011bl\u00e9 ceny","potentialAction":[{"@type":"SearchAction","target":{"@type":"EntryPoint","urlTemplate":"https:\/\/www.letemsvetemapplem.eu\/bazar\/?s={search_term_string}"},"query-input":{"@type":"PropertyValueSpecification","valueRequired":true,"valueName":"search_term_string"}}],"inLanguage":"cs"}]}},"_links":{"self":[{"href":"https:\/\/www.letemsvetemapplem.eu\/bazar\/wp-json\/wp\/v2\/posts\/168340","targetHints":{"allow":["GET"]}}],"collection":[{"href":"https:\/\/www.letemsvetemapplem.eu\/bazar\/wp-json\/wp\/v2\/posts"}],"about":[{"href":"https:\/\/www.letemsvetemapplem.eu\/bazar\/wp-json\/wp\/v2\/types\/post"}],"replies":[{"embeddable":true,"href":"https:\/\/www.letemsvetemapplem.eu\/bazar\/wp-json\/wp\/v2\/comments?post=168340"}],"version-history":[{"count":0,"href":"https:\/\/www.letemsvetemapplem.eu\/bazar\/wp-json\/wp\/v2\/posts\/168340\/revisions"}],"wp:featuredmedia":[{"embeddable":true,"href":"https:\/\/www.letemsvetemapplem.eu\/bazar\/wp-json\/wp\/v2\/media\/168341"}],"wp:attachment":[{"href":"https:\/\/www.letemsvetemapplem.eu\/bazar\/wp-json\/wp\/v2\/media?parent=168340"}],"wp:term":[{"taxonomy":"category","embeddable":true,"href":"https:\/\/www.letemsvetemapplem.eu\/bazar\/wp-json\/wp\/v2\/categories?post=168340"},{"taxonomy":"post_tag","embeddable":true,"href":"https:\/\/www.letemsvetemapplem.eu\/bazar\/wp-json\/wp\/v2\/tags?post=168340"}],"curies":[{"name":"wp","href":"https:\/\/api.w.org\/{rel}","templated":true}]}}