{"id":167874,"date":"2019-10-11T17:58:40","date_gmt":"2019-10-11T16:58:40","guid":{"rendered":"https:\/\/www.letemsvetemapplem.eu\/bazar\/?p=167874"},"modified":"2019-10-11T17:58:40","modified_gmt":"2019-10-11T16:58:40","slug":"imac-27-retina-5k-2014-i7-32gb-ram","status":"publish","type":"post","link":"https:\/\/www.letemsvetemapplem.eu\/bazar\/imac-27-retina-5k-2014-i7-32gb-ram\/","title":{"rendered":"iMac 27&#8220; Retina 5K, 2014, i7, 32GB RAM"},"content":{"rendered":"<p>Prod\u00e1m iMac 27&#8220; Retina 5K, 2014, i7, 32GB RAM, 500GB SSD<\/p>\n<p> se z\u00e1rukou a mo\u017enosti osobn\u00edho odb\u011bru v Praze, nebo po domluv\u011b odesl\u00e1n\u00ed na dob\u00edrku <\/p>\n<p>Procesor: Intel Core i7 4GHz<br \/>\nGrafick\u00e1 karta: IAMD Radeon R9 M295X 4096 MB<br \/>\nRok: 2014<br \/>\nRAM: 32GB<br \/>\nKapacita:SSD 500GB<br \/>\nP\u0159\u00edslu\u0161enstv\u00ed: dr\u017e\u00e1k, dr\u00e1tov\u00e1 numerick\u00e1 kl\u00e1vesnice, trackpad, kabel, krabice<br \/>\nZ\u00e1ruka: 12 m\u011bs\u00edc\u016f<\/p>\n","protected":false},"excerpt":{"rendered":"<p>Prod\u00e1m iMac 27&#8220; Retina 5K, 2014, i7, 32GB RAM, 500GB SSD se z\u00e1rukou a mo\u017enosti osobn\u00edho odb\u011bru v Praze, nebo po domluv\u011b odesl\u00e1n\u00ed na dob\u00edrku Procesor: Intel Core i7 4GHz Grafick\u00e1 karta: IAMD Radeon R9 M295X 4096 MB Rok: 2014 RAM: 32GB Kapacita:SSD 500GB P\u0159\u00edslu\u0161enstv\u00ed: dr\u017e\u00e1k, dr\u00e1tov\u00e1 numerick\u00e1 kl\u00e1vesnice, trackpad, kabel, krabice Z\u00e1ruka: 12 m\u011bs\u00edc\u016f<\/p>\n","protected":false},"author":0,"featured_media":167875,"comment_status":"closed","ping_status":"closed","sticky":false,"template":"","format":"standard","meta":{"footnotes":""},"categories":[41],"tags":[],"class_list":["post-167874","post","type-post","status-publish","format-standard","has-post-thumbnail","hentry","category-imac"],"yoast_head":"<!-- This site is optimized with the Yoast SEO plugin v27.2 - https:\/\/yoast.com\/product\/yoast-seo-wordpress\/ -->\n<title>iMac 27&#039;&#039; Retina 5K, 2014, i7, 32GB RAM - Apple bazar<\/title>\n<meta name=\"robots\" content=\"index, follow, max-snippet:-1, max-image-preview:large, max-video-preview:-1\" \/>\n<link rel=\"canonical\" href=\"https:\/\/www.letemsvetemapplem.eu\/bazar\/imac-27-retina-5k-2014-i7-32gb-ram\/\" \/>\n<meta property=\"og:locale\" content=\"cs_CZ\" \/>\n<meta property=\"og:type\" content=\"article\" \/>\n<meta property=\"og:title\" content=\"iMac 27&#039;&#039; Retina 5K, 2014, i7, 32GB RAM - Apple bazar\" \/>\n<meta property=\"og:description\" content=\"Prod\u00e1m iMac 27&#8220; Retina 5K, 2014, i7, 32GB RAM, 500GB SSD se z\u00e1rukou a mo\u017enosti osobn\u00edho odb\u011bru v Praze, nebo po domluv\u011b odesl\u00e1n\u00ed na dob\u00edrku Procesor: Intel Core i7 4GHz Grafick\u00e1 karta: IAMD Radeon R9 M295X 4096 MB Rok: 2014 RAM: 32GB Kapacita:SSD 500GB P\u0159\u00edslu\u0161enstv\u00ed: dr\u017e\u00e1k, dr\u00e1tov\u00e1 numerick\u00e1 kl\u00e1vesnice, trackpad, kabel, krabice Z\u00e1ruka: 12 m\u011bs\u00edc\u016f\" \/>\n<meta property=\"og:url\" content=\"https:\/\/www.letemsvetemapplem.eu\/bazar\/imac-27-retina-5k-2014-i7-32gb-ram\/\" \/>\n<meta property=\"og:site_name\" content=\"Apple bazar\" \/>\n<meta property=\"article:published_time\" content=\"2019-10-11T16:58:40+00:00\" \/>\n<meta property=\"og:image\" content=\"https:\/\/www.letemsvetemapplem.eu\/bazar\/wp-content\/uploads\/2019\/10\/1-54.jpg\" \/>\n\t<meta property=\"og:image:width\" content=\"3296\" \/>\n\t<meta property=\"og:image:height\" content=\"3206\" \/>\n\t<meta property=\"og:image:type\" content=\"image\/jpeg\" \/>\n<meta name=\"twitter:card\" content=\"summary_large_image\" \/>\n<script type=\"application\/ld+json\" class=\"yoast-schema-graph\">{\"@context\":\"https:\/\/schema.org\",\"@graph\":[{\"@type\":\"Article\",\"@id\":\"https:\/\/www.letemsvetemapplem.eu\/bazar\/imac-27-retina-5k-2014-i7-32gb-ram\/#article\",\"isPartOf\":{\"@id\":\"https:\/\/www.letemsvetemapplem.eu\/bazar\/imac-27-retina-5k-2014-i7-32gb-ram\/\"},\"author\":{\"name\":\"\",\"@id\":\"\"},\"headline\":\"iMac 27&#8220; Retina 5K, 2014, i7, 32GB RAM\",\"datePublished\":\"2019-10-11T16:58:40+00:00\",\"mainEntityOfPage\":{\"@id\":\"https:\/\/www.letemsvetemapplem.eu\/bazar\/imac-27-retina-5k-2014-i7-32gb-ram\/\"},\"wordCount\":73,\"image\":{\"@id\":\"https:\/\/www.letemsvetemapplem.eu\/bazar\/imac-27-retina-5k-2014-i7-32gb-ram\/#primaryimage\"},\"thumbnailUrl\":\"https:\/\/www.letemsvetemapplem.eu\/bazar\/wp-content\/uploads\/2019\/10\/1-54.jpg\",\"articleSection\":[\"iMac\"],\"inLanguage\":\"cs\"},{\"@type\":\"WebPage\",\"@id\":\"https:\/\/www.letemsvetemapplem.eu\/bazar\/imac-27-retina-5k-2014-i7-32gb-ram\/\",\"url\":\"https:\/\/www.letemsvetemapplem.eu\/bazar\/imac-27-retina-5k-2014-i7-32gb-ram\/\",\"name\":\"iMac 27'' Retina 5K, 2014, i7, 32GB RAM - Apple bazar\",\"isPartOf\":{\"@id\":\"https:\/\/www.letemsvetemapplem.eu\/bazar\/#website\"},\"primaryImageOfPage\":{\"@id\":\"https:\/\/www.letemsvetemapplem.eu\/bazar\/imac-27-retina-5k-2014-i7-32gb-ram\/#primaryimage\"},\"image\":{\"@id\":\"https:\/\/www.letemsvetemapplem.eu\/bazar\/imac-27-retina-5k-2014-i7-32gb-ram\/#primaryimage\"},\"thumbnailUrl\":\"https:\/\/www.letemsvetemapplem.eu\/bazar\/wp-content\/uploads\/2019\/10\/1-54.jpg\",\"datePublished\":\"2019-10-11T16:58:40+00:00\",\"author\":{\"@id\":\"\"},\"breadcrumb\":{\"@id\":\"https:\/\/www.letemsvetemapplem.eu\/bazar\/imac-27-retina-5k-2014-i7-32gb-ram\/#breadcrumb\"},\"inLanguage\":\"cs\",\"potentialAction\":[{\"@type\":\"ReadAction\",\"target\":[\"https:\/\/www.letemsvetemapplem.eu\/bazar\/imac-27-retina-5k-2014-i7-32gb-ram\/\"]}]},{\"@type\":\"ImageObject\",\"inLanguage\":\"cs\",\"@id\":\"https:\/\/www.letemsvetemapplem.eu\/bazar\/imac-27-retina-5k-2014-i7-32gb-ram\/#primaryimage\",\"url\":\"https:\/\/www.letemsvetemapplem.eu\/bazar\/wp-content\/uploads\/2019\/10\/1-54.jpg\",\"contentUrl\":\"https:\/\/www.letemsvetemapplem.eu\/bazar\/wp-content\/uploads\/2019\/10\/1-54.jpg\",\"width\":3296,\"height\":3206},{\"@type\":\"BreadcrumbList\",\"@id\":\"https:\/\/www.letemsvetemapplem.eu\/bazar\/imac-27-retina-5k-2014-i7-32gb-ram\/#breadcrumb\",\"itemListElement\":[{\"@type\":\"ListItem\",\"position\":1,\"name\":\"Apple Bazar\",\"item\":\"https:\/\/www.letemsvetemapplem.eu\/bazar\/\"},{\"@type\":\"ListItem\",\"position\":2,\"name\":\"iMac 27&#8220; Retina 5K, 2014, i7, 32GB RAM\"}]},{\"@type\":\"WebSite\",\"@id\":\"https:\/\/www.letemsvetemapplem.eu\/bazar\/#website\",\"url\":\"https:\/\/www.letemsvetemapplem.eu\/bazar\/\",\"name\":\"Apple bazar\",\"description\":\"Oou\u017eit\u00e9 Apple produkty za skv\u011bl\u00e9 ceny\",\"potentialAction\":[{\"@type\":\"SearchAction\",\"target\":{\"@type\":\"EntryPoint\",\"urlTemplate\":\"https:\/\/www.letemsvetemapplem.eu\/bazar\/?s={search_term_string}\"},\"query-input\":{\"@type\":\"PropertyValueSpecification\",\"valueRequired\":true,\"valueName\":\"search_term_string\"}}],\"inLanguage\":\"cs\"}]}<\/script>\n<!-- \/ Yoast SEO plugin. -->","yoast_head_json":{"title":"iMac 27'' Retina 5K, 2014, i7, 32GB RAM - Apple bazar","robots":{"index":"index","follow":"follow","max-snippet":"max-snippet:-1","max-image-preview":"max-image-preview:large","max-video-preview":"max-video-preview:-1"},"canonical":"https:\/\/www.letemsvetemapplem.eu\/bazar\/imac-27-retina-5k-2014-i7-32gb-ram\/","og_locale":"cs_CZ","og_type":"article","og_title":"iMac 27'' Retina 5K, 2014, i7, 32GB RAM - Apple bazar","og_description":"Prod\u00e1m iMac 27&#8220; Retina 5K, 2014, i7, 32GB RAM, 500GB SSD se z\u00e1rukou a mo\u017enosti osobn\u00edho odb\u011bru v Praze, nebo po domluv\u011b odesl\u00e1n\u00ed na dob\u00edrku Procesor: Intel Core i7 4GHz Grafick\u00e1 karta: IAMD Radeon R9 M295X 4096 MB Rok: 2014 RAM: 32GB Kapacita:SSD 500GB P\u0159\u00edslu\u0161enstv\u00ed: dr\u017e\u00e1k, dr\u00e1tov\u00e1 numerick\u00e1 kl\u00e1vesnice, trackpad, kabel, krabice Z\u00e1ruka: 12 m\u011bs\u00edc\u016f","og_url":"https:\/\/www.letemsvetemapplem.eu\/bazar\/imac-27-retina-5k-2014-i7-32gb-ram\/","og_site_name":"Apple bazar","article_published_time":"2019-10-11T16:58:40+00:00","og_image":[{"width":3296,"height":3206,"url":"https:\/\/www.letemsvetemapplem.eu\/bazar\/wp-content\/uploads\/2019\/10\/1-54.jpg","type":"image\/jpeg"}],"twitter_card":"summary_large_image","schema":{"@context":"https:\/\/schema.org","@graph":[{"@type":"Article","@id":"https:\/\/www.letemsvetemapplem.eu\/bazar\/imac-27-retina-5k-2014-i7-32gb-ram\/#article","isPartOf":{"@id":"https:\/\/www.letemsvetemapplem.eu\/bazar\/imac-27-retina-5k-2014-i7-32gb-ram\/"},"author":{"name":"","@id":""},"headline":"iMac 27&#8220; Retina 5K, 2014, i7, 32GB RAM","datePublished":"2019-10-11T16:58:40+00:00","mainEntityOfPage":{"@id":"https:\/\/www.letemsvetemapplem.eu\/bazar\/imac-27-retina-5k-2014-i7-32gb-ram\/"},"wordCount":73,"image":{"@id":"https:\/\/www.letemsvetemapplem.eu\/bazar\/imac-27-retina-5k-2014-i7-32gb-ram\/#primaryimage"},"thumbnailUrl":"https:\/\/www.letemsvetemapplem.eu\/bazar\/wp-content\/uploads\/2019\/10\/1-54.jpg","articleSection":["iMac"],"inLanguage":"cs"},{"@type":"WebPage","@id":"https:\/\/www.letemsvetemapplem.eu\/bazar\/imac-27-retina-5k-2014-i7-32gb-ram\/","url":"https:\/\/www.letemsvetemapplem.eu\/bazar\/imac-27-retina-5k-2014-i7-32gb-ram\/","name":"iMac 27'' Retina 5K, 2014, i7, 32GB RAM - Apple bazar","isPartOf":{"@id":"https:\/\/www.letemsvetemapplem.eu\/bazar\/#website"},"primaryImageOfPage":{"@id":"https:\/\/www.letemsvetemapplem.eu\/bazar\/imac-27-retina-5k-2014-i7-32gb-ram\/#primaryimage"},"image":{"@id":"https:\/\/www.letemsvetemapplem.eu\/bazar\/imac-27-retina-5k-2014-i7-32gb-ram\/#primaryimage"},"thumbnailUrl":"https:\/\/www.letemsvetemapplem.eu\/bazar\/wp-content\/uploads\/2019\/10\/1-54.jpg","datePublished":"2019-10-11T16:58:40+00:00","author":{"@id":""},"breadcrumb":{"@id":"https:\/\/www.letemsvetemapplem.eu\/bazar\/imac-27-retina-5k-2014-i7-32gb-ram\/#breadcrumb"},"inLanguage":"cs","potentialAction":[{"@type":"ReadAction","target":["https:\/\/www.letemsvetemapplem.eu\/bazar\/imac-27-retina-5k-2014-i7-32gb-ram\/"]}]},{"@type":"ImageObject","inLanguage":"cs","@id":"https:\/\/www.letemsvetemapplem.eu\/bazar\/imac-27-retina-5k-2014-i7-32gb-ram\/#primaryimage","url":"https:\/\/www.letemsvetemapplem.eu\/bazar\/wp-content\/uploads\/2019\/10\/1-54.jpg","contentUrl":"https:\/\/www.letemsvetemapplem.eu\/bazar\/wp-content\/uploads\/2019\/10\/1-54.jpg","width":3296,"height":3206},{"@type":"BreadcrumbList","@id":"https:\/\/www.letemsvetemapplem.eu\/bazar\/imac-27-retina-5k-2014-i7-32gb-ram\/#breadcrumb","itemListElement":[{"@type":"ListItem","position":1,"name":"Apple Bazar","item":"https:\/\/www.letemsvetemapplem.eu\/bazar\/"},{"@type":"ListItem","position":2,"name":"iMac 27&#8220; Retina 5K, 2014, i7, 32GB RAM"}]},{"@type":"WebSite","@id":"https:\/\/www.letemsvetemapplem.eu\/bazar\/#website","url":"https:\/\/www.letemsvetemapplem.eu\/bazar\/","name":"Apple bazar","description":"Oou\u017eit\u00e9 Apple produkty za skv\u011bl\u00e9 ceny","potentialAction":[{"@type":"SearchAction","target":{"@type":"EntryPoint","urlTemplate":"https:\/\/www.letemsvetemapplem.eu\/bazar\/?s={search_term_string}"},"query-input":{"@type":"PropertyValueSpecification","valueRequired":true,"valueName":"search_term_string"}}],"inLanguage":"cs"}]}},"_links":{"self":[{"href":"https:\/\/www.letemsvetemapplem.eu\/bazar\/wp-json\/wp\/v2\/posts\/167874","targetHints":{"allow":["GET"]}}],"collection":[{"href":"https:\/\/www.letemsvetemapplem.eu\/bazar\/wp-json\/wp\/v2\/posts"}],"about":[{"href":"https:\/\/www.letemsvetemapplem.eu\/bazar\/wp-json\/wp\/v2\/types\/post"}],"replies":[{"embeddable":true,"href":"https:\/\/www.letemsvetemapplem.eu\/bazar\/wp-json\/wp\/v2\/comments?post=167874"}],"version-history":[{"count":0,"href":"https:\/\/www.letemsvetemapplem.eu\/bazar\/wp-json\/wp\/v2\/posts\/167874\/revisions"}],"wp:featuredmedia":[{"embeddable":true,"href":"https:\/\/www.letemsvetemapplem.eu\/bazar\/wp-json\/wp\/v2\/media\/167875"}],"wp:attachment":[{"href":"https:\/\/www.letemsvetemapplem.eu\/bazar\/wp-json\/wp\/v2\/media?parent=167874"}],"wp:term":[{"taxonomy":"category","embeddable":true,"href":"https:\/\/www.letemsvetemapplem.eu\/bazar\/wp-json\/wp\/v2\/categories?post=167874"},{"taxonomy":"post_tag","embeddable":true,"href":"https:\/\/www.letemsvetemapplem.eu\/bazar\/wp-json\/wp\/v2\/tags?post=167874"}],"curies":[{"name":"wp","href":"https:\/\/api.w.org\/{rel}","templated":true}]}}