{"id":167570,"date":"2019-10-09T16:39:39","date_gmt":"2019-10-09T15:39:39","guid":{"rendered":"https:\/\/www.letemsvetemapplem.eu\/bazar\/?p=167570"},"modified":"2019-10-09T16:39:39","modified_gmt":"2019-10-09T15:39:39","slug":"macbook-air-retina-128gb-ssd-zlaty","status":"publish","type":"post","link":"https:\/\/www.letemsvetemapplem.eu\/bazar\/macbook-air-retina-128gb-ssd-zlaty\/","title":{"rendered":"Macbook Air Retina 128GB SSD &#8211; Zlat\u00fd"},"content":{"rendered":"<p>Prod\u00e1m Macbook Air Retina 128GB SSD zlat\u00e9 barvy, kupovan\u00fd v iStyle v zim\u011b 2018\/2019 = v z\u00e1ruce. Stav jako nov\u00fd, p\u0159en\u00e1\u0161en v ochrann\u00e9m pouzd\u0159e, kter\u00e9 mohu zdarma p\u0159idat.   <\/p>\n<p>1,6GHz dvouj\u00e1drov\u00fd Intel Core i5 (Turbo Boost a\u017e 3,6 GHz) se 4 MB mezipam\u011bti L3<br \/>\n128GB SSD \u00falo\u017ei\u0161t\u011b na sb\u011brnici PCIe<br \/>\n8 GB 2133MHz pam\u011bti LPDDR3 na desce<br \/>\nIntel UHD Graphics 617<br \/>\nIntegrovan\u00fd sn\u00edma\u010d Touch ID<\/p>\n<p>Pro konkr\u00e9tn\u00ed info m\u011b nev\u00e1hejte kontaktovat. Re\u00e1ln\u00e9 foto na vy\u017e\u00e1d\u00e1n\u00ed.<br \/>\nPreferuji osobn\u00ed p\u0159ed\u00e1n\u00ed v Praze.<\/p>\n","protected":false},"excerpt":{"rendered":"<p>Prod\u00e1m Macbook Air Retina 128GB SSD zlat\u00e9 barvy, kupovan\u00fd v iStyle v zim\u011b 2018\/2019 = v z\u00e1ruce. Stav jako nov\u00fd, p\u0159en\u00e1\u0161en v ochrann\u00e9m pouzd\u0159e, kter\u00e9 mohu zdarma p\u0159idat. 1,6GHz dvouj\u00e1drov\u00fd Intel Core i5 (Turbo Boost a\u017e 3,6 GHz) se 4 MB mezipam\u011bti L3 128GB SSD \u00falo\u017ei\u0161t\u011b na sb\u011brnici PCIe 8 GB 2133MHz pam\u011bti LPDDR3 na&#8230;<\/p>\n","protected":false},"author":0,"featured_media":167571,"comment_status":"closed","ping_status":"closed","sticky":false,"template":"","format":"standard","meta":{"footnotes":""},"categories":[42],"tags":[],"class_list":["post-167570","post","type-post","status-publish","format-standard","has-post-thumbnail","hentry","category-macbook-air"],"yoast_head":"<!-- This site is optimized with the Yoast SEO plugin v27.5 - https:\/\/yoast.com\/product\/yoast-seo-wordpress\/ -->\n<title>Macbook Air Retina 128GB SSD - Zlat\u00fd - Apple bazar<\/title>\n<meta name=\"robots\" content=\"index, follow, max-snippet:-1, max-image-preview:large, max-video-preview:-1\" \/>\n<link rel=\"canonical\" href=\"https:\/\/www.letemsvetemapplem.eu\/bazar\/macbook-air-retina-128gb-ssd-zlaty\/\" \/>\n<meta property=\"og:locale\" content=\"cs_CZ\" \/>\n<meta property=\"og:type\" content=\"article\" \/>\n<meta property=\"og:title\" content=\"Macbook Air Retina 128GB SSD - Zlat\u00fd - Apple bazar\" \/>\n<meta property=\"og:description\" content=\"Prod\u00e1m Macbook Air Retina 128GB SSD zlat\u00e9 barvy, kupovan\u00fd v iStyle v zim\u011b 2018\/2019 = v z\u00e1ruce. Stav jako nov\u00fd, p\u0159en\u00e1\u0161en v ochrann\u00e9m pouzd\u0159e, kter\u00e9 mohu zdarma p\u0159idat. 1,6GHz dvouj\u00e1drov\u00fd Intel Core i5 (Turbo Boost a\u017e 3,6 GHz) se 4 MB mezipam\u011bti L3 128GB SSD \u00falo\u017ei\u0161t\u011b na sb\u011brnici PCIe 8 GB 2133MHz pam\u011bti LPDDR3 na...\" \/>\n<meta property=\"og:url\" content=\"https:\/\/www.letemsvetemapplem.eu\/bazar\/macbook-air-retina-128gb-ssd-zlaty\/\" \/>\n<meta property=\"og:site_name\" content=\"Apple bazar\" \/>\n<meta property=\"article:published_time\" content=\"2019-10-09T15:39:39+00:00\" \/>\n<meta property=\"og:image\" content=\"https:\/\/www.letemsvetemapplem.eu\/bazar\/wp-content\/uploads\/2019\/10\/macbook-air-keyboard-and-ports-10302018.png\" \/>\n\t<meta property=\"og:image:width\" content=\"600\" \/>\n\t<meta property=\"og:image:height\" content=\"600\" \/>\n\t<meta property=\"og:image:type\" content=\"image\/png\" \/>\n<meta name=\"twitter:card\" content=\"summary_large_image\" \/>\n<script type=\"application\/ld+json\" class=\"yoast-schema-graph\">{\"@context\":\"https:\\\/\\\/schema.org\",\"@graph\":[{\"@type\":\"Article\",\"@id\":\"https:\\\/\\\/www.letemsvetemapplem.eu\\\/bazar\\\/macbook-air-retina-128gb-ssd-zlaty\\\/#article\",\"isPartOf\":{\"@id\":\"https:\\\/\\\/www.letemsvetemapplem.eu\\\/bazar\\\/macbook-air-retina-128gb-ssd-zlaty\\\/\"},\"author\":{\"name\":\"\",\"@id\":\"\"},\"headline\":\"Macbook Air Retina 128GB SSD &#8211; Zlat\u00fd\",\"datePublished\":\"2019-10-09T15:39:39+00:00\",\"mainEntityOfPage\":{\"@id\":\"https:\\\/\\\/www.letemsvetemapplem.eu\\\/bazar\\\/macbook-air-retina-128gb-ssd-zlaty\\\/\"},\"wordCount\":101,\"image\":{\"@id\":\"https:\\\/\\\/www.letemsvetemapplem.eu\\\/bazar\\\/macbook-air-retina-128gb-ssd-zlaty\\\/#primaryimage\"},\"thumbnailUrl\":\"https:\\\/\\\/www.letemsvetemapplem.eu\\\/bazar\\\/wp-content\\\/uploads\\\/2019\\\/10\\\/macbook-air-keyboard-and-ports-10302018.png\",\"articleSection\":[\"MacBook Air\"],\"inLanguage\":\"cs\"},{\"@type\":\"WebPage\",\"@id\":\"https:\\\/\\\/www.letemsvetemapplem.eu\\\/bazar\\\/macbook-air-retina-128gb-ssd-zlaty\\\/\",\"url\":\"https:\\\/\\\/www.letemsvetemapplem.eu\\\/bazar\\\/macbook-air-retina-128gb-ssd-zlaty\\\/\",\"name\":\"Macbook Air Retina 128GB SSD - Zlat\u00fd - Apple bazar\",\"isPartOf\":{\"@id\":\"https:\\\/\\\/www.letemsvetemapplem.eu\\\/bazar\\\/#website\"},\"primaryImageOfPage\":{\"@id\":\"https:\\\/\\\/www.letemsvetemapplem.eu\\\/bazar\\\/macbook-air-retina-128gb-ssd-zlaty\\\/#primaryimage\"},\"image\":{\"@id\":\"https:\\\/\\\/www.letemsvetemapplem.eu\\\/bazar\\\/macbook-air-retina-128gb-ssd-zlaty\\\/#primaryimage\"},\"thumbnailUrl\":\"https:\\\/\\\/www.letemsvetemapplem.eu\\\/bazar\\\/wp-content\\\/uploads\\\/2019\\\/10\\\/macbook-air-keyboard-and-ports-10302018.png\",\"datePublished\":\"2019-10-09T15:39:39+00:00\",\"author\":{\"@id\":\"\"},\"breadcrumb\":{\"@id\":\"https:\\\/\\\/www.letemsvetemapplem.eu\\\/bazar\\\/macbook-air-retina-128gb-ssd-zlaty\\\/#breadcrumb\"},\"inLanguage\":\"cs\",\"potentialAction\":[{\"@type\":\"ReadAction\",\"target\":[\"https:\\\/\\\/www.letemsvetemapplem.eu\\\/bazar\\\/macbook-air-retina-128gb-ssd-zlaty\\\/\"]}]},{\"@type\":\"ImageObject\",\"inLanguage\":\"cs\",\"@id\":\"https:\\\/\\\/www.letemsvetemapplem.eu\\\/bazar\\\/macbook-air-retina-128gb-ssd-zlaty\\\/#primaryimage\",\"url\":\"https:\\\/\\\/www.letemsvetemapplem.eu\\\/bazar\\\/wp-content\\\/uploads\\\/2019\\\/10\\\/macbook-air-keyboard-and-ports-10302018.png\",\"contentUrl\":\"https:\\\/\\\/www.letemsvetemapplem.eu\\\/bazar\\\/wp-content\\\/uploads\\\/2019\\\/10\\\/macbook-air-keyboard-and-ports-10302018.png\",\"width\":600,\"height\":600},{\"@type\":\"BreadcrumbList\",\"@id\":\"https:\\\/\\\/www.letemsvetemapplem.eu\\\/bazar\\\/macbook-air-retina-128gb-ssd-zlaty\\\/#breadcrumb\",\"itemListElement\":[{\"@type\":\"ListItem\",\"position\":1,\"name\":\"Apple Bazar\",\"item\":\"https:\\\/\\\/www.letemsvetemapplem.eu\\\/bazar\\\/\"},{\"@type\":\"ListItem\",\"position\":2,\"name\":\"Macbook Air Retina 128GB SSD &#8211; Zlat\u00fd\"}]},{\"@type\":\"WebSite\",\"@id\":\"https:\\\/\\\/www.letemsvetemapplem.eu\\\/bazar\\\/#website\",\"url\":\"https:\\\/\\\/www.letemsvetemapplem.eu\\\/bazar\\\/\",\"name\":\"Apple bazar\",\"description\":\"Oou\u017eit\u00e9 Apple produkty za skv\u011bl\u00e9 ceny\",\"potentialAction\":[{\"@type\":\"SearchAction\",\"target\":{\"@type\":\"EntryPoint\",\"urlTemplate\":\"https:\\\/\\\/www.letemsvetemapplem.eu\\\/bazar\\\/?s={search_term_string}\"},\"query-input\":{\"@type\":\"PropertyValueSpecification\",\"valueRequired\":true,\"valueName\":\"search_term_string\"}}],\"inLanguage\":\"cs\"}]}<\/script>\n<!-- \/ Yoast SEO plugin. -->","yoast_head_json":{"title":"Macbook Air Retina 128GB SSD - Zlat\u00fd - Apple bazar","robots":{"index":"index","follow":"follow","max-snippet":"max-snippet:-1","max-image-preview":"max-image-preview:large","max-video-preview":"max-video-preview:-1"},"canonical":"https:\/\/www.letemsvetemapplem.eu\/bazar\/macbook-air-retina-128gb-ssd-zlaty\/","og_locale":"cs_CZ","og_type":"article","og_title":"Macbook Air Retina 128GB SSD - Zlat\u00fd - Apple bazar","og_description":"Prod\u00e1m Macbook Air Retina 128GB SSD zlat\u00e9 barvy, kupovan\u00fd v iStyle v zim\u011b 2018\/2019 = v z\u00e1ruce. Stav jako nov\u00fd, p\u0159en\u00e1\u0161en v ochrann\u00e9m pouzd\u0159e, kter\u00e9 mohu zdarma p\u0159idat. 1,6GHz dvouj\u00e1drov\u00fd Intel Core i5 (Turbo Boost a\u017e 3,6 GHz) se 4 MB mezipam\u011bti L3 128GB SSD \u00falo\u017ei\u0161t\u011b na sb\u011brnici PCIe 8 GB 2133MHz pam\u011bti LPDDR3 na...","og_url":"https:\/\/www.letemsvetemapplem.eu\/bazar\/macbook-air-retina-128gb-ssd-zlaty\/","og_site_name":"Apple bazar","article_published_time":"2019-10-09T15:39:39+00:00","og_image":[{"width":600,"height":600,"url":"https:\/\/www.letemsvetemapplem.eu\/bazar\/wp-content\/uploads\/2019\/10\/macbook-air-keyboard-and-ports-10302018.png","type":"image\/png"}],"twitter_card":"summary_large_image","schema":{"@context":"https:\/\/schema.org","@graph":[{"@type":"Article","@id":"https:\/\/www.letemsvetemapplem.eu\/bazar\/macbook-air-retina-128gb-ssd-zlaty\/#article","isPartOf":{"@id":"https:\/\/www.letemsvetemapplem.eu\/bazar\/macbook-air-retina-128gb-ssd-zlaty\/"},"author":{"name":"","@id":""},"headline":"Macbook Air Retina 128GB SSD &#8211; Zlat\u00fd","datePublished":"2019-10-09T15:39:39+00:00","mainEntityOfPage":{"@id":"https:\/\/www.letemsvetemapplem.eu\/bazar\/macbook-air-retina-128gb-ssd-zlaty\/"},"wordCount":101,"image":{"@id":"https:\/\/www.letemsvetemapplem.eu\/bazar\/macbook-air-retina-128gb-ssd-zlaty\/#primaryimage"},"thumbnailUrl":"https:\/\/www.letemsvetemapplem.eu\/bazar\/wp-content\/uploads\/2019\/10\/macbook-air-keyboard-and-ports-10302018.png","articleSection":["MacBook Air"],"inLanguage":"cs"},{"@type":"WebPage","@id":"https:\/\/www.letemsvetemapplem.eu\/bazar\/macbook-air-retina-128gb-ssd-zlaty\/","url":"https:\/\/www.letemsvetemapplem.eu\/bazar\/macbook-air-retina-128gb-ssd-zlaty\/","name":"Macbook Air Retina 128GB SSD - Zlat\u00fd - Apple bazar","isPartOf":{"@id":"https:\/\/www.letemsvetemapplem.eu\/bazar\/#website"},"primaryImageOfPage":{"@id":"https:\/\/www.letemsvetemapplem.eu\/bazar\/macbook-air-retina-128gb-ssd-zlaty\/#primaryimage"},"image":{"@id":"https:\/\/www.letemsvetemapplem.eu\/bazar\/macbook-air-retina-128gb-ssd-zlaty\/#primaryimage"},"thumbnailUrl":"https:\/\/www.letemsvetemapplem.eu\/bazar\/wp-content\/uploads\/2019\/10\/macbook-air-keyboard-and-ports-10302018.png","datePublished":"2019-10-09T15:39:39+00:00","author":{"@id":""},"breadcrumb":{"@id":"https:\/\/www.letemsvetemapplem.eu\/bazar\/macbook-air-retina-128gb-ssd-zlaty\/#breadcrumb"},"inLanguage":"cs","potentialAction":[{"@type":"ReadAction","target":["https:\/\/www.letemsvetemapplem.eu\/bazar\/macbook-air-retina-128gb-ssd-zlaty\/"]}]},{"@type":"ImageObject","inLanguage":"cs","@id":"https:\/\/www.letemsvetemapplem.eu\/bazar\/macbook-air-retina-128gb-ssd-zlaty\/#primaryimage","url":"https:\/\/www.letemsvetemapplem.eu\/bazar\/wp-content\/uploads\/2019\/10\/macbook-air-keyboard-and-ports-10302018.png","contentUrl":"https:\/\/www.letemsvetemapplem.eu\/bazar\/wp-content\/uploads\/2019\/10\/macbook-air-keyboard-and-ports-10302018.png","width":600,"height":600},{"@type":"BreadcrumbList","@id":"https:\/\/www.letemsvetemapplem.eu\/bazar\/macbook-air-retina-128gb-ssd-zlaty\/#breadcrumb","itemListElement":[{"@type":"ListItem","position":1,"name":"Apple Bazar","item":"https:\/\/www.letemsvetemapplem.eu\/bazar\/"},{"@type":"ListItem","position":2,"name":"Macbook Air Retina 128GB SSD &#8211; Zlat\u00fd"}]},{"@type":"WebSite","@id":"https:\/\/www.letemsvetemapplem.eu\/bazar\/#website","url":"https:\/\/www.letemsvetemapplem.eu\/bazar\/","name":"Apple bazar","description":"Oou\u017eit\u00e9 Apple produkty za skv\u011bl\u00e9 ceny","potentialAction":[{"@type":"SearchAction","target":{"@type":"EntryPoint","urlTemplate":"https:\/\/www.letemsvetemapplem.eu\/bazar\/?s={search_term_string}"},"query-input":{"@type":"PropertyValueSpecification","valueRequired":true,"valueName":"search_term_string"}}],"inLanguage":"cs"}]}},"_links":{"self":[{"href":"https:\/\/www.letemsvetemapplem.eu\/bazar\/wp-json\/wp\/v2\/posts\/167570","targetHints":{"allow":["GET"]}}],"collection":[{"href":"https:\/\/www.letemsvetemapplem.eu\/bazar\/wp-json\/wp\/v2\/posts"}],"about":[{"href":"https:\/\/www.letemsvetemapplem.eu\/bazar\/wp-json\/wp\/v2\/types\/post"}],"replies":[{"embeddable":true,"href":"https:\/\/www.letemsvetemapplem.eu\/bazar\/wp-json\/wp\/v2\/comments?post=167570"}],"version-history":[{"count":0,"href":"https:\/\/www.letemsvetemapplem.eu\/bazar\/wp-json\/wp\/v2\/posts\/167570\/revisions"}],"wp:featuredmedia":[{"embeddable":true,"href":"https:\/\/www.letemsvetemapplem.eu\/bazar\/wp-json\/wp\/v2\/media\/167571"}],"wp:attachment":[{"href":"https:\/\/www.letemsvetemapplem.eu\/bazar\/wp-json\/wp\/v2\/media?parent=167570"}],"wp:term":[{"taxonomy":"category","embeddable":true,"href":"https:\/\/www.letemsvetemapplem.eu\/bazar\/wp-json\/wp\/v2\/categories?post=167570"},{"taxonomy":"post_tag","embeddable":true,"href":"https:\/\/www.letemsvetemapplem.eu\/bazar\/wp-json\/wp\/v2\/tags?post=167570"}],"curies":[{"name":"wp","href":"https:\/\/api.w.org\/{rel}","templated":true}]}}