{"id":165624,"date":"2019-09-27T11:30:15","date_gmt":"2019-09-27T10:30:15","guid":{"rendered":"https:\/\/www.letemsvetemapplem.eu\/bazar\/?p=165624"},"modified":"2019-09-27T11:32:43","modified_gmt":"2019-09-27T10:32:43","slug":"macbook-pro-133-256gb-ssd-8gb-ram","status":"publish","type":"post","link":"https:\/\/www.letemsvetemapplem.eu\/bazar\/macbook-pro-133-256gb-ssd-8gb-ram\/","title":{"rendered":"MacBook Pro 13,3\u201d &#8211; 256GB SSD, 8GB RAM,"},"content":{"rendered":"<p>MacBook Pro 9,2 (13,3\u201d) Mid 2012<\/p>\n<p>Procesor: Intel Core i7 2,9 GHz&lt;br \/&gt;<br \/>\nPam\u011b\u0165: 8 GB RAM 1600 MHz DDR3&lt;br \/&gt;<br \/>\nDisk: 256GB SSD&lt;br \/&gt;<br \/>\nGPU: Intel HD Graphics 4000 1536 MB&lt;br \/&gt;<br \/>\nBaterie: 1500 cykl\u016f&lt;br \/&gt;<br \/>\n5 hodin kancel\u00e1\u0159sk\u00e9 pr\u00e1ce, prohl\u00ed\u017een\u00ed internetu, kolem 3 hodin n\u00e1ro\u010dn\u011bj\u0161\u00ed pr\u00e1ce<\/p>\n<p>Porty:&lt;br \/&gt;<br \/>\n2x USB 3.0&lt;br \/&gt;<br \/>\n1x Thunderbolt 2.0&lt;br \/&gt;<br \/>\nCD\/DVD mechanika&lt;br \/&gt;<br \/>\n\u010cte\u010dka SD karet&lt;br \/&gt;<br \/>\n3,5 mm jack pro p\u0159ipojen\u00ed sluch\u00e1tek a mikrofonu<\/p>\n<p>MacBook byl vyu\u017e\u00edv\u00e1n na grafick\u00e9 pr\u00e1ce a st\u0159ih videa, kde v\u0161e zvl\u00e1d\u00e1 bez probl\u00e9m\u016f. Nese b\u011b\u017en\u00e9 zn\u00e1mky pou\u017e\u00edv\u00e1n\u00ed, rohy a spodn\u00ed strana jsou v\u00edce po\u0161kr\u00e1ban\u00e9.<\/p>\n<p>V p\u0159\u00edpad\u011b rychl\u00e9ho jedn\u00e1n\u00ed se ur\u010dit\u011b n\u011bjak dohodneme.<\/p>\n","protected":false},"excerpt":{"rendered":"<p>MacBook Pro 9,2 (13,3\u201d) Mid 2012 Procesor: Intel Core i7 2,9 GHz&lt;br \/&gt; Pam\u011b\u0165: 8 GB RAM 1600 MHz DDR3&lt;br \/&gt; Disk: 256GB SSD&lt;br \/&gt; GPU: Intel HD Graphics 4000 1536 MB&lt;br \/&gt; Baterie: 1500 cykl\u016f&lt;br \/&gt; 5 hodin kancel\u00e1\u0159sk\u00e9 pr\u00e1ce, prohl\u00ed\u017een\u00ed internetu, kolem 3 hodin n\u00e1ro\u010dn\u011bj\u0161\u00ed pr\u00e1ce Porty:&lt;br \/&gt; 2x USB 3.0&lt;br \/&gt; 1x&#8230;<\/p>\n","protected":false},"author":0,"featured_media":165625,"comment_status":"closed","ping_status":"closed","sticky":false,"template":"","format":"standard","meta":{"footnotes":""},"categories":[48],"tags":[],"class_list":["post-165624","post","type-post","status-publish","format-standard","has-post-thumbnail","hentry","category-macbook-pro"],"yoast_head":"<!-- This site is optimized with the Yoast SEO plugin v27.2 - https:\/\/yoast.com\/product\/yoast-seo-wordpress\/ -->\n<title>MacBook Pro 13,3\u201d - 256GB SSD, 8GB RAM, - Apple bazar<\/title>\n<meta name=\"robots\" content=\"index, follow, max-snippet:-1, max-image-preview:large, max-video-preview:-1\" \/>\n<link rel=\"canonical\" href=\"https:\/\/www.letemsvetemapplem.eu\/bazar\/macbook-pro-133-256gb-ssd-8gb-ram\/\" \/>\n<meta property=\"og:locale\" content=\"cs_CZ\" \/>\n<meta property=\"og:type\" content=\"article\" \/>\n<meta property=\"og:title\" content=\"MacBook Pro 13,3\u201d - 256GB SSD, 8GB RAM, - Apple bazar\" \/>\n<meta property=\"og:description\" content=\"MacBook Pro 9,2 (13,3\u201d) Mid 2012 Procesor: Intel Core i7 2,9 GHz&lt;br \/&gt; Pam\u011b\u0165: 8 GB RAM 1600 MHz DDR3&lt;br \/&gt; Disk: 256GB SSD&lt;br \/&gt; GPU: Intel HD Graphics 4000 1536 MB&lt;br \/&gt; Baterie: 1500 cykl\u016f&lt;br \/&gt; 5 hodin kancel\u00e1\u0159sk\u00e9 pr\u00e1ce, prohl\u00ed\u017een\u00ed internetu, kolem 3 hodin n\u00e1ro\u010dn\u011bj\u0161\u00ed pr\u00e1ce Porty:&lt;br \/&gt; 2x USB 3.0&lt;br \/&gt; 1x...\" \/>\n<meta property=\"og:url\" content=\"https:\/\/www.letemsvetemapplem.eu\/bazar\/macbook-pro-133-256gb-ssd-8gb-ram\/\" \/>\n<meta property=\"og:site_name\" content=\"Apple bazar\" \/>\n<meta property=\"article:published_time\" content=\"2019-09-27T10:30:15+00:00\" \/>\n<meta property=\"article:modified_time\" content=\"2019-09-27T10:32:43+00:00\" \/>\n<meta property=\"og:image\" content=\"https:\/\/www.letemsvetemapplem.eu\/bazar\/wp-content\/uploads\/2019\/09\/FA00937A-9E50-40AE-A535-415F15AD1F82.png\" \/>\n\t<meta property=\"og:image:width\" content=\"1136\" \/>\n\t<meta property=\"og:image:height\" content=\"640\" \/>\n\t<meta property=\"og:image:type\" content=\"image\/png\" \/>\n<meta name=\"twitter:card\" content=\"summary_large_image\" \/>\n<script type=\"application\/ld+json\" class=\"yoast-schema-graph\">{\"@context\":\"https:\/\/schema.org\",\"@graph\":[{\"@type\":\"Article\",\"@id\":\"https:\/\/www.letemsvetemapplem.eu\/bazar\/macbook-pro-133-256gb-ssd-8gb-ram\/#article\",\"isPartOf\":{\"@id\":\"https:\/\/www.letemsvetemapplem.eu\/bazar\/macbook-pro-133-256gb-ssd-8gb-ram\/\"},\"author\":{\"name\":\"\",\"@id\":\"\"},\"headline\":\"MacBook Pro 13,3\u201d &#8211; 256GB SSD, 8GB RAM,\",\"datePublished\":\"2019-09-27T10:30:15+00:00\",\"dateModified\":\"2019-09-27T10:32:43+00:00\",\"mainEntityOfPage\":{\"@id\":\"https:\/\/www.letemsvetemapplem.eu\/bazar\/macbook-pro-133-256gb-ssd-8gb-ram\/\"},\"wordCount\":149,\"image\":{\"@id\":\"https:\/\/www.letemsvetemapplem.eu\/bazar\/macbook-pro-133-256gb-ssd-8gb-ram\/#primaryimage\"},\"thumbnailUrl\":\"https:\/\/www.letemsvetemapplem.eu\/bazar\/wp-content\/uploads\/2019\/09\/FA00937A-9E50-40AE-A535-415F15AD1F82.png\",\"articleSection\":[\"MacBook Pro\"],\"inLanguage\":\"cs\"},{\"@type\":\"WebPage\",\"@id\":\"https:\/\/www.letemsvetemapplem.eu\/bazar\/macbook-pro-133-256gb-ssd-8gb-ram\/\",\"url\":\"https:\/\/www.letemsvetemapplem.eu\/bazar\/macbook-pro-133-256gb-ssd-8gb-ram\/\",\"name\":\"MacBook Pro 13,3\u201d - 256GB SSD, 8GB RAM, - Apple bazar\",\"isPartOf\":{\"@id\":\"https:\/\/www.letemsvetemapplem.eu\/bazar\/#website\"},\"primaryImageOfPage\":{\"@id\":\"https:\/\/www.letemsvetemapplem.eu\/bazar\/macbook-pro-133-256gb-ssd-8gb-ram\/#primaryimage\"},\"image\":{\"@id\":\"https:\/\/www.letemsvetemapplem.eu\/bazar\/macbook-pro-133-256gb-ssd-8gb-ram\/#primaryimage\"},\"thumbnailUrl\":\"https:\/\/www.letemsvetemapplem.eu\/bazar\/wp-content\/uploads\/2019\/09\/FA00937A-9E50-40AE-A535-415F15AD1F82.png\",\"datePublished\":\"2019-09-27T10:30:15+00:00\",\"dateModified\":\"2019-09-27T10:32:43+00:00\",\"author\":{\"@id\":\"\"},\"breadcrumb\":{\"@id\":\"https:\/\/www.letemsvetemapplem.eu\/bazar\/macbook-pro-133-256gb-ssd-8gb-ram\/#breadcrumb\"},\"inLanguage\":\"cs\",\"potentialAction\":[{\"@type\":\"ReadAction\",\"target\":[\"https:\/\/www.letemsvetemapplem.eu\/bazar\/macbook-pro-133-256gb-ssd-8gb-ram\/\"]}]},{\"@type\":\"ImageObject\",\"inLanguage\":\"cs\",\"@id\":\"https:\/\/www.letemsvetemapplem.eu\/bazar\/macbook-pro-133-256gb-ssd-8gb-ram\/#primaryimage\",\"url\":\"https:\/\/www.letemsvetemapplem.eu\/bazar\/wp-content\/uploads\/2019\/09\/FA00937A-9E50-40AE-A535-415F15AD1F82.png\",\"contentUrl\":\"https:\/\/www.letemsvetemapplem.eu\/bazar\/wp-content\/uploads\/2019\/09\/FA00937A-9E50-40AE-A535-415F15AD1F82.png\",\"width\":1136,\"height\":640},{\"@type\":\"BreadcrumbList\",\"@id\":\"https:\/\/www.letemsvetemapplem.eu\/bazar\/macbook-pro-133-256gb-ssd-8gb-ram\/#breadcrumb\",\"itemListElement\":[{\"@type\":\"ListItem\",\"position\":1,\"name\":\"Apple Bazar\",\"item\":\"https:\/\/www.letemsvetemapplem.eu\/bazar\/\"},{\"@type\":\"ListItem\",\"position\":2,\"name\":\"MacBook Pro 13,3\u201d &#8211; 256GB SSD, 8GB RAM,\"}]},{\"@type\":\"WebSite\",\"@id\":\"https:\/\/www.letemsvetemapplem.eu\/bazar\/#website\",\"url\":\"https:\/\/www.letemsvetemapplem.eu\/bazar\/\",\"name\":\"Apple bazar\",\"description\":\"Oou\u017eit\u00e9 Apple produkty za skv\u011bl\u00e9 ceny\",\"potentialAction\":[{\"@type\":\"SearchAction\",\"target\":{\"@type\":\"EntryPoint\",\"urlTemplate\":\"https:\/\/www.letemsvetemapplem.eu\/bazar\/?s={search_term_string}\"},\"query-input\":{\"@type\":\"PropertyValueSpecification\",\"valueRequired\":true,\"valueName\":\"search_term_string\"}}],\"inLanguage\":\"cs\"}]}<\/script>\n<!-- \/ Yoast SEO plugin. -->","yoast_head_json":{"title":"MacBook Pro 13,3\u201d - 256GB SSD, 8GB RAM, - Apple bazar","robots":{"index":"index","follow":"follow","max-snippet":"max-snippet:-1","max-image-preview":"max-image-preview:large","max-video-preview":"max-video-preview:-1"},"canonical":"https:\/\/www.letemsvetemapplem.eu\/bazar\/macbook-pro-133-256gb-ssd-8gb-ram\/","og_locale":"cs_CZ","og_type":"article","og_title":"MacBook Pro 13,3\u201d - 256GB SSD, 8GB RAM, - Apple bazar","og_description":"MacBook Pro 9,2 (13,3\u201d) Mid 2012 Procesor: Intel Core i7 2,9 GHz&lt;br \/&gt; Pam\u011b\u0165: 8 GB RAM 1600 MHz DDR3&lt;br \/&gt; Disk: 256GB SSD&lt;br \/&gt; GPU: Intel HD Graphics 4000 1536 MB&lt;br \/&gt; Baterie: 1500 cykl\u016f&lt;br \/&gt; 5 hodin kancel\u00e1\u0159sk\u00e9 pr\u00e1ce, prohl\u00ed\u017een\u00ed internetu, kolem 3 hodin n\u00e1ro\u010dn\u011bj\u0161\u00ed pr\u00e1ce Porty:&lt;br \/&gt; 2x USB 3.0&lt;br \/&gt; 1x...","og_url":"https:\/\/www.letemsvetemapplem.eu\/bazar\/macbook-pro-133-256gb-ssd-8gb-ram\/","og_site_name":"Apple bazar","article_published_time":"2019-09-27T10:30:15+00:00","article_modified_time":"2019-09-27T10:32:43+00:00","og_image":[{"width":1136,"height":640,"url":"https:\/\/www.letemsvetemapplem.eu\/bazar\/wp-content\/uploads\/2019\/09\/FA00937A-9E50-40AE-A535-415F15AD1F82.png","type":"image\/png"}],"twitter_card":"summary_large_image","schema":{"@context":"https:\/\/schema.org","@graph":[{"@type":"Article","@id":"https:\/\/www.letemsvetemapplem.eu\/bazar\/macbook-pro-133-256gb-ssd-8gb-ram\/#article","isPartOf":{"@id":"https:\/\/www.letemsvetemapplem.eu\/bazar\/macbook-pro-133-256gb-ssd-8gb-ram\/"},"author":{"name":"","@id":""},"headline":"MacBook Pro 13,3\u201d &#8211; 256GB SSD, 8GB RAM,","datePublished":"2019-09-27T10:30:15+00:00","dateModified":"2019-09-27T10:32:43+00:00","mainEntityOfPage":{"@id":"https:\/\/www.letemsvetemapplem.eu\/bazar\/macbook-pro-133-256gb-ssd-8gb-ram\/"},"wordCount":149,"image":{"@id":"https:\/\/www.letemsvetemapplem.eu\/bazar\/macbook-pro-133-256gb-ssd-8gb-ram\/#primaryimage"},"thumbnailUrl":"https:\/\/www.letemsvetemapplem.eu\/bazar\/wp-content\/uploads\/2019\/09\/FA00937A-9E50-40AE-A535-415F15AD1F82.png","articleSection":["MacBook Pro"],"inLanguage":"cs"},{"@type":"WebPage","@id":"https:\/\/www.letemsvetemapplem.eu\/bazar\/macbook-pro-133-256gb-ssd-8gb-ram\/","url":"https:\/\/www.letemsvetemapplem.eu\/bazar\/macbook-pro-133-256gb-ssd-8gb-ram\/","name":"MacBook Pro 13,3\u201d - 256GB SSD, 8GB RAM, - Apple bazar","isPartOf":{"@id":"https:\/\/www.letemsvetemapplem.eu\/bazar\/#website"},"primaryImageOfPage":{"@id":"https:\/\/www.letemsvetemapplem.eu\/bazar\/macbook-pro-133-256gb-ssd-8gb-ram\/#primaryimage"},"image":{"@id":"https:\/\/www.letemsvetemapplem.eu\/bazar\/macbook-pro-133-256gb-ssd-8gb-ram\/#primaryimage"},"thumbnailUrl":"https:\/\/www.letemsvetemapplem.eu\/bazar\/wp-content\/uploads\/2019\/09\/FA00937A-9E50-40AE-A535-415F15AD1F82.png","datePublished":"2019-09-27T10:30:15+00:00","dateModified":"2019-09-27T10:32:43+00:00","author":{"@id":""},"breadcrumb":{"@id":"https:\/\/www.letemsvetemapplem.eu\/bazar\/macbook-pro-133-256gb-ssd-8gb-ram\/#breadcrumb"},"inLanguage":"cs","potentialAction":[{"@type":"ReadAction","target":["https:\/\/www.letemsvetemapplem.eu\/bazar\/macbook-pro-133-256gb-ssd-8gb-ram\/"]}]},{"@type":"ImageObject","inLanguage":"cs","@id":"https:\/\/www.letemsvetemapplem.eu\/bazar\/macbook-pro-133-256gb-ssd-8gb-ram\/#primaryimage","url":"https:\/\/www.letemsvetemapplem.eu\/bazar\/wp-content\/uploads\/2019\/09\/FA00937A-9E50-40AE-A535-415F15AD1F82.png","contentUrl":"https:\/\/www.letemsvetemapplem.eu\/bazar\/wp-content\/uploads\/2019\/09\/FA00937A-9E50-40AE-A535-415F15AD1F82.png","width":1136,"height":640},{"@type":"BreadcrumbList","@id":"https:\/\/www.letemsvetemapplem.eu\/bazar\/macbook-pro-133-256gb-ssd-8gb-ram\/#breadcrumb","itemListElement":[{"@type":"ListItem","position":1,"name":"Apple Bazar","item":"https:\/\/www.letemsvetemapplem.eu\/bazar\/"},{"@type":"ListItem","position":2,"name":"MacBook Pro 13,3\u201d &#8211; 256GB SSD, 8GB RAM,"}]},{"@type":"WebSite","@id":"https:\/\/www.letemsvetemapplem.eu\/bazar\/#website","url":"https:\/\/www.letemsvetemapplem.eu\/bazar\/","name":"Apple bazar","description":"Oou\u017eit\u00e9 Apple produkty za skv\u011bl\u00e9 ceny","potentialAction":[{"@type":"SearchAction","target":{"@type":"EntryPoint","urlTemplate":"https:\/\/www.letemsvetemapplem.eu\/bazar\/?s={search_term_string}"},"query-input":{"@type":"PropertyValueSpecification","valueRequired":true,"valueName":"search_term_string"}}],"inLanguage":"cs"}]}},"_links":{"self":[{"href":"https:\/\/www.letemsvetemapplem.eu\/bazar\/wp-json\/wp\/v2\/posts\/165624","targetHints":{"allow":["GET"]}}],"collection":[{"href":"https:\/\/www.letemsvetemapplem.eu\/bazar\/wp-json\/wp\/v2\/posts"}],"about":[{"href":"https:\/\/www.letemsvetemapplem.eu\/bazar\/wp-json\/wp\/v2\/types\/post"}],"replies":[{"embeddable":true,"href":"https:\/\/www.letemsvetemapplem.eu\/bazar\/wp-json\/wp\/v2\/comments?post=165624"}],"version-history":[{"count":0,"href":"https:\/\/www.letemsvetemapplem.eu\/bazar\/wp-json\/wp\/v2\/posts\/165624\/revisions"}],"wp:featuredmedia":[{"embeddable":true,"href":"https:\/\/www.letemsvetemapplem.eu\/bazar\/wp-json\/wp\/v2\/media\/165625"}],"wp:attachment":[{"href":"https:\/\/www.letemsvetemapplem.eu\/bazar\/wp-json\/wp\/v2\/media?parent=165624"}],"wp:term":[{"taxonomy":"category","embeddable":true,"href":"https:\/\/www.letemsvetemapplem.eu\/bazar\/wp-json\/wp\/v2\/categories?post=165624"},{"taxonomy":"post_tag","embeddable":true,"href":"https:\/\/www.letemsvetemapplem.eu\/bazar\/wp-json\/wp\/v2\/tags?post=165624"}],"curies":[{"name":"wp","href":"https:\/\/api.w.org\/{rel}","templated":true}]}}