{"id":165139,"date":"2019-09-24T15:13:42","date_gmt":"2019-09-24T14:13:42","guid":{"rendered":"https:\/\/www.letemsvetemapplem.eu\/bazar\/?p=165139"},"modified":"2019-09-24T16:55:04","modified_gmt":"2019-09-24T15:55:04","slug":"iphone-x-64gb-zaruka-kryty-airpods","status":"publish","type":"post","link":"https:\/\/www.letemsvetemapplem.eu\/bazar\/iphone-x-64gb-zaruka-kryty-airpods\/","title":{"rendered":"iPhone X 64Gb + Z\u00e1ruka + Kryty + Airpods"},"content":{"rendered":"<p>Dobr\u00fd den,&lt;br \/&gt;&lt;br \/&gt;&lt;br \/&gt;<br \/>\nnab\u00edz\u00edm k prodeji mobiln\u00ed telefon Apple iPhone X.&lt;br \/&gt;&lt;br \/&gt;&lt;br \/&gt;<br \/>\nKapacita 64gb, vesm\u00edrn\u011b \u0161ed\u00fd. Zakoupen listopad 2018 u czc.cz = telefon je st\u00e1le v z\u00e1ruce.&lt;br \/&gt;&lt;br \/&gt;&lt;br \/&gt;<br \/>\nStav odpov\u00edd\u00e1 nov\u00e9mu kusu.&lt;br \/&gt;&lt;br \/&gt;&lt;br \/&gt;<br \/>\nOd rozbalen\u00ed nalepeno ochrann\u00e9 sklo a no\u0161en v\u017edy v krytu.&lt;br \/&gt;&lt;br \/&gt;&lt;br \/&gt;<br \/>\nNa z\u00e1dech telefonu a \u010do\u010dce fotoapar\u00e1tu je nalapena ochrann\u00e1 folie, sklo pod n\u00ed je bez jedin\u00e9ho \u0161kr\u00e1bance \u2013 stav nov\u00e9ho.&lt;br \/&gt;&lt;br \/&gt;&lt;br \/&gt;<br \/>\nOcelov\u00fd r\u00e1me\u010dek t\u00e9\u017e bez \u0161kr\u00e1banc\u016f.&lt;br \/&gt;&lt;br \/&gt;&lt;br \/&gt;<br \/>\nSou\u010d\u00e1st\u00ed prodeje :&lt;br \/&gt;&lt;br \/&gt;&lt;br \/&gt;<br \/>\n\u2013 n\u011bkolik kryt\u016f Original Apple, Pokemon, Spigen (pc 5000+ ,-)&lt;br \/&gt;&lt;br \/&gt;&lt;br \/&gt;<br \/>\n\u2013 P\u016fvodn\u00ed krabi\u010dka, dokumentace, sponka na sim&lt;br \/&gt;&lt;br \/&gt;&lt;br \/&gt;<br \/>\n\u2013 Sluch\u00e1tka&lt;br \/&gt;&lt;br \/&gt;&lt;br \/&gt;<br \/>\n\u2013 Origin\u00e1ln\u00ed nab\u00edje\u010dka&lt;br \/&gt;&lt;br \/&gt;&lt;br \/&gt;<br \/>\n\u2013 Koncovka z lightning na 3,5mm (nen\u00ed na foto)&lt;br \/&gt;&lt;br \/&gt;&lt;br \/&gt;<br \/>\n\u2013 Z\u00e1ru\u010dn\u00ed list&lt;br \/&gt;&lt;br \/&gt;&lt;br \/&gt;<br \/>\n\u2013 Apple Airpods gen 1 (bohu\u017eel ji\u017e bez z\u00e1ruky) \u2013 pln\u011b funk\u010dn\u00ed, jen z\u010dernal\u00fd kryt kolem magnet\u016f, nelze vy\u010distit, probl\u00e9m u v\u0161ech case na AirPods, sluch\u00e1tka vy\u010di\u0161t\u011bna&lt;br \/&gt;&lt;br \/&gt;&lt;br \/&gt;<br \/>\n\u2013 2x original nab\u00edjec\u00ed Apple kabel (nen\u00ed na foto)&lt;br \/&gt;&lt;br \/&gt;&lt;br \/&gt;<br \/>\nTelefon samoz\u0159ejm\u011b odblokov\u00e1n na iCloud a resetov\u00e1n do tov\u00e1rn\u00edho nastaven\u00ed.&lt;br \/&gt;&lt;br \/&gt;&lt;br \/&gt;<br \/>\nVe\u0161ker\u00e9 dotazy r\u00e1d zodpov\u00edm.&lt;br \/&gt;&lt;br \/&gt;&lt;br \/&gt;<br \/>\nPreferuji osobn\u00ed p\u0159ed\u00e1n\u00ed v Praze po vz\u00e1jemn\u00e9 domluv\u011b .&lt;br \/&gt;&lt;br \/&gt;&lt;br \/&gt;<br \/>\nCena je pevn\u00e1 z d\u016fvodu stavu telefonu + p\u0159idan\u00e9ho p\u0159\u00edslu\u0161enstv\u00ed.&lt;br \/&gt;&lt;br \/&gt;&lt;br \/&gt;<br \/>\nP\u0159\u00edpadn\u00fdm z\u00e1jemc\u016fm mohu nafotit z\u00e1da telefonu bez folie pro dok\u00e1z\u00e1n\u00ed stavu skla pod n\u00ed + p\u0159idat kvalitn\u011bj\u0161\u00ed foto.<\/p>\n","protected":false},"excerpt":{"rendered":"<p>Dobr\u00fd den,&lt;br \/&gt;&lt;br \/&gt;&lt;br \/&gt; nab\u00edz\u00edm k prodeji mobiln\u00ed telefon Apple iPhone X.&lt;br \/&gt;&lt;br \/&gt;&lt;br \/&gt; Kapacita 64gb, vesm\u00edrn\u011b \u0161ed\u00fd. Zakoupen listopad 2018 u czc.cz = telefon je st\u00e1le v z\u00e1ruce.&lt;br \/&gt;&lt;br \/&gt;&lt;br \/&gt; Stav odpov\u00edd\u00e1 nov\u00e9mu kusu.&lt;br \/&gt;&lt;br \/&gt;&lt;br \/&gt; Od rozbalen\u00ed nalepeno ochrann\u00e9 sklo a no\u0161en v\u017edy v krytu.&lt;br \/&gt;&lt;br \/&gt;&lt;br \/&gt; Na&#8230;<\/p>\n","protected":false},"author":0,"featured_media":165140,"comment_status":"closed","ping_status":"closed","sticky":false,"template":"","format":"standard","meta":{"footnotes":""},"categories":[61],"tags":[],"class_list":["post-165139","post","type-post","status-publish","format-standard","has-post-thumbnail","hentry","category-iphone-x"],"yoast_head":"<!-- This site is optimized with the Yoast SEO plugin v27.5 - https:\/\/yoast.com\/product\/yoast-seo-wordpress\/ -->\n<title>iPhone X 64Gb + Z\u00e1ruka + Kryty + Airpods - Apple bazar<\/title>\n<meta name=\"robots\" content=\"index, follow, max-snippet:-1, max-image-preview:large, max-video-preview:-1\" \/>\n<link rel=\"canonical\" href=\"https:\/\/www.letemsvetemapplem.eu\/bazar\/iphone-x-64gb-zaruka-kryty-airpods\/\" \/>\n<meta property=\"og:locale\" content=\"cs_CZ\" \/>\n<meta property=\"og:type\" content=\"article\" \/>\n<meta property=\"og:title\" content=\"iPhone X 64Gb + Z\u00e1ruka + Kryty + Airpods - Apple bazar\" \/>\n<meta property=\"og:description\" content=\"Dobr\u00fd den,&lt;br \/&gt;&lt;br \/&gt;&lt;br \/&gt; nab\u00edz\u00edm k prodeji mobiln\u00ed telefon Apple iPhone X.&lt;br \/&gt;&lt;br \/&gt;&lt;br \/&gt; Kapacita 64gb, vesm\u00edrn\u011b \u0161ed\u00fd. Zakoupen listopad 2018 u czc.cz = telefon je st\u00e1le v z\u00e1ruce.&lt;br \/&gt;&lt;br \/&gt;&lt;br \/&gt; Stav odpov\u00edd\u00e1 nov\u00e9mu kusu.&lt;br \/&gt;&lt;br \/&gt;&lt;br \/&gt; Od rozbalen\u00ed nalepeno ochrann\u00e9 sklo a no\u0161en v\u017edy v krytu.&lt;br \/&gt;&lt;br \/&gt;&lt;br \/&gt; Na...\" \/>\n<meta property=\"og:url\" content=\"https:\/\/www.letemsvetemapplem.eu\/bazar\/iphone-x-64gb-zaruka-kryty-airpods\/\" \/>\n<meta property=\"og:site_name\" content=\"Apple bazar\" \/>\n<meta property=\"article:published_time\" content=\"2019-09-24T14:13:42+00:00\" \/>\n<meta property=\"article:modified_time\" content=\"2019-09-24T15:55:04+00:00\" \/>\n<meta property=\"og:image\" content=\"https:\/\/www.letemsvetemapplem.eu\/bazar\/wp-content\/uploads\/2019\/09\/23933407-D780-44CA-9756-29E32DFBDFD0.jpeg\" \/>\n\t<meta property=\"og:image:width\" content=\"3120\" \/>\n\t<meta property=\"og:image:height\" content=\"4160\" \/>\n\t<meta property=\"og:image:type\" content=\"image\/jpeg\" \/>\n<meta name=\"twitter:card\" content=\"summary_large_image\" \/>\n<script type=\"application\/ld+json\" class=\"yoast-schema-graph\">{\"@context\":\"https:\\\/\\\/schema.org\",\"@graph\":[{\"@type\":\"Article\",\"@id\":\"https:\\\/\\\/www.letemsvetemapplem.eu\\\/bazar\\\/iphone-x-64gb-zaruka-kryty-airpods\\\/#article\",\"isPartOf\":{\"@id\":\"https:\\\/\\\/www.letemsvetemapplem.eu\\\/bazar\\\/iphone-x-64gb-zaruka-kryty-airpods\\\/\"},\"author\":{\"name\":\"\",\"@id\":\"\"},\"headline\":\"iPhone X 64Gb + Z\u00e1ruka + Kryty + Airpods\",\"datePublished\":\"2019-09-24T14:13:42+00:00\",\"dateModified\":\"2019-09-24T15:55:04+00:00\",\"mainEntityOfPage\":{\"@id\":\"https:\\\/\\\/www.letemsvetemapplem.eu\\\/bazar\\\/iphone-x-64gb-zaruka-kryty-airpods\\\/\"},\"wordCount\":423,\"image\":{\"@id\":\"https:\\\/\\\/www.letemsvetemapplem.eu\\\/bazar\\\/iphone-x-64gb-zaruka-kryty-airpods\\\/#primaryimage\"},\"thumbnailUrl\":\"https:\\\/\\\/www.letemsvetemapplem.eu\\\/bazar\\\/wp-content\\\/uploads\\\/2019\\\/09\\\/23933407-D780-44CA-9756-29E32DFBDFD0.jpeg\",\"articleSection\":[\"iPhone X\"],\"inLanguage\":\"cs\"},{\"@type\":\"WebPage\",\"@id\":\"https:\\\/\\\/www.letemsvetemapplem.eu\\\/bazar\\\/iphone-x-64gb-zaruka-kryty-airpods\\\/\",\"url\":\"https:\\\/\\\/www.letemsvetemapplem.eu\\\/bazar\\\/iphone-x-64gb-zaruka-kryty-airpods\\\/\",\"name\":\"iPhone X 64Gb + Z\u00e1ruka + Kryty + Airpods - Apple bazar\",\"isPartOf\":{\"@id\":\"https:\\\/\\\/www.letemsvetemapplem.eu\\\/bazar\\\/#website\"},\"primaryImageOfPage\":{\"@id\":\"https:\\\/\\\/www.letemsvetemapplem.eu\\\/bazar\\\/iphone-x-64gb-zaruka-kryty-airpods\\\/#primaryimage\"},\"image\":{\"@id\":\"https:\\\/\\\/www.letemsvetemapplem.eu\\\/bazar\\\/iphone-x-64gb-zaruka-kryty-airpods\\\/#primaryimage\"},\"thumbnailUrl\":\"https:\\\/\\\/www.letemsvetemapplem.eu\\\/bazar\\\/wp-content\\\/uploads\\\/2019\\\/09\\\/23933407-D780-44CA-9756-29E32DFBDFD0.jpeg\",\"datePublished\":\"2019-09-24T14:13:42+00:00\",\"dateModified\":\"2019-09-24T15:55:04+00:00\",\"author\":{\"@id\":\"\"},\"breadcrumb\":{\"@id\":\"https:\\\/\\\/www.letemsvetemapplem.eu\\\/bazar\\\/iphone-x-64gb-zaruka-kryty-airpods\\\/#breadcrumb\"},\"inLanguage\":\"cs\",\"potentialAction\":[{\"@type\":\"ReadAction\",\"target\":[\"https:\\\/\\\/www.letemsvetemapplem.eu\\\/bazar\\\/iphone-x-64gb-zaruka-kryty-airpods\\\/\"]}]},{\"@type\":\"ImageObject\",\"inLanguage\":\"cs\",\"@id\":\"https:\\\/\\\/www.letemsvetemapplem.eu\\\/bazar\\\/iphone-x-64gb-zaruka-kryty-airpods\\\/#primaryimage\",\"url\":\"https:\\\/\\\/www.letemsvetemapplem.eu\\\/bazar\\\/wp-content\\\/uploads\\\/2019\\\/09\\\/23933407-D780-44CA-9756-29E32DFBDFD0.jpeg\",\"contentUrl\":\"https:\\\/\\\/www.letemsvetemapplem.eu\\\/bazar\\\/wp-content\\\/uploads\\\/2019\\\/09\\\/23933407-D780-44CA-9756-29E32DFBDFD0.jpeg\",\"width\":3120,\"height\":4160},{\"@type\":\"BreadcrumbList\",\"@id\":\"https:\\\/\\\/www.letemsvetemapplem.eu\\\/bazar\\\/iphone-x-64gb-zaruka-kryty-airpods\\\/#breadcrumb\",\"itemListElement\":[{\"@type\":\"ListItem\",\"position\":1,\"name\":\"Apple Bazar\",\"item\":\"https:\\\/\\\/www.letemsvetemapplem.eu\\\/bazar\\\/\"},{\"@type\":\"ListItem\",\"position\":2,\"name\":\"iPhone X 64Gb + Z\u00e1ruka + Kryty + Airpods\"}]},{\"@type\":\"WebSite\",\"@id\":\"https:\\\/\\\/www.letemsvetemapplem.eu\\\/bazar\\\/#website\",\"url\":\"https:\\\/\\\/www.letemsvetemapplem.eu\\\/bazar\\\/\",\"name\":\"Apple bazar\",\"description\":\"Oou\u017eit\u00e9 Apple produkty za skv\u011bl\u00e9 ceny\",\"potentialAction\":[{\"@type\":\"SearchAction\",\"target\":{\"@type\":\"EntryPoint\",\"urlTemplate\":\"https:\\\/\\\/www.letemsvetemapplem.eu\\\/bazar\\\/?s={search_term_string}\"},\"query-input\":{\"@type\":\"PropertyValueSpecification\",\"valueRequired\":true,\"valueName\":\"search_term_string\"}}],\"inLanguage\":\"cs\"}]}<\/script>\n<!-- \/ Yoast SEO plugin. -->","yoast_head_json":{"title":"iPhone X 64Gb + Z\u00e1ruka + Kryty + Airpods - Apple bazar","robots":{"index":"index","follow":"follow","max-snippet":"max-snippet:-1","max-image-preview":"max-image-preview:large","max-video-preview":"max-video-preview:-1"},"canonical":"https:\/\/www.letemsvetemapplem.eu\/bazar\/iphone-x-64gb-zaruka-kryty-airpods\/","og_locale":"cs_CZ","og_type":"article","og_title":"iPhone X 64Gb + Z\u00e1ruka + Kryty + Airpods - Apple bazar","og_description":"Dobr\u00fd den,&lt;br \/&gt;&lt;br \/&gt;&lt;br \/&gt; nab\u00edz\u00edm k prodeji mobiln\u00ed telefon Apple iPhone X.&lt;br \/&gt;&lt;br \/&gt;&lt;br \/&gt; Kapacita 64gb, vesm\u00edrn\u011b \u0161ed\u00fd. Zakoupen listopad 2018 u czc.cz = telefon je st\u00e1le v z\u00e1ruce.&lt;br \/&gt;&lt;br \/&gt;&lt;br \/&gt; Stav odpov\u00edd\u00e1 nov\u00e9mu kusu.&lt;br \/&gt;&lt;br \/&gt;&lt;br \/&gt; Od rozbalen\u00ed nalepeno ochrann\u00e9 sklo a no\u0161en v\u017edy v krytu.&lt;br \/&gt;&lt;br \/&gt;&lt;br \/&gt; Na...","og_url":"https:\/\/www.letemsvetemapplem.eu\/bazar\/iphone-x-64gb-zaruka-kryty-airpods\/","og_site_name":"Apple bazar","article_published_time":"2019-09-24T14:13:42+00:00","article_modified_time":"2019-09-24T15:55:04+00:00","og_image":[{"width":3120,"height":4160,"url":"https:\/\/www.letemsvetemapplem.eu\/bazar\/wp-content\/uploads\/2019\/09\/23933407-D780-44CA-9756-29E32DFBDFD0.jpeg","type":"image\/jpeg"}],"twitter_card":"summary_large_image","schema":{"@context":"https:\/\/schema.org","@graph":[{"@type":"Article","@id":"https:\/\/www.letemsvetemapplem.eu\/bazar\/iphone-x-64gb-zaruka-kryty-airpods\/#article","isPartOf":{"@id":"https:\/\/www.letemsvetemapplem.eu\/bazar\/iphone-x-64gb-zaruka-kryty-airpods\/"},"author":{"name":"","@id":""},"headline":"iPhone X 64Gb + Z\u00e1ruka + Kryty + Airpods","datePublished":"2019-09-24T14:13:42+00:00","dateModified":"2019-09-24T15:55:04+00:00","mainEntityOfPage":{"@id":"https:\/\/www.letemsvetemapplem.eu\/bazar\/iphone-x-64gb-zaruka-kryty-airpods\/"},"wordCount":423,"image":{"@id":"https:\/\/www.letemsvetemapplem.eu\/bazar\/iphone-x-64gb-zaruka-kryty-airpods\/#primaryimage"},"thumbnailUrl":"https:\/\/www.letemsvetemapplem.eu\/bazar\/wp-content\/uploads\/2019\/09\/23933407-D780-44CA-9756-29E32DFBDFD0.jpeg","articleSection":["iPhone X"],"inLanguage":"cs"},{"@type":"WebPage","@id":"https:\/\/www.letemsvetemapplem.eu\/bazar\/iphone-x-64gb-zaruka-kryty-airpods\/","url":"https:\/\/www.letemsvetemapplem.eu\/bazar\/iphone-x-64gb-zaruka-kryty-airpods\/","name":"iPhone X 64Gb + Z\u00e1ruka + Kryty + Airpods - Apple bazar","isPartOf":{"@id":"https:\/\/www.letemsvetemapplem.eu\/bazar\/#website"},"primaryImageOfPage":{"@id":"https:\/\/www.letemsvetemapplem.eu\/bazar\/iphone-x-64gb-zaruka-kryty-airpods\/#primaryimage"},"image":{"@id":"https:\/\/www.letemsvetemapplem.eu\/bazar\/iphone-x-64gb-zaruka-kryty-airpods\/#primaryimage"},"thumbnailUrl":"https:\/\/www.letemsvetemapplem.eu\/bazar\/wp-content\/uploads\/2019\/09\/23933407-D780-44CA-9756-29E32DFBDFD0.jpeg","datePublished":"2019-09-24T14:13:42+00:00","dateModified":"2019-09-24T15:55:04+00:00","author":{"@id":""},"breadcrumb":{"@id":"https:\/\/www.letemsvetemapplem.eu\/bazar\/iphone-x-64gb-zaruka-kryty-airpods\/#breadcrumb"},"inLanguage":"cs","potentialAction":[{"@type":"ReadAction","target":["https:\/\/www.letemsvetemapplem.eu\/bazar\/iphone-x-64gb-zaruka-kryty-airpods\/"]}]},{"@type":"ImageObject","inLanguage":"cs","@id":"https:\/\/www.letemsvetemapplem.eu\/bazar\/iphone-x-64gb-zaruka-kryty-airpods\/#primaryimage","url":"https:\/\/www.letemsvetemapplem.eu\/bazar\/wp-content\/uploads\/2019\/09\/23933407-D780-44CA-9756-29E32DFBDFD0.jpeg","contentUrl":"https:\/\/www.letemsvetemapplem.eu\/bazar\/wp-content\/uploads\/2019\/09\/23933407-D780-44CA-9756-29E32DFBDFD0.jpeg","width":3120,"height":4160},{"@type":"BreadcrumbList","@id":"https:\/\/www.letemsvetemapplem.eu\/bazar\/iphone-x-64gb-zaruka-kryty-airpods\/#breadcrumb","itemListElement":[{"@type":"ListItem","position":1,"name":"Apple Bazar","item":"https:\/\/www.letemsvetemapplem.eu\/bazar\/"},{"@type":"ListItem","position":2,"name":"iPhone X 64Gb + Z\u00e1ruka + Kryty + Airpods"}]},{"@type":"WebSite","@id":"https:\/\/www.letemsvetemapplem.eu\/bazar\/#website","url":"https:\/\/www.letemsvetemapplem.eu\/bazar\/","name":"Apple bazar","description":"Oou\u017eit\u00e9 Apple produkty za skv\u011bl\u00e9 ceny","potentialAction":[{"@type":"SearchAction","target":{"@type":"EntryPoint","urlTemplate":"https:\/\/www.letemsvetemapplem.eu\/bazar\/?s={search_term_string}"},"query-input":{"@type":"PropertyValueSpecification","valueRequired":true,"valueName":"search_term_string"}}],"inLanguage":"cs"}]}},"_links":{"self":[{"href":"https:\/\/www.letemsvetemapplem.eu\/bazar\/wp-json\/wp\/v2\/posts\/165139","targetHints":{"allow":["GET"]}}],"collection":[{"href":"https:\/\/www.letemsvetemapplem.eu\/bazar\/wp-json\/wp\/v2\/posts"}],"about":[{"href":"https:\/\/www.letemsvetemapplem.eu\/bazar\/wp-json\/wp\/v2\/types\/post"}],"replies":[{"embeddable":true,"href":"https:\/\/www.letemsvetemapplem.eu\/bazar\/wp-json\/wp\/v2\/comments?post=165139"}],"version-history":[{"count":0,"href":"https:\/\/www.letemsvetemapplem.eu\/bazar\/wp-json\/wp\/v2\/posts\/165139\/revisions"}],"wp:featuredmedia":[{"embeddable":true,"href":"https:\/\/www.letemsvetemapplem.eu\/bazar\/wp-json\/wp\/v2\/media\/165140"}],"wp:attachment":[{"href":"https:\/\/www.letemsvetemapplem.eu\/bazar\/wp-json\/wp\/v2\/media?parent=165139"}],"wp:term":[{"taxonomy":"category","embeddable":true,"href":"https:\/\/www.letemsvetemapplem.eu\/bazar\/wp-json\/wp\/v2\/categories?post=165139"},{"taxonomy":"post_tag","embeddable":true,"href":"https:\/\/www.letemsvetemapplem.eu\/bazar\/wp-json\/wp\/v2\/tags?post=165139"}],"curies":[{"name":"wp","href":"https:\/\/api.w.org\/{rel}","templated":true}]}}