{"id":159307,"date":"2019-08-05T11:22:09","date_gmt":"2019-08-05T10:22:09","guid":{"rendered":"https:\/\/www.letemsvetemapplem.eu\/bazar\/?p=159307"},"modified":"2019-08-05T11:22:09","modified_gmt":"2019-08-05T10:22:09","slug":"mac-21-5-inch2012-27-ghz-i5-1tb-sata","status":"publish","type":"post","link":"https:\/\/www.letemsvetemapplem.eu\/bazar\/mac-21-5-inch2012-27-ghz-i5-1tb-sata\/","title":{"rendered":"Mac 21.5 inch,2012 ,2,7 GHz I5, 1TB SATA"},"content":{"rendered":"<p>Denn\u011b pou\u017e\u00edvan\u00fd iMac ale ve velmi dobr\u00e9m stavu, jev\u00ed zn\u00e1mky b\u011b\u017en\u00e9ho u\u017e\u00edv\u00e1n\u00ed. Opera\u010dn\u00ed system Mojave. S klavesnic\u00ed, s\u00ed\u0165ov\u00fdm kabelem a Magic Mouse.<br \/>\nPo rozsv\u00edcen\u00ed displeje jsou v jeho doln\u00edch roz\u00edch viditeln\u00e9 barevn\u00e9 nesrovnalosti, kter\u00e9 nebr\u00e1n\u00ed b\u011b\u017en\u00e9mu u\u017e\u00edv\u00e1n\u00ed.technicke specifikace:<\/p>\n<p>iMac 21.5 inch, late 2012<br \/>\nProcessor: 2,7 GHz Intel Core i5<br \/>\nMemory: 8GB 1600 MHz DDR3<br \/>\nGrafika: NVIDIA GeForce GT 640M 512MB<br \/>\nDisplay: 21,5 inch (1920&#215;1080)<\/p>\n","protected":false},"excerpt":{"rendered":"<p>Denn\u011b pou\u017e\u00edvan\u00fd iMac ale ve velmi dobr\u00e9m stavu, jev\u00ed zn\u00e1mky b\u011b\u017en\u00e9ho u\u017e\u00edv\u00e1n\u00ed. Opera\u010dn\u00ed system Mojave. S klavesnic\u00ed, s\u00ed\u0165ov\u00fdm kabelem a Magic Mouse. Po rozsv\u00edcen\u00ed displeje jsou v jeho doln\u00edch roz\u00edch viditeln\u00e9 barevn\u00e9 nesrovnalosti, kter\u00e9 nebr\u00e1n\u00ed b\u011b\u017en\u00e9mu u\u017e\u00edv\u00e1n\u00ed.technicke specifikace: iMac 21.5 inch, late 2012 Processor: 2,7 GHz Intel Core i5 Memory: 8GB 1600 MHz DDR3 Grafika:&#8230;<\/p>\n","protected":false},"author":0,"featured_media":159308,"comment_status":"closed","ping_status":"closed","sticky":false,"template":"","format":"standard","meta":{"footnotes":""},"categories":[41],"tags":[],"class_list":["post-159307","post","type-post","status-publish","format-standard","has-post-thumbnail","hentry","category-imac"],"yoast_head":"<!-- This site is optimized with the Yoast SEO plugin v27.2 - https:\/\/yoast.com\/product\/yoast-seo-wordpress\/ -->\n<title>Mac 21.5 inch,2012 ,2,7 GHz I5, 1TB SATA - Apple bazar<\/title>\n<meta name=\"robots\" content=\"index, follow, max-snippet:-1, max-image-preview:large, max-video-preview:-1\" \/>\n<link rel=\"canonical\" href=\"https:\/\/www.letemsvetemapplem.eu\/bazar\/mac-21-5-inch2012-27-ghz-i5-1tb-sata\/\" \/>\n<meta property=\"og:locale\" content=\"cs_CZ\" \/>\n<meta property=\"og:type\" content=\"article\" \/>\n<meta property=\"og:title\" content=\"Mac 21.5 inch,2012 ,2,7 GHz I5, 1TB SATA - Apple bazar\" \/>\n<meta property=\"og:description\" content=\"Denn\u011b pou\u017e\u00edvan\u00fd iMac ale ve velmi dobr\u00e9m stavu, jev\u00ed zn\u00e1mky b\u011b\u017en\u00e9ho u\u017e\u00edv\u00e1n\u00ed. Opera\u010dn\u00ed system Mojave. S klavesnic\u00ed, s\u00ed\u0165ov\u00fdm kabelem a Magic Mouse. Po rozsv\u00edcen\u00ed displeje jsou v jeho doln\u00edch roz\u00edch viditeln\u00e9 barevn\u00e9 nesrovnalosti, kter\u00e9 nebr\u00e1n\u00ed b\u011b\u017en\u00e9mu u\u017e\u00edv\u00e1n\u00ed.technicke specifikace: iMac 21.5 inch, late 2012 Processor: 2,7 GHz Intel Core i5 Memory: 8GB 1600 MHz DDR3 Grafika:...\" \/>\n<meta property=\"og:url\" content=\"https:\/\/www.letemsvetemapplem.eu\/bazar\/mac-21-5-inch2012-27-ghz-i5-1tb-sata\/\" \/>\n<meta property=\"og:site_name\" content=\"Apple bazar\" \/>\n<meta property=\"article:published_time\" content=\"2019-08-05T10:22:09+00:00\" \/>\n<meta property=\"og:image\" content=\"https:\/\/www.letemsvetemapplem.eu\/bazar\/wp-content\/uploads\/2019\/08\/IMG-3857-copy.jpg\" \/>\n\t<meta property=\"og:image:width\" content=\"2930\" \/>\n\t<meta property=\"og:image:height\" content=\"3869\" \/>\n\t<meta property=\"og:image:type\" content=\"image\/jpeg\" \/>\n<meta name=\"twitter:card\" content=\"summary_large_image\" \/>\n<script type=\"application\/ld+json\" class=\"yoast-schema-graph\">{\"@context\":\"https:\/\/schema.org\",\"@graph\":[{\"@type\":\"Article\",\"@id\":\"https:\/\/www.letemsvetemapplem.eu\/bazar\/mac-21-5-inch2012-27-ghz-i5-1tb-sata\/#article\",\"isPartOf\":{\"@id\":\"https:\/\/www.letemsvetemapplem.eu\/bazar\/mac-21-5-inch2012-27-ghz-i5-1tb-sata\/\"},\"author\":{\"name\":\"\",\"@id\":\"\"},\"headline\":\"Mac 21.5 inch,2012 ,2,7 GHz I5, 1TB SATA\",\"datePublished\":\"2019-08-05T10:22:09+00:00\",\"mainEntityOfPage\":{\"@id\":\"https:\/\/www.letemsvetemapplem.eu\/bazar\/mac-21-5-inch2012-27-ghz-i5-1tb-sata\/\"},\"wordCount\":84,\"image\":{\"@id\":\"https:\/\/www.letemsvetemapplem.eu\/bazar\/mac-21-5-inch2012-27-ghz-i5-1tb-sata\/#primaryimage\"},\"thumbnailUrl\":\"https:\/\/www.letemsvetemapplem.eu\/bazar\/wp-content\/uploads\/2019\/08\/IMG-3857-copy.jpg\",\"articleSection\":[\"iMac\"],\"inLanguage\":\"cs\"},{\"@type\":\"WebPage\",\"@id\":\"https:\/\/www.letemsvetemapplem.eu\/bazar\/mac-21-5-inch2012-27-ghz-i5-1tb-sata\/\",\"url\":\"https:\/\/www.letemsvetemapplem.eu\/bazar\/mac-21-5-inch2012-27-ghz-i5-1tb-sata\/\",\"name\":\"Mac 21.5 inch,2012 ,2,7 GHz I5, 1TB SATA - Apple bazar\",\"isPartOf\":{\"@id\":\"https:\/\/www.letemsvetemapplem.eu\/bazar\/#website\"},\"primaryImageOfPage\":{\"@id\":\"https:\/\/www.letemsvetemapplem.eu\/bazar\/mac-21-5-inch2012-27-ghz-i5-1tb-sata\/#primaryimage\"},\"image\":{\"@id\":\"https:\/\/www.letemsvetemapplem.eu\/bazar\/mac-21-5-inch2012-27-ghz-i5-1tb-sata\/#primaryimage\"},\"thumbnailUrl\":\"https:\/\/www.letemsvetemapplem.eu\/bazar\/wp-content\/uploads\/2019\/08\/IMG-3857-copy.jpg\",\"datePublished\":\"2019-08-05T10:22:09+00:00\",\"author\":{\"@id\":\"\"},\"breadcrumb\":{\"@id\":\"https:\/\/www.letemsvetemapplem.eu\/bazar\/mac-21-5-inch2012-27-ghz-i5-1tb-sata\/#breadcrumb\"},\"inLanguage\":\"cs\",\"potentialAction\":[{\"@type\":\"ReadAction\",\"target\":[\"https:\/\/www.letemsvetemapplem.eu\/bazar\/mac-21-5-inch2012-27-ghz-i5-1tb-sata\/\"]}]},{\"@type\":\"ImageObject\",\"inLanguage\":\"cs\",\"@id\":\"https:\/\/www.letemsvetemapplem.eu\/bazar\/mac-21-5-inch2012-27-ghz-i5-1tb-sata\/#primaryimage\",\"url\":\"https:\/\/www.letemsvetemapplem.eu\/bazar\/wp-content\/uploads\/2019\/08\/IMG-3857-copy.jpg\",\"contentUrl\":\"https:\/\/www.letemsvetemapplem.eu\/bazar\/wp-content\/uploads\/2019\/08\/IMG-3857-copy.jpg\",\"width\":2930,\"height\":3869},{\"@type\":\"BreadcrumbList\",\"@id\":\"https:\/\/www.letemsvetemapplem.eu\/bazar\/mac-21-5-inch2012-27-ghz-i5-1tb-sata\/#breadcrumb\",\"itemListElement\":[{\"@type\":\"ListItem\",\"position\":1,\"name\":\"Apple Bazar\",\"item\":\"https:\/\/www.letemsvetemapplem.eu\/bazar\/\"},{\"@type\":\"ListItem\",\"position\":2,\"name\":\"Mac 21.5 inch,2012 ,2,7 GHz I5, 1TB SATA\"}]},{\"@type\":\"WebSite\",\"@id\":\"https:\/\/www.letemsvetemapplem.eu\/bazar\/#website\",\"url\":\"https:\/\/www.letemsvetemapplem.eu\/bazar\/\",\"name\":\"Apple bazar\",\"description\":\"Oou\u017eit\u00e9 Apple produkty za skv\u011bl\u00e9 ceny\",\"potentialAction\":[{\"@type\":\"SearchAction\",\"target\":{\"@type\":\"EntryPoint\",\"urlTemplate\":\"https:\/\/www.letemsvetemapplem.eu\/bazar\/?s={search_term_string}\"},\"query-input\":{\"@type\":\"PropertyValueSpecification\",\"valueRequired\":true,\"valueName\":\"search_term_string\"}}],\"inLanguage\":\"cs\"}]}<\/script>\n<!-- \/ Yoast SEO plugin. -->","yoast_head_json":{"title":"Mac 21.5 inch,2012 ,2,7 GHz I5, 1TB SATA - Apple bazar","robots":{"index":"index","follow":"follow","max-snippet":"max-snippet:-1","max-image-preview":"max-image-preview:large","max-video-preview":"max-video-preview:-1"},"canonical":"https:\/\/www.letemsvetemapplem.eu\/bazar\/mac-21-5-inch2012-27-ghz-i5-1tb-sata\/","og_locale":"cs_CZ","og_type":"article","og_title":"Mac 21.5 inch,2012 ,2,7 GHz I5, 1TB SATA - Apple bazar","og_description":"Denn\u011b pou\u017e\u00edvan\u00fd iMac ale ve velmi dobr\u00e9m stavu, jev\u00ed zn\u00e1mky b\u011b\u017en\u00e9ho u\u017e\u00edv\u00e1n\u00ed. Opera\u010dn\u00ed system Mojave. S klavesnic\u00ed, s\u00ed\u0165ov\u00fdm kabelem a Magic Mouse. Po rozsv\u00edcen\u00ed displeje jsou v jeho doln\u00edch roz\u00edch viditeln\u00e9 barevn\u00e9 nesrovnalosti, kter\u00e9 nebr\u00e1n\u00ed b\u011b\u017en\u00e9mu u\u017e\u00edv\u00e1n\u00ed.technicke specifikace: iMac 21.5 inch, late 2012 Processor: 2,7 GHz Intel Core i5 Memory: 8GB 1600 MHz DDR3 Grafika:...","og_url":"https:\/\/www.letemsvetemapplem.eu\/bazar\/mac-21-5-inch2012-27-ghz-i5-1tb-sata\/","og_site_name":"Apple bazar","article_published_time":"2019-08-05T10:22:09+00:00","og_image":[{"width":2930,"height":3869,"url":"https:\/\/www.letemsvetemapplem.eu\/bazar\/wp-content\/uploads\/2019\/08\/IMG-3857-copy.jpg","type":"image\/jpeg"}],"twitter_card":"summary_large_image","schema":{"@context":"https:\/\/schema.org","@graph":[{"@type":"Article","@id":"https:\/\/www.letemsvetemapplem.eu\/bazar\/mac-21-5-inch2012-27-ghz-i5-1tb-sata\/#article","isPartOf":{"@id":"https:\/\/www.letemsvetemapplem.eu\/bazar\/mac-21-5-inch2012-27-ghz-i5-1tb-sata\/"},"author":{"name":"","@id":""},"headline":"Mac 21.5 inch,2012 ,2,7 GHz I5, 1TB SATA","datePublished":"2019-08-05T10:22:09+00:00","mainEntityOfPage":{"@id":"https:\/\/www.letemsvetemapplem.eu\/bazar\/mac-21-5-inch2012-27-ghz-i5-1tb-sata\/"},"wordCount":84,"image":{"@id":"https:\/\/www.letemsvetemapplem.eu\/bazar\/mac-21-5-inch2012-27-ghz-i5-1tb-sata\/#primaryimage"},"thumbnailUrl":"https:\/\/www.letemsvetemapplem.eu\/bazar\/wp-content\/uploads\/2019\/08\/IMG-3857-copy.jpg","articleSection":["iMac"],"inLanguage":"cs"},{"@type":"WebPage","@id":"https:\/\/www.letemsvetemapplem.eu\/bazar\/mac-21-5-inch2012-27-ghz-i5-1tb-sata\/","url":"https:\/\/www.letemsvetemapplem.eu\/bazar\/mac-21-5-inch2012-27-ghz-i5-1tb-sata\/","name":"Mac 21.5 inch,2012 ,2,7 GHz I5, 1TB SATA - Apple bazar","isPartOf":{"@id":"https:\/\/www.letemsvetemapplem.eu\/bazar\/#website"},"primaryImageOfPage":{"@id":"https:\/\/www.letemsvetemapplem.eu\/bazar\/mac-21-5-inch2012-27-ghz-i5-1tb-sata\/#primaryimage"},"image":{"@id":"https:\/\/www.letemsvetemapplem.eu\/bazar\/mac-21-5-inch2012-27-ghz-i5-1tb-sata\/#primaryimage"},"thumbnailUrl":"https:\/\/www.letemsvetemapplem.eu\/bazar\/wp-content\/uploads\/2019\/08\/IMG-3857-copy.jpg","datePublished":"2019-08-05T10:22:09+00:00","author":{"@id":""},"breadcrumb":{"@id":"https:\/\/www.letemsvetemapplem.eu\/bazar\/mac-21-5-inch2012-27-ghz-i5-1tb-sata\/#breadcrumb"},"inLanguage":"cs","potentialAction":[{"@type":"ReadAction","target":["https:\/\/www.letemsvetemapplem.eu\/bazar\/mac-21-5-inch2012-27-ghz-i5-1tb-sata\/"]}]},{"@type":"ImageObject","inLanguage":"cs","@id":"https:\/\/www.letemsvetemapplem.eu\/bazar\/mac-21-5-inch2012-27-ghz-i5-1tb-sata\/#primaryimage","url":"https:\/\/www.letemsvetemapplem.eu\/bazar\/wp-content\/uploads\/2019\/08\/IMG-3857-copy.jpg","contentUrl":"https:\/\/www.letemsvetemapplem.eu\/bazar\/wp-content\/uploads\/2019\/08\/IMG-3857-copy.jpg","width":2930,"height":3869},{"@type":"BreadcrumbList","@id":"https:\/\/www.letemsvetemapplem.eu\/bazar\/mac-21-5-inch2012-27-ghz-i5-1tb-sata\/#breadcrumb","itemListElement":[{"@type":"ListItem","position":1,"name":"Apple Bazar","item":"https:\/\/www.letemsvetemapplem.eu\/bazar\/"},{"@type":"ListItem","position":2,"name":"Mac 21.5 inch,2012 ,2,7 GHz I5, 1TB SATA"}]},{"@type":"WebSite","@id":"https:\/\/www.letemsvetemapplem.eu\/bazar\/#website","url":"https:\/\/www.letemsvetemapplem.eu\/bazar\/","name":"Apple bazar","description":"Oou\u017eit\u00e9 Apple produkty za skv\u011bl\u00e9 ceny","potentialAction":[{"@type":"SearchAction","target":{"@type":"EntryPoint","urlTemplate":"https:\/\/www.letemsvetemapplem.eu\/bazar\/?s={search_term_string}"},"query-input":{"@type":"PropertyValueSpecification","valueRequired":true,"valueName":"search_term_string"}}],"inLanguage":"cs"}]}},"_links":{"self":[{"href":"https:\/\/www.letemsvetemapplem.eu\/bazar\/wp-json\/wp\/v2\/posts\/159307","targetHints":{"allow":["GET"]}}],"collection":[{"href":"https:\/\/www.letemsvetemapplem.eu\/bazar\/wp-json\/wp\/v2\/posts"}],"about":[{"href":"https:\/\/www.letemsvetemapplem.eu\/bazar\/wp-json\/wp\/v2\/types\/post"}],"replies":[{"embeddable":true,"href":"https:\/\/www.letemsvetemapplem.eu\/bazar\/wp-json\/wp\/v2\/comments?post=159307"}],"version-history":[{"count":0,"href":"https:\/\/www.letemsvetemapplem.eu\/bazar\/wp-json\/wp\/v2\/posts\/159307\/revisions"}],"wp:featuredmedia":[{"embeddable":true,"href":"https:\/\/www.letemsvetemapplem.eu\/bazar\/wp-json\/wp\/v2\/media\/159308"}],"wp:attachment":[{"href":"https:\/\/www.letemsvetemapplem.eu\/bazar\/wp-json\/wp\/v2\/media?parent=159307"}],"wp:term":[{"taxonomy":"category","embeddable":true,"href":"https:\/\/www.letemsvetemapplem.eu\/bazar\/wp-json\/wp\/v2\/categories?post=159307"},{"taxonomy":"post_tag","embeddable":true,"href":"https:\/\/www.letemsvetemapplem.eu\/bazar\/wp-json\/wp\/v2\/tags?post=159307"}],"curies":[{"name":"wp","href":"https:\/\/api.w.org\/{rel}","templated":true}]}}