{"id":158699,"date":"2019-07-26T11:20:28","date_gmt":"2019-07-26T10:20:28","guid":{"rendered":"https:\/\/www.letemsvetemapplem.eu\/bazar\/?p=158699"},"modified":"2019-07-26T11:20:28","modified_gmt":"2019-07-26T10:20:28","slug":"mac-mini-2010-fusion-drive-3","status":"publish","type":"post","link":"https:\/\/www.letemsvetemapplem.eu\/bazar\/mac-mini-2010-fusion-drive-3\/","title":{"rendered":"mac mini 2010 fusion drive"},"content":{"rendered":"<p>Pln\u011b funk\u010dn\u00ed mac mini v Top stavu. Konfigurace viz foto. Vytvo\u0159en\u00fd fusion disk z 1TB hdd + 120GB ssd<br \/>\nOproti klasick\u00e9mu disku je opravdu zn\u00e1t  rychlost a svi\u017enost syst\u00e9mu.<br \/>\nSSD disk vlo\u017een m\u00edsto DVD mechaniky.<br \/>\nK Macu mohu p\u0159idat magic kl\u00e1vesnici a magic my\u0161,cena + 1500kc.<br \/>\nD\u016fvod prodeje p\u0159echod na nov\u011bj\u0161\u00ed model.<\/p>\n","protected":false},"excerpt":{"rendered":"<p>Pln\u011b funk\u010dn\u00ed mac mini v Top stavu. Konfigurace viz foto. Vytvo\u0159en\u00fd fusion disk z 1TB hdd + 120GB ssd Oproti klasick\u00e9mu disku je opravdu zn\u00e1t rychlost a svi\u017enost syst\u00e9mu. SSD disk vlo\u017een m\u00edsto DVD mechaniky. K Macu mohu p\u0159idat magic kl\u00e1vesnici a magic my\u0161,cena + 1500kc. D\u016fvod prodeje p\u0159echod na nov\u011bj\u0161\u00ed model.<\/p>\n","protected":false},"author":0,"featured_media":158700,"comment_status":"closed","ping_status":"closed","sticky":false,"template":"","format":"standard","meta":{"footnotes":""},"categories":[44],"tags":[],"class_list":["post-158699","post","type-post","status-publish","format-standard","has-post-thumbnail","hentry","category-mac-mini"],"yoast_head":"<!-- This site is optimized with the Yoast SEO plugin v27.2 - https:\/\/yoast.com\/product\/yoast-seo-wordpress\/ -->\n<title>mac mini 2010 fusion drive - Apple bazar<\/title>\n<meta name=\"robots\" content=\"index, follow, max-snippet:-1, max-image-preview:large, max-video-preview:-1\" \/>\n<link rel=\"canonical\" href=\"https:\/\/www.letemsvetemapplem.eu\/bazar\/mac-mini-2010-fusion-drive-3\/\" \/>\n<meta property=\"og:locale\" content=\"cs_CZ\" \/>\n<meta property=\"og:type\" content=\"article\" \/>\n<meta property=\"og:title\" content=\"mac mini 2010 fusion drive - Apple bazar\" \/>\n<meta property=\"og:description\" content=\"Pln\u011b funk\u010dn\u00ed mac mini v Top stavu. Konfigurace viz foto. Vytvo\u0159en\u00fd fusion disk z 1TB hdd + 120GB ssd Oproti klasick\u00e9mu disku je opravdu zn\u00e1t rychlost a svi\u017enost syst\u00e9mu. SSD disk vlo\u017een m\u00edsto DVD mechaniky. K Macu mohu p\u0159idat magic kl\u00e1vesnici a magic my\u0161,cena + 1500kc. D\u016fvod prodeje p\u0159echod na nov\u011bj\u0161\u00ed model.\" \/>\n<meta property=\"og:url\" content=\"https:\/\/www.letemsvetemapplem.eu\/bazar\/mac-mini-2010-fusion-drive-3\/\" \/>\n<meta property=\"og:site_name\" content=\"Apple bazar\" \/>\n<meta property=\"article:published_time\" content=\"2019-07-26T10:20:28+00:00\" \/>\n<meta property=\"og:image\" content=\"https:\/\/www.letemsvetemapplem.eu\/bazar\/wp-content\/uploads\/2019\/07\/IMG_1740.jpg\" \/>\n\t<meta property=\"og:image:width\" content=\"4032\" \/>\n\t<meta property=\"og:image:height\" content=\"3024\" \/>\n\t<meta property=\"og:image:type\" content=\"image\/jpeg\" \/>\n<meta name=\"twitter:card\" content=\"summary_large_image\" \/>\n<script type=\"application\/ld+json\" class=\"yoast-schema-graph\">{\"@context\":\"https:\/\/schema.org\",\"@graph\":[{\"@type\":\"Article\",\"@id\":\"https:\/\/www.letemsvetemapplem.eu\/bazar\/mac-mini-2010-fusion-drive-3\/#article\",\"isPartOf\":{\"@id\":\"https:\/\/www.letemsvetemapplem.eu\/bazar\/mac-mini-2010-fusion-drive-3\/\"},\"author\":{\"name\":\"\",\"@id\":\"\"},\"headline\":\"mac mini 2010 fusion drive\",\"datePublished\":\"2019-07-26T10:20:28+00:00\",\"mainEntityOfPage\":{\"@id\":\"https:\/\/www.letemsvetemapplem.eu\/bazar\/mac-mini-2010-fusion-drive-3\/\"},\"wordCount\":68,\"image\":{\"@id\":\"https:\/\/www.letemsvetemapplem.eu\/bazar\/mac-mini-2010-fusion-drive-3\/#primaryimage\"},\"thumbnailUrl\":\"https:\/\/www.letemsvetemapplem.eu\/bazar\/wp-content\/uploads\/2019\/07\/IMG_1740.jpg\",\"articleSection\":[\"Mac mini\"],\"inLanguage\":\"cs\"},{\"@type\":\"WebPage\",\"@id\":\"https:\/\/www.letemsvetemapplem.eu\/bazar\/mac-mini-2010-fusion-drive-3\/\",\"url\":\"https:\/\/www.letemsvetemapplem.eu\/bazar\/mac-mini-2010-fusion-drive-3\/\",\"name\":\"mac mini 2010 fusion drive - Apple bazar\",\"isPartOf\":{\"@id\":\"https:\/\/www.letemsvetemapplem.eu\/bazar\/#website\"},\"primaryImageOfPage\":{\"@id\":\"https:\/\/www.letemsvetemapplem.eu\/bazar\/mac-mini-2010-fusion-drive-3\/#primaryimage\"},\"image\":{\"@id\":\"https:\/\/www.letemsvetemapplem.eu\/bazar\/mac-mini-2010-fusion-drive-3\/#primaryimage\"},\"thumbnailUrl\":\"https:\/\/www.letemsvetemapplem.eu\/bazar\/wp-content\/uploads\/2019\/07\/IMG_1740.jpg\",\"datePublished\":\"2019-07-26T10:20:28+00:00\",\"author\":{\"@id\":\"\"},\"breadcrumb\":{\"@id\":\"https:\/\/www.letemsvetemapplem.eu\/bazar\/mac-mini-2010-fusion-drive-3\/#breadcrumb\"},\"inLanguage\":\"cs\",\"potentialAction\":[{\"@type\":\"ReadAction\",\"target\":[\"https:\/\/www.letemsvetemapplem.eu\/bazar\/mac-mini-2010-fusion-drive-3\/\"]}]},{\"@type\":\"ImageObject\",\"inLanguage\":\"cs\",\"@id\":\"https:\/\/www.letemsvetemapplem.eu\/bazar\/mac-mini-2010-fusion-drive-3\/#primaryimage\",\"url\":\"https:\/\/www.letemsvetemapplem.eu\/bazar\/wp-content\/uploads\/2019\/07\/IMG_1740.jpg\",\"contentUrl\":\"https:\/\/www.letemsvetemapplem.eu\/bazar\/wp-content\/uploads\/2019\/07\/IMG_1740.jpg\",\"width\":4032,\"height\":3024},{\"@type\":\"BreadcrumbList\",\"@id\":\"https:\/\/www.letemsvetemapplem.eu\/bazar\/mac-mini-2010-fusion-drive-3\/#breadcrumb\",\"itemListElement\":[{\"@type\":\"ListItem\",\"position\":1,\"name\":\"Apple Bazar\",\"item\":\"https:\/\/www.letemsvetemapplem.eu\/bazar\/\"},{\"@type\":\"ListItem\",\"position\":2,\"name\":\"mac mini 2010 fusion drive\"}]},{\"@type\":\"WebSite\",\"@id\":\"https:\/\/www.letemsvetemapplem.eu\/bazar\/#website\",\"url\":\"https:\/\/www.letemsvetemapplem.eu\/bazar\/\",\"name\":\"Apple bazar\",\"description\":\"Oou\u017eit\u00e9 Apple produkty za skv\u011bl\u00e9 ceny\",\"potentialAction\":[{\"@type\":\"SearchAction\",\"target\":{\"@type\":\"EntryPoint\",\"urlTemplate\":\"https:\/\/www.letemsvetemapplem.eu\/bazar\/?s={search_term_string}\"},\"query-input\":{\"@type\":\"PropertyValueSpecification\",\"valueRequired\":true,\"valueName\":\"search_term_string\"}}],\"inLanguage\":\"cs\"}]}<\/script>\n<!-- \/ Yoast SEO plugin. -->","yoast_head_json":{"title":"mac mini 2010 fusion drive - Apple bazar","robots":{"index":"index","follow":"follow","max-snippet":"max-snippet:-1","max-image-preview":"max-image-preview:large","max-video-preview":"max-video-preview:-1"},"canonical":"https:\/\/www.letemsvetemapplem.eu\/bazar\/mac-mini-2010-fusion-drive-3\/","og_locale":"cs_CZ","og_type":"article","og_title":"mac mini 2010 fusion drive - Apple bazar","og_description":"Pln\u011b funk\u010dn\u00ed mac mini v Top stavu. Konfigurace viz foto. Vytvo\u0159en\u00fd fusion disk z 1TB hdd + 120GB ssd Oproti klasick\u00e9mu disku je opravdu zn\u00e1t rychlost a svi\u017enost syst\u00e9mu. SSD disk vlo\u017een m\u00edsto DVD mechaniky. K Macu mohu p\u0159idat magic kl\u00e1vesnici a magic my\u0161,cena + 1500kc. D\u016fvod prodeje p\u0159echod na nov\u011bj\u0161\u00ed model.","og_url":"https:\/\/www.letemsvetemapplem.eu\/bazar\/mac-mini-2010-fusion-drive-3\/","og_site_name":"Apple bazar","article_published_time":"2019-07-26T10:20:28+00:00","og_image":[{"width":4032,"height":3024,"url":"https:\/\/www.letemsvetemapplem.eu\/bazar\/wp-content\/uploads\/2019\/07\/IMG_1740.jpg","type":"image\/jpeg"}],"twitter_card":"summary_large_image","schema":{"@context":"https:\/\/schema.org","@graph":[{"@type":"Article","@id":"https:\/\/www.letemsvetemapplem.eu\/bazar\/mac-mini-2010-fusion-drive-3\/#article","isPartOf":{"@id":"https:\/\/www.letemsvetemapplem.eu\/bazar\/mac-mini-2010-fusion-drive-3\/"},"author":{"name":"","@id":""},"headline":"mac mini 2010 fusion drive","datePublished":"2019-07-26T10:20:28+00:00","mainEntityOfPage":{"@id":"https:\/\/www.letemsvetemapplem.eu\/bazar\/mac-mini-2010-fusion-drive-3\/"},"wordCount":68,"image":{"@id":"https:\/\/www.letemsvetemapplem.eu\/bazar\/mac-mini-2010-fusion-drive-3\/#primaryimage"},"thumbnailUrl":"https:\/\/www.letemsvetemapplem.eu\/bazar\/wp-content\/uploads\/2019\/07\/IMG_1740.jpg","articleSection":["Mac mini"],"inLanguage":"cs"},{"@type":"WebPage","@id":"https:\/\/www.letemsvetemapplem.eu\/bazar\/mac-mini-2010-fusion-drive-3\/","url":"https:\/\/www.letemsvetemapplem.eu\/bazar\/mac-mini-2010-fusion-drive-3\/","name":"mac mini 2010 fusion drive - Apple bazar","isPartOf":{"@id":"https:\/\/www.letemsvetemapplem.eu\/bazar\/#website"},"primaryImageOfPage":{"@id":"https:\/\/www.letemsvetemapplem.eu\/bazar\/mac-mini-2010-fusion-drive-3\/#primaryimage"},"image":{"@id":"https:\/\/www.letemsvetemapplem.eu\/bazar\/mac-mini-2010-fusion-drive-3\/#primaryimage"},"thumbnailUrl":"https:\/\/www.letemsvetemapplem.eu\/bazar\/wp-content\/uploads\/2019\/07\/IMG_1740.jpg","datePublished":"2019-07-26T10:20:28+00:00","author":{"@id":""},"breadcrumb":{"@id":"https:\/\/www.letemsvetemapplem.eu\/bazar\/mac-mini-2010-fusion-drive-3\/#breadcrumb"},"inLanguage":"cs","potentialAction":[{"@type":"ReadAction","target":["https:\/\/www.letemsvetemapplem.eu\/bazar\/mac-mini-2010-fusion-drive-3\/"]}]},{"@type":"ImageObject","inLanguage":"cs","@id":"https:\/\/www.letemsvetemapplem.eu\/bazar\/mac-mini-2010-fusion-drive-3\/#primaryimage","url":"https:\/\/www.letemsvetemapplem.eu\/bazar\/wp-content\/uploads\/2019\/07\/IMG_1740.jpg","contentUrl":"https:\/\/www.letemsvetemapplem.eu\/bazar\/wp-content\/uploads\/2019\/07\/IMG_1740.jpg","width":4032,"height":3024},{"@type":"BreadcrumbList","@id":"https:\/\/www.letemsvetemapplem.eu\/bazar\/mac-mini-2010-fusion-drive-3\/#breadcrumb","itemListElement":[{"@type":"ListItem","position":1,"name":"Apple Bazar","item":"https:\/\/www.letemsvetemapplem.eu\/bazar\/"},{"@type":"ListItem","position":2,"name":"mac mini 2010 fusion drive"}]},{"@type":"WebSite","@id":"https:\/\/www.letemsvetemapplem.eu\/bazar\/#website","url":"https:\/\/www.letemsvetemapplem.eu\/bazar\/","name":"Apple bazar","description":"Oou\u017eit\u00e9 Apple produkty za skv\u011bl\u00e9 ceny","potentialAction":[{"@type":"SearchAction","target":{"@type":"EntryPoint","urlTemplate":"https:\/\/www.letemsvetemapplem.eu\/bazar\/?s={search_term_string}"},"query-input":{"@type":"PropertyValueSpecification","valueRequired":true,"valueName":"search_term_string"}}],"inLanguage":"cs"}]}},"_links":{"self":[{"href":"https:\/\/www.letemsvetemapplem.eu\/bazar\/wp-json\/wp\/v2\/posts\/158699","targetHints":{"allow":["GET"]}}],"collection":[{"href":"https:\/\/www.letemsvetemapplem.eu\/bazar\/wp-json\/wp\/v2\/posts"}],"about":[{"href":"https:\/\/www.letemsvetemapplem.eu\/bazar\/wp-json\/wp\/v2\/types\/post"}],"replies":[{"embeddable":true,"href":"https:\/\/www.letemsvetemapplem.eu\/bazar\/wp-json\/wp\/v2\/comments?post=158699"}],"version-history":[{"count":0,"href":"https:\/\/www.letemsvetemapplem.eu\/bazar\/wp-json\/wp\/v2\/posts\/158699\/revisions"}],"wp:featuredmedia":[{"embeddable":true,"href":"https:\/\/www.letemsvetemapplem.eu\/bazar\/wp-json\/wp\/v2\/media\/158700"}],"wp:attachment":[{"href":"https:\/\/www.letemsvetemapplem.eu\/bazar\/wp-json\/wp\/v2\/media?parent=158699"}],"wp:term":[{"taxonomy":"category","embeddable":true,"href":"https:\/\/www.letemsvetemapplem.eu\/bazar\/wp-json\/wp\/v2\/categories?post=158699"},{"taxonomy":"post_tag","embeddable":true,"href":"https:\/\/www.letemsvetemapplem.eu\/bazar\/wp-json\/wp\/v2\/tags?post=158699"}],"curies":[{"name":"wp","href":"https:\/\/api.w.org\/{rel}","templated":true}]}}