{"id":158452,"date":"2019-07-23T16:19:32","date_gmt":"2019-07-23T15:19:32","guid":{"rendered":"https:\/\/www.letemsvetemapplem.eu\/bazar\/?p=158452"},"modified":"2019-07-23T16:19:32","modified_gmt":"2019-07-23T15:19:32","slug":"imac-27-2009-i5-fusion-drive","status":"publish","type":"post","link":"https:\/\/www.letemsvetemapplem.eu\/bazar\/imac-27-2009-i5-fusion-drive\/","title":{"rendered":"iMac 27&#8220;, 2009, i5, Fusion Drive"},"content":{"rendered":"<p>Mac 27&#8220;, late 2009, i5, 8GB RAM, HDD: 1,2 TB Fusion Drive<\/p>\n<p>Procesor: Intel Core i5 2,66GHz<br \/>\nGrafick\u00e1 karta: ATI Radeon HD 4850 512 MB<br \/>\nRok:2009<br \/>\nRAM: 8GB<br \/>\nHDD: 1,2 TB Fusion Drive (1TB HDD , 256 SSD)<br \/>\nP\u0159\u00edslu\u0161enstv\u00ed: Kabel, kl\u00e1vesnice, my\u0161<\/p>\n<p>Jedn\u00e1 se o modifikovan\u00fd iMac, opravdu rychl\u00ed start-up a pr\u00e1ce v syst\u00e9mu d\u00edky SSD disku. Jedin\u00e1 nev\u00fdhoda je odstran\u011bn\u00e1 DVD-ROM m\u00edsto kter\u00e9 je um\u00edst\u011b\u0148 SSD disk. Display v perfektn\u00edm stavu, bez vadn\u00fdch pixel\u016f.<\/p>\n","protected":false},"excerpt":{"rendered":"<p>Mac 27&#8220;, late 2009, i5, 8GB RAM, HDD: 1,2 TB Fusion Drive Procesor: Intel Core i5 2,66GHz Grafick\u00e1 karta: ATI Radeon HD 4850 512 MB Rok:2009 RAM: 8GB HDD: 1,2 TB Fusion Drive (1TB HDD , 256 SSD) P\u0159\u00edslu\u0161enstv\u00ed: Kabel, kl\u00e1vesnice, my\u0161 Jedn\u00e1 se o modifikovan\u00fd iMac, opravdu rychl\u00ed start-up a pr\u00e1ce v syst\u00e9mu d\u00edky&#8230;<\/p>\n","protected":false},"author":0,"featured_media":158453,"comment_status":"closed","ping_status":"closed","sticky":false,"template":"","format":"standard","meta":{"footnotes":""},"categories":[41],"tags":[],"class_list":["post-158452","post","type-post","status-publish","format-standard","has-post-thumbnail","hentry","category-imac"],"yoast_head":"<!-- This site is optimized with the Yoast SEO plugin v27.2 - https:\/\/yoast.com\/product\/yoast-seo-wordpress\/ -->\n<title>iMac 27&#039;&#039;, 2009, i5, Fusion Drive - Apple bazar<\/title>\n<meta name=\"robots\" content=\"index, follow, max-snippet:-1, max-image-preview:large, max-video-preview:-1\" \/>\n<link rel=\"canonical\" href=\"https:\/\/www.letemsvetemapplem.eu\/bazar\/imac-27-2009-i5-fusion-drive\/\" \/>\n<meta property=\"og:locale\" content=\"cs_CZ\" \/>\n<meta property=\"og:type\" content=\"article\" \/>\n<meta property=\"og:title\" content=\"iMac 27&#039;&#039;, 2009, i5, Fusion Drive - Apple bazar\" \/>\n<meta property=\"og:description\" content=\"Mac 27&#8220;, late 2009, i5, 8GB RAM, HDD: 1,2 TB Fusion Drive Procesor: Intel Core i5 2,66GHz Grafick\u00e1 karta: ATI Radeon HD 4850 512 MB Rok:2009 RAM: 8GB HDD: 1,2 TB Fusion Drive (1TB HDD , 256 SSD) P\u0159\u00edslu\u0161enstv\u00ed: Kabel, kl\u00e1vesnice, my\u0161 Jedn\u00e1 se o modifikovan\u00fd iMac, opravdu rychl\u00ed start-up a pr\u00e1ce v syst\u00e9mu d\u00edky...\" \/>\n<meta property=\"og:url\" content=\"https:\/\/www.letemsvetemapplem.eu\/bazar\/imac-27-2009-i5-fusion-drive\/\" \/>\n<meta property=\"og:site_name\" content=\"Apple bazar\" \/>\n<meta property=\"article:published_time\" content=\"2019-07-23T15:19:32+00:00\" \/>\n<meta property=\"og:image\" content=\"https:\/\/www.letemsvetemapplem.eu\/bazar\/wp-content\/uploads\/2019\/07\/67093327_1190790427776955_6266326489948487680_n.jpg\" \/>\n\t<meta property=\"og:image:width\" content=\"1024\" \/>\n\t<meta property=\"og:image:height\" content=\"768\" \/>\n\t<meta property=\"og:image:type\" content=\"image\/jpeg\" \/>\n<meta name=\"twitter:card\" content=\"summary_large_image\" \/>\n<script type=\"application\/ld+json\" class=\"yoast-schema-graph\">{\"@context\":\"https:\/\/schema.org\",\"@graph\":[{\"@type\":\"Article\",\"@id\":\"https:\/\/www.letemsvetemapplem.eu\/bazar\/imac-27-2009-i5-fusion-drive\/#article\",\"isPartOf\":{\"@id\":\"https:\/\/www.letemsvetemapplem.eu\/bazar\/imac-27-2009-i5-fusion-drive\/\"},\"author\":{\"name\":\"\",\"@id\":\"\"},\"headline\":\"iMac 27&#8220;, 2009, i5, Fusion Drive\",\"datePublished\":\"2019-07-23T15:19:32+00:00\",\"mainEntityOfPage\":{\"@id\":\"https:\/\/www.letemsvetemapplem.eu\/bazar\/imac-27-2009-i5-fusion-drive\/\"},\"wordCount\":83,\"image\":{\"@id\":\"https:\/\/www.letemsvetemapplem.eu\/bazar\/imac-27-2009-i5-fusion-drive\/#primaryimage\"},\"thumbnailUrl\":\"https:\/\/www.letemsvetemapplem.eu\/bazar\/wp-content\/uploads\/2019\/07\/67093327_1190790427776955_6266326489948487680_n.jpg\",\"articleSection\":[\"iMac\"],\"inLanguage\":\"cs\"},{\"@type\":\"WebPage\",\"@id\":\"https:\/\/www.letemsvetemapplem.eu\/bazar\/imac-27-2009-i5-fusion-drive\/\",\"url\":\"https:\/\/www.letemsvetemapplem.eu\/bazar\/imac-27-2009-i5-fusion-drive\/\",\"name\":\"iMac 27'', 2009, i5, Fusion Drive - Apple bazar\",\"isPartOf\":{\"@id\":\"https:\/\/www.letemsvetemapplem.eu\/bazar\/#website\"},\"primaryImageOfPage\":{\"@id\":\"https:\/\/www.letemsvetemapplem.eu\/bazar\/imac-27-2009-i5-fusion-drive\/#primaryimage\"},\"image\":{\"@id\":\"https:\/\/www.letemsvetemapplem.eu\/bazar\/imac-27-2009-i5-fusion-drive\/#primaryimage\"},\"thumbnailUrl\":\"https:\/\/www.letemsvetemapplem.eu\/bazar\/wp-content\/uploads\/2019\/07\/67093327_1190790427776955_6266326489948487680_n.jpg\",\"datePublished\":\"2019-07-23T15:19:32+00:00\",\"author\":{\"@id\":\"\"},\"breadcrumb\":{\"@id\":\"https:\/\/www.letemsvetemapplem.eu\/bazar\/imac-27-2009-i5-fusion-drive\/#breadcrumb\"},\"inLanguage\":\"cs\",\"potentialAction\":[{\"@type\":\"ReadAction\",\"target\":[\"https:\/\/www.letemsvetemapplem.eu\/bazar\/imac-27-2009-i5-fusion-drive\/\"]}]},{\"@type\":\"ImageObject\",\"inLanguage\":\"cs\",\"@id\":\"https:\/\/www.letemsvetemapplem.eu\/bazar\/imac-27-2009-i5-fusion-drive\/#primaryimage\",\"url\":\"https:\/\/www.letemsvetemapplem.eu\/bazar\/wp-content\/uploads\/2019\/07\/67093327_1190790427776955_6266326489948487680_n.jpg\",\"contentUrl\":\"https:\/\/www.letemsvetemapplem.eu\/bazar\/wp-content\/uploads\/2019\/07\/67093327_1190790427776955_6266326489948487680_n.jpg\",\"width\":1024,\"height\":768},{\"@type\":\"BreadcrumbList\",\"@id\":\"https:\/\/www.letemsvetemapplem.eu\/bazar\/imac-27-2009-i5-fusion-drive\/#breadcrumb\",\"itemListElement\":[{\"@type\":\"ListItem\",\"position\":1,\"name\":\"Apple Bazar\",\"item\":\"https:\/\/www.letemsvetemapplem.eu\/bazar\/\"},{\"@type\":\"ListItem\",\"position\":2,\"name\":\"iMac 27&#8220;, 2009, i5, Fusion Drive\"}]},{\"@type\":\"WebSite\",\"@id\":\"https:\/\/www.letemsvetemapplem.eu\/bazar\/#website\",\"url\":\"https:\/\/www.letemsvetemapplem.eu\/bazar\/\",\"name\":\"Apple bazar\",\"description\":\"Oou\u017eit\u00e9 Apple produkty za skv\u011bl\u00e9 ceny\",\"potentialAction\":[{\"@type\":\"SearchAction\",\"target\":{\"@type\":\"EntryPoint\",\"urlTemplate\":\"https:\/\/www.letemsvetemapplem.eu\/bazar\/?s={search_term_string}\"},\"query-input\":{\"@type\":\"PropertyValueSpecification\",\"valueRequired\":true,\"valueName\":\"search_term_string\"}}],\"inLanguage\":\"cs\"}]}<\/script>\n<!-- \/ Yoast SEO plugin. -->","yoast_head_json":{"title":"iMac 27'', 2009, i5, Fusion Drive - Apple bazar","robots":{"index":"index","follow":"follow","max-snippet":"max-snippet:-1","max-image-preview":"max-image-preview:large","max-video-preview":"max-video-preview:-1"},"canonical":"https:\/\/www.letemsvetemapplem.eu\/bazar\/imac-27-2009-i5-fusion-drive\/","og_locale":"cs_CZ","og_type":"article","og_title":"iMac 27'', 2009, i5, Fusion Drive - Apple bazar","og_description":"Mac 27&#8220;, late 2009, i5, 8GB RAM, HDD: 1,2 TB Fusion Drive Procesor: Intel Core i5 2,66GHz Grafick\u00e1 karta: ATI Radeon HD 4850 512 MB Rok:2009 RAM: 8GB HDD: 1,2 TB Fusion Drive (1TB HDD , 256 SSD) P\u0159\u00edslu\u0161enstv\u00ed: Kabel, kl\u00e1vesnice, my\u0161 Jedn\u00e1 se o modifikovan\u00fd iMac, opravdu rychl\u00ed start-up a pr\u00e1ce v syst\u00e9mu d\u00edky...","og_url":"https:\/\/www.letemsvetemapplem.eu\/bazar\/imac-27-2009-i5-fusion-drive\/","og_site_name":"Apple bazar","article_published_time":"2019-07-23T15:19:32+00:00","og_image":[{"width":1024,"height":768,"url":"https:\/\/www.letemsvetemapplem.eu\/bazar\/wp-content\/uploads\/2019\/07\/67093327_1190790427776955_6266326489948487680_n.jpg","type":"image\/jpeg"}],"twitter_card":"summary_large_image","schema":{"@context":"https:\/\/schema.org","@graph":[{"@type":"Article","@id":"https:\/\/www.letemsvetemapplem.eu\/bazar\/imac-27-2009-i5-fusion-drive\/#article","isPartOf":{"@id":"https:\/\/www.letemsvetemapplem.eu\/bazar\/imac-27-2009-i5-fusion-drive\/"},"author":{"name":"","@id":""},"headline":"iMac 27&#8220;, 2009, i5, Fusion Drive","datePublished":"2019-07-23T15:19:32+00:00","mainEntityOfPage":{"@id":"https:\/\/www.letemsvetemapplem.eu\/bazar\/imac-27-2009-i5-fusion-drive\/"},"wordCount":83,"image":{"@id":"https:\/\/www.letemsvetemapplem.eu\/bazar\/imac-27-2009-i5-fusion-drive\/#primaryimage"},"thumbnailUrl":"https:\/\/www.letemsvetemapplem.eu\/bazar\/wp-content\/uploads\/2019\/07\/67093327_1190790427776955_6266326489948487680_n.jpg","articleSection":["iMac"],"inLanguage":"cs"},{"@type":"WebPage","@id":"https:\/\/www.letemsvetemapplem.eu\/bazar\/imac-27-2009-i5-fusion-drive\/","url":"https:\/\/www.letemsvetemapplem.eu\/bazar\/imac-27-2009-i5-fusion-drive\/","name":"iMac 27'', 2009, i5, Fusion Drive - Apple bazar","isPartOf":{"@id":"https:\/\/www.letemsvetemapplem.eu\/bazar\/#website"},"primaryImageOfPage":{"@id":"https:\/\/www.letemsvetemapplem.eu\/bazar\/imac-27-2009-i5-fusion-drive\/#primaryimage"},"image":{"@id":"https:\/\/www.letemsvetemapplem.eu\/bazar\/imac-27-2009-i5-fusion-drive\/#primaryimage"},"thumbnailUrl":"https:\/\/www.letemsvetemapplem.eu\/bazar\/wp-content\/uploads\/2019\/07\/67093327_1190790427776955_6266326489948487680_n.jpg","datePublished":"2019-07-23T15:19:32+00:00","author":{"@id":""},"breadcrumb":{"@id":"https:\/\/www.letemsvetemapplem.eu\/bazar\/imac-27-2009-i5-fusion-drive\/#breadcrumb"},"inLanguage":"cs","potentialAction":[{"@type":"ReadAction","target":["https:\/\/www.letemsvetemapplem.eu\/bazar\/imac-27-2009-i5-fusion-drive\/"]}]},{"@type":"ImageObject","inLanguage":"cs","@id":"https:\/\/www.letemsvetemapplem.eu\/bazar\/imac-27-2009-i5-fusion-drive\/#primaryimage","url":"https:\/\/www.letemsvetemapplem.eu\/bazar\/wp-content\/uploads\/2019\/07\/67093327_1190790427776955_6266326489948487680_n.jpg","contentUrl":"https:\/\/www.letemsvetemapplem.eu\/bazar\/wp-content\/uploads\/2019\/07\/67093327_1190790427776955_6266326489948487680_n.jpg","width":1024,"height":768},{"@type":"BreadcrumbList","@id":"https:\/\/www.letemsvetemapplem.eu\/bazar\/imac-27-2009-i5-fusion-drive\/#breadcrumb","itemListElement":[{"@type":"ListItem","position":1,"name":"Apple Bazar","item":"https:\/\/www.letemsvetemapplem.eu\/bazar\/"},{"@type":"ListItem","position":2,"name":"iMac 27&#8220;, 2009, i5, Fusion Drive"}]},{"@type":"WebSite","@id":"https:\/\/www.letemsvetemapplem.eu\/bazar\/#website","url":"https:\/\/www.letemsvetemapplem.eu\/bazar\/","name":"Apple bazar","description":"Oou\u017eit\u00e9 Apple produkty za skv\u011bl\u00e9 ceny","potentialAction":[{"@type":"SearchAction","target":{"@type":"EntryPoint","urlTemplate":"https:\/\/www.letemsvetemapplem.eu\/bazar\/?s={search_term_string}"},"query-input":{"@type":"PropertyValueSpecification","valueRequired":true,"valueName":"search_term_string"}}],"inLanguage":"cs"}]}},"_links":{"self":[{"href":"https:\/\/www.letemsvetemapplem.eu\/bazar\/wp-json\/wp\/v2\/posts\/158452","targetHints":{"allow":["GET"]}}],"collection":[{"href":"https:\/\/www.letemsvetemapplem.eu\/bazar\/wp-json\/wp\/v2\/posts"}],"about":[{"href":"https:\/\/www.letemsvetemapplem.eu\/bazar\/wp-json\/wp\/v2\/types\/post"}],"replies":[{"embeddable":true,"href":"https:\/\/www.letemsvetemapplem.eu\/bazar\/wp-json\/wp\/v2\/comments?post=158452"}],"version-history":[{"count":0,"href":"https:\/\/www.letemsvetemapplem.eu\/bazar\/wp-json\/wp\/v2\/posts\/158452\/revisions"}],"wp:featuredmedia":[{"embeddable":true,"href":"https:\/\/www.letemsvetemapplem.eu\/bazar\/wp-json\/wp\/v2\/media\/158453"}],"wp:attachment":[{"href":"https:\/\/www.letemsvetemapplem.eu\/bazar\/wp-json\/wp\/v2\/media?parent=158452"}],"wp:term":[{"taxonomy":"category","embeddable":true,"href":"https:\/\/www.letemsvetemapplem.eu\/bazar\/wp-json\/wp\/v2\/categories?post=158452"},{"taxonomy":"post_tag","embeddable":true,"href":"https:\/\/www.letemsvetemapplem.eu\/bazar\/wp-json\/wp\/v2\/tags?post=158452"}],"curies":[{"name":"wp","href":"https:\/\/api.w.org\/{rel}","templated":true}]}}