{"id":156960,"date":"2019-07-10T16:44:36","date_gmt":"2019-07-10T15:44:36","guid":{"rendered":"https:\/\/www.letemsvetemapplem.eu\/bazar\/?p=156960"},"modified":"2019-07-10T16:44:36","modified_gmt":"2019-07-10T15:44:36","slug":"macbook-pro-15-retina-touchbar-i7-2-8ghz","status":"publish","type":"post","link":"https:\/\/www.letemsvetemapplem.eu\/bazar\/macbook-pro-15-retina-touchbar-i7-2-8ghz\/","title":{"rendered":"MacBook Pro 15 Retina TouchBar i7 2.8GHz"},"content":{"rendered":"<p>Prod\u00e1m jako nov\u00e9, je\u0161t\u011b ani ne 2 ro\u010dn\u00ed, m\u00e1lo pou\u017e\u00edvan\u00e9 za\u0159\u00edzen\u00ed 100% stav bez \u0161kr\u00e1banc\u016f. Kupovan\u00e9 v Sep. 2017. P\u016fvodn\u00ed cena 78000 K\u010d.<br \/>\nStav baterie: 97%.<\/p>\n<p>Procesor<br \/>\n2,8 GHz Intel Core i7 \u010dty\u0159j\u00e1drov\u00fd (Turbo Boost a\u017e 3,8 GHz) Keby Lake (7. generace)<\/p>\n<p>Pam\u011b\u0165<br \/>\n16 GB 2133 MHz DDR3<\/p>\n<p>\u00dalo\u017ei\u0161t\u011b dat<br \/>\n256 GB PCIe SSD<\/p>\n<p>Grafika<br \/>\nAMD Radeon Pro 555 s 2 GB pam\u011bti<br \/>\nIntel Iris Graphics 630 1536 MB<\/p>\n<p>D\u016fvodem prodeje je p\u0159echod na siln\u011bj\u0161\u00ed verzi. O Mac jsem se staral zodpov\u011bdn\u011b, nem\u00e1 v\u016fbec \u017e\u00e1dn\u00e9 \u0161kr\u00e1bance ani opot\u0159eben\u00ed. K Macu p\u0159ibal\u00edm i nab\u00edje\u010dku, redukci Apple USB-C to USB Adapter (TL273w) a ochrann\u00fd kryt Speck SmartShell Clear MacBook Pro 15<\/p>\n<p>Pouze osobn\u00ed odb\u011br nebo expres odesl\u00e1n\u00ed po\u0161tou. V p\u0159\u00edpad\u011b dotaz\u016f jsem k dispozici.<\/p>\n","protected":false},"excerpt":{"rendered":"<p>Prod\u00e1m jako nov\u00e9, je\u0161t\u011b ani ne 2 ro\u010dn\u00ed, m\u00e1lo pou\u017e\u00edvan\u00e9 za\u0159\u00edzen\u00ed 100% stav bez \u0161kr\u00e1banc\u016f. Kupovan\u00e9 v Sep. 2017. P\u016fvodn\u00ed cena 78000 K\u010d. Stav baterie: 97%. Procesor 2,8 GHz Intel Core i7 \u010dty\u0159j\u00e1drov\u00fd (Turbo Boost a\u017e 3,8 GHz) Keby Lake (7. generace) Pam\u011b\u0165 16 GB 2133 MHz DDR3 \u00dalo\u017ei\u0161t\u011b dat 256 GB PCIe SSD Grafika&#8230;<\/p>\n","protected":false},"author":0,"featured_media":156961,"comment_status":"closed","ping_status":"closed","sticky":false,"template":"","format":"standard","meta":{"footnotes":""},"categories":[48],"tags":[],"class_list":["post-156960","post","type-post","status-publish","format-standard","has-post-thumbnail","hentry","category-macbook-pro"],"yoast_head":"<!-- This site is optimized with the Yoast SEO plugin v27.2 - https:\/\/yoast.com\/product\/yoast-seo-wordpress\/ -->\n<title>MacBook Pro 15 Retina TouchBar i7 2.8GHz - Apple bazar<\/title>\n<meta name=\"robots\" content=\"index, follow, max-snippet:-1, max-image-preview:large, max-video-preview:-1\" \/>\n<link rel=\"canonical\" href=\"https:\/\/www.letemsvetemapplem.eu\/bazar\/macbook-pro-15-retina-touchbar-i7-2-8ghz\/\" \/>\n<meta property=\"og:locale\" content=\"cs_CZ\" \/>\n<meta property=\"og:type\" content=\"article\" \/>\n<meta property=\"og:title\" content=\"MacBook Pro 15 Retina TouchBar i7 2.8GHz - Apple bazar\" \/>\n<meta property=\"og:description\" content=\"Prod\u00e1m jako nov\u00e9, je\u0161t\u011b ani ne 2 ro\u010dn\u00ed, m\u00e1lo pou\u017e\u00edvan\u00e9 za\u0159\u00edzen\u00ed 100% stav bez \u0161kr\u00e1banc\u016f. Kupovan\u00e9 v Sep. 2017. P\u016fvodn\u00ed cena 78000 K\u010d. Stav baterie: 97%. Procesor 2,8 GHz Intel Core i7 \u010dty\u0159j\u00e1drov\u00fd (Turbo Boost a\u017e 3,8 GHz) Keby Lake (7. generace) Pam\u011b\u0165 16 GB 2133 MHz DDR3 \u00dalo\u017ei\u0161t\u011b dat 256 GB PCIe SSD Grafika...\" \/>\n<meta property=\"og:url\" content=\"https:\/\/www.letemsvetemapplem.eu\/bazar\/macbook-pro-15-retina-touchbar-i7-2-8ghz\/\" \/>\n<meta property=\"og:site_name\" content=\"Apple bazar\" \/>\n<meta property=\"article:published_time\" content=\"2019-07-10T15:44:36+00:00\" \/>\n<meta property=\"og:image\" content=\"https:\/\/www.letemsvetemapplem.eu\/bazar\/wp-content\/uploads\/2019\/07\/Macbook1.jpg\" \/>\n\t<meta property=\"og:image:width\" content=\"794\" \/>\n\t<meta property=\"og:image:height\" content=\"665\" \/>\n\t<meta property=\"og:image:type\" content=\"image\/jpeg\" \/>\n<meta name=\"twitter:card\" content=\"summary_large_image\" \/>\n<script type=\"application\/ld+json\" class=\"yoast-schema-graph\">{\"@context\":\"https:\/\/schema.org\",\"@graph\":[{\"@type\":\"Article\",\"@id\":\"https:\/\/www.letemsvetemapplem.eu\/bazar\/macbook-pro-15-retina-touchbar-i7-2-8ghz\/#article\",\"isPartOf\":{\"@id\":\"https:\/\/www.letemsvetemapplem.eu\/bazar\/macbook-pro-15-retina-touchbar-i7-2-8ghz\/\"},\"author\":{\"name\":\"\",\"@id\":\"\"},\"headline\":\"MacBook Pro 15 Retina TouchBar i7 2.8GHz\",\"datePublished\":\"2019-07-10T15:44:36+00:00\",\"mainEntityOfPage\":{\"@id\":\"https:\/\/www.letemsvetemapplem.eu\/bazar\/macbook-pro-15-retina-touchbar-i7-2-8ghz\/\"},\"wordCount\":141,\"image\":{\"@id\":\"https:\/\/www.letemsvetemapplem.eu\/bazar\/macbook-pro-15-retina-touchbar-i7-2-8ghz\/#primaryimage\"},\"thumbnailUrl\":\"https:\/\/www.letemsvetemapplem.eu\/bazar\/wp-content\/uploads\/2019\/07\/Macbook1.jpg\",\"articleSection\":[\"MacBook Pro\"],\"inLanguage\":\"cs\"},{\"@type\":\"WebPage\",\"@id\":\"https:\/\/www.letemsvetemapplem.eu\/bazar\/macbook-pro-15-retina-touchbar-i7-2-8ghz\/\",\"url\":\"https:\/\/www.letemsvetemapplem.eu\/bazar\/macbook-pro-15-retina-touchbar-i7-2-8ghz\/\",\"name\":\"MacBook Pro 15 Retina TouchBar i7 2.8GHz - Apple bazar\",\"isPartOf\":{\"@id\":\"https:\/\/www.letemsvetemapplem.eu\/bazar\/#website\"},\"primaryImageOfPage\":{\"@id\":\"https:\/\/www.letemsvetemapplem.eu\/bazar\/macbook-pro-15-retina-touchbar-i7-2-8ghz\/#primaryimage\"},\"image\":{\"@id\":\"https:\/\/www.letemsvetemapplem.eu\/bazar\/macbook-pro-15-retina-touchbar-i7-2-8ghz\/#primaryimage\"},\"thumbnailUrl\":\"https:\/\/www.letemsvetemapplem.eu\/bazar\/wp-content\/uploads\/2019\/07\/Macbook1.jpg\",\"datePublished\":\"2019-07-10T15:44:36+00:00\",\"author\":{\"@id\":\"\"},\"breadcrumb\":{\"@id\":\"https:\/\/www.letemsvetemapplem.eu\/bazar\/macbook-pro-15-retina-touchbar-i7-2-8ghz\/#breadcrumb\"},\"inLanguage\":\"cs\",\"potentialAction\":[{\"@type\":\"ReadAction\",\"target\":[\"https:\/\/www.letemsvetemapplem.eu\/bazar\/macbook-pro-15-retina-touchbar-i7-2-8ghz\/\"]}]},{\"@type\":\"ImageObject\",\"inLanguage\":\"cs\",\"@id\":\"https:\/\/www.letemsvetemapplem.eu\/bazar\/macbook-pro-15-retina-touchbar-i7-2-8ghz\/#primaryimage\",\"url\":\"https:\/\/www.letemsvetemapplem.eu\/bazar\/wp-content\/uploads\/2019\/07\/Macbook1.jpg\",\"contentUrl\":\"https:\/\/www.letemsvetemapplem.eu\/bazar\/wp-content\/uploads\/2019\/07\/Macbook1.jpg\",\"width\":794,\"height\":665},{\"@type\":\"BreadcrumbList\",\"@id\":\"https:\/\/www.letemsvetemapplem.eu\/bazar\/macbook-pro-15-retina-touchbar-i7-2-8ghz\/#breadcrumb\",\"itemListElement\":[{\"@type\":\"ListItem\",\"position\":1,\"name\":\"Apple Bazar\",\"item\":\"https:\/\/www.letemsvetemapplem.eu\/bazar\/\"},{\"@type\":\"ListItem\",\"position\":2,\"name\":\"MacBook Pro 15 Retina TouchBar i7 2.8GHz\"}]},{\"@type\":\"WebSite\",\"@id\":\"https:\/\/www.letemsvetemapplem.eu\/bazar\/#website\",\"url\":\"https:\/\/www.letemsvetemapplem.eu\/bazar\/\",\"name\":\"Apple bazar\",\"description\":\"Oou\u017eit\u00e9 Apple produkty za skv\u011bl\u00e9 ceny\",\"potentialAction\":[{\"@type\":\"SearchAction\",\"target\":{\"@type\":\"EntryPoint\",\"urlTemplate\":\"https:\/\/www.letemsvetemapplem.eu\/bazar\/?s={search_term_string}\"},\"query-input\":{\"@type\":\"PropertyValueSpecification\",\"valueRequired\":true,\"valueName\":\"search_term_string\"}}],\"inLanguage\":\"cs\"}]}<\/script>\n<!-- \/ Yoast SEO plugin. -->","yoast_head_json":{"title":"MacBook Pro 15 Retina TouchBar i7 2.8GHz - Apple bazar","robots":{"index":"index","follow":"follow","max-snippet":"max-snippet:-1","max-image-preview":"max-image-preview:large","max-video-preview":"max-video-preview:-1"},"canonical":"https:\/\/www.letemsvetemapplem.eu\/bazar\/macbook-pro-15-retina-touchbar-i7-2-8ghz\/","og_locale":"cs_CZ","og_type":"article","og_title":"MacBook Pro 15 Retina TouchBar i7 2.8GHz - Apple bazar","og_description":"Prod\u00e1m jako nov\u00e9, je\u0161t\u011b ani ne 2 ro\u010dn\u00ed, m\u00e1lo pou\u017e\u00edvan\u00e9 za\u0159\u00edzen\u00ed 100% stav bez \u0161kr\u00e1banc\u016f. Kupovan\u00e9 v Sep. 2017. P\u016fvodn\u00ed cena 78000 K\u010d. Stav baterie: 97%. Procesor 2,8 GHz Intel Core i7 \u010dty\u0159j\u00e1drov\u00fd (Turbo Boost a\u017e 3,8 GHz) Keby Lake (7. generace) Pam\u011b\u0165 16 GB 2133 MHz DDR3 \u00dalo\u017ei\u0161t\u011b dat 256 GB PCIe SSD Grafika...","og_url":"https:\/\/www.letemsvetemapplem.eu\/bazar\/macbook-pro-15-retina-touchbar-i7-2-8ghz\/","og_site_name":"Apple bazar","article_published_time":"2019-07-10T15:44:36+00:00","og_image":[{"width":794,"height":665,"url":"https:\/\/www.letemsvetemapplem.eu\/bazar\/wp-content\/uploads\/2019\/07\/Macbook1.jpg","type":"image\/jpeg"}],"twitter_card":"summary_large_image","schema":{"@context":"https:\/\/schema.org","@graph":[{"@type":"Article","@id":"https:\/\/www.letemsvetemapplem.eu\/bazar\/macbook-pro-15-retina-touchbar-i7-2-8ghz\/#article","isPartOf":{"@id":"https:\/\/www.letemsvetemapplem.eu\/bazar\/macbook-pro-15-retina-touchbar-i7-2-8ghz\/"},"author":{"name":"","@id":""},"headline":"MacBook Pro 15 Retina TouchBar i7 2.8GHz","datePublished":"2019-07-10T15:44:36+00:00","mainEntityOfPage":{"@id":"https:\/\/www.letemsvetemapplem.eu\/bazar\/macbook-pro-15-retina-touchbar-i7-2-8ghz\/"},"wordCount":141,"image":{"@id":"https:\/\/www.letemsvetemapplem.eu\/bazar\/macbook-pro-15-retina-touchbar-i7-2-8ghz\/#primaryimage"},"thumbnailUrl":"https:\/\/www.letemsvetemapplem.eu\/bazar\/wp-content\/uploads\/2019\/07\/Macbook1.jpg","articleSection":["MacBook Pro"],"inLanguage":"cs"},{"@type":"WebPage","@id":"https:\/\/www.letemsvetemapplem.eu\/bazar\/macbook-pro-15-retina-touchbar-i7-2-8ghz\/","url":"https:\/\/www.letemsvetemapplem.eu\/bazar\/macbook-pro-15-retina-touchbar-i7-2-8ghz\/","name":"MacBook Pro 15 Retina TouchBar i7 2.8GHz - Apple bazar","isPartOf":{"@id":"https:\/\/www.letemsvetemapplem.eu\/bazar\/#website"},"primaryImageOfPage":{"@id":"https:\/\/www.letemsvetemapplem.eu\/bazar\/macbook-pro-15-retina-touchbar-i7-2-8ghz\/#primaryimage"},"image":{"@id":"https:\/\/www.letemsvetemapplem.eu\/bazar\/macbook-pro-15-retina-touchbar-i7-2-8ghz\/#primaryimage"},"thumbnailUrl":"https:\/\/www.letemsvetemapplem.eu\/bazar\/wp-content\/uploads\/2019\/07\/Macbook1.jpg","datePublished":"2019-07-10T15:44:36+00:00","author":{"@id":""},"breadcrumb":{"@id":"https:\/\/www.letemsvetemapplem.eu\/bazar\/macbook-pro-15-retina-touchbar-i7-2-8ghz\/#breadcrumb"},"inLanguage":"cs","potentialAction":[{"@type":"ReadAction","target":["https:\/\/www.letemsvetemapplem.eu\/bazar\/macbook-pro-15-retina-touchbar-i7-2-8ghz\/"]}]},{"@type":"ImageObject","inLanguage":"cs","@id":"https:\/\/www.letemsvetemapplem.eu\/bazar\/macbook-pro-15-retina-touchbar-i7-2-8ghz\/#primaryimage","url":"https:\/\/www.letemsvetemapplem.eu\/bazar\/wp-content\/uploads\/2019\/07\/Macbook1.jpg","contentUrl":"https:\/\/www.letemsvetemapplem.eu\/bazar\/wp-content\/uploads\/2019\/07\/Macbook1.jpg","width":794,"height":665},{"@type":"BreadcrumbList","@id":"https:\/\/www.letemsvetemapplem.eu\/bazar\/macbook-pro-15-retina-touchbar-i7-2-8ghz\/#breadcrumb","itemListElement":[{"@type":"ListItem","position":1,"name":"Apple Bazar","item":"https:\/\/www.letemsvetemapplem.eu\/bazar\/"},{"@type":"ListItem","position":2,"name":"MacBook Pro 15 Retina TouchBar i7 2.8GHz"}]},{"@type":"WebSite","@id":"https:\/\/www.letemsvetemapplem.eu\/bazar\/#website","url":"https:\/\/www.letemsvetemapplem.eu\/bazar\/","name":"Apple bazar","description":"Oou\u017eit\u00e9 Apple produkty za skv\u011bl\u00e9 ceny","potentialAction":[{"@type":"SearchAction","target":{"@type":"EntryPoint","urlTemplate":"https:\/\/www.letemsvetemapplem.eu\/bazar\/?s={search_term_string}"},"query-input":{"@type":"PropertyValueSpecification","valueRequired":true,"valueName":"search_term_string"}}],"inLanguage":"cs"}]}},"_links":{"self":[{"href":"https:\/\/www.letemsvetemapplem.eu\/bazar\/wp-json\/wp\/v2\/posts\/156960","targetHints":{"allow":["GET"]}}],"collection":[{"href":"https:\/\/www.letemsvetemapplem.eu\/bazar\/wp-json\/wp\/v2\/posts"}],"about":[{"href":"https:\/\/www.letemsvetemapplem.eu\/bazar\/wp-json\/wp\/v2\/types\/post"}],"replies":[{"embeddable":true,"href":"https:\/\/www.letemsvetemapplem.eu\/bazar\/wp-json\/wp\/v2\/comments?post=156960"}],"version-history":[{"count":0,"href":"https:\/\/www.letemsvetemapplem.eu\/bazar\/wp-json\/wp\/v2\/posts\/156960\/revisions"}],"wp:featuredmedia":[{"embeddable":true,"href":"https:\/\/www.letemsvetemapplem.eu\/bazar\/wp-json\/wp\/v2\/media\/156961"}],"wp:attachment":[{"href":"https:\/\/www.letemsvetemapplem.eu\/bazar\/wp-json\/wp\/v2\/media?parent=156960"}],"wp:term":[{"taxonomy":"category","embeddable":true,"href":"https:\/\/www.letemsvetemapplem.eu\/bazar\/wp-json\/wp\/v2\/categories?post=156960"},{"taxonomy":"post_tag","embeddable":true,"href":"https:\/\/www.letemsvetemapplem.eu\/bazar\/wp-json\/wp\/v2\/tags?post=156960"}],"curies":[{"name":"wp","href":"https:\/\/api.w.org\/{rel}","templated":true}]}}