{"id":155672,"date":"2019-06-26T21:01:19","date_gmt":"2019-06-26T20:01:19","guid":{"rendered":"https:\/\/www.letemsvetemapplem.eu\/bazar\/?p=155672"},"modified":"2019-06-26T21:01:19","modified_gmt":"2019-06-26T20:01:19","slug":"imac-215-2011-i5-2-5ghz-12gb-ram","status":"publish","type":"post","link":"https:\/\/www.letemsvetemapplem.eu\/bazar\/imac-215-2011-i5-2-5ghz-12gb-ram\/","title":{"rendered":"iMac 21,5&quot; (2011) \/i5 2.5GHz\/12GB RAM"},"content":{"rendered":"<p>Dobr\u00fd den,<\/p>\n<p>prod\u00e1m pln\u011b funk\u010dn\u00ed Apple iMac (2011) s 500 GB HDD v perfektn\u00edm stavu.<br \/>\nPo\u010d\u00edta\u010d byl celou dobu v neku\u0159\u00e1ck\u00e9m prost\u0159ed\u00ed. Displej nem\u00e1 \u017e\u00e1dn\u00e9 vady, k p\u016fvodn\u00edm 4GB RAM jsem p\u0159idal dal\u0161\u00edch 8 GB, tud\u00ed\u017e po\u010d\u00edta\u010d disponuje 12 GB RAM. K PC m\u00e1m origin\u00e1ln\u00ed krabici.<\/p>\n<p>Konfigurace viz. foto.<\/p>\n<p>V balen\u00ed se nach\u00e1z\u00ed:<br \/>\nApple iMac 2011<\/p>\n<p>SOU\u010c\u00c1ST\u00cd BALEN\u00cd NEN\u00cd MY\u0160 A KL\u00c1VESNICE<\/p>\n<p>Mo\u017en\u00fd jen osobn\u00ed odb\u011br v Praze nebo na Dob\u0159\u00ed\u0161i.<\/p>\n","protected":false},"excerpt":{"rendered":"<p>Dobr\u00fd den, prod\u00e1m pln\u011b funk\u010dn\u00ed Apple iMac (2011) s 500 GB HDD v perfektn\u00edm stavu. Po\u010d\u00edta\u010d byl celou dobu v neku\u0159\u00e1ck\u00e9m prost\u0159ed\u00ed. Displej nem\u00e1 \u017e\u00e1dn\u00e9 vady, k p\u016fvodn\u00edm 4GB RAM jsem p\u0159idal dal\u0161\u00edch 8 GB, tud\u00ed\u017e po\u010d\u00edta\u010d disponuje 12 GB RAM. K PC m\u00e1m origin\u00e1ln\u00ed krabici. Konfigurace viz. foto. V balen\u00ed se nach\u00e1z\u00ed: Apple iMac&#8230;<\/p>\n","protected":false},"author":0,"featured_media":155673,"comment_status":"closed","ping_status":"closed","sticky":false,"template":"","format":"standard","meta":{"footnotes":""},"categories":[41],"tags":[],"class_list":["post-155672","post","type-post","status-publish","format-standard","has-post-thumbnail","hentry","category-imac"],"yoast_head":"<!-- This site is optimized with the Yoast SEO plugin v27.2 - https:\/\/yoast.com\/product\/yoast-seo-wordpress\/ -->\n<title>iMac 21,5&quot; (2011) \/i5 2.5GHz\/12GB RAM - Apple bazar<\/title>\n<meta name=\"robots\" content=\"index, follow, max-snippet:-1, max-image-preview:large, max-video-preview:-1\" \/>\n<link rel=\"canonical\" href=\"https:\/\/www.letemsvetemapplem.eu\/bazar\/imac-215-2011-i5-2-5ghz-12gb-ram\/\" \/>\n<meta property=\"og:locale\" content=\"cs_CZ\" \/>\n<meta property=\"og:type\" content=\"article\" \/>\n<meta property=\"og:title\" content=\"iMac 21,5&quot; (2011) \/i5 2.5GHz\/12GB RAM - Apple bazar\" \/>\n<meta property=\"og:description\" content=\"Dobr\u00fd den, prod\u00e1m pln\u011b funk\u010dn\u00ed Apple iMac (2011) s 500 GB HDD v perfektn\u00edm stavu. Po\u010d\u00edta\u010d byl celou dobu v neku\u0159\u00e1ck\u00e9m prost\u0159ed\u00ed. Displej nem\u00e1 \u017e\u00e1dn\u00e9 vady, k p\u016fvodn\u00edm 4GB RAM jsem p\u0159idal dal\u0161\u00edch 8 GB, tud\u00ed\u017e po\u010d\u00edta\u010d disponuje 12 GB RAM. K PC m\u00e1m origin\u00e1ln\u00ed krabici. Konfigurace viz. foto. V balen\u00ed se nach\u00e1z\u00ed: Apple iMac...\" \/>\n<meta property=\"og:url\" content=\"https:\/\/www.letemsvetemapplem.eu\/bazar\/imac-215-2011-i5-2-5ghz-12gb-ram\/\" \/>\n<meta property=\"og:site_name\" content=\"Apple bazar\" \/>\n<meta property=\"article:published_time\" content=\"2019-06-26T20:01:19+00:00\" \/>\n<meta property=\"og:image\" content=\"https:\/\/www.letemsvetemapplem.eu\/bazar\/wp-content\/uploads\/2019\/06\/64401751_2829797783697149_3278432056970838016_n.jpg\" \/>\n\t<meta property=\"og:image:width\" content=\"960\" \/>\n\t<meta property=\"og:image:height\" content=\"748\" \/>\n\t<meta property=\"og:image:type\" content=\"image\/jpeg\" \/>\n<meta name=\"twitter:card\" content=\"summary_large_image\" \/>\n<script type=\"application\/ld+json\" class=\"yoast-schema-graph\">{\"@context\":\"https:\/\/schema.org\",\"@graph\":[{\"@type\":\"Article\",\"@id\":\"https:\/\/www.letemsvetemapplem.eu\/bazar\/imac-215-2011-i5-2-5ghz-12gb-ram\/#article\",\"isPartOf\":{\"@id\":\"https:\/\/www.letemsvetemapplem.eu\/bazar\/imac-215-2011-i5-2-5ghz-12gb-ram\/\"},\"author\":{\"name\":\"\",\"@id\":\"\"},\"headline\":\"iMac 21,5&quot; (2011) \/i5 2.5GHz\/12GB RAM\",\"datePublished\":\"2019-06-26T20:01:19+00:00\",\"mainEntityOfPage\":{\"@id\":\"https:\/\/www.letemsvetemapplem.eu\/bazar\/imac-215-2011-i5-2-5ghz-12gb-ram\/\"},\"wordCount\":92,\"image\":{\"@id\":\"https:\/\/www.letemsvetemapplem.eu\/bazar\/imac-215-2011-i5-2-5ghz-12gb-ram\/#primaryimage\"},\"thumbnailUrl\":\"https:\/\/www.letemsvetemapplem.eu\/bazar\/wp-content\/uploads\/2019\/06\/64401751_2829797783697149_3278432056970838016_n.jpg\",\"articleSection\":[\"iMac\"],\"inLanguage\":\"cs\"},{\"@type\":\"WebPage\",\"@id\":\"https:\/\/www.letemsvetemapplem.eu\/bazar\/imac-215-2011-i5-2-5ghz-12gb-ram\/\",\"url\":\"https:\/\/www.letemsvetemapplem.eu\/bazar\/imac-215-2011-i5-2-5ghz-12gb-ram\/\",\"name\":\"iMac 21,5&quot; (2011) \/i5 2.5GHz\/12GB RAM - Apple bazar\",\"isPartOf\":{\"@id\":\"https:\/\/www.letemsvetemapplem.eu\/bazar\/#website\"},\"primaryImageOfPage\":{\"@id\":\"https:\/\/www.letemsvetemapplem.eu\/bazar\/imac-215-2011-i5-2-5ghz-12gb-ram\/#primaryimage\"},\"image\":{\"@id\":\"https:\/\/www.letemsvetemapplem.eu\/bazar\/imac-215-2011-i5-2-5ghz-12gb-ram\/#primaryimage\"},\"thumbnailUrl\":\"https:\/\/www.letemsvetemapplem.eu\/bazar\/wp-content\/uploads\/2019\/06\/64401751_2829797783697149_3278432056970838016_n.jpg\",\"datePublished\":\"2019-06-26T20:01:19+00:00\",\"author\":{\"@id\":\"\"},\"breadcrumb\":{\"@id\":\"https:\/\/www.letemsvetemapplem.eu\/bazar\/imac-215-2011-i5-2-5ghz-12gb-ram\/#breadcrumb\"},\"inLanguage\":\"cs\",\"potentialAction\":[{\"@type\":\"ReadAction\",\"target\":[\"https:\/\/www.letemsvetemapplem.eu\/bazar\/imac-215-2011-i5-2-5ghz-12gb-ram\/\"]}]},{\"@type\":\"ImageObject\",\"inLanguage\":\"cs\",\"@id\":\"https:\/\/www.letemsvetemapplem.eu\/bazar\/imac-215-2011-i5-2-5ghz-12gb-ram\/#primaryimage\",\"url\":\"https:\/\/www.letemsvetemapplem.eu\/bazar\/wp-content\/uploads\/2019\/06\/64401751_2829797783697149_3278432056970838016_n.jpg\",\"contentUrl\":\"https:\/\/www.letemsvetemapplem.eu\/bazar\/wp-content\/uploads\/2019\/06\/64401751_2829797783697149_3278432056970838016_n.jpg\",\"width\":960,\"height\":748},{\"@type\":\"BreadcrumbList\",\"@id\":\"https:\/\/www.letemsvetemapplem.eu\/bazar\/imac-215-2011-i5-2-5ghz-12gb-ram\/#breadcrumb\",\"itemListElement\":[{\"@type\":\"ListItem\",\"position\":1,\"name\":\"Apple Bazar\",\"item\":\"https:\/\/www.letemsvetemapplem.eu\/bazar\/\"},{\"@type\":\"ListItem\",\"position\":2,\"name\":\"iMac 21,5&quot; (2011) \/i5 2.5GHz\/12GB RAM\"}]},{\"@type\":\"WebSite\",\"@id\":\"https:\/\/www.letemsvetemapplem.eu\/bazar\/#website\",\"url\":\"https:\/\/www.letemsvetemapplem.eu\/bazar\/\",\"name\":\"Apple bazar\",\"description\":\"Oou\u017eit\u00e9 Apple produkty za skv\u011bl\u00e9 ceny\",\"potentialAction\":[{\"@type\":\"SearchAction\",\"target\":{\"@type\":\"EntryPoint\",\"urlTemplate\":\"https:\/\/www.letemsvetemapplem.eu\/bazar\/?s={search_term_string}\"},\"query-input\":{\"@type\":\"PropertyValueSpecification\",\"valueRequired\":true,\"valueName\":\"search_term_string\"}}],\"inLanguage\":\"cs\"}]}<\/script>\n<!-- \/ Yoast SEO plugin. -->","yoast_head_json":{"title":"iMac 21,5&quot; (2011) \/i5 2.5GHz\/12GB RAM - Apple bazar","robots":{"index":"index","follow":"follow","max-snippet":"max-snippet:-1","max-image-preview":"max-image-preview:large","max-video-preview":"max-video-preview:-1"},"canonical":"https:\/\/www.letemsvetemapplem.eu\/bazar\/imac-215-2011-i5-2-5ghz-12gb-ram\/","og_locale":"cs_CZ","og_type":"article","og_title":"iMac 21,5&quot; (2011) \/i5 2.5GHz\/12GB RAM - Apple bazar","og_description":"Dobr\u00fd den, prod\u00e1m pln\u011b funk\u010dn\u00ed Apple iMac (2011) s 500 GB HDD v perfektn\u00edm stavu. Po\u010d\u00edta\u010d byl celou dobu v neku\u0159\u00e1ck\u00e9m prost\u0159ed\u00ed. Displej nem\u00e1 \u017e\u00e1dn\u00e9 vady, k p\u016fvodn\u00edm 4GB RAM jsem p\u0159idal dal\u0161\u00edch 8 GB, tud\u00ed\u017e po\u010d\u00edta\u010d disponuje 12 GB RAM. K PC m\u00e1m origin\u00e1ln\u00ed krabici. Konfigurace viz. foto. V balen\u00ed se nach\u00e1z\u00ed: Apple iMac...","og_url":"https:\/\/www.letemsvetemapplem.eu\/bazar\/imac-215-2011-i5-2-5ghz-12gb-ram\/","og_site_name":"Apple bazar","article_published_time":"2019-06-26T20:01:19+00:00","og_image":[{"width":960,"height":748,"url":"https:\/\/www.letemsvetemapplem.eu\/bazar\/wp-content\/uploads\/2019\/06\/64401751_2829797783697149_3278432056970838016_n.jpg","type":"image\/jpeg"}],"twitter_card":"summary_large_image","schema":{"@context":"https:\/\/schema.org","@graph":[{"@type":"Article","@id":"https:\/\/www.letemsvetemapplem.eu\/bazar\/imac-215-2011-i5-2-5ghz-12gb-ram\/#article","isPartOf":{"@id":"https:\/\/www.letemsvetemapplem.eu\/bazar\/imac-215-2011-i5-2-5ghz-12gb-ram\/"},"author":{"name":"","@id":""},"headline":"iMac 21,5&quot; (2011) \/i5 2.5GHz\/12GB RAM","datePublished":"2019-06-26T20:01:19+00:00","mainEntityOfPage":{"@id":"https:\/\/www.letemsvetemapplem.eu\/bazar\/imac-215-2011-i5-2-5ghz-12gb-ram\/"},"wordCount":92,"image":{"@id":"https:\/\/www.letemsvetemapplem.eu\/bazar\/imac-215-2011-i5-2-5ghz-12gb-ram\/#primaryimage"},"thumbnailUrl":"https:\/\/www.letemsvetemapplem.eu\/bazar\/wp-content\/uploads\/2019\/06\/64401751_2829797783697149_3278432056970838016_n.jpg","articleSection":["iMac"],"inLanguage":"cs"},{"@type":"WebPage","@id":"https:\/\/www.letemsvetemapplem.eu\/bazar\/imac-215-2011-i5-2-5ghz-12gb-ram\/","url":"https:\/\/www.letemsvetemapplem.eu\/bazar\/imac-215-2011-i5-2-5ghz-12gb-ram\/","name":"iMac 21,5&quot; (2011) \/i5 2.5GHz\/12GB RAM - Apple bazar","isPartOf":{"@id":"https:\/\/www.letemsvetemapplem.eu\/bazar\/#website"},"primaryImageOfPage":{"@id":"https:\/\/www.letemsvetemapplem.eu\/bazar\/imac-215-2011-i5-2-5ghz-12gb-ram\/#primaryimage"},"image":{"@id":"https:\/\/www.letemsvetemapplem.eu\/bazar\/imac-215-2011-i5-2-5ghz-12gb-ram\/#primaryimage"},"thumbnailUrl":"https:\/\/www.letemsvetemapplem.eu\/bazar\/wp-content\/uploads\/2019\/06\/64401751_2829797783697149_3278432056970838016_n.jpg","datePublished":"2019-06-26T20:01:19+00:00","author":{"@id":""},"breadcrumb":{"@id":"https:\/\/www.letemsvetemapplem.eu\/bazar\/imac-215-2011-i5-2-5ghz-12gb-ram\/#breadcrumb"},"inLanguage":"cs","potentialAction":[{"@type":"ReadAction","target":["https:\/\/www.letemsvetemapplem.eu\/bazar\/imac-215-2011-i5-2-5ghz-12gb-ram\/"]}]},{"@type":"ImageObject","inLanguage":"cs","@id":"https:\/\/www.letemsvetemapplem.eu\/bazar\/imac-215-2011-i5-2-5ghz-12gb-ram\/#primaryimage","url":"https:\/\/www.letemsvetemapplem.eu\/bazar\/wp-content\/uploads\/2019\/06\/64401751_2829797783697149_3278432056970838016_n.jpg","contentUrl":"https:\/\/www.letemsvetemapplem.eu\/bazar\/wp-content\/uploads\/2019\/06\/64401751_2829797783697149_3278432056970838016_n.jpg","width":960,"height":748},{"@type":"BreadcrumbList","@id":"https:\/\/www.letemsvetemapplem.eu\/bazar\/imac-215-2011-i5-2-5ghz-12gb-ram\/#breadcrumb","itemListElement":[{"@type":"ListItem","position":1,"name":"Apple Bazar","item":"https:\/\/www.letemsvetemapplem.eu\/bazar\/"},{"@type":"ListItem","position":2,"name":"iMac 21,5&quot; (2011) \/i5 2.5GHz\/12GB RAM"}]},{"@type":"WebSite","@id":"https:\/\/www.letemsvetemapplem.eu\/bazar\/#website","url":"https:\/\/www.letemsvetemapplem.eu\/bazar\/","name":"Apple bazar","description":"Oou\u017eit\u00e9 Apple produkty za skv\u011bl\u00e9 ceny","potentialAction":[{"@type":"SearchAction","target":{"@type":"EntryPoint","urlTemplate":"https:\/\/www.letemsvetemapplem.eu\/bazar\/?s={search_term_string}"},"query-input":{"@type":"PropertyValueSpecification","valueRequired":true,"valueName":"search_term_string"}}],"inLanguage":"cs"}]}},"_links":{"self":[{"href":"https:\/\/www.letemsvetemapplem.eu\/bazar\/wp-json\/wp\/v2\/posts\/155672","targetHints":{"allow":["GET"]}}],"collection":[{"href":"https:\/\/www.letemsvetemapplem.eu\/bazar\/wp-json\/wp\/v2\/posts"}],"about":[{"href":"https:\/\/www.letemsvetemapplem.eu\/bazar\/wp-json\/wp\/v2\/types\/post"}],"replies":[{"embeddable":true,"href":"https:\/\/www.letemsvetemapplem.eu\/bazar\/wp-json\/wp\/v2\/comments?post=155672"}],"version-history":[{"count":0,"href":"https:\/\/www.letemsvetemapplem.eu\/bazar\/wp-json\/wp\/v2\/posts\/155672\/revisions"}],"wp:featuredmedia":[{"embeddable":true,"href":"https:\/\/www.letemsvetemapplem.eu\/bazar\/wp-json\/wp\/v2\/media\/155673"}],"wp:attachment":[{"href":"https:\/\/www.letemsvetemapplem.eu\/bazar\/wp-json\/wp\/v2\/media?parent=155672"}],"wp:term":[{"taxonomy":"category","embeddable":true,"href":"https:\/\/www.letemsvetemapplem.eu\/bazar\/wp-json\/wp\/v2\/categories?post=155672"},{"taxonomy":"post_tag","embeddable":true,"href":"https:\/\/www.letemsvetemapplem.eu\/bazar\/wp-json\/wp\/v2\/tags?post=155672"}],"curies":[{"name":"wp","href":"https:\/\/api.w.org\/{rel}","templated":true}]}}