{"id":153658,"date":"2019-06-08T18:59:32","date_gmt":"2019-06-08T17:59:32","guid":{"rendered":"https:\/\/www.letemsvetemapplem.eu\/bazar\/?p=153658"},"modified":"2019-06-08T18:59:32","modified_gmt":"2019-06-08T17:59:32","slug":"prodam-iphone-x-256gb-v-top-stavu","status":"publish","type":"post","link":"https:\/\/www.letemsvetemapplem.eu\/bazar\/prodam-iphone-x-256gb-v-top-stavu\/","title":{"rendered":"Prod\u00e1m iPhone X 256GB v TOP STAVU"},"content":{"rendered":"<p>Dobr\u00fd den, prod\u00e1m iPhone X v TOP stavu bez zn\u00e1mek po\u0161kozen\u00ed. Na telefonu je od za\u010d\u00e1tku no\u0161en\u00e9 ochrann\u00e9 sklo a no\u0161en pouze v pouzd\u0159e. iPhone ji\u017e nen\u00ed v z\u00e1ruce, proto\u017ee byl zakoupen v Apple Store, netr\u00e1p\u00ed jej ale \u017e\u00e1dn\u00e1 viditeln\u00e1 ani skryt\u00e1 vada, v\u0161e je mo\u017en\u00e9 vyzkou\u0161et p\u0159i osobn\u00edm p\u0159ed\u00e1n\u00ed v Pardubic\u00edch. V p\u0159\u00edpad\u011b dal\u0161\u00edch dotaz\u016f m\u011b kontaktujte. K telefonu p\u0159id\u00e1v\u00e1m velk\u00e9 mno\u017estv\u00ed origin\u00e1ln\u00edch kryt\u016f Apple. 2x ko\u017een\u00fd, 1x ko\u017een\u00fd Folio kter\u00fd byl pou\u017eit jen 3x a je \u00fapln\u011b nov\u00fd a v neposledn\u00ed \u0159ad\u011b i silikonov\u00fd kter\u00fd je tak\u00e9 nov\u00fd. D\u00e1le p\u0159id\u00e1v\u00e1m i oby\u010dejn\u00fd pr\u016fhledn\u00fd kryt. <\/p>\n","protected":false},"excerpt":{"rendered":"<p>Dobr\u00fd den, prod\u00e1m iPhone X v TOP stavu bez zn\u00e1mek po\u0161kozen\u00ed. Na telefonu je od za\u010d\u00e1tku no\u0161en\u00e9 ochrann\u00e9 sklo a no\u0161en pouze v pouzd\u0159e. iPhone ji\u017e nen\u00ed v z\u00e1ruce, proto\u017ee byl zakoupen v Apple Store, netr\u00e1p\u00ed jej ale \u017e\u00e1dn\u00e1 viditeln\u00e1 ani skryt\u00e1 vada, v\u0161e je mo\u017en\u00e9 vyzkou\u0161et p\u0159i osobn\u00edm p\u0159ed\u00e1n\u00ed v Pardubic\u00edch. V p\u0159\u00edpad\u011b dal\u0161\u00edch&#8230;<\/p>\n","protected":false},"author":0,"featured_media":153659,"comment_status":"closed","ping_status":"closed","sticky":false,"template":"","format":"standard","meta":{"footnotes":""},"categories":[61],"tags":[],"class_list":["post-153658","post","type-post","status-publish","format-standard","has-post-thumbnail","hentry","category-iphone-x"],"yoast_head":"<!-- This site is optimized with the Yoast SEO plugin v27.5 - https:\/\/yoast.com\/product\/yoast-seo-wordpress\/ -->\n<title>Prod\u00e1m iPhone X 256GB v TOP STAVU - Apple bazar<\/title>\n<meta name=\"robots\" content=\"index, follow, max-snippet:-1, max-image-preview:large, max-video-preview:-1\" \/>\n<link rel=\"canonical\" href=\"https:\/\/www.letemsvetemapplem.eu\/bazar\/prodam-iphone-x-256gb-v-top-stavu\/\" \/>\n<meta property=\"og:locale\" content=\"cs_CZ\" \/>\n<meta property=\"og:type\" content=\"article\" \/>\n<meta property=\"og:title\" content=\"Prod\u00e1m iPhone X 256GB v TOP STAVU - Apple bazar\" \/>\n<meta property=\"og:description\" content=\"Dobr\u00fd den, prod\u00e1m iPhone X v TOP stavu bez zn\u00e1mek po\u0161kozen\u00ed. Na telefonu je od za\u010d\u00e1tku no\u0161en\u00e9 ochrann\u00e9 sklo a no\u0161en pouze v pouzd\u0159e. iPhone ji\u017e nen\u00ed v z\u00e1ruce, proto\u017ee byl zakoupen v Apple Store, netr\u00e1p\u00ed jej ale \u017e\u00e1dn\u00e1 viditeln\u00e1 ani skryt\u00e1 vada, v\u0161e je mo\u017en\u00e9 vyzkou\u0161et p\u0159i osobn\u00edm p\u0159ed\u00e1n\u00ed v Pardubic\u00edch. V p\u0159\u00edpad\u011b dal\u0161\u00edch...\" \/>\n<meta property=\"og:url\" content=\"https:\/\/www.letemsvetemapplem.eu\/bazar\/prodam-iphone-x-256gb-v-top-stavu\/\" \/>\n<meta property=\"og:site_name\" content=\"Apple bazar\" \/>\n<meta property=\"article:published_time\" content=\"2019-06-08T17:59:32+00:00\" \/>\n<meta property=\"og:image\" content=\"https:\/\/www.letemsvetemapplem.eu\/bazar\/wp-content\/uploads\/2019\/06\/839D241A-0EEF-4EA4-8ADF-E32B10DE52F4.jpeg\" \/>\n\t<meta property=\"og:image:width\" content=\"4032\" \/>\n\t<meta property=\"og:image:height\" content=\"3024\" \/>\n\t<meta property=\"og:image:type\" content=\"image\/jpeg\" \/>\n<meta name=\"twitter:card\" content=\"summary_large_image\" \/>\n<script type=\"application\/ld+json\" class=\"yoast-schema-graph\">{\"@context\":\"https:\\\/\\\/schema.org\",\"@graph\":[{\"@type\":\"Article\",\"@id\":\"https:\\\/\\\/www.letemsvetemapplem.eu\\\/bazar\\\/prodam-iphone-x-256gb-v-top-stavu\\\/#article\",\"isPartOf\":{\"@id\":\"https:\\\/\\\/www.letemsvetemapplem.eu\\\/bazar\\\/prodam-iphone-x-256gb-v-top-stavu\\\/\"},\"author\":{\"name\":\"\",\"@id\":\"\"},\"headline\":\"Prod\u00e1m iPhone X 256GB v TOP STAVU\",\"datePublished\":\"2019-06-08T17:59:32+00:00\",\"mainEntityOfPage\":{\"@id\":\"https:\\\/\\\/www.letemsvetemapplem.eu\\\/bazar\\\/prodam-iphone-x-256gb-v-top-stavu\\\/\"},\"wordCount\":139,\"image\":{\"@id\":\"https:\\\/\\\/www.letemsvetemapplem.eu\\\/bazar\\\/prodam-iphone-x-256gb-v-top-stavu\\\/#primaryimage\"},\"thumbnailUrl\":\"https:\\\/\\\/www.letemsvetemapplem.eu\\\/bazar\\\/wp-content\\\/uploads\\\/2019\\\/06\\\/839D241A-0EEF-4EA4-8ADF-E32B10DE52F4.jpeg\",\"articleSection\":[\"iPhone X\"],\"inLanguage\":\"cs\"},{\"@type\":\"WebPage\",\"@id\":\"https:\\\/\\\/www.letemsvetemapplem.eu\\\/bazar\\\/prodam-iphone-x-256gb-v-top-stavu\\\/\",\"url\":\"https:\\\/\\\/www.letemsvetemapplem.eu\\\/bazar\\\/prodam-iphone-x-256gb-v-top-stavu\\\/\",\"name\":\"Prod\u00e1m iPhone X 256GB v TOP STAVU - Apple bazar\",\"isPartOf\":{\"@id\":\"https:\\\/\\\/www.letemsvetemapplem.eu\\\/bazar\\\/#website\"},\"primaryImageOfPage\":{\"@id\":\"https:\\\/\\\/www.letemsvetemapplem.eu\\\/bazar\\\/prodam-iphone-x-256gb-v-top-stavu\\\/#primaryimage\"},\"image\":{\"@id\":\"https:\\\/\\\/www.letemsvetemapplem.eu\\\/bazar\\\/prodam-iphone-x-256gb-v-top-stavu\\\/#primaryimage\"},\"thumbnailUrl\":\"https:\\\/\\\/www.letemsvetemapplem.eu\\\/bazar\\\/wp-content\\\/uploads\\\/2019\\\/06\\\/839D241A-0EEF-4EA4-8ADF-E32B10DE52F4.jpeg\",\"datePublished\":\"2019-06-08T17:59:32+00:00\",\"author\":{\"@id\":\"\"},\"breadcrumb\":{\"@id\":\"https:\\\/\\\/www.letemsvetemapplem.eu\\\/bazar\\\/prodam-iphone-x-256gb-v-top-stavu\\\/#breadcrumb\"},\"inLanguage\":\"cs\",\"potentialAction\":[{\"@type\":\"ReadAction\",\"target\":[\"https:\\\/\\\/www.letemsvetemapplem.eu\\\/bazar\\\/prodam-iphone-x-256gb-v-top-stavu\\\/\"]}]},{\"@type\":\"ImageObject\",\"inLanguage\":\"cs\",\"@id\":\"https:\\\/\\\/www.letemsvetemapplem.eu\\\/bazar\\\/prodam-iphone-x-256gb-v-top-stavu\\\/#primaryimage\",\"url\":\"https:\\\/\\\/www.letemsvetemapplem.eu\\\/bazar\\\/wp-content\\\/uploads\\\/2019\\\/06\\\/839D241A-0EEF-4EA4-8ADF-E32B10DE52F4.jpeg\",\"contentUrl\":\"https:\\\/\\\/www.letemsvetemapplem.eu\\\/bazar\\\/wp-content\\\/uploads\\\/2019\\\/06\\\/839D241A-0EEF-4EA4-8ADF-E32B10DE52F4.jpeg\",\"width\":4032,\"height\":3024},{\"@type\":\"BreadcrumbList\",\"@id\":\"https:\\\/\\\/www.letemsvetemapplem.eu\\\/bazar\\\/prodam-iphone-x-256gb-v-top-stavu\\\/#breadcrumb\",\"itemListElement\":[{\"@type\":\"ListItem\",\"position\":1,\"name\":\"Apple Bazar\",\"item\":\"https:\\\/\\\/www.letemsvetemapplem.eu\\\/bazar\\\/\"},{\"@type\":\"ListItem\",\"position\":2,\"name\":\"Prod\u00e1m iPhone X 256GB v TOP STAVU\"}]},{\"@type\":\"WebSite\",\"@id\":\"https:\\\/\\\/www.letemsvetemapplem.eu\\\/bazar\\\/#website\",\"url\":\"https:\\\/\\\/www.letemsvetemapplem.eu\\\/bazar\\\/\",\"name\":\"Apple bazar\",\"description\":\"Oou\u017eit\u00e9 Apple produkty za skv\u011bl\u00e9 ceny\",\"potentialAction\":[{\"@type\":\"SearchAction\",\"target\":{\"@type\":\"EntryPoint\",\"urlTemplate\":\"https:\\\/\\\/www.letemsvetemapplem.eu\\\/bazar\\\/?s={search_term_string}\"},\"query-input\":{\"@type\":\"PropertyValueSpecification\",\"valueRequired\":true,\"valueName\":\"search_term_string\"}}],\"inLanguage\":\"cs\"}]}<\/script>\n<!-- \/ Yoast SEO plugin. -->","yoast_head_json":{"title":"Prod\u00e1m iPhone X 256GB v TOP STAVU - Apple bazar","robots":{"index":"index","follow":"follow","max-snippet":"max-snippet:-1","max-image-preview":"max-image-preview:large","max-video-preview":"max-video-preview:-1"},"canonical":"https:\/\/www.letemsvetemapplem.eu\/bazar\/prodam-iphone-x-256gb-v-top-stavu\/","og_locale":"cs_CZ","og_type":"article","og_title":"Prod\u00e1m iPhone X 256GB v TOP STAVU - Apple bazar","og_description":"Dobr\u00fd den, prod\u00e1m iPhone X v TOP stavu bez zn\u00e1mek po\u0161kozen\u00ed. Na telefonu je od za\u010d\u00e1tku no\u0161en\u00e9 ochrann\u00e9 sklo a no\u0161en pouze v pouzd\u0159e. iPhone ji\u017e nen\u00ed v z\u00e1ruce, proto\u017ee byl zakoupen v Apple Store, netr\u00e1p\u00ed jej ale \u017e\u00e1dn\u00e1 viditeln\u00e1 ani skryt\u00e1 vada, v\u0161e je mo\u017en\u00e9 vyzkou\u0161et p\u0159i osobn\u00edm p\u0159ed\u00e1n\u00ed v Pardubic\u00edch. V p\u0159\u00edpad\u011b dal\u0161\u00edch...","og_url":"https:\/\/www.letemsvetemapplem.eu\/bazar\/prodam-iphone-x-256gb-v-top-stavu\/","og_site_name":"Apple bazar","article_published_time":"2019-06-08T17:59:32+00:00","og_image":[{"width":4032,"height":3024,"url":"https:\/\/www.letemsvetemapplem.eu\/bazar\/wp-content\/uploads\/2019\/06\/839D241A-0EEF-4EA4-8ADF-E32B10DE52F4.jpeg","type":"image\/jpeg"}],"twitter_card":"summary_large_image","schema":{"@context":"https:\/\/schema.org","@graph":[{"@type":"Article","@id":"https:\/\/www.letemsvetemapplem.eu\/bazar\/prodam-iphone-x-256gb-v-top-stavu\/#article","isPartOf":{"@id":"https:\/\/www.letemsvetemapplem.eu\/bazar\/prodam-iphone-x-256gb-v-top-stavu\/"},"author":{"name":"","@id":""},"headline":"Prod\u00e1m iPhone X 256GB v TOP STAVU","datePublished":"2019-06-08T17:59:32+00:00","mainEntityOfPage":{"@id":"https:\/\/www.letemsvetemapplem.eu\/bazar\/prodam-iphone-x-256gb-v-top-stavu\/"},"wordCount":139,"image":{"@id":"https:\/\/www.letemsvetemapplem.eu\/bazar\/prodam-iphone-x-256gb-v-top-stavu\/#primaryimage"},"thumbnailUrl":"https:\/\/www.letemsvetemapplem.eu\/bazar\/wp-content\/uploads\/2019\/06\/839D241A-0EEF-4EA4-8ADF-E32B10DE52F4.jpeg","articleSection":["iPhone X"],"inLanguage":"cs"},{"@type":"WebPage","@id":"https:\/\/www.letemsvetemapplem.eu\/bazar\/prodam-iphone-x-256gb-v-top-stavu\/","url":"https:\/\/www.letemsvetemapplem.eu\/bazar\/prodam-iphone-x-256gb-v-top-stavu\/","name":"Prod\u00e1m iPhone X 256GB v TOP STAVU - Apple bazar","isPartOf":{"@id":"https:\/\/www.letemsvetemapplem.eu\/bazar\/#website"},"primaryImageOfPage":{"@id":"https:\/\/www.letemsvetemapplem.eu\/bazar\/prodam-iphone-x-256gb-v-top-stavu\/#primaryimage"},"image":{"@id":"https:\/\/www.letemsvetemapplem.eu\/bazar\/prodam-iphone-x-256gb-v-top-stavu\/#primaryimage"},"thumbnailUrl":"https:\/\/www.letemsvetemapplem.eu\/bazar\/wp-content\/uploads\/2019\/06\/839D241A-0EEF-4EA4-8ADF-E32B10DE52F4.jpeg","datePublished":"2019-06-08T17:59:32+00:00","author":{"@id":""},"breadcrumb":{"@id":"https:\/\/www.letemsvetemapplem.eu\/bazar\/prodam-iphone-x-256gb-v-top-stavu\/#breadcrumb"},"inLanguage":"cs","potentialAction":[{"@type":"ReadAction","target":["https:\/\/www.letemsvetemapplem.eu\/bazar\/prodam-iphone-x-256gb-v-top-stavu\/"]}]},{"@type":"ImageObject","inLanguage":"cs","@id":"https:\/\/www.letemsvetemapplem.eu\/bazar\/prodam-iphone-x-256gb-v-top-stavu\/#primaryimage","url":"https:\/\/www.letemsvetemapplem.eu\/bazar\/wp-content\/uploads\/2019\/06\/839D241A-0EEF-4EA4-8ADF-E32B10DE52F4.jpeg","contentUrl":"https:\/\/www.letemsvetemapplem.eu\/bazar\/wp-content\/uploads\/2019\/06\/839D241A-0EEF-4EA4-8ADF-E32B10DE52F4.jpeg","width":4032,"height":3024},{"@type":"BreadcrumbList","@id":"https:\/\/www.letemsvetemapplem.eu\/bazar\/prodam-iphone-x-256gb-v-top-stavu\/#breadcrumb","itemListElement":[{"@type":"ListItem","position":1,"name":"Apple Bazar","item":"https:\/\/www.letemsvetemapplem.eu\/bazar\/"},{"@type":"ListItem","position":2,"name":"Prod\u00e1m iPhone X 256GB v TOP STAVU"}]},{"@type":"WebSite","@id":"https:\/\/www.letemsvetemapplem.eu\/bazar\/#website","url":"https:\/\/www.letemsvetemapplem.eu\/bazar\/","name":"Apple bazar","description":"Oou\u017eit\u00e9 Apple produkty za skv\u011bl\u00e9 ceny","potentialAction":[{"@type":"SearchAction","target":{"@type":"EntryPoint","urlTemplate":"https:\/\/www.letemsvetemapplem.eu\/bazar\/?s={search_term_string}"},"query-input":{"@type":"PropertyValueSpecification","valueRequired":true,"valueName":"search_term_string"}}],"inLanguage":"cs"}]}},"_links":{"self":[{"href":"https:\/\/www.letemsvetemapplem.eu\/bazar\/wp-json\/wp\/v2\/posts\/153658","targetHints":{"allow":["GET"]}}],"collection":[{"href":"https:\/\/www.letemsvetemapplem.eu\/bazar\/wp-json\/wp\/v2\/posts"}],"about":[{"href":"https:\/\/www.letemsvetemapplem.eu\/bazar\/wp-json\/wp\/v2\/types\/post"}],"replies":[{"embeddable":true,"href":"https:\/\/www.letemsvetemapplem.eu\/bazar\/wp-json\/wp\/v2\/comments?post=153658"}],"version-history":[{"count":0,"href":"https:\/\/www.letemsvetemapplem.eu\/bazar\/wp-json\/wp\/v2\/posts\/153658\/revisions"}],"wp:featuredmedia":[{"embeddable":true,"href":"https:\/\/www.letemsvetemapplem.eu\/bazar\/wp-json\/wp\/v2\/media\/153659"}],"wp:attachment":[{"href":"https:\/\/www.letemsvetemapplem.eu\/bazar\/wp-json\/wp\/v2\/media?parent=153658"}],"wp:term":[{"taxonomy":"category","embeddable":true,"href":"https:\/\/www.letemsvetemapplem.eu\/bazar\/wp-json\/wp\/v2\/categories?post=153658"},{"taxonomy":"post_tag","embeddable":true,"href":"https:\/\/www.letemsvetemapplem.eu\/bazar\/wp-json\/wp\/v2\/tags?post=153658"}],"curies":[{"name":"wp","href":"https:\/\/api.w.org\/{rel}","templated":true}]}}