{"id":152978,"date":"2019-05-31T19:16:41","date_gmt":"2019-05-31T18:16:41","guid":{"rendered":"https:\/\/www.letemsvetemapplem.eu\/bazar\/?p=152978"},"modified":"2019-05-31T19:16:41","modified_gmt":"2019-05-31T18:16:41","slug":"apple-watch-series-3-14","status":"publish","type":"post","link":"https:\/\/www.letemsvetemapplem.eu\/bazar\/apple-watch-series-3-14\/","title":{"rendered":"Apple Watch Series 3"},"content":{"rendered":"<p>Prod\u00e1m sv\u00e9 Apple Watch Series 3 42mm. Kupov\u00e1ny byly v iWant Liberec 17.1.2019. Na fotografi\u00edch maj\u00ed hodinky ochranou f\u00f3lii a jinak ani no\u0161en\u00e9 nebyly, tak\u017ee jsou bez jak\u00e9hokoliv \u0161kr\u00e1bance jak na displeji tak na zadn\u00ed stran\u011b. Pouze nad displejem je mal\u00e1 od\u011brka. Byla dokoupena roz\u0161\u00ed\u0159en\u00e1 z\u00e1ruka na rozbit\u00ed displeje, tak\u017ee je mo\u017eno 2x vym\u011bnit hodinky za nov\u00fd kus.<br \/>\nK hodink\u00e1m dod\u00e1m ve\u0161ker\u00e9 p\u0159\u00edslu\u0161enstv\u00ed, kter\u00e9 jsem dostal p\u0159i koupi v\u010d. Z\u00e1ru\u010dn\u00edho listu.<br \/>\nMo\u017eno vyzvednout v Liberci, Ji\u010d\u00edn\u011b, Turnov\u011b.<\/p>\n","protected":false},"excerpt":{"rendered":"<p>Prod\u00e1m sv\u00e9 Apple Watch Series 3 42mm. Kupov\u00e1ny byly v iWant Liberec 17.1.2019. Na fotografi\u00edch maj\u00ed hodinky ochranou f\u00f3lii a jinak ani no\u0161en\u00e9 nebyly, tak\u017ee jsou bez jak\u00e9hokoliv \u0161kr\u00e1bance jak na displeji tak na zadn\u00ed stran\u011b. Pouze nad displejem je mal\u00e1 od\u011brka. Byla dokoupena roz\u0161\u00ed\u0159en\u00e1 z\u00e1ruka na rozbit\u00ed displeje, tak\u017ee je mo\u017eno 2x vym\u011bnit hodinky&#8230;<\/p>\n","protected":false},"author":0,"featured_media":152979,"comment_status":"closed","ping_status":"closed","sticky":false,"template":"","format":"standard","meta":{"footnotes":""},"categories":[59],"tags":[],"class_list":["post-152978","post","type-post","status-publish","format-standard","has-post-thumbnail","hentry","category-apple-watch-series-3"],"yoast_head":"<!-- This site is optimized with the Yoast SEO plugin v27.5 - https:\/\/yoast.com\/product\/yoast-seo-wordpress\/ -->\n<title>Apple Watch Series 3 - Apple bazar<\/title>\n<meta name=\"robots\" content=\"index, follow, max-snippet:-1, max-image-preview:large, max-video-preview:-1\" \/>\n<link rel=\"canonical\" href=\"https:\/\/www.letemsvetemapplem.eu\/bazar\/apple-watch-series-3-14\/\" \/>\n<meta property=\"og:locale\" content=\"cs_CZ\" \/>\n<meta property=\"og:type\" content=\"article\" \/>\n<meta property=\"og:title\" content=\"Apple Watch Series 3 - Apple bazar\" \/>\n<meta property=\"og:description\" content=\"Prod\u00e1m sv\u00e9 Apple Watch Series 3 42mm. Kupov\u00e1ny byly v iWant Liberec 17.1.2019. Na fotografi\u00edch maj\u00ed hodinky ochranou f\u00f3lii a jinak ani no\u0161en\u00e9 nebyly, tak\u017ee jsou bez jak\u00e9hokoliv \u0161kr\u00e1bance jak na displeji tak na zadn\u00ed stran\u011b. Pouze nad displejem je mal\u00e1 od\u011brka. Byla dokoupena roz\u0161\u00ed\u0159en\u00e1 z\u00e1ruka na rozbit\u00ed displeje, tak\u017ee je mo\u017eno 2x vym\u011bnit hodinky...\" \/>\n<meta property=\"og:url\" content=\"https:\/\/www.letemsvetemapplem.eu\/bazar\/apple-watch-series-3-14\/\" \/>\n<meta property=\"og:site_name\" content=\"Apple bazar\" \/>\n<meta property=\"article:published_time\" content=\"2019-05-31T18:16:41+00:00\" \/>\n<meta property=\"og:image\" content=\"https:\/\/www.letemsvetemapplem.eu\/bazar\/wp-content\/uploads\/2019\/05\/ABEEFAB5-5592-449C-90EA-15A1BB3253CF.jpeg\" \/>\n\t<meta property=\"og:image:width\" content=\"4032\" \/>\n\t<meta property=\"og:image:height\" content=\"3024\" \/>\n\t<meta property=\"og:image:type\" content=\"image\/jpeg\" \/>\n<meta name=\"twitter:card\" content=\"summary_large_image\" \/>\n<script type=\"application\/ld+json\" class=\"yoast-schema-graph\">{\"@context\":\"https:\\\/\\\/schema.org\",\"@graph\":[{\"@type\":\"Article\",\"@id\":\"https:\\\/\\\/www.letemsvetemapplem.eu\\\/bazar\\\/apple-watch-series-3-14\\\/#article\",\"isPartOf\":{\"@id\":\"https:\\\/\\\/www.letemsvetemapplem.eu\\\/bazar\\\/apple-watch-series-3-14\\\/\"},\"author\":{\"name\":\"\",\"@id\":\"\"},\"headline\":\"Apple Watch Series 3\",\"datePublished\":\"2019-05-31T18:16:41+00:00\",\"mainEntityOfPage\":{\"@id\":\"https:\\\/\\\/www.letemsvetemapplem.eu\\\/bazar\\\/apple-watch-series-3-14\\\/\"},\"wordCount\":103,\"image\":{\"@id\":\"https:\\\/\\\/www.letemsvetemapplem.eu\\\/bazar\\\/apple-watch-series-3-14\\\/#primaryimage\"},\"thumbnailUrl\":\"https:\\\/\\\/www.letemsvetemapplem.eu\\\/bazar\\\/wp-content\\\/uploads\\\/2019\\\/05\\\/ABEEFAB5-5592-449C-90EA-15A1BB3253CF.jpeg\",\"articleSection\":[\"Apple Watch Series 3\"],\"inLanguage\":\"cs\"},{\"@type\":\"WebPage\",\"@id\":\"https:\\\/\\\/www.letemsvetemapplem.eu\\\/bazar\\\/apple-watch-series-3-14\\\/\",\"url\":\"https:\\\/\\\/www.letemsvetemapplem.eu\\\/bazar\\\/apple-watch-series-3-14\\\/\",\"name\":\"Apple Watch Series 3 - Apple bazar\",\"isPartOf\":{\"@id\":\"https:\\\/\\\/www.letemsvetemapplem.eu\\\/bazar\\\/#website\"},\"primaryImageOfPage\":{\"@id\":\"https:\\\/\\\/www.letemsvetemapplem.eu\\\/bazar\\\/apple-watch-series-3-14\\\/#primaryimage\"},\"image\":{\"@id\":\"https:\\\/\\\/www.letemsvetemapplem.eu\\\/bazar\\\/apple-watch-series-3-14\\\/#primaryimage\"},\"thumbnailUrl\":\"https:\\\/\\\/www.letemsvetemapplem.eu\\\/bazar\\\/wp-content\\\/uploads\\\/2019\\\/05\\\/ABEEFAB5-5592-449C-90EA-15A1BB3253CF.jpeg\",\"datePublished\":\"2019-05-31T18:16:41+00:00\",\"author\":{\"@id\":\"\"},\"breadcrumb\":{\"@id\":\"https:\\\/\\\/www.letemsvetemapplem.eu\\\/bazar\\\/apple-watch-series-3-14\\\/#breadcrumb\"},\"inLanguage\":\"cs\",\"potentialAction\":[{\"@type\":\"ReadAction\",\"target\":[\"https:\\\/\\\/www.letemsvetemapplem.eu\\\/bazar\\\/apple-watch-series-3-14\\\/\"]}]},{\"@type\":\"ImageObject\",\"inLanguage\":\"cs\",\"@id\":\"https:\\\/\\\/www.letemsvetemapplem.eu\\\/bazar\\\/apple-watch-series-3-14\\\/#primaryimage\",\"url\":\"https:\\\/\\\/www.letemsvetemapplem.eu\\\/bazar\\\/wp-content\\\/uploads\\\/2019\\\/05\\\/ABEEFAB5-5592-449C-90EA-15A1BB3253CF.jpeg\",\"contentUrl\":\"https:\\\/\\\/www.letemsvetemapplem.eu\\\/bazar\\\/wp-content\\\/uploads\\\/2019\\\/05\\\/ABEEFAB5-5592-449C-90EA-15A1BB3253CF.jpeg\",\"width\":4032,\"height\":3024},{\"@type\":\"BreadcrumbList\",\"@id\":\"https:\\\/\\\/www.letemsvetemapplem.eu\\\/bazar\\\/apple-watch-series-3-14\\\/#breadcrumb\",\"itemListElement\":[{\"@type\":\"ListItem\",\"position\":1,\"name\":\"Apple Bazar\",\"item\":\"https:\\\/\\\/www.letemsvetemapplem.eu\\\/bazar\\\/\"},{\"@type\":\"ListItem\",\"position\":2,\"name\":\"Apple Watch Series 3\"}]},{\"@type\":\"WebSite\",\"@id\":\"https:\\\/\\\/www.letemsvetemapplem.eu\\\/bazar\\\/#website\",\"url\":\"https:\\\/\\\/www.letemsvetemapplem.eu\\\/bazar\\\/\",\"name\":\"Apple bazar\",\"description\":\"Oou\u017eit\u00e9 Apple produkty za skv\u011bl\u00e9 ceny\",\"potentialAction\":[{\"@type\":\"SearchAction\",\"target\":{\"@type\":\"EntryPoint\",\"urlTemplate\":\"https:\\\/\\\/www.letemsvetemapplem.eu\\\/bazar\\\/?s={search_term_string}\"},\"query-input\":{\"@type\":\"PropertyValueSpecification\",\"valueRequired\":true,\"valueName\":\"search_term_string\"}}],\"inLanguage\":\"cs\"}]}<\/script>\n<!-- \/ Yoast SEO plugin. -->","yoast_head_json":{"title":"Apple Watch Series 3 - Apple bazar","robots":{"index":"index","follow":"follow","max-snippet":"max-snippet:-1","max-image-preview":"max-image-preview:large","max-video-preview":"max-video-preview:-1"},"canonical":"https:\/\/www.letemsvetemapplem.eu\/bazar\/apple-watch-series-3-14\/","og_locale":"cs_CZ","og_type":"article","og_title":"Apple Watch Series 3 - Apple bazar","og_description":"Prod\u00e1m sv\u00e9 Apple Watch Series 3 42mm. Kupov\u00e1ny byly v iWant Liberec 17.1.2019. Na fotografi\u00edch maj\u00ed hodinky ochranou f\u00f3lii a jinak ani no\u0161en\u00e9 nebyly, tak\u017ee jsou bez jak\u00e9hokoliv \u0161kr\u00e1bance jak na displeji tak na zadn\u00ed stran\u011b. Pouze nad displejem je mal\u00e1 od\u011brka. Byla dokoupena roz\u0161\u00ed\u0159en\u00e1 z\u00e1ruka na rozbit\u00ed displeje, tak\u017ee je mo\u017eno 2x vym\u011bnit hodinky...","og_url":"https:\/\/www.letemsvetemapplem.eu\/bazar\/apple-watch-series-3-14\/","og_site_name":"Apple bazar","article_published_time":"2019-05-31T18:16:41+00:00","og_image":[{"width":4032,"height":3024,"url":"https:\/\/www.letemsvetemapplem.eu\/bazar\/wp-content\/uploads\/2019\/05\/ABEEFAB5-5592-449C-90EA-15A1BB3253CF.jpeg","type":"image\/jpeg"}],"twitter_card":"summary_large_image","schema":{"@context":"https:\/\/schema.org","@graph":[{"@type":"Article","@id":"https:\/\/www.letemsvetemapplem.eu\/bazar\/apple-watch-series-3-14\/#article","isPartOf":{"@id":"https:\/\/www.letemsvetemapplem.eu\/bazar\/apple-watch-series-3-14\/"},"author":{"name":"","@id":""},"headline":"Apple Watch Series 3","datePublished":"2019-05-31T18:16:41+00:00","mainEntityOfPage":{"@id":"https:\/\/www.letemsvetemapplem.eu\/bazar\/apple-watch-series-3-14\/"},"wordCount":103,"image":{"@id":"https:\/\/www.letemsvetemapplem.eu\/bazar\/apple-watch-series-3-14\/#primaryimage"},"thumbnailUrl":"https:\/\/www.letemsvetemapplem.eu\/bazar\/wp-content\/uploads\/2019\/05\/ABEEFAB5-5592-449C-90EA-15A1BB3253CF.jpeg","articleSection":["Apple Watch Series 3"],"inLanguage":"cs"},{"@type":"WebPage","@id":"https:\/\/www.letemsvetemapplem.eu\/bazar\/apple-watch-series-3-14\/","url":"https:\/\/www.letemsvetemapplem.eu\/bazar\/apple-watch-series-3-14\/","name":"Apple Watch Series 3 - Apple bazar","isPartOf":{"@id":"https:\/\/www.letemsvetemapplem.eu\/bazar\/#website"},"primaryImageOfPage":{"@id":"https:\/\/www.letemsvetemapplem.eu\/bazar\/apple-watch-series-3-14\/#primaryimage"},"image":{"@id":"https:\/\/www.letemsvetemapplem.eu\/bazar\/apple-watch-series-3-14\/#primaryimage"},"thumbnailUrl":"https:\/\/www.letemsvetemapplem.eu\/bazar\/wp-content\/uploads\/2019\/05\/ABEEFAB5-5592-449C-90EA-15A1BB3253CF.jpeg","datePublished":"2019-05-31T18:16:41+00:00","author":{"@id":""},"breadcrumb":{"@id":"https:\/\/www.letemsvetemapplem.eu\/bazar\/apple-watch-series-3-14\/#breadcrumb"},"inLanguage":"cs","potentialAction":[{"@type":"ReadAction","target":["https:\/\/www.letemsvetemapplem.eu\/bazar\/apple-watch-series-3-14\/"]}]},{"@type":"ImageObject","inLanguage":"cs","@id":"https:\/\/www.letemsvetemapplem.eu\/bazar\/apple-watch-series-3-14\/#primaryimage","url":"https:\/\/www.letemsvetemapplem.eu\/bazar\/wp-content\/uploads\/2019\/05\/ABEEFAB5-5592-449C-90EA-15A1BB3253CF.jpeg","contentUrl":"https:\/\/www.letemsvetemapplem.eu\/bazar\/wp-content\/uploads\/2019\/05\/ABEEFAB5-5592-449C-90EA-15A1BB3253CF.jpeg","width":4032,"height":3024},{"@type":"BreadcrumbList","@id":"https:\/\/www.letemsvetemapplem.eu\/bazar\/apple-watch-series-3-14\/#breadcrumb","itemListElement":[{"@type":"ListItem","position":1,"name":"Apple Bazar","item":"https:\/\/www.letemsvetemapplem.eu\/bazar\/"},{"@type":"ListItem","position":2,"name":"Apple Watch Series 3"}]},{"@type":"WebSite","@id":"https:\/\/www.letemsvetemapplem.eu\/bazar\/#website","url":"https:\/\/www.letemsvetemapplem.eu\/bazar\/","name":"Apple bazar","description":"Oou\u017eit\u00e9 Apple produkty za skv\u011bl\u00e9 ceny","potentialAction":[{"@type":"SearchAction","target":{"@type":"EntryPoint","urlTemplate":"https:\/\/www.letemsvetemapplem.eu\/bazar\/?s={search_term_string}"},"query-input":{"@type":"PropertyValueSpecification","valueRequired":true,"valueName":"search_term_string"}}],"inLanguage":"cs"}]}},"_links":{"self":[{"href":"https:\/\/www.letemsvetemapplem.eu\/bazar\/wp-json\/wp\/v2\/posts\/152978","targetHints":{"allow":["GET"]}}],"collection":[{"href":"https:\/\/www.letemsvetemapplem.eu\/bazar\/wp-json\/wp\/v2\/posts"}],"about":[{"href":"https:\/\/www.letemsvetemapplem.eu\/bazar\/wp-json\/wp\/v2\/types\/post"}],"replies":[{"embeddable":true,"href":"https:\/\/www.letemsvetemapplem.eu\/bazar\/wp-json\/wp\/v2\/comments?post=152978"}],"version-history":[{"count":0,"href":"https:\/\/www.letemsvetemapplem.eu\/bazar\/wp-json\/wp\/v2\/posts\/152978\/revisions"}],"wp:featuredmedia":[{"embeddable":true,"href":"https:\/\/www.letemsvetemapplem.eu\/bazar\/wp-json\/wp\/v2\/media\/152979"}],"wp:attachment":[{"href":"https:\/\/www.letemsvetemapplem.eu\/bazar\/wp-json\/wp\/v2\/media?parent=152978"}],"wp:term":[{"taxonomy":"category","embeddable":true,"href":"https:\/\/www.letemsvetemapplem.eu\/bazar\/wp-json\/wp\/v2\/categories?post=152978"},{"taxonomy":"post_tag","embeddable":true,"href":"https:\/\/www.letemsvetemapplem.eu\/bazar\/wp-json\/wp\/v2\/tags?post=152978"}],"curies":[{"name":"wp","href":"https:\/\/api.w.org\/{rel}","templated":true}]}}