{"id":152803,"date":"2019-05-29T18:13:43","date_gmt":"2019-05-29T17:13:43","guid":{"rendered":"https:\/\/www.letemsvetemapplem.eu\/bazar\/?p=152803"},"modified":"2019-11-01T12:14:46","modified_gmt":"2019-11-01T11:14:46","slug":"hackintosh-6-core-i5-32-gb-ram-250-gb","status":"publish","type":"post","link":"https:\/\/www.letemsvetemapplem.eu\/bazar\/hackintosh-6-core-i5-32-gb-ram-250-gb\/","title":{"rendered":"Hackintosh: 6-core i5, 32 GB ram, 250 GB"},"content":{"rendered":"<p>Prod\u00e1m desktopov\u00fd hackintosh:&lt;br \/&gt;<br \/>\n* 6-core Intel Core i5-8600K @ 3,6 Ghz s odemknut\u00fdm n\u00e1sobi\u010dem&lt;br \/&gt;<br \/>\n* 32 GB RAM Crucial Ballistix Sport LT Red DDR4 2666&lt;br \/&gt;<br \/>\n* rychl\u00e9 NVMe SSD Samsung 960 EVO 250 GB&lt;br \/&gt;<br \/>\n* ATX deska ASUS PRIME Z370-A&lt;br \/&gt;<br \/>\n* 520W zdroj Seasonic M12II Bronze Evo&lt;br \/&gt;<br \/>\n* chladi\u010d Cooler master HYPER 212&lt;br \/&gt;<br \/>\n* sk\u0159\u00ed\u0148 Corsair Graphite Series 230T s oknem&lt;br \/&gt;<br \/>\n* bluetooth Belkin Bluetooth 4.0 Mini USB plus EDR<br \/>\nPo\u010d\u00edta\u010d pou\u017e\u00edvan\u00fd rok jako pracovn\u00ed stanice na programov\u00e1n\u00ed. V dob\u011b koup\u011b to byla nejrozumn\u011bj\u0161\u00ed varianta jak m\u00edt Mac s alespo\u0148 \u010dty\u0159 j\u00e1drov\u00fdm procesorem a 32 GB pam\u011bti. P\u016fvodn\u00ed cena ~27 000 K\u010d. Komponenty jsou je\u0161t\u011b &gt;rok v z\u00e1ruce, v\u011bt\u0161ina &gt;2 roky. Ve sk\u0159\u00edni je dost m\u00edsta i na tu nejv\u011bt\u0161\u00ed grafickou kartu i hromadu disk\u016f. Procesor m\u00e1 velk\u00fd potenci\u00e1l k p\u0159etaktov\u00e1n\u00ed, rozhodn\u011b nedoch\u00e1z\u00ed k jeho podtaktov\u00e1n\u00ed vlivem \u0161patn\u00e9ho chlazen\u00ed, jak to \u010dasto vid\u00edme u sou\u010dasn\u00fdch mac\u016f.&lt;br \/&gt;<br \/>\nD\u016fvod prodeje: p\u0159echod na Mac Mini.<\/p>\n","protected":false},"excerpt":{"rendered":"<p>Prod\u00e1m desktopov\u00fd hackintosh:&lt;br \/&gt; * 6-core Intel Core i5-8600K @ 3,6 Ghz s odemknut\u00fdm n\u00e1sobi\u010dem&lt;br \/&gt; * 32 GB RAM Crucial Ballistix Sport LT Red DDR4 2666&lt;br \/&gt; * rychl\u00e9 NVMe SSD Samsung 960 EVO 250 GB&lt;br \/&gt; * ATX deska ASUS PRIME Z370-A&lt;br \/&gt; * 520W zdroj Seasonic M12II Bronze Evo&lt;br \/&gt; * chladi\u010d&#8230;<\/p>\n","protected":false},"author":0,"featured_media":152804,"comment_status":"closed","ping_status":"closed","sticky":false,"template":"","format":"standard","meta":{"footnotes":""},"categories":[46],"tags":[],"class_list":["post-152803","post","type-post","status-publish","format-standard","has-post-thumbnail","hentry","category-ostatni-mac"],"yoast_head":"<!-- This site is optimized with the Yoast SEO plugin v27.5 - https:\/\/yoast.com\/product\/yoast-seo-wordpress\/ -->\n<title>Hackintosh: 6-core i5, 32 GB ram, 250 GB - Apple bazar<\/title>\n<meta name=\"robots\" content=\"index, follow, max-snippet:-1, max-image-preview:large, max-video-preview:-1\" \/>\n<link rel=\"canonical\" href=\"https:\/\/www.letemsvetemapplem.eu\/bazar\/hackintosh-6-core-i5-32-gb-ram-250-gb\/\" \/>\n<meta property=\"og:locale\" content=\"cs_CZ\" \/>\n<meta property=\"og:type\" content=\"article\" \/>\n<meta property=\"og:title\" content=\"Hackintosh: 6-core i5, 32 GB ram, 250 GB - Apple bazar\" \/>\n<meta property=\"og:description\" content=\"Prod\u00e1m desktopov\u00fd hackintosh:&lt;br \/&gt; * 6-core Intel Core i5-8600K @ 3,6 Ghz s odemknut\u00fdm n\u00e1sobi\u010dem&lt;br \/&gt; * 32 GB RAM Crucial Ballistix Sport LT Red DDR4 2666&lt;br \/&gt; * rychl\u00e9 NVMe SSD Samsung 960 EVO 250 GB&lt;br \/&gt; * ATX deska ASUS PRIME Z370-A&lt;br \/&gt; * 520W zdroj Seasonic M12II Bronze Evo&lt;br \/&gt; * chladi\u010d...\" \/>\n<meta property=\"og:url\" content=\"https:\/\/www.letemsvetemapplem.eu\/bazar\/hackintosh-6-core-i5-32-gb-ram-250-gb\/\" \/>\n<meta property=\"og:site_name\" content=\"Apple bazar\" \/>\n<meta property=\"article:published_time\" content=\"2019-05-29T17:13:43+00:00\" \/>\n<meta property=\"article:modified_time\" content=\"2019-11-01T11:14:46+00:00\" \/>\n<meta property=\"og:image\" content=\"https:\/\/www.letemsvetemapplem.eu\/bazar\/wp-content\/uploads\/2019\/05\/IMG_0274.jpg\" \/>\n\t<meta property=\"og:image:width\" content=\"4032\" \/>\n\t<meta property=\"og:image:height\" content=\"3024\" \/>\n\t<meta property=\"og:image:type\" content=\"image\/jpeg\" \/>\n<meta name=\"twitter:card\" content=\"summary_large_image\" \/>\n<script type=\"application\/ld+json\" class=\"yoast-schema-graph\">{\"@context\":\"https:\\\/\\\/schema.org\",\"@graph\":[{\"@type\":\"Article\",\"@id\":\"https:\\\/\\\/www.letemsvetemapplem.eu\\\/bazar\\\/hackintosh-6-core-i5-32-gb-ram-250-gb\\\/#article\",\"isPartOf\":{\"@id\":\"https:\\\/\\\/www.letemsvetemapplem.eu\\\/bazar\\\/hackintosh-6-core-i5-32-gb-ram-250-gb\\\/\"},\"author\":{\"name\":\"\",\"@id\":\"\"},\"headline\":\"Hackintosh: 6-core i5, 32 GB ram, 250 GB\",\"datePublished\":\"2019-05-29T17:13:43+00:00\",\"dateModified\":\"2019-11-01T11:14:46+00:00\",\"mainEntityOfPage\":{\"@id\":\"https:\\\/\\\/www.letemsvetemapplem.eu\\\/bazar\\\/hackintosh-6-core-i5-32-gb-ram-250-gb\\\/\"},\"wordCount\":202,\"image\":{\"@id\":\"https:\\\/\\\/www.letemsvetemapplem.eu\\\/bazar\\\/hackintosh-6-core-i5-32-gb-ram-250-gb\\\/#primaryimage\"},\"thumbnailUrl\":\"https:\\\/\\\/www.letemsvetemapplem.eu\\\/bazar\\\/wp-content\\\/uploads\\\/2019\\\/05\\\/IMG_0274.jpg\",\"articleSection\":[\"Ostatn\u00ed\"],\"inLanguage\":\"cs\"},{\"@type\":\"WebPage\",\"@id\":\"https:\\\/\\\/www.letemsvetemapplem.eu\\\/bazar\\\/hackintosh-6-core-i5-32-gb-ram-250-gb\\\/\",\"url\":\"https:\\\/\\\/www.letemsvetemapplem.eu\\\/bazar\\\/hackintosh-6-core-i5-32-gb-ram-250-gb\\\/\",\"name\":\"Hackintosh: 6-core i5, 32 GB ram, 250 GB - Apple bazar\",\"isPartOf\":{\"@id\":\"https:\\\/\\\/www.letemsvetemapplem.eu\\\/bazar\\\/#website\"},\"primaryImageOfPage\":{\"@id\":\"https:\\\/\\\/www.letemsvetemapplem.eu\\\/bazar\\\/hackintosh-6-core-i5-32-gb-ram-250-gb\\\/#primaryimage\"},\"image\":{\"@id\":\"https:\\\/\\\/www.letemsvetemapplem.eu\\\/bazar\\\/hackintosh-6-core-i5-32-gb-ram-250-gb\\\/#primaryimage\"},\"thumbnailUrl\":\"https:\\\/\\\/www.letemsvetemapplem.eu\\\/bazar\\\/wp-content\\\/uploads\\\/2019\\\/05\\\/IMG_0274.jpg\",\"datePublished\":\"2019-05-29T17:13:43+00:00\",\"dateModified\":\"2019-11-01T11:14:46+00:00\",\"author\":{\"@id\":\"\"},\"breadcrumb\":{\"@id\":\"https:\\\/\\\/www.letemsvetemapplem.eu\\\/bazar\\\/hackintosh-6-core-i5-32-gb-ram-250-gb\\\/#breadcrumb\"},\"inLanguage\":\"cs\",\"potentialAction\":[{\"@type\":\"ReadAction\",\"target\":[\"https:\\\/\\\/www.letemsvetemapplem.eu\\\/bazar\\\/hackintosh-6-core-i5-32-gb-ram-250-gb\\\/\"]}]},{\"@type\":\"ImageObject\",\"inLanguage\":\"cs\",\"@id\":\"https:\\\/\\\/www.letemsvetemapplem.eu\\\/bazar\\\/hackintosh-6-core-i5-32-gb-ram-250-gb\\\/#primaryimage\",\"url\":\"https:\\\/\\\/www.letemsvetemapplem.eu\\\/bazar\\\/wp-content\\\/uploads\\\/2019\\\/05\\\/IMG_0274.jpg\",\"contentUrl\":\"https:\\\/\\\/www.letemsvetemapplem.eu\\\/bazar\\\/wp-content\\\/uploads\\\/2019\\\/05\\\/IMG_0274.jpg\",\"width\":4032,\"height\":3024},{\"@type\":\"BreadcrumbList\",\"@id\":\"https:\\\/\\\/www.letemsvetemapplem.eu\\\/bazar\\\/hackintosh-6-core-i5-32-gb-ram-250-gb\\\/#breadcrumb\",\"itemListElement\":[{\"@type\":\"ListItem\",\"position\":1,\"name\":\"Apple Bazar\",\"item\":\"https:\\\/\\\/www.letemsvetemapplem.eu\\\/bazar\\\/\"},{\"@type\":\"ListItem\",\"position\":2,\"name\":\"Hackintosh: 6-core i5, 32 GB ram, 250 GB\"}]},{\"@type\":\"WebSite\",\"@id\":\"https:\\\/\\\/www.letemsvetemapplem.eu\\\/bazar\\\/#website\",\"url\":\"https:\\\/\\\/www.letemsvetemapplem.eu\\\/bazar\\\/\",\"name\":\"Apple bazar\",\"description\":\"Oou\u017eit\u00e9 Apple produkty za skv\u011bl\u00e9 ceny\",\"potentialAction\":[{\"@type\":\"SearchAction\",\"target\":{\"@type\":\"EntryPoint\",\"urlTemplate\":\"https:\\\/\\\/www.letemsvetemapplem.eu\\\/bazar\\\/?s={search_term_string}\"},\"query-input\":{\"@type\":\"PropertyValueSpecification\",\"valueRequired\":true,\"valueName\":\"search_term_string\"}}],\"inLanguage\":\"cs\"}]}<\/script>\n<!-- \/ Yoast SEO plugin. -->","yoast_head_json":{"title":"Hackintosh: 6-core i5, 32 GB ram, 250 GB - Apple bazar","robots":{"index":"index","follow":"follow","max-snippet":"max-snippet:-1","max-image-preview":"max-image-preview:large","max-video-preview":"max-video-preview:-1"},"canonical":"https:\/\/www.letemsvetemapplem.eu\/bazar\/hackintosh-6-core-i5-32-gb-ram-250-gb\/","og_locale":"cs_CZ","og_type":"article","og_title":"Hackintosh: 6-core i5, 32 GB ram, 250 GB - Apple bazar","og_description":"Prod\u00e1m desktopov\u00fd hackintosh:&lt;br \/&gt; * 6-core Intel Core i5-8600K @ 3,6 Ghz s odemknut\u00fdm n\u00e1sobi\u010dem&lt;br \/&gt; * 32 GB RAM Crucial Ballistix Sport LT Red DDR4 2666&lt;br \/&gt; * rychl\u00e9 NVMe SSD Samsung 960 EVO 250 GB&lt;br \/&gt; * ATX deska ASUS PRIME Z370-A&lt;br \/&gt; * 520W zdroj Seasonic M12II Bronze Evo&lt;br \/&gt; * chladi\u010d...","og_url":"https:\/\/www.letemsvetemapplem.eu\/bazar\/hackintosh-6-core-i5-32-gb-ram-250-gb\/","og_site_name":"Apple bazar","article_published_time":"2019-05-29T17:13:43+00:00","article_modified_time":"2019-11-01T11:14:46+00:00","og_image":[{"width":4032,"height":3024,"url":"https:\/\/www.letemsvetemapplem.eu\/bazar\/wp-content\/uploads\/2019\/05\/IMG_0274.jpg","type":"image\/jpeg"}],"twitter_card":"summary_large_image","schema":{"@context":"https:\/\/schema.org","@graph":[{"@type":"Article","@id":"https:\/\/www.letemsvetemapplem.eu\/bazar\/hackintosh-6-core-i5-32-gb-ram-250-gb\/#article","isPartOf":{"@id":"https:\/\/www.letemsvetemapplem.eu\/bazar\/hackintosh-6-core-i5-32-gb-ram-250-gb\/"},"author":{"name":"","@id":""},"headline":"Hackintosh: 6-core i5, 32 GB ram, 250 GB","datePublished":"2019-05-29T17:13:43+00:00","dateModified":"2019-11-01T11:14:46+00:00","mainEntityOfPage":{"@id":"https:\/\/www.letemsvetemapplem.eu\/bazar\/hackintosh-6-core-i5-32-gb-ram-250-gb\/"},"wordCount":202,"image":{"@id":"https:\/\/www.letemsvetemapplem.eu\/bazar\/hackintosh-6-core-i5-32-gb-ram-250-gb\/#primaryimage"},"thumbnailUrl":"https:\/\/www.letemsvetemapplem.eu\/bazar\/wp-content\/uploads\/2019\/05\/IMG_0274.jpg","articleSection":["Ostatn\u00ed"],"inLanguage":"cs"},{"@type":"WebPage","@id":"https:\/\/www.letemsvetemapplem.eu\/bazar\/hackintosh-6-core-i5-32-gb-ram-250-gb\/","url":"https:\/\/www.letemsvetemapplem.eu\/bazar\/hackintosh-6-core-i5-32-gb-ram-250-gb\/","name":"Hackintosh: 6-core i5, 32 GB ram, 250 GB - Apple bazar","isPartOf":{"@id":"https:\/\/www.letemsvetemapplem.eu\/bazar\/#website"},"primaryImageOfPage":{"@id":"https:\/\/www.letemsvetemapplem.eu\/bazar\/hackintosh-6-core-i5-32-gb-ram-250-gb\/#primaryimage"},"image":{"@id":"https:\/\/www.letemsvetemapplem.eu\/bazar\/hackintosh-6-core-i5-32-gb-ram-250-gb\/#primaryimage"},"thumbnailUrl":"https:\/\/www.letemsvetemapplem.eu\/bazar\/wp-content\/uploads\/2019\/05\/IMG_0274.jpg","datePublished":"2019-05-29T17:13:43+00:00","dateModified":"2019-11-01T11:14:46+00:00","author":{"@id":""},"breadcrumb":{"@id":"https:\/\/www.letemsvetemapplem.eu\/bazar\/hackintosh-6-core-i5-32-gb-ram-250-gb\/#breadcrumb"},"inLanguage":"cs","potentialAction":[{"@type":"ReadAction","target":["https:\/\/www.letemsvetemapplem.eu\/bazar\/hackintosh-6-core-i5-32-gb-ram-250-gb\/"]}]},{"@type":"ImageObject","inLanguage":"cs","@id":"https:\/\/www.letemsvetemapplem.eu\/bazar\/hackintosh-6-core-i5-32-gb-ram-250-gb\/#primaryimage","url":"https:\/\/www.letemsvetemapplem.eu\/bazar\/wp-content\/uploads\/2019\/05\/IMG_0274.jpg","contentUrl":"https:\/\/www.letemsvetemapplem.eu\/bazar\/wp-content\/uploads\/2019\/05\/IMG_0274.jpg","width":4032,"height":3024},{"@type":"BreadcrumbList","@id":"https:\/\/www.letemsvetemapplem.eu\/bazar\/hackintosh-6-core-i5-32-gb-ram-250-gb\/#breadcrumb","itemListElement":[{"@type":"ListItem","position":1,"name":"Apple Bazar","item":"https:\/\/www.letemsvetemapplem.eu\/bazar\/"},{"@type":"ListItem","position":2,"name":"Hackintosh: 6-core i5, 32 GB ram, 250 GB"}]},{"@type":"WebSite","@id":"https:\/\/www.letemsvetemapplem.eu\/bazar\/#website","url":"https:\/\/www.letemsvetemapplem.eu\/bazar\/","name":"Apple bazar","description":"Oou\u017eit\u00e9 Apple produkty za skv\u011bl\u00e9 ceny","potentialAction":[{"@type":"SearchAction","target":{"@type":"EntryPoint","urlTemplate":"https:\/\/www.letemsvetemapplem.eu\/bazar\/?s={search_term_string}"},"query-input":{"@type":"PropertyValueSpecification","valueRequired":true,"valueName":"search_term_string"}}],"inLanguage":"cs"}]}},"_links":{"self":[{"href":"https:\/\/www.letemsvetemapplem.eu\/bazar\/wp-json\/wp\/v2\/posts\/152803","targetHints":{"allow":["GET"]}}],"collection":[{"href":"https:\/\/www.letemsvetemapplem.eu\/bazar\/wp-json\/wp\/v2\/posts"}],"about":[{"href":"https:\/\/www.letemsvetemapplem.eu\/bazar\/wp-json\/wp\/v2\/types\/post"}],"replies":[{"embeddable":true,"href":"https:\/\/www.letemsvetemapplem.eu\/bazar\/wp-json\/wp\/v2\/comments?post=152803"}],"version-history":[{"count":0,"href":"https:\/\/www.letemsvetemapplem.eu\/bazar\/wp-json\/wp\/v2\/posts\/152803\/revisions"}],"wp:featuredmedia":[{"embeddable":true,"href":"https:\/\/www.letemsvetemapplem.eu\/bazar\/wp-json\/wp\/v2\/media\/152804"}],"wp:attachment":[{"href":"https:\/\/www.letemsvetemapplem.eu\/bazar\/wp-json\/wp\/v2\/media?parent=152803"}],"wp:term":[{"taxonomy":"category","embeddable":true,"href":"https:\/\/www.letemsvetemapplem.eu\/bazar\/wp-json\/wp\/v2\/categories?post=152803"},{"taxonomy":"post_tag","embeddable":true,"href":"https:\/\/www.letemsvetemapplem.eu\/bazar\/wp-json\/wp\/v2\/tags?post=152803"}],"curies":[{"name":"wp","href":"https:\/\/api.w.org\/{rel}","templated":true}]}}