{"id":152242,"date":"2019-05-22T20:11:27","date_gmt":"2019-05-22T19:11:27","guid":{"rendered":"https:\/\/www.letemsvetemapplem.eu\/bazar\/?p=152242"},"modified":"2019-06-10T14:18:39","modified_gmt":"2019-06-10T13:18:39","slug":"imac-20palcovy-zacatek-roku-2009","status":"publish","type":"post","link":"https:\/\/www.letemsvetemapplem.eu\/bazar\/imac-20palcovy-zacatek-roku-2009\/","title":{"rendered":"iMac &#8211; 20palcov\u00fd, za\u010d\u00e1tek roku 2009"},"content":{"rendered":"<p>Prod\u00e1m iMac, 20 palc\u016f, za\u010d\u00e1tek roku 2009.&lt;br \/&gt;&lt;br \/&gt;<br \/>\nProcesor 2.66GHz Intel Core 2 Duo, hard drive 320 GB.&lt;br \/&gt;&lt;br \/&gt;<br \/>\nhttps:\/\/support.apple.com\/kb\/SP507?locale=cs_CZ&lt;br \/&gt;&lt;br \/&gt;<br \/>\nK po\u010d\u00edta\u010di d\u00e1v\u00e1m kl\u00e1vesnici roz\u0161\u00ed\u0159enou o numerickou \u010d\u00e1st a Apple my\u0161 (skrolovac\u00ed kole\u010dko u\u017e moc nereaguje, ale jinak v\u0161e klik\u00e1, jak m\u00e1).&lt;br \/&gt;&lt;br \/&gt;<br \/>\nPo\u010d\u00edta\u010d m\u00e1 DVD\/CD slot.&lt;br \/&gt;&lt;br \/&gt;<br \/>\niMac je ve velmi dobr\u00e9m stavu, pln\u011b funk\u010dn\u00ed, u\u017e\u00edvan\u00fd sp\u00ed\u0161e minim\u00e1ln\u011b pro dom\u00e1c\u00ed \u00fa\u010dely. Bez \u0161kr\u00e1banc\u016f a viditeln\u00e9ho po\u0161kozen\u00ed.&lt;br \/&gt;&lt;br \/&gt;<br \/>\nMo\u017en\u00e9 osobn\u00ed vyzvedut\u00ed, anebo mohu zaslat p\u0159es DPD.<\/p>\n","protected":false},"excerpt":{"rendered":"<p>Prod\u00e1m iMac, 20 palc\u016f, za\u010d\u00e1tek roku 2009.&lt;br \/&gt;&lt;br \/&gt; Procesor 2.66GHz Intel Core 2 Duo, hard drive 320 GB.&lt;br \/&gt;&lt;br \/&gt; https:\/\/support.apple.com\/kb\/SP507?locale=cs_CZ&lt;br \/&gt;&lt;br \/&gt; K po\u010d\u00edta\u010di d\u00e1v\u00e1m kl\u00e1vesnici roz\u0161\u00ed\u0159enou o numerickou \u010d\u00e1st a Apple my\u0161 (skrolovac\u00ed kole\u010dko u\u017e moc nereaguje, ale jinak v\u0161e klik\u00e1, jak m\u00e1).&lt;br \/&gt;&lt;br \/&gt; Po\u010d\u00edta\u010d m\u00e1 DVD\/CD slot.&lt;br \/&gt;&lt;br \/&gt; iMac&#8230;<\/p>\n","protected":false},"author":0,"featured_media":152243,"comment_status":"closed","ping_status":"closed","sticky":false,"template":"","format":"standard","meta":{"footnotes":""},"categories":[41],"tags":[],"class_list":["post-152242","post","type-post","status-publish","format-standard","has-post-thumbnail","hentry","category-imac"],"yoast_head":"<!-- This site is optimized with the Yoast SEO plugin v27.2 - https:\/\/yoast.com\/product\/yoast-seo-wordpress\/ -->\n<title>iMac - 20palcov\u00fd, za\u010d\u00e1tek roku 2009 - Apple bazar<\/title>\n<meta name=\"robots\" content=\"index, follow, max-snippet:-1, max-image-preview:large, max-video-preview:-1\" \/>\n<link rel=\"canonical\" href=\"https:\/\/www.letemsvetemapplem.eu\/bazar\/imac-20palcovy-zacatek-roku-2009\/\" \/>\n<meta property=\"og:locale\" content=\"cs_CZ\" \/>\n<meta property=\"og:type\" content=\"article\" \/>\n<meta property=\"og:title\" content=\"iMac - 20palcov\u00fd, za\u010d\u00e1tek roku 2009 - Apple bazar\" \/>\n<meta property=\"og:description\" content=\"Prod\u00e1m iMac, 20 palc\u016f, za\u010d\u00e1tek roku 2009.&lt;br \/&gt;&lt;br \/&gt; Procesor 2.66GHz Intel Core 2 Duo, hard drive 320 GB.&lt;br \/&gt;&lt;br \/&gt; https:\/\/support.apple.com\/kb\/SP507?locale=cs_CZ&lt;br \/&gt;&lt;br \/&gt; K po\u010d\u00edta\u010di d\u00e1v\u00e1m kl\u00e1vesnici roz\u0161\u00ed\u0159enou o numerickou \u010d\u00e1st a Apple my\u0161 (skrolovac\u00ed kole\u010dko u\u017e moc nereaguje, ale jinak v\u0161e klik\u00e1, jak m\u00e1).&lt;br \/&gt;&lt;br \/&gt; Po\u010d\u00edta\u010d m\u00e1 DVD\/CD slot.&lt;br \/&gt;&lt;br \/&gt; iMac...\" \/>\n<meta property=\"og:url\" content=\"https:\/\/www.letemsvetemapplem.eu\/bazar\/imac-20palcovy-zacatek-roku-2009\/\" \/>\n<meta property=\"og:site_name\" content=\"Apple bazar\" \/>\n<meta property=\"article:published_time\" content=\"2019-05-22T19:11:27+00:00\" \/>\n<meta property=\"article:modified_time\" content=\"2019-06-10T13:18:39+00:00\" \/>\n<meta property=\"og:image\" content=\"https:\/\/www.letemsvetemapplem.eu\/bazar\/wp-content\/uploads\/2019\/05\/IMG_1956.jpg\" \/>\n\t<meta property=\"og:image:width\" content=\"640\" \/>\n\t<meta property=\"og:image:height\" content=\"480\" \/>\n\t<meta property=\"og:image:type\" content=\"image\/jpeg\" \/>\n<meta name=\"twitter:card\" content=\"summary_large_image\" \/>\n<script type=\"application\/ld+json\" class=\"yoast-schema-graph\">{\"@context\":\"https:\/\/schema.org\",\"@graph\":[{\"@type\":\"Article\",\"@id\":\"https:\/\/www.letemsvetemapplem.eu\/bazar\/imac-20palcovy-zacatek-roku-2009\/#article\",\"isPartOf\":{\"@id\":\"https:\/\/www.letemsvetemapplem.eu\/bazar\/imac-20palcovy-zacatek-roku-2009\/\"},\"author\":{\"name\":\"\",\"@id\":\"\"},\"headline\":\"iMac &#8211; 20palcov\u00fd, za\u010d\u00e1tek roku 2009\",\"datePublished\":\"2019-05-22T19:11:27+00:00\",\"dateModified\":\"2019-06-10T13:18:39+00:00\",\"mainEntityOfPage\":{\"@id\":\"https:\/\/www.letemsvetemapplem.eu\/bazar\/imac-20palcovy-zacatek-roku-2009\/\"},\"wordCount\":140,\"image\":{\"@id\":\"https:\/\/www.letemsvetemapplem.eu\/bazar\/imac-20palcovy-zacatek-roku-2009\/#primaryimage\"},\"thumbnailUrl\":\"https:\/\/www.letemsvetemapplem.eu\/bazar\/wp-content\/uploads\/2019\/05\/IMG_1956.jpg\",\"articleSection\":[\"iMac\"],\"inLanguage\":\"cs\"},{\"@type\":\"WebPage\",\"@id\":\"https:\/\/www.letemsvetemapplem.eu\/bazar\/imac-20palcovy-zacatek-roku-2009\/\",\"url\":\"https:\/\/www.letemsvetemapplem.eu\/bazar\/imac-20palcovy-zacatek-roku-2009\/\",\"name\":\"iMac - 20palcov\u00fd, za\u010d\u00e1tek roku 2009 - Apple bazar\",\"isPartOf\":{\"@id\":\"https:\/\/www.letemsvetemapplem.eu\/bazar\/#website\"},\"primaryImageOfPage\":{\"@id\":\"https:\/\/www.letemsvetemapplem.eu\/bazar\/imac-20palcovy-zacatek-roku-2009\/#primaryimage\"},\"image\":{\"@id\":\"https:\/\/www.letemsvetemapplem.eu\/bazar\/imac-20palcovy-zacatek-roku-2009\/#primaryimage\"},\"thumbnailUrl\":\"https:\/\/www.letemsvetemapplem.eu\/bazar\/wp-content\/uploads\/2019\/05\/IMG_1956.jpg\",\"datePublished\":\"2019-05-22T19:11:27+00:00\",\"dateModified\":\"2019-06-10T13:18:39+00:00\",\"author\":{\"@id\":\"\"},\"breadcrumb\":{\"@id\":\"https:\/\/www.letemsvetemapplem.eu\/bazar\/imac-20palcovy-zacatek-roku-2009\/#breadcrumb\"},\"inLanguage\":\"cs\",\"potentialAction\":[{\"@type\":\"ReadAction\",\"target\":[\"https:\/\/www.letemsvetemapplem.eu\/bazar\/imac-20palcovy-zacatek-roku-2009\/\"]}]},{\"@type\":\"ImageObject\",\"inLanguage\":\"cs\",\"@id\":\"https:\/\/www.letemsvetemapplem.eu\/bazar\/imac-20palcovy-zacatek-roku-2009\/#primaryimage\",\"url\":\"https:\/\/www.letemsvetemapplem.eu\/bazar\/wp-content\/uploads\/2019\/05\/IMG_1956.jpg\",\"contentUrl\":\"https:\/\/www.letemsvetemapplem.eu\/bazar\/wp-content\/uploads\/2019\/05\/IMG_1956.jpg\",\"width\":640,\"height\":480},{\"@type\":\"BreadcrumbList\",\"@id\":\"https:\/\/www.letemsvetemapplem.eu\/bazar\/imac-20palcovy-zacatek-roku-2009\/#breadcrumb\",\"itemListElement\":[{\"@type\":\"ListItem\",\"position\":1,\"name\":\"Apple Bazar\",\"item\":\"https:\/\/www.letemsvetemapplem.eu\/bazar\/\"},{\"@type\":\"ListItem\",\"position\":2,\"name\":\"iMac &#8211; 20palcov\u00fd, za\u010d\u00e1tek roku 2009\"}]},{\"@type\":\"WebSite\",\"@id\":\"https:\/\/www.letemsvetemapplem.eu\/bazar\/#website\",\"url\":\"https:\/\/www.letemsvetemapplem.eu\/bazar\/\",\"name\":\"Apple bazar\",\"description\":\"Oou\u017eit\u00e9 Apple produkty za skv\u011bl\u00e9 ceny\",\"potentialAction\":[{\"@type\":\"SearchAction\",\"target\":{\"@type\":\"EntryPoint\",\"urlTemplate\":\"https:\/\/www.letemsvetemapplem.eu\/bazar\/?s={search_term_string}\"},\"query-input\":{\"@type\":\"PropertyValueSpecification\",\"valueRequired\":true,\"valueName\":\"search_term_string\"}}],\"inLanguage\":\"cs\"}]}<\/script>\n<!-- \/ Yoast SEO plugin. -->","yoast_head_json":{"title":"iMac - 20palcov\u00fd, za\u010d\u00e1tek roku 2009 - Apple bazar","robots":{"index":"index","follow":"follow","max-snippet":"max-snippet:-1","max-image-preview":"max-image-preview:large","max-video-preview":"max-video-preview:-1"},"canonical":"https:\/\/www.letemsvetemapplem.eu\/bazar\/imac-20palcovy-zacatek-roku-2009\/","og_locale":"cs_CZ","og_type":"article","og_title":"iMac - 20palcov\u00fd, za\u010d\u00e1tek roku 2009 - Apple bazar","og_description":"Prod\u00e1m iMac, 20 palc\u016f, za\u010d\u00e1tek roku 2009.&lt;br \/&gt;&lt;br \/&gt; Procesor 2.66GHz Intel Core 2 Duo, hard drive 320 GB.&lt;br \/&gt;&lt;br \/&gt; https:\/\/support.apple.com\/kb\/SP507?locale=cs_CZ&lt;br \/&gt;&lt;br \/&gt; K po\u010d\u00edta\u010di d\u00e1v\u00e1m kl\u00e1vesnici roz\u0161\u00ed\u0159enou o numerickou \u010d\u00e1st a Apple my\u0161 (skrolovac\u00ed kole\u010dko u\u017e moc nereaguje, ale jinak v\u0161e klik\u00e1, jak m\u00e1).&lt;br \/&gt;&lt;br \/&gt; Po\u010d\u00edta\u010d m\u00e1 DVD\/CD slot.&lt;br \/&gt;&lt;br \/&gt; iMac...","og_url":"https:\/\/www.letemsvetemapplem.eu\/bazar\/imac-20palcovy-zacatek-roku-2009\/","og_site_name":"Apple bazar","article_published_time":"2019-05-22T19:11:27+00:00","article_modified_time":"2019-06-10T13:18:39+00:00","og_image":[{"width":640,"height":480,"url":"https:\/\/www.letemsvetemapplem.eu\/bazar\/wp-content\/uploads\/2019\/05\/IMG_1956.jpg","type":"image\/jpeg"}],"twitter_card":"summary_large_image","schema":{"@context":"https:\/\/schema.org","@graph":[{"@type":"Article","@id":"https:\/\/www.letemsvetemapplem.eu\/bazar\/imac-20palcovy-zacatek-roku-2009\/#article","isPartOf":{"@id":"https:\/\/www.letemsvetemapplem.eu\/bazar\/imac-20palcovy-zacatek-roku-2009\/"},"author":{"name":"","@id":""},"headline":"iMac &#8211; 20palcov\u00fd, za\u010d\u00e1tek roku 2009","datePublished":"2019-05-22T19:11:27+00:00","dateModified":"2019-06-10T13:18:39+00:00","mainEntityOfPage":{"@id":"https:\/\/www.letemsvetemapplem.eu\/bazar\/imac-20palcovy-zacatek-roku-2009\/"},"wordCount":140,"image":{"@id":"https:\/\/www.letemsvetemapplem.eu\/bazar\/imac-20palcovy-zacatek-roku-2009\/#primaryimage"},"thumbnailUrl":"https:\/\/www.letemsvetemapplem.eu\/bazar\/wp-content\/uploads\/2019\/05\/IMG_1956.jpg","articleSection":["iMac"],"inLanguage":"cs"},{"@type":"WebPage","@id":"https:\/\/www.letemsvetemapplem.eu\/bazar\/imac-20palcovy-zacatek-roku-2009\/","url":"https:\/\/www.letemsvetemapplem.eu\/bazar\/imac-20palcovy-zacatek-roku-2009\/","name":"iMac - 20palcov\u00fd, za\u010d\u00e1tek roku 2009 - Apple bazar","isPartOf":{"@id":"https:\/\/www.letemsvetemapplem.eu\/bazar\/#website"},"primaryImageOfPage":{"@id":"https:\/\/www.letemsvetemapplem.eu\/bazar\/imac-20palcovy-zacatek-roku-2009\/#primaryimage"},"image":{"@id":"https:\/\/www.letemsvetemapplem.eu\/bazar\/imac-20palcovy-zacatek-roku-2009\/#primaryimage"},"thumbnailUrl":"https:\/\/www.letemsvetemapplem.eu\/bazar\/wp-content\/uploads\/2019\/05\/IMG_1956.jpg","datePublished":"2019-05-22T19:11:27+00:00","dateModified":"2019-06-10T13:18:39+00:00","author":{"@id":""},"breadcrumb":{"@id":"https:\/\/www.letemsvetemapplem.eu\/bazar\/imac-20palcovy-zacatek-roku-2009\/#breadcrumb"},"inLanguage":"cs","potentialAction":[{"@type":"ReadAction","target":["https:\/\/www.letemsvetemapplem.eu\/bazar\/imac-20palcovy-zacatek-roku-2009\/"]}]},{"@type":"ImageObject","inLanguage":"cs","@id":"https:\/\/www.letemsvetemapplem.eu\/bazar\/imac-20palcovy-zacatek-roku-2009\/#primaryimage","url":"https:\/\/www.letemsvetemapplem.eu\/bazar\/wp-content\/uploads\/2019\/05\/IMG_1956.jpg","contentUrl":"https:\/\/www.letemsvetemapplem.eu\/bazar\/wp-content\/uploads\/2019\/05\/IMG_1956.jpg","width":640,"height":480},{"@type":"BreadcrumbList","@id":"https:\/\/www.letemsvetemapplem.eu\/bazar\/imac-20palcovy-zacatek-roku-2009\/#breadcrumb","itemListElement":[{"@type":"ListItem","position":1,"name":"Apple Bazar","item":"https:\/\/www.letemsvetemapplem.eu\/bazar\/"},{"@type":"ListItem","position":2,"name":"iMac &#8211; 20palcov\u00fd, za\u010d\u00e1tek roku 2009"}]},{"@type":"WebSite","@id":"https:\/\/www.letemsvetemapplem.eu\/bazar\/#website","url":"https:\/\/www.letemsvetemapplem.eu\/bazar\/","name":"Apple bazar","description":"Oou\u017eit\u00e9 Apple produkty za skv\u011bl\u00e9 ceny","potentialAction":[{"@type":"SearchAction","target":{"@type":"EntryPoint","urlTemplate":"https:\/\/www.letemsvetemapplem.eu\/bazar\/?s={search_term_string}"},"query-input":{"@type":"PropertyValueSpecification","valueRequired":true,"valueName":"search_term_string"}}],"inLanguage":"cs"}]}},"_links":{"self":[{"href":"https:\/\/www.letemsvetemapplem.eu\/bazar\/wp-json\/wp\/v2\/posts\/152242","targetHints":{"allow":["GET"]}}],"collection":[{"href":"https:\/\/www.letemsvetemapplem.eu\/bazar\/wp-json\/wp\/v2\/posts"}],"about":[{"href":"https:\/\/www.letemsvetemapplem.eu\/bazar\/wp-json\/wp\/v2\/types\/post"}],"replies":[{"embeddable":true,"href":"https:\/\/www.letemsvetemapplem.eu\/bazar\/wp-json\/wp\/v2\/comments?post=152242"}],"version-history":[{"count":0,"href":"https:\/\/www.letemsvetemapplem.eu\/bazar\/wp-json\/wp\/v2\/posts\/152242\/revisions"}],"wp:featuredmedia":[{"embeddable":true,"href":"https:\/\/www.letemsvetemapplem.eu\/bazar\/wp-json\/wp\/v2\/media\/152243"}],"wp:attachment":[{"href":"https:\/\/www.letemsvetemapplem.eu\/bazar\/wp-json\/wp\/v2\/media?parent=152242"}],"wp:term":[{"taxonomy":"category","embeddable":true,"href":"https:\/\/www.letemsvetemapplem.eu\/bazar\/wp-json\/wp\/v2\/categories?post=152242"},{"taxonomy":"post_tag","embeddable":true,"href":"https:\/\/www.letemsvetemapplem.eu\/bazar\/wp-json\/wp\/v2\/tags?post=152242"}],"curies":[{"name":"wp","href":"https:\/\/api.w.org\/{rel}","templated":true}]}}