{"id":151295,"date":"2019-05-12T21:59:49","date_gmt":"2019-05-12T20:59:49","guid":{"rendered":"https:\/\/www.letemsvetemapplem.eu\/bazar\/?p=151295"},"modified":"2019-05-15T11:25:16","modified_gmt":"2019-05-15T10:25:16","slug":"top-154-macbook-pro-mid-2018-6-core","status":"publish","type":"post","link":"https:\/\/www.letemsvetemapplem.eu\/bazar\/top-154-macbook-pro-mid-2018-6-core\/","title":{"rendered":"TOP 15,4\u201d MacBook Pro mid-2018, 6-core"},"content":{"rendered":"<p>!!! Mid-2018 TOP konfigurace !!!&lt;br \/&gt;<br \/>\nNov\u00fd 15 palcov\u00fd Macbook Pro se 6-j\u00e1drov\u00fdm procesorem.<br \/>\nhttps:\/\/www.notebookcheck.net\/Apple-MacBook-Pro-15-2018-2-6-GHz-560X-Laptop-Review.317358.0.html -&gt;<br \/>\n15,4\u201d Apple MacBook Pro RETINA i7, 6-core 2.6\/4.3GHz Turbo Boost,s Touch Barem, Tue Tone display, Hey Siri, etc..&lt;br \/&gt;<br \/>\nCena konfigurace u Apple.cz 86\u00a0990,00 K\u010d s 2r z\u00e1rukou.<br \/>\nProdej z duvodu nevyuziti, vybalen\u00fd le\u017eal na stole, z pr\u00e1ce som in\u00fd PC a tento som nepou\u017e\u00edval.&lt;br \/&gt;<br \/>\n\t\u2013 2.6GHz 6\u2011core 8th\u2011generation Intel\u00a0Core\u00a0i7 processor, Turbo\u00a0Boost up to 4.3GHz&lt;br \/&gt;<br \/>\n\t\u2013 Retina display with True\u00a0Tone&lt;br \/&gt;<br \/>\n\t\u2013 Touch\u00a0Bar and Touch\u00a0ID&lt;br \/&gt;<br \/>\n\t\u2013 Radeon\u00a0Pro 560X with 4GB of GDDR5 memory&lt;br \/&gt;<br \/>\n\t\u2013 16GB 2400MHz DDR4 memory&lt;br \/&gt;<br \/>\n\t\u2013 512GB SSD storage&lt;br \/&gt;<br \/>\n\t\u2013 Four Thunderbolt 3 ports&lt;br \/&gt;<br \/>\n\t\u2013 Backlit Keyboard \u2013 US English (lze softwarov\u011b nastavit \u010deskou)&lt;br \/&gt;<br \/>\nOFICI\u00c1LN\u00cd Z\u00c1RUKA APPLE + 12 m\u011bs\u00edc\u016f prodejce + 2 roky Care+ plan = 3 roky zaruka, kupovane Sep 2018&lt;br \/&gt;<br \/>\n\u2014-&lt;br \/&gt;<br \/>\nSerial Number: C02XD72WJG5J&lt;br \/&gt;<br \/>\nWarranty Status https:\/\/checkcoverage.apple.com\/us\/en&lt;br \/&gt;<br \/>\nAppleCare Protection Plan: coverage end date: September 28, 2021<br \/>\nNotebook bol kupovan\u00fd v HonKongu 10\/2018 spolu s AppeCare+ planom na 2 roky,&lt;br \/&gt;<br \/>\n\u2014\u2013<br \/>\nOsobn\u00ed odb\u011br: Praha dovoz ZDARMA, ak z in\u00e9ho mesta CZ\/SK po domluve viem dovies\u0165. Po\u0161tovn\u00e9 po platb\u011b p\u0159edem ZDARMA, odesl\u00e1n\u00ed expres kur\u00fdrem.<br \/>\nZDARMA k tomu dod\u00e1m od premiov\u00e9 zna\u010dky moshli, v\u0161etko nov\u00e9 bez \u0161krabancov:&lt;br \/&gt;<br \/>\n\t\u2013 iGlaze for MacBook Pro 15 (Thunderbolt 3\/USB-C) \u2013 Stealth black&lt;br \/&gt;<br \/>\n\t\u2013 Umbra for Pro 15 (Thunderbolt 3\/USB-C) \u2013 Black (Clear\/Glossy)&lt;br \/&gt;<br \/>\n\t\u2013 nov\u00e9 p\u00fazdro<br \/>\nPros\u00edm len seri\u00f3zni z\u00e1ujemci.<\/p>\n","protected":false},"excerpt":{"rendered":"<p>!!! Mid-2018 TOP konfigurace !!!&lt;br \/&gt; Nov\u00fd 15 palcov\u00fd Macbook Pro se 6-j\u00e1drov\u00fdm procesorem. https:\/\/www.notebookcheck.net\/Apple-MacBook-Pro-15-2018-2-6-GHz-560X-Laptop-Review.317358.0.html -&gt; 15,4\u201d Apple MacBook Pro RETINA i7, 6-core 2.6\/4.3GHz Turbo Boost,s Touch Barem, Tue Tone display, Hey Siri, etc..&lt;br \/&gt; Cena konfigurace u Apple.cz 86\u00a0990,00 K\u010d s 2r z\u00e1rukou. Prodej z duvodu nevyuziti, vybalen\u00fd le\u017eal na stole, z pr\u00e1ce som&#8230;<\/p>\n","protected":false},"author":0,"featured_media":151296,"comment_status":"closed","ping_status":"closed","sticky":false,"template":"","format":"standard","meta":{"footnotes":""},"categories":[48],"tags":[],"class_list":["post-151295","post","type-post","status-publish","format-standard","has-post-thumbnail","hentry","category-macbook-pro"],"yoast_head":"<!-- This site is optimized with the Yoast SEO plugin v27.2 - https:\/\/yoast.com\/product\/yoast-seo-wordpress\/ -->\n<title>TOP 15,4\u201d MacBook Pro mid-2018, 6-core - Apple bazar<\/title>\n<meta name=\"robots\" content=\"index, follow, max-snippet:-1, max-image-preview:large, max-video-preview:-1\" \/>\n<link rel=\"canonical\" href=\"https:\/\/www.letemsvetemapplem.eu\/bazar\/top-154-macbook-pro-mid-2018-6-core\/\" \/>\n<meta property=\"og:locale\" content=\"cs_CZ\" \/>\n<meta property=\"og:type\" content=\"article\" \/>\n<meta property=\"og:title\" content=\"TOP 15,4\u201d MacBook Pro mid-2018, 6-core - Apple bazar\" \/>\n<meta property=\"og:description\" content=\"!!! Mid-2018 TOP konfigurace !!!&lt;br \/&gt; Nov\u00fd 15 palcov\u00fd Macbook Pro se 6-j\u00e1drov\u00fdm procesorem. https:\/\/www.notebookcheck.net\/Apple-MacBook-Pro-15-2018-2-6-GHz-560X-Laptop-Review.317358.0.html -&gt; 15,4\u201d Apple MacBook Pro RETINA i7, 6-core 2.6\/4.3GHz Turbo Boost,s Touch Barem, Tue Tone display, Hey Siri, etc..&lt;br \/&gt; Cena konfigurace u Apple.cz 86\u00a0990,00 K\u010d s 2r z\u00e1rukou. Prodej z duvodu nevyuziti, vybalen\u00fd le\u017eal na stole, z pr\u00e1ce som...\" \/>\n<meta property=\"og:url\" content=\"https:\/\/www.letemsvetemapplem.eu\/bazar\/top-154-macbook-pro-mid-2018-6-core\/\" \/>\n<meta property=\"og:site_name\" content=\"Apple bazar\" \/>\n<meta property=\"article:published_time\" content=\"2019-05-12T20:59:49+00:00\" \/>\n<meta property=\"article:modified_time\" content=\"2019-05-15T10:25:16+00:00\" \/>\n<meta property=\"og:image\" content=\"https:\/\/www.letemsvetemapplem.eu\/bazar\/wp-content\/uploads\/2019\/05\/front.jpg\" \/>\n\t<meta property=\"og:image:width\" content=\"800\" \/>\n\t<meta property=\"og:image:height\" content=\"488\" \/>\n\t<meta property=\"og:image:type\" content=\"image\/jpeg\" \/>\n<meta name=\"twitter:card\" content=\"summary_large_image\" \/>\n<script type=\"application\/ld+json\" class=\"yoast-schema-graph\">{\"@context\":\"https:\/\/schema.org\",\"@graph\":[{\"@type\":\"Article\",\"@id\":\"https:\/\/www.letemsvetemapplem.eu\/bazar\/top-154-macbook-pro-mid-2018-6-core\/#article\",\"isPartOf\":{\"@id\":\"https:\/\/www.letemsvetemapplem.eu\/bazar\/top-154-macbook-pro-mid-2018-6-core\/\"},\"author\":{\"name\":\"\",\"@id\":\"\"},\"headline\":\"TOP 15,4\u201d MacBook Pro mid-2018, 6-core\",\"datePublished\":\"2019-05-12T20:59:49+00:00\",\"dateModified\":\"2019-05-15T10:25:16+00:00\",\"mainEntityOfPage\":{\"@id\":\"https:\/\/www.letemsvetemapplem.eu\/bazar\/top-154-macbook-pro-mid-2018-6-core\/\"},\"wordCount\":303,\"image\":{\"@id\":\"https:\/\/www.letemsvetemapplem.eu\/bazar\/top-154-macbook-pro-mid-2018-6-core\/#primaryimage\"},\"thumbnailUrl\":\"https:\/\/www.letemsvetemapplem.eu\/bazar\/wp-content\/uploads\/2019\/05\/front.jpg\",\"articleSection\":[\"MacBook Pro\"],\"inLanguage\":\"cs\"},{\"@type\":\"WebPage\",\"@id\":\"https:\/\/www.letemsvetemapplem.eu\/bazar\/top-154-macbook-pro-mid-2018-6-core\/\",\"url\":\"https:\/\/www.letemsvetemapplem.eu\/bazar\/top-154-macbook-pro-mid-2018-6-core\/\",\"name\":\"TOP 15,4\u201d MacBook Pro mid-2018, 6-core - Apple bazar\",\"isPartOf\":{\"@id\":\"https:\/\/www.letemsvetemapplem.eu\/bazar\/#website\"},\"primaryImageOfPage\":{\"@id\":\"https:\/\/www.letemsvetemapplem.eu\/bazar\/top-154-macbook-pro-mid-2018-6-core\/#primaryimage\"},\"image\":{\"@id\":\"https:\/\/www.letemsvetemapplem.eu\/bazar\/top-154-macbook-pro-mid-2018-6-core\/#primaryimage\"},\"thumbnailUrl\":\"https:\/\/www.letemsvetemapplem.eu\/bazar\/wp-content\/uploads\/2019\/05\/front.jpg\",\"datePublished\":\"2019-05-12T20:59:49+00:00\",\"dateModified\":\"2019-05-15T10:25:16+00:00\",\"author\":{\"@id\":\"\"},\"breadcrumb\":{\"@id\":\"https:\/\/www.letemsvetemapplem.eu\/bazar\/top-154-macbook-pro-mid-2018-6-core\/#breadcrumb\"},\"inLanguage\":\"cs\",\"potentialAction\":[{\"@type\":\"ReadAction\",\"target\":[\"https:\/\/www.letemsvetemapplem.eu\/bazar\/top-154-macbook-pro-mid-2018-6-core\/\"]}]},{\"@type\":\"ImageObject\",\"inLanguage\":\"cs\",\"@id\":\"https:\/\/www.letemsvetemapplem.eu\/bazar\/top-154-macbook-pro-mid-2018-6-core\/#primaryimage\",\"url\":\"https:\/\/www.letemsvetemapplem.eu\/bazar\/wp-content\/uploads\/2019\/05\/front.jpg\",\"contentUrl\":\"https:\/\/www.letemsvetemapplem.eu\/bazar\/wp-content\/uploads\/2019\/05\/front.jpg\",\"width\":800,\"height\":488},{\"@type\":\"BreadcrumbList\",\"@id\":\"https:\/\/www.letemsvetemapplem.eu\/bazar\/top-154-macbook-pro-mid-2018-6-core\/#breadcrumb\",\"itemListElement\":[{\"@type\":\"ListItem\",\"position\":1,\"name\":\"Apple Bazar\",\"item\":\"https:\/\/www.letemsvetemapplem.eu\/bazar\/\"},{\"@type\":\"ListItem\",\"position\":2,\"name\":\"TOP 15,4\u201d MacBook Pro mid-2018, 6-core\"}]},{\"@type\":\"WebSite\",\"@id\":\"https:\/\/www.letemsvetemapplem.eu\/bazar\/#website\",\"url\":\"https:\/\/www.letemsvetemapplem.eu\/bazar\/\",\"name\":\"Apple bazar\",\"description\":\"Oou\u017eit\u00e9 Apple produkty za skv\u011bl\u00e9 ceny\",\"potentialAction\":[{\"@type\":\"SearchAction\",\"target\":{\"@type\":\"EntryPoint\",\"urlTemplate\":\"https:\/\/www.letemsvetemapplem.eu\/bazar\/?s={search_term_string}\"},\"query-input\":{\"@type\":\"PropertyValueSpecification\",\"valueRequired\":true,\"valueName\":\"search_term_string\"}}],\"inLanguage\":\"cs\"}]}<\/script>\n<!-- \/ Yoast SEO plugin. -->","yoast_head_json":{"title":"TOP 15,4\u201d MacBook Pro mid-2018, 6-core - Apple bazar","robots":{"index":"index","follow":"follow","max-snippet":"max-snippet:-1","max-image-preview":"max-image-preview:large","max-video-preview":"max-video-preview:-1"},"canonical":"https:\/\/www.letemsvetemapplem.eu\/bazar\/top-154-macbook-pro-mid-2018-6-core\/","og_locale":"cs_CZ","og_type":"article","og_title":"TOP 15,4\u201d MacBook Pro mid-2018, 6-core - Apple bazar","og_description":"!!! Mid-2018 TOP konfigurace !!!&lt;br \/&gt; Nov\u00fd 15 palcov\u00fd Macbook Pro se 6-j\u00e1drov\u00fdm procesorem. https:\/\/www.notebookcheck.net\/Apple-MacBook-Pro-15-2018-2-6-GHz-560X-Laptop-Review.317358.0.html -&gt; 15,4\u201d Apple MacBook Pro RETINA i7, 6-core 2.6\/4.3GHz Turbo Boost,s Touch Barem, Tue Tone display, Hey Siri, etc..&lt;br \/&gt; Cena konfigurace u Apple.cz 86\u00a0990,00 K\u010d s 2r z\u00e1rukou. Prodej z duvodu nevyuziti, vybalen\u00fd le\u017eal na stole, z pr\u00e1ce som...","og_url":"https:\/\/www.letemsvetemapplem.eu\/bazar\/top-154-macbook-pro-mid-2018-6-core\/","og_site_name":"Apple bazar","article_published_time":"2019-05-12T20:59:49+00:00","article_modified_time":"2019-05-15T10:25:16+00:00","og_image":[{"width":800,"height":488,"url":"https:\/\/www.letemsvetemapplem.eu\/bazar\/wp-content\/uploads\/2019\/05\/front.jpg","type":"image\/jpeg"}],"twitter_card":"summary_large_image","schema":{"@context":"https:\/\/schema.org","@graph":[{"@type":"Article","@id":"https:\/\/www.letemsvetemapplem.eu\/bazar\/top-154-macbook-pro-mid-2018-6-core\/#article","isPartOf":{"@id":"https:\/\/www.letemsvetemapplem.eu\/bazar\/top-154-macbook-pro-mid-2018-6-core\/"},"author":{"name":"","@id":""},"headline":"TOP 15,4\u201d MacBook Pro mid-2018, 6-core","datePublished":"2019-05-12T20:59:49+00:00","dateModified":"2019-05-15T10:25:16+00:00","mainEntityOfPage":{"@id":"https:\/\/www.letemsvetemapplem.eu\/bazar\/top-154-macbook-pro-mid-2018-6-core\/"},"wordCount":303,"image":{"@id":"https:\/\/www.letemsvetemapplem.eu\/bazar\/top-154-macbook-pro-mid-2018-6-core\/#primaryimage"},"thumbnailUrl":"https:\/\/www.letemsvetemapplem.eu\/bazar\/wp-content\/uploads\/2019\/05\/front.jpg","articleSection":["MacBook Pro"],"inLanguage":"cs"},{"@type":"WebPage","@id":"https:\/\/www.letemsvetemapplem.eu\/bazar\/top-154-macbook-pro-mid-2018-6-core\/","url":"https:\/\/www.letemsvetemapplem.eu\/bazar\/top-154-macbook-pro-mid-2018-6-core\/","name":"TOP 15,4\u201d MacBook Pro mid-2018, 6-core - Apple bazar","isPartOf":{"@id":"https:\/\/www.letemsvetemapplem.eu\/bazar\/#website"},"primaryImageOfPage":{"@id":"https:\/\/www.letemsvetemapplem.eu\/bazar\/top-154-macbook-pro-mid-2018-6-core\/#primaryimage"},"image":{"@id":"https:\/\/www.letemsvetemapplem.eu\/bazar\/top-154-macbook-pro-mid-2018-6-core\/#primaryimage"},"thumbnailUrl":"https:\/\/www.letemsvetemapplem.eu\/bazar\/wp-content\/uploads\/2019\/05\/front.jpg","datePublished":"2019-05-12T20:59:49+00:00","dateModified":"2019-05-15T10:25:16+00:00","author":{"@id":""},"breadcrumb":{"@id":"https:\/\/www.letemsvetemapplem.eu\/bazar\/top-154-macbook-pro-mid-2018-6-core\/#breadcrumb"},"inLanguage":"cs","potentialAction":[{"@type":"ReadAction","target":["https:\/\/www.letemsvetemapplem.eu\/bazar\/top-154-macbook-pro-mid-2018-6-core\/"]}]},{"@type":"ImageObject","inLanguage":"cs","@id":"https:\/\/www.letemsvetemapplem.eu\/bazar\/top-154-macbook-pro-mid-2018-6-core\/#primaryimage","url":"https:\/\/www.letemsvetemapplem.eu\/bazar\/wp-content\/uploads\/2019\/05\/front.jpg","contentUrl":"https:\/\/www.letemsvetemapplem.eu\/bazar\/wp-content\/uploads\/2019\/05\/front.jpg","width":800,"height":488},{"@type":"BreadcrumbList","@id":"https:\/\/www.letemsvetemapplem.eu\/bazar\/top-154-macbook-pro-mid-2018-6-core\/#breadcrumb","itemListElement":[{"@type":"ListItem","position":1,"name":"Apple Bazar","item":"https:\/\/www.letemsvetemapplem.eu\/bazar\/"},{"@type":"ListItem","position":2,"name":"TOP 15,4\u201d MacBook Pro mid-2018, 6-core"}]},{"@type":"WebSite","@id":"https:\/\/www.letemsvetemapplem.eu\/bazar\/#website","url":"https:\/\/www.letemsvetemapplem.eu\/bazar\/","name":"Apple bazar","description":"Oou\u017eit\u00e9 Apple produkty za skv\u011bl\u00e9 ceny","potentialAction":[{"@type":"SearchAction","target":{"@type":"EntryPoint","urlTemplate":"https:\/\/www.letemsvetemapplem.eu\/bazar\/?s={search_term_string}"},"query-input":{"@type":"PropertyValueSpecification","valueRequired":true,"valueName":"search_term_string"}}],"inLanguage":"cs"}]}},"_links":{"self":[{"href":"https:\/\/www.letemsvetemapplem.eu\/bazar\/wp-json\/wp\/v2\/posts\/151295","targetHints":{"allow":["GET"]}}],"collection":[{"href":"https:\/\/www.letemsvetemapplem.eu\/bazar\/wp-json\/wp\/v2\/posts"}],"about":[{"href":"https:\/\/www.letemsvetemapplem.eu\/bazar\/wp-json\/wp\/v2\/types\/post"}],"replies":[{"embeddable":true,"href":"https:\/\/www.letemsvetemapplem.eu\/bazar\/wp-json\/wp\/v2\/comments?post=151295"}],"version-history":[{"count":0,"href":"https:\/\/www.letemsvetemapplem.eu\/bazar\/wp-json\/wp\/v2\/posts\/151295\/revisions"}],"wp:featuredmedia":[{"embeddable":true,"href":"https:\/\/www.letemsvetemapplem.eu\/bazar\/wp-json\/wp\/v2\/media\/151296"}],"wp:attachment":[{"href":"https:\/\/www.letemsvetemapplem.eu\/bazar\/wp-json\/wp\/v2\/media?parent=151295"}],"wp:term":[{"taxonomy":"category","embeddable":true,"href":"https:\/\/www.letemsvetemapplem.eu\/bazar\/wp-json\/wp\/v2\/categories?post=151295"},{"taxonomy":"post_tag","embeddable":true,"href":"https:\/\/www.letemsvetemapplem.eu\/bazar\/wp-json\/wp\/v2\/tags?post=151295"}],"curies":[{"name":"wp","href":"https:\/\/api.w.org\/{rel}","templated":true}]}}