{"id":150804,"date":"2019-05-07T20:07:44","date_gmt":"2019-05-07T19:07:44","guid":{"rendered":"https:\/\/www.letemsvetemapplem.eu\/bazar\/?p=150804"},"modified":"2019-05-07T20:07:44","modified_gmt":"2019-05-07T19:07:44","slug":"imac-27-inch-late-2012-32g-ram","status":"publish","type":"post","link":"https:\/\/www.letemsvetemapplem.eu\/bazar\/imac-27-inch-late-2012-32g-ram\/","title":{"rendered":"iMac (27-inch, Late 2012) 32G RAM"},"content":{"rendered":"<p>iMac (27-inch, Late 2012), konfigurace: All in one po\u010d\u00edta\u010d s IPS displejem velikosti 27&quot;, rozli\u0161en\u00ed 2560 x 1440 bod\u016f, LED podsv\u00edcen\u00ed, \u010dty\u0159j\u00e1drov\u00fd procesor Intel Core i5 (6M Cache, 3.2GHz, 3.6 GHz Turbo), 32 GB opera\u010dn\u00ed pam\u011bti DDR3 1600 MHz, grafick\u00e1 karta NVIDIA GeForce GTX 675MX (1024MB GDDR5), pevn\u00fd disk s kapacitou 1 TB, WiFi, GLAN, Bluetooth 4.0, FaceTime HD webkamera, reproduktory, 2x Thunderbolt, 4x USB 3.0<\/p>\n","protected":false},"excerpt":{"rendered":"<p>iMac (27-inch, Late 2012), konfigurace: All in one po\u010d\u00edta\u010d s IPS displejem velikosti 27&quot;, rozli\u0161en\u00ed 2560 x 1440 bod\u016f, LED podsv\u00edcen\u00ed, \u010dty\u0159j\u00e1drov\u00fd procesor Intel Core i5 (6M Cache, 3.2GHz, 3.6 GHz Turbo), 32 GB opera\u010dn\u00ed pam\u011bti DDR3 1600 MHz, grafick\u00e1 karta NVIDIA GeForce GTX 675MX (1024MB GDDR5), pevn\u00fd disk s kapacitou 1 TB, WiFi, GLAN,&#8230;<\/p>\n","protected":false},"author":0,"featured_media":150805,"comment_status":"closed","ping_status":"closed","sticky":false,"template":"","format":"standard","meta":{"footnotes":""},"categories":[41],"tags":[],"class_list":["post-150804","post","type-post","status-publish","format-standard","has-post-thumbnail","hentry","category-imac"],"yoast_head":"<!-- This site is optimized with the Yoast SEO plugin v27.2 - https:\/\/yoast.com\/product\/yoast-seo-wordpress\/ -->\n<title>iMac (27-inch, Late 2012) 32G RAM - Apple bazar<\/title>\n<meta name=\"robots\" content=\"index, follow, max-snippet:-1, max-image-preview:large, max-video-preview:-1\" \/>\n<link rel=\"canonical\" href=\"https:\/\/www.letemsvetemapplem.eu\/bazar\/imac-27-inch-late-2012-32g-ram\/\" \/>\n<meta property=\"og:locale\" content=\"cs_CZ\" \/>\n<meta property=\"og:type\" content=\"article\" \/>\n<meta property=\"og:title\" content=\"iMac (27-inch, Late 2012) 32G RAM - Apple bazar\" \/>\n<meta property=\"og:description\" content=\"iMac (27-inch, Late 2012), konfigurace: All in one po\u010d\u00edta\u010d s IPS displejem velikosti 27&quot;, rozli\u0161en\u00ed 2560 x 1440 bod\u016f, LED podsv\u00edcen\u00ed, \u010dty\u0159j\u00e1drov\u00fd procesor Intel Core i5 (6M Cache, 3.2GHz, 3.6 GHz Turbo), 32 GB opera\u010dn\u00ed pam\u011bti DDR3 1600 MHz, grafick\u00e1 karta NVIDIA GeForce GTX 675MX (1024MB GDDR5), pevn\u00fd disk s kapacitou 1 TB, WiFi, GLAN,...\" \/>\n<meta property=\"og:url\" content=\"https:\/\/www.letemsvetemapplem.eu\/bazar\/imac-27-inch-late-2012-32g-ram\/\" \/>\n<meta property=\"og:site_name\" content=\"Apple bazar\" \/>\n<meta property=\"article:published_time\" content=\"2019-05-07T19:07:44+00:00\" \/>\n<meta property=\"og:image\" content=\"https:\/\/www.letemsvetemapplem.eu\/bazar\/wp-content\/uploads\/2019\/05\/obrazek.jpeg\" \/>\n\t<meta property=\"og:image:width\" content=\"120\" \/>\n\t<meta property=\"og:image:height\" content=\"120\" \/>\n\t<meta property=\"og:image:type\" content=\"image\/jpeg\" \/>\n<meta name=\"twitter:card\" content=\"summary_large_image\" \/>\n<script type=\"application\/ld+json\" class=\"yoast-schema-graph\">{\"@context\":\"https:\/\/schema.org\",\"@graph\":[{\"@type\":\"Article\",\"@id\":\"https:\/\/www.letemsvetemapplem.eu\/bazar\/imac-27-inch-late-2012-32g-ram\/#article\",\"isPartOf\":{\"@id\":\"https:\/\/www.letemsvetemapplem.eu\/bazar\/imac-27-inch-late-2012-32g-ram\/\"},\"author\":{\"name\":\"\",\"@id\":\"\"},\"headline\":\"iMac (27-inch, Late 2012) 32G RAM\",\"datePublished\":\"2019-05-07T19:07:44+00:00\",\"mainEntityOfPage\":{\"@id\":\"https:\/\/www.letemsvetemapplem.eu\/bazar\/imac-27-inch-late-2012-32g-ram\/\"},\"wordCount\":69,\"image\":{\"@id\":\"https:\/\/www.letemsvetemapplem.eu\/bazar\/imac-27-inch-late-2012-32g-ram\/#primaryimage\"},\"thumbnailUrl\":\"https:\/\/www.letemsvetemapplem.eu\/bazar\/wp-content\/uploads\/2019\/05\/obrazek.jpeg\",\"articleSection\":[\"iMac\"],\"inLanguage\":\"cs\"},{\"@type\":\"WebPage\",\"@id\":\"https:\/\/www.letemsvetemapplem.eu\/bazar\/imac-27-inch-late-2012-32g-ram\/\",\"url\":\"https:\/\/www.letemsvetemapplem.eu\/bazar\/imac-27-inch-late-2012-32g-ram\/\",\"name\":\"iMac (27-inch, Late 2012) 32G RAM - Apple bazar\",\"isPartOf\":{\"@id\":\"https:\/\/www.letemsvetemapplem.eu\/bazar\/#website\"},\"primaryImageOfPage\":{\"@id\":\"https:\/\/www.letemsvetemapplem.eu\/bazar\/imac-27-inch-late-2012-32g-ram\/#primaryimage\"},\"image\":{\"@id\":\"https:\/\/www.letemsvetemapplem.eu\/bazar\/imac-27-inch-late-2012-32g-ram\/#primaryimage\"},\"thumbnailUrl\":\"https:\/\/www.letemsvetemapplem.eu\/bazar\/wp-content\/uploads\/2019\/05\/obrazek.jpeg\",\"datePublished\":\"2019-05-07T19:07:44+00:00\",\"author\":{\"@id\":\"\"},\"breadcrumb\":{\"@id\":\"https:\/\/www.letemsvetemapplem.eu\/bazar\/imac-27-inch-late-2012-32g-ram\/#breadcrumb\"},\"inLanguage\":\"cs\",\"potentialAction\":[{\"@type\":\"ReadAction\",\"target\":[\"https:\/\/www.letemsvetemapplem.eu\/bazar\/imac-27-inch-late-2012-32g-ram\/\"]}]},{\"@type\":\"ImageObject\",\"inLanguage\":\"cs\",\"@id\":\"https:\/\/www.letemsvetemapplem.eu\/bazar\/imac-27-inch-late-2012-32g-ram\/#primaryimage\",\"url\":\"https:\/\/www.letemsvetemapplem.eu\/bazar\/wp-content\/uploads\/2019\/05\/obrazek.jpeg\",\"contentUrl\":\"https:\/\/www.letemsvetemapplem.eu\/bazar\/wp-content\/uploads\/2019\/05\/obrazek.jpeg\",\"width\":120,\"height\":120},{\"@type\":\"BreadcrumbList\",\"@id\":\"https:\/\/www.letemsvetemapplem.eu\/bazar\/imac-27-inch-late-2012-32g-ram\/#breadcrumb\",\"itemListElement\":[{\"@type\":\"ListItem\",\"position\":1,\"name\":\"Apple Bazar\",\"item\":\"https:\/\/www.letemsvetemapplem.eu\/bazar\/\"},{\"@type\":\"ListItem\",\"position\":2,\"name\":\"iMac (27-inch, Late 2012) 32G RAM\"}]},{\"@type\":\"WebSite\",\"@id\":\"https:\/\/www.letemsvetemapplem.eu\/bazar\/#website\",\"url\":\"https:\/\/www.letemsvetemapplem.eu\/bazar\/\",\"name\":\"Apple bazar\",\"description\":\"Oou\u017eit\u00e9 Apple produkty za skv\u011bl\u00e9 ceny\",\"potentialAction\":[{\"@type\":\"SearchAction\",\"target\":{\"@type\":\"EntryPoint\",\"urlTemplate\":\"https:\/\/www.letemsvetemapplem.eu\/bazar\/?s={search_term_string}\"},\"query-input\":{\"@type\":\"PropertyValueSpecification\",\"valueRequired\":true,\"valueName\":\"search_term_string\"}}],\"inLanguage\":\"cs\"}]}<\/script>\n<!-- \/ Yoast SEO plugin. -->","yoast_head_json":{"title":"iMac (27-inch, Late 2012) 32G RAM - Apple bazar","robots":{"index":"index","follow":"follow","max-snippet":"max-snippet:-1","max-image-preview":"max-image-preview:large","max-video-preview":"max-video-preview:-1"},"canonical":"https:\/\/www.letemsvetemapplem.eu\/bazar\/imac-27-inch-late-2012-32g-ram\/","og_locale":"cs_CZ","og_type":"article","og_title":"iMac (27-inch, Late 2012) 32G RAM - Apple bazar","og_description":"iMac (27-inch, Late 2012), konfigurace: All in one po\u010d\u00edta\u010d s IPS displejem velikosti 27&quot;, rozli\u0161en\u00ed 2560 x 1440 bod\u016f, LED podsv\u00edcen\u00ed, \u010dty\u0159j\u00e1drov\u00fd procesor Intel Core i5 (6M Cache, 3.2GHz, 3.6 GHz Turbo), 32 GB opera\u010dn\u00ed pam\u011bti DDR3 1600 MHz, grafick\u00e1 karta NVIDIA GeForce GTX 675MX (1024MB GDDR5), pevn\u00fd disk s kapacitou 1 TB, WiFi, GLAN,...","og_url":"https:\/\/www.letemsvetemapplem.eu\/bazar\/imac-27-inch-late-2012-32g-ram\/","og_site_name":"Apple bazar","article_published_time":"2019-05-07T19:07:44+00:00","og_image":[{"width":120,"height":120,"url":"https:\/\/www.letemsvetemapplem.eu\/bazar\/wp-content\/uploads\/2019\/05\/obrazek.jpeg","type":"image\/jpeg"}],"twitter_card":"summary_large_image","schema":{"@context":"https:\/\/schema.org","@graph":[{"@type":"Article","@id":"https:\/\/www.letemsvetemapplem.eu\/bazar\/imac-27-inch-late-2012-32g-ram\/#article","isPartOf":{"@id":"https:\/\/www.letemsvetemapplem.eu\/bazar\/imac-27-inch-late-2012-32g-ram\/"},"author":{"name":"","@id":""},"headline":"iMac (27-inch, Late 2012) 32G RAM","datePublished":"2019-05-07T19:07:44+00:00","mainEntityOfPage":{"@id":"https:\/\/www.letemsvetemapplem.eu\/bazar\/imac-27-inch-late-2012-32g-ram\/"},"wordCount":69,"image":{"@id":"https:\/\/www.letemsvetemapplem.eu\/bazar\/imac-27-inch-late-2012-32g-ram\/#primaryimage"},"thumbnailUrl":"https:\/\/www.letemsvetemapplem.eu\/bazar\/wp-content\/uploads\/2019\/05\/obrazek.jpeg","articleSection":["iMac"],"inLanguage":"cs"},{"@type":"WebPage","@id":"https:\/\/www.letemsvetemapplem.eu\/bazar\/imac-27-inch-late-2012-32g-ram\/","url":"https:\/\/www.letemsvetemapplem.eu\/bazar\/imac-27-inch-late-2012-32g-ram\/","name":"iMac (27-inch, Late 2012) 32G RAM - Apple bazar","isPartOf":{"@id":"https:\/\/www.letemsvetemapplem.eu\/bazar\/#website"},"primaryImageOfPage":{"@id":"https:\/\/www.letemsvetemapplem.eu\/bazar\/imac-27-inch-late-2012-32g-ram\/#primaryimage"},"image":{"@id":"https:\/\/www.letemsvetemapplem.eu\/bazar\/imac-27-inch-late-2012-32g-ram\/#primaryimage"},"thumbnailUrl":"https:\/\/www.letemsvetemapplem.eu\/bazar\/wp-content\/uploads\/2019\/05\/obrazek.jpeg","datePublished":"2019-05-07T19:07:44+00:00","author":{"@id":""},"breadcrumb":{"@id":"https:\/\/www.letemsvetemapplem.eu\/bazar\/imac-27-inch-late-2012-32g-ram\/#breadcrumb"},"inLanguage":"cs","potentialAction":[{"@type":"ReadAction","target":["https:\/\/www.letemsvetemapplem.eu\/bazar\/imac-27-inch-late-2012-32g-ram\/"]}]},{"@type":"ImageObject","inLanguage":"cs","@id":"https:\/\/www.letemsvetemapplem.eu\/bazar\/imac-27-inch-late-2012-32g-ram\/#primaryimage","url":"https:\/\/www.letemsvetemapplem.eu\/bazar\/wp-content\/uploads\/2019\/05\/obrazek.jpeg","contentUrl":"https:\/\/www.letemsvetemapplem.eu\/bazar\/wp-content\/uploads\/2019\/05\/obrazek.jpeg","width":120,"height":120},{"@type":"BreadcrumbList","@id":"https:\/\/www.letemsvetemapplem.eu\/bazar\/imac-27-inch-late-2012-32g-ram\/#breadcrumb","itemListElement":[{"@type":"ListItem","position":1,"name":"Apple Bazar","item":"https:\/\/www.letemsvetemapplem.eu\/bazar\/"},{"@type":"ListItem","position":2,"name":"iMac (27-inch, Late 2012) 32G RAM"}]},{"@type":"WebSite","@id":"https:\/\/www.letemsvetemapplem.eu\/bazar\/#website","url":"https:\/\/www.letemsvetemapplem.eu\/bazar\/","name":"Apple bazar","description":"Oou\u017eit\u00e9 Apple produkty za skv\u011bl\u00e9 ceny","potentialAction":[{"@type":"SearchAction","target":{"@type":"EntryPoint","urlTemplate":"https:\/\/www.letemsvetemapplem.eu\/bazar\/?s={search_term_string}"},"query-input":{"@type":"PropertyValueSpecification","valueRequired":true,"valueName":"search_term_string"}}],"inLanguage":"cs"}]}},"_links":{"self":[{"href":"https:\/\/www.letemsvetemapplem.eu\/bazar\/wp-json\/wp\/v2\/posts\/150804","targetHints":{"allow":["GET"]}}],"collection":[{"href":"https:\/\/www.letemsvetemapplem.eu\/bazar\/wp-json\/wp\/v2\/posts"}],"about":[{"href":"https:\/\/www.letemsvetemapplem.eu\/bazar\/wp-json\/wp\/v2\/types\/post"}],"replies":[{"embeddable":true,"href":"https:\/\/www.letemsvetemapplem.eu\/bazar\/wp-json\/wp\/v2\/comments?post=150804"}],"version-history":[{"count":0,"href":"https:\/\/www.letemsvetemapplem.eu\/bazar\/wp-json\/wp\/v2\/posts\/150804\/revisions"}],"wp:featuredmedia":[{"embeddable":true,"href":"https:\/\/www.letemsvetemapplem.eu\/bazar\/wp-json\/wp\/v2\/media\/150805"}],"wp:attachment":[{"href":"https:\/\/www.letemsvetemapplem.eu\/bazar\/wp-json\/wp\/v2\/media?parent=150804"}],"wp:term":[{"taxonomy":"category","embeddable":true,"href":"https:\/\/www.letemsvetemapplem.eu\/bazar\/wp-json\/wp\/v2\/categories?post=150804"},{"taxonomy":"post_tag","embeddable":true,"href":"https:\/\/www.letemsvetemapplem.eu\/bazar\/wp-json\/wp\/v2\/tags?post=150804"}],"curies":[{"name":"wp","href":"https:\/\/api.w.org\/{rel}","templated":true}]}}