{"id":149490,"date":"2019-04-26T12:41:30","date_gmt":"2019-04-26T11:41:30","guid":{"rendered":"https:\/\/www.letemsvetemapplem.eu\/bazar\/?p=149490"},"modified":"2019-04-26T12:41:30","modified_gmt":"2019-04-26T11:41:30","slug":"macbook-pro-13-256gb-touchbar-2018","status":"publish","type":"post","link":"https:\/\/www.letemsvetemapplem.eu\/bazar\/macbook-pro-13-256gb-touchbar-2018\/","title":{"rendered":"MacBook Pro 13\u201d 256GB TouchBar 2018"},"content":{"rendered":"<p>Macbook je v podstat\u011b zcela nov\u00fd, pouze rozbalen\u00fd. Mac byl 21.2. 2019 aktivovan\u00fd, \u010dili mezin\u00e1rodn\u00ed Apple z\u00e1ruka do 21.2.2020. Bez jak\u00fdchkoliv zn\u00e1mek pou\u017e\u00edv\u00e1n\u00ed, origin\u00e1ln\u00ed krabi\u010dka, nab\u00edje\u010dka.<\/p>\n<p>Po\u0159izovac\u00ed cena nov\u00e9ho kusu je 55 990,-, pro\u010d je tedy cena o tolik ni\u017e\u0161\u00ed? Macbook m\u00e1 n\u011bmeckou kl\u00e1vesnici, co\u017e v praxi znamen\u00e1 pouze to, \u017ee na kl\u00e1vesnici nen\u00ed diakritika (je mo\u017enost doukoupit polepy s diakritikou). Jinak je to stejn\u00fd kus, jako s \u010deskou kl\u00e1vesnici\u00ed.<\/p>\n<p>Intel Core i5, \u010dty\u0159j\u00e1dro 2,3GHz (TurboBoost a\u017e 3,8GHz), 8GB RAM.<\/p>\n<p>S\u00e9riov\u00e9 \u010d\u00edslo je na fotce, tak\u017ee m\u016f\u017eete ov\u011b\u0159it.<\/p>\n<p>Pouze osobn\u00ed p\u0159ed\u00e1n\u00ed a ozkou\u0161en\u00ed. <\/p>\n<p>Pro v\u00edce info pi\u0161te.<\/p>\n","protected":false},"excerpt":{"rendered":"<p>Macbook je v podstat\u011b zcela nov\u00fd, pouze rozbalen\u00fd. Mac byl 21.2. 2019 aktivovan\u00fd, \u010dili mezin\u00e1rodn\u00ed Apple z\u00e1ruka do 21.2.2020. Bez jak\u00fdchkoliv zn\u00e1mek pou\u017e\u00edv\u00e1n\u00ed, origin\u00e1ln\u00ed krabi\u010dka, nab\u00edje\u010dka. Po\u0159izovac\u00ed cena nov\u00e9ho kusu je 55 990,-, pro\u010d je tedy cena o tolik ni\u017e\u0161\u00ed? Macbook m\u00e1 n\u011bmeckou kl\u00e1vesnici, co\u017e v praxi znamen\u00e1 pouze to, \u017ee na kl\u00e1vesnici nen\u00ed diakritika&#8230;<\/p>\n","protected":false},"author":0,"featured_media":149491,"comment_status":"closed","ping_status":"closed","sticky":false,"template":"","format":"standard","meta":{"footnotes":""},"categories":[48],"tags":[],"class_list":["post-149490","post","type-post","status-publish","format-standard","has-post-thumbnail","hentry","category-macbook-pro"],"yoast_head":"<!-- This site is optimized with the Yoast SEO plugin v27.2 - https:\/\/yoast.com\/product\/yoast-seo-wordpress\/ -->\n<title>MacBook Pro 13\u201d 256GB TouchBar 2018 - Apple bazar<\/title>\n<meta name=\"robots\" content=\"index, follow, max-snippet:-1, max-image-preview:large, max-video-preview:-1\" \/>\n<link rel=\"canonical\" href=\"https:\/\/www.letemsvetemapplem.eu\/bazar\/macbook-pro-13-256gb-touchbar-2018\/\" \/>\n<meta property=\"og:locale\" content=\"cs_CZ\" \/>\n<meta property=\"og:type\" content=\"article\" \/>\n<meta property=\"og:title\" content=\"MacBook Pro 13\u201d 256GB TouchBar 2018 - Apple bazar\" \/>\n<meta property=\"og:description\" content=\"Macbook je v podstat\u011b zcela nov\u00fd, pouze rozbalen\u00fd. Mac byl 21.2. 2019 aktivovan\u00fd, \u010dili mezin\u00e1rodn\u00ed Apple z\u00e1ruka do 21.2.2020. Bez jak\u00fdchkoliv zn\u00e1mek pou\u017e\u00edv\u00e1n\u00ed, origin\u00e1ln\u00ed krabi\u010dka, nab\u00edje\u010dka. Po\u0159izovac\u00ed cena nov\u00e9ho kusu je 55 990,-, pro\u010d je tedy cena o tolik ni\u017e\u0161\u00ed? Macbook m\u00e1 n\u011bmeckou kl\u00e1vesnici, co\u017e v praxi znamen\u00e1 pouze to, \u017ee na kl\u00e1vesnici nen\u00ed diakritika...\" \/>\n<meta property=\"og:url\" content=\"https:\/\/www.letemsvetemapplem.eu\/bazar\/macbook-pro-13-256gb-touchbar-2018\/\" \/>\n<meta property=\"og:site_name\" content=\"Apple bazar\" \/>\n<meta property=\"article:published_time\" content=\"2019-04-26T11:41:30+00:00\" \/>\n<meta property=\"og:image\" content=\"https:\/\/www.letemsvetemapplem.eu\/bazar\/wp-content\/uploads\/2019\/04\/C2D77941-770E-45B2-8E31-DE69A162FE19.jpeg\" \/>\n\t<meta property=\"og:image:width\" content=\"4032\" \/>\n\t<meta property=\"og:image:height\" content=\"3024\" \/>\n\t<meta property=\"og:image:type\" content=\"image\/jpeg\" \/>\n<meta name=\"twitter:card\" content=\"summary_large_image\" \/>\n<script type=\"application\/ld+json\" class=\"yoast-schema-graph\">{\"@context\":\"https:\/\/schema.org\",\"@graph\":[{\"@type\":\"Article\",\"@id\":\"https:\/\/www.letemsvetemapplem.eu\/bazar\/macbook-pro-13-256gb-touchbar-2018\/#article\",\"isPartOf\":{\"@id\":\"https:\/\/www.letemsvetemapplem.eu\/bazar\/macbook-pro-13-256gb-touchbar-2018\/\"},\"author\":{\"name\":\"\",\"@id\":\"\"},\"headline\":\"MacBook Pro 13\u201d 256GB TouchBar 2018\",\"datePublished\":\"2019-04-26T11:41:30+00:00\",\"mainEntityOfPage\":{\"@id\":\"https:\/\/www.letemsvetemapplem.eu\/bazar\/macbook-pro-13-256gb-touchbar-2018\/\"},\"wordCount\":125,\"image\":{\"@id\":\"https:\/\/www.letemsvetemapplem.eu\/bazar\/macbook-pro-13-256gb-touchbar-2018\/#primaryimage\"},\"thumbnailUrl\":\"https:\/\/www.letemsvetemapplem.eu\/bazar\/wp-content\/uploads\/2019\/04\/C2D77941-770E-45B2-8E31-DE69A162FE19.jpeg\",\"articleSection\":[\"MacBook Pro\"],\"inLanguage\":\"cs\"},{\"@type\":\"WebPage\",\"@id\":\"https:\/\/www.letemsvetemapplem.eu\/bazar\/macbook-pro-13-256gb-touchbar-2018\/\",\"url\":\"https:\/\/www.letemsvetemapplem.eu\/bazar\/macbook-pro-13-256gb-touchbar-2018\/\",\"name\":\"MacBook Pro 13\u201d 256GB TouchBar 2018 - Apple bazar\",\"isPartOf\":{\"@id\":\"https:\/\/www.letemsvetemapplem.eu\/bazar\/#website\"},\"primaryImageOfPage\":{\"@id\":\"https:\/\/www.letemsvetemapplem.eu\/bazar\/macbook-pro-13-256gb-touchbar-2018\/#primaryimage\"},\"image\":{\"@id\":\"https:\/\/www.letemsvetemapplem.eu\/bazar\/macbook-pro-13-256gb-touchbar-2018\/#primaryimage\"},\"thumbnailUrl\":\"https:\/\/www.letemsvetemapplem.eu\/bazar\/wp-content\/uploads\/2019\/04\/C2D77941-770E-45B2-8E31-DE69A162FE19.jpeg\",\"datePublished\":\"2019-04-26T11:41:30+00:00\",\"author\":{\"@id\":\"\"},\"breadcrumb\":{\"@id\":\"https:\/\/www.letemsvetemapplem.eu\/bazar\/macbook-pro-13-256gb-touchbar-2018\/#breadcrumb\"},\"inLanguage\":\"cs\",\"potentialAction\":[{\"@type\":\"ReadAction\",\"target\":[\"https:\/\/www.letemsvetemapplem.eu\/bazar\/macbook-pro-13-256gb-touchbar-2018\/\"]}]},{\"@type\":\"ImageObject\",\"inLanguage\":\"cs\",\"@id\":\"https:\/\/www.letemsvetemapplem.eu\/bazar\/macbook-pro-13-256gb-touchbar-2018\/#primaryimage\",\"url\":\"https:\/\/www.letemsvetemapplem.eu\/bazar\/wp-content\/uploads\/2019\/04\/C2D77941-770E-45B2-8E31-DE69A162FE19.jpeg\",\"contentUrl\":\"https:\/\/www.letemsvetemapplem.eu\/bazar\/wp-content\/uploads\/2019\/04\/C2D77941-770E-45B2-8E31-DE69A162FE19.jpeg\",\"width\":4032,\"height\":3024},{\"@type\":\"BreadcrumbList\",\"@id\":\"https:\/\/www.letemsvetemapplem.eu\/bazar\/macbook-pro-13-256gb-touchbar-2018\/#breadcrumb\",\"itemListElement\":[{\"@type\":\"ListItem\",\"position\":1,\"name\":\"Apple Bazar\",\"item\":\"https:\/\/www.letemsvetemapplem.eu\/bazar\/\"},{\"@type\":\"ListItem\",\"position\":2,\"name\":\"MacBook Pro 13\u201d 256GB TouchBar 2018\"}]},{\"@type\":\"WebSite\",\"@id\":\"https:\/\/www.letemsvetemapplem.eu\/bazar\/#website\",\"url\":\"https:\/\/www.letemsvetemapplem.eu\/bazar\/\",\"name\":\"Apple bazar\",\"description\":\"Oou\u017eit\u00e9 Apple produkty za skv\u011bl\u00e9 ceny\",\"potentialAction\":[{\"@type\":\"SearchAction\",\"target\":{\"@type\":\"EntryPoint\",\"urlTemplate\":\"https:\/\/www.letemsvetemapplem.eu\/bazar\/?s={search_term_string}\"},\"query-input\":{\"@type\":\"PropertyValueSpecification\",\"valueRequired\":true,\"valueName\":\"search_term_string\"}}],\"inLanguage\":\"cs\"}]}<\/script>\n<!-- \/ Yoast SEO plugin. -->","yoast_head_json":{"title":"MacBook Pro 13\u201d 256GB TouchBar 2018 - Apple bazar","robots":{"index":"index","follow":"follow","max-snippet":"max-snippet:-1","max-image-preview":"max-image-preview:large","max-video-preview":"max-video-preview:-1"},"canonical":"https:\/\/www.letemsvetemapplem.eu\/bazar\/macbook-pro-13-256gb-touchbar-2018\/","og_locale":"cs_CZ","og_type":"article","og_title":"MacBook Pro 13\u201d 256GB TouchBar 2018 - Apple bazar","og_description":"Macbook je v podstat\u011b zcela nov\u00fd, pouze rozbalen\u00fd. Mac byl 21.2. 2019 aktivovan\u00fd, \u010dili mezin\u00e1rodn\u00ed Apple z\u00e1ruka do 21.2.2020. Bez jak\u00fdchkoliv zn\u00e1mek pou\u017e\u00edv\u00e1n\u00ed, origin\u00e1ln\u00ed krabi\u010dka, nab\u00edje\u010dka. Po\u0159izovac\u00ed cena nov\u00e9ho kusu je 55 990,-, pro\u010d je tedy cena o tolik ni\u017e\u0161\u00ed? Macbook m\u00e1 n\u011bmeckou kl\u00e1vesnici, co\u017e v praxi znamen\u00e1 pouze to, \u017ee na kl\u00e1vesnici nen\u00ed diakritika...","og_url":"https:\/\/www.letemsvetemapplem.eu\/bazar\/macbook-pro-13-256gb-touchbar-2018\/","og_site_name":"Apple bazar","article_published_time":"2019-04-26T11:41:30+00:00","og_image":[{"width":4032,"height":3024,"url":"https:\/\/www.letemsvetemapplem.eu\/bazar\/wp-content\/uploads\/2019\/04\/C2D77941-770E-45B2-8E31-DE69A162FE19.jpeg","type":"image\/jpeg"}],"twitter_card":"summary_large_image","schema":{"@context":"https:\/\/schema.org","@graph":[{"@type":"Article","@id":"https:\/\/www.letemsvetemapplem.eu\/bazar\/macbook-pro-13-256gb-touchbar-2018\/#article","isPartOf":{"@id":"https:\/\/www.letemsvetemapplem.eu\/bazar\/macbook-pro-13-256gb-touchbar-2018\/"},"author":{"name":"","@id":""},"headline":"MacBook Pro 13\u201d 256GB TouchBar 2018","datePublished":"2019-04-26T11:41:30+00:00","mainEntityOfPage":{"@id":"https:\/\/www.letemsvetemapplem.eu\/bazar\/macbook-pro-13-256gb-touchbar-2018\/"},"wordCount":125,"image":{"@id":"https:\/\/www.letemsvetemapplem.eu\/bazar\/macbook-pro-13-256gb-touchbar-2018\/#primaryimage"},"thumbnailUrl":"https:\/\/www.letemsvetemapplem.eu\/bazar\/wp-content\/uploads\/2019\/04\/C2D77941-770E-45B2-8E31-DE69A162FE19.jpeg","articleSection":["MacBook Pro"],"inLanguage":"cs"},{"@type":"WebPage","@id":"https:\/\/www.letemsvetemapplem.eu\/bazar\/macbook-pro-13-256gb-touchbar-2018\/","url":"https:\/\/www.letemsvetemapplem.eu\/bazar\/macbook-pro-13-256gb-touchbar-2018\/","name":"MacBook Pro 13\u201d 256GB TouchBar 2018 - Apple bazar","isPartOf":{"@id":"https:\/\/www.letemsvetemapplem.eu\/bazar\/#website"},"primaryImageOfPage":{"@id":"https:\/\/www.letemsvetemapplem.eu\/bazar\/macbook-pro-13-256gb-touchbar-2018\/#primaryimage"},"image":{"@id":"https:\/\/www.letemsvetemapplem.eu\/bazar\/macbook-pro-13-256gb-touchbar-2018\/#primaryimage"},"thumbnailUrl":"https:\/\/www.letemsvetemapplem.eu\/bazar\/wp-content\/uploads\/2019\/04\/C2D77941-770E-45B2-8E31-DE69A162FE19.jpeg","datePublished":"2019-04-26T11:41:30+00:00","author":{"@id":""},"breadcrumb":{"@id":"https:\/\/www.letemsvetemapplem.eu\/bazar\/macbook-pro-13-256gb-touchbar-2018\/#breadcrumb"},"inLanguage":"cs","potentialAction":[{"@type":"ReadAction","target":["https:\/\/www.letemsvetemapplem.eu\/bazar\/macbook-pro-13-256gb-touchbar-2018\/"]}]},{"@type":"ImageObject","inLanguage":"cs","@id":"https:\/\/www.letemsvetemapplem.eu\/bazar\/macbook-pro-13-256gb-touchbar-2018\/#primaryimage","url":"https:\/\/www.letemsvetemapplem.eu\/bazar\/wp-content\/uploads\/2019\/04\/C2D77941-770E-45B2-8E31-DE69A162FE19.jpeg","contentUrl":"https:\/\/www.letemsvetemapplem.eu\/bazar\/wp-content\/uploads\/2019\/04\/C2D77941-770E-45B2-8E31-DE69A162FE19.jpeg","width":4032,"height":3024},{"@type":"BreadcrumbList","@id":"https:\/\/www.letemsvetemapplem.eu\/bazar\/macbook-pro-13-256gb-touchbar-2018\/#breadcrumb","itemListElement":[{"@type":"ListItem","position":1,"name":"Apple Bazar","item":"https:\/\/www.letemsvetemapplem.eu\/bazar\/"},{"@type":"ListItem","position":2,"name":"MacBook Pro 13\u201d 256GB TouchBar 2018"}]},{"@type":"WebSite","@id":"https:\/\/www.letemsvetemapplem.eu\/bazar\/#website","url":"https:\/\/www.letemsvetemapplem.eu\/bazar\/","name":"Apple bazar","description":"Oou\u017eit\u00e9 Apple produkty za skv\u011bl\u00e9 ceny","potentialAction":[{"@type":"SearchAction","target":{"@type":"EntryPoint","urlTemplate":"https:\/\/www.letemsvetemapplem.eu\/bazar\/?s={search_term_string}"},"query-input":{"@type":"PropertyValueSpecification","valueRequired":true,"valueName":"search_term_string"}}],"inLanguage":"cs"}]}},"_links":{"self":[{"href":"https:\/\/www.letemsvetemapplem.eu\/bazar\/wp-json\/wp\/v2\/posts\/149490","targetHints":{"allow":["GET"]}}],"collection":[{"href":"https:\/\/www.letemsvetemapplem.eu\/bazar\/wp-json\/wp\/v2\/posts"}],"about":[{"href":"https:\/\/www.letemsvetemapplem.eu\/bazar\/wp-json\/wp\/v2\/types\/post"}],"replies":[{"embeddable":true,"href":"https:\/\/www.letemsvetemapplem.eu\/bazar\/wp-json\/wp\/v2\/comments?post=149490"}],"version-history":[{"count":0,"href":"https:\/\/www.letemsvetemapplem.eu\/bazar\/wp-json\/wp\/v2\/posts\/149490\/revisions"}],"wp:featuredmedia":[{"embeddable":true,"href":"https:\/\/www.letemsvetemapplem.eu\/bazar\/wp-json\/wp\/v2\/media\/149491"}],"wp:attachment":[{"href":"https:\/\/www.letemsvetemapplem.eu\/bazar\/wp-json\/wp\/v2\/media?parent=149490"}],"wp:term":[{"taxonomy":"category","embeddable":true,"href":"https:\/\/www.letemsvetemapplem.eu\/bazar\/wp-json\/wp\/v2\/categories?post=149490"},{"taxonomy":"post_tag","embeddable":true,"href":"https:\/\/www.letemsvetemapplem.eu\/bazar\/wp-json\/wp\/v2\/tags?post=149490"}],"curies":[{"name":"wp","href":"https:\/\/api.w.org\/{rel}","templated":true}]}}