{"id":149042,"date":"2019-04-23T15:10:42","date_gmt":"2019-04-23T14:10:42","guid":{"rendered":"https:\/\/www.letemsvetemapplem.eu\/bazar\/?p=149042"},"modified":"2019-04-28T16:22:40","modified_gmt":"2019-04-28T15:22:40","slug":"apple-dtp-set-mac-mini-3-1-cz-klavesnic","status":"publish","type":"post","link":"https:\/\/www.letemsvetemapplem.eu\/bazar\/apple-dtp-set-mac-mini-3-1-cz-klavesnic\/","title":{"rendered":"Apple DTP set Mac Mini 3.1, CZ kl\u00e1vesnic"},"content":{"rendered":"<p>Sice letit\u00fd (2008), ale st\u00e1le pln\u011b funk\u010dn\u00ed DTP (foto editovac\u00ed) sestava. 4 GB RAM, 300 GB HD, 23\u00b4 monitor DELL. K vid\u011bn\u00ed Dob\u0159\u00ed\u0161. Nainstalovan\u00fd \u010dist\u00fd syst\u00e9m El Capitan \u2013 tak\u017ee b\u011bh\u00e1 jako nov\u00fd! \ud83d\ude42<\/p>\n","protected":false},"excerpt":{"rendered":"<p>Sice letit\u00fd (2008), ale st\u00e1le pln\u011b funk\u010dn\u00ed DTP (foto editovac\u00ed) sestava. 4 GB RAM, 300 GB HD, 23\u00b4 monitor DELL. K vid\u011bn\u00ed Dob\u0159\u00ed\u0161. Nainstalovan\u00fd \u010dist\u00fd syst\u00e9m El Capitan \u2013 tak\u017ee b\u011bh\u00e1 jako nov\u00fd! \ud83d\ude42<\/p>\n","protected":false},"author":0,"featured_media":149043,"comment_status":"closed","ping_status":"closed","sticky":false,"template":"","format":"standard","meta":{"footnotes":""},"categories":[44],"tags":[],"class_list":["post-149042","post","type-post","status-publish","format-standard","has-post-thumbnail","hentry","category-mac-mini"],"yoast_head":"<!-- This site is optimized with the Yoast SEO plugin v27.2 - https:\/\/yoast.com\/product\/yoast-seo-wordpress\/ -->\n<title>Apple DTP set Mac Mini 3.1, CZ kl\u00e1vesnic - Apple bazar<\/title>\n<meta name=\"robots\" content=\"index, follow, max-snippet:-1, max-image-preview:large, max-video-preview:-1\" \/>\n<link rel=\"canonical\" href=\"https:\/\/www.letemsvetemapplem.eu\/bazar\/apple-dtp-set-mac-mini-3-1-cz-klavesnic\/\" \/>\n<meta property=\"og:locale\" content=\"cs_CZ\" \/>\n<meta property=\"og:type\" content=\"article\" \/>\n<meta property=\"og:title\" content=\"Apple DTP set Mac Mini 3.1, CZ kl\u00e1vesnic - Apple bazar\" \/>\n<meta property=\"og:description\" content=\"Sice letit\u00fd (2008), ale st\u00e1le pln\u011b funk\u010dn\u00ed DTP (foto editovac\u00ed) sestava. 4 GB RAM, 300 GB HD, 23\u00b4 monitor DELL. K vid\u011bn\u00ed Dob\u0159\u00ed\u0161. Nainstalovan\u00fd \u010dist\u00fd syst\u00e9m El Capitan \u2013 tak\u017ee b\u011bh\u00e1 jako nov\u00fd! \ud83d\ude42\" \/>\n<meta property=\"og:url\" content=\"https:\/\/www.letemsvetemapplem.eu\/bazar\/apple-dtp-set-mac-mini-3-1-cz-klavesnic\/\" \/>\n<meta property=\"og:site_name\" content=\"Apple bazar\" \/>\n<meta property=\"article:published_time\" content=\"2019-04-23T14:10:42+00:00\" \/>\n<meta property=\"article:modified_time\" content=\"2019-04-28T15:22:40+00:00\" \/>\n<meta property=\"og:image\" content=\"https:\/\/www.letemsvetemapplem.eu\/bazar\/wp-content\/uploads\/2019\/04\/IMG_2649.jpg\" \/>\n\t<meta property=\"og:image:width\" content=\"3264\" \/>\n\t<meta property=\"og:image:height\" content=\"2448\" \/>\n\t<meta property=\"og:image:type\" content=\"image\/jpeg\" \/>\n<meta name=\"twitter:card\" content=\"summary_large_image\" \/>\n<script type=\"application\/ld+json\" class=\"yoast-schema-graph\">{\"@context\":\"https:\/\/schema.org\",\"@graph\":[{\"@type\":\"Article\",\"@id\":\"https:\/\/www.letemsvetemapplem.eu\/bazar\/apple-dtp-set-mac-mini-3-1-cz-klavesnic\/#article\",\"isPartOf\":{\"@id\":\"https:\/\/www.letemsvetemapplem.eu\/bazar\/apple-dtp-set-mac-mini-3-1-cz-klavesnic\/\"},\"author\":{\"name\":\"\",\"@id\":\"\"},\"headline\":\"Apple DTP set Mac Mini 3.1, CZ kl\u00e1vesnic\",\"datePublished\":\"2019-04-23T14:10:42+00:00\",\"dateModified\":\"2019-04-28T15:22:40+00:00\",\"mainEntityOfPage\":{\"@id\":\"https:\/\/www.letemsvetemapplem.eu\/bazar\/apple-dtp-set-mac-mini-3-1-cz-klavesnic\/\"},\"wordCount\":42,\"image\":{\"@id\":\"https:\/\/www.letemsvetemapplem.eu\/bazar\/apple-dtp-set-mac-mini-3-1-cz-klavesnic\/#primaryimage\"},\"thumbnailUrl\":\"https:\/\/www.letemsvetemapplem.eu\/bazar\/wp-content\/uploads\/2019\/04\/IMG_2649.jpg\",\"articleSection\":[\"Mac mini\"],\"inLanguage\":\"cs\"},{\"@type\":\"WebPage\",\"@id\":\"https:\/\/www.letemsvetemapplem.eu\/bazar\/apple-dtp-set-mac-mini-3-1-cz-klavesnic\/\",\"url\":\"https:\/\/www.letemsvetemapplem.eu\/bazar\/apple-dtp-set-mac-mini-3-1-cz-klavesnic\/\",\"name\":\"Apple DTP set Mac Mini 3.1, CZ kl\u00e1vesnic - Apple bazar\",\"isPartOf\":{\"@id\":\"https:\/\/www.letemsvetemapplem.eu\/bazar\/#website\"},\"primaryImageOfPage\":{\"@id\":\"https:\/\/www.letemsvetemapplem.eu\/bazar\/apple-dtp-set-mac-mini-3-1-cz-klavesnic\/#primaryimage\"},\"image\":{\"@id\":\"https:\/\/www.letemsvetemapplem.eu\/bazar\/apple-dtp-set-mac-mini-3-1-cz-klavesnic\/#primaryimage\"},\"thumbnailUrl\":\"https:\/\/www.letemsvetemapplem.eu\/bazar\/wp-content\/uploads\/2019\/04\/IMG_2649.jpg\",\"datePublished\":\"2019-04-23T14:10:42+00:00\",\"dateModified\":\"2019-04-28T15:22:40+00:00\",\"author\":{\"@id\":\"\"},\"breadcrumb\":{\"@id\":\"https:\/\/www.letemsvetemapplem.eu\/bazar\/apple-dtp-set-mac-mini-3-1-cz-klavesnic\/#breadcrumb\"},\"inLanguage\":\"cs\",\"potentialAction\":[{\"@type\":\"ReadAction\",\"target\":[\"https:\/\/www.letemsvetemapplem.eu\/bazar\/apple-dtp-set-mac-mini-3-1-cz-klavesnic\/\"]}]},{\"@type\":\"ImageObject\",\"inLanguage\":\"cs\",\"@id\":\"https:\/\/www.letemsvetemapplem.eu\/bazar\/apple-dtp-set-mac-mini-3-1-cz-klavesnic\/#primaryimage\",\"url\":\"https:\/\/www.letemsvetemapplem.eu\/bazar\/wp-content\/uploads\/2019\/04\/IMG_2649.jpg\",\"contentUrl\":\"https:\/\/www.letemsvetemapplem.eu\/bazar\/wp-content\/uploads\/2019\/04\/IMG_2649.jpg\",\"width\":3264,\"height\":2448},{\"@type\":\"BreadcrumbList\",\"@id\":\"https:\/\/www.letemsvetemapplem.eu\/bazar\/apple-dtp-set-mac-mini-3-1-cz-klavesnic\/#breadcrumb\",\"itemListElement\":[{\"@type\":\"ListItem\",\"position\":1,\"name\":\"Apple Bazar\",\"item\":\"https:\/\/www.letemsvetemapplem.eu\/bazar\/\"},{\"@type\":\"ListItem\",\"position\":2,\"name\":\"Apple DTP set Mac Mini 3.1, CZ kl\u00e1vesnic\"}]},{\"@type\":\"WebSite\",\"@id\":\"https:\/\/www.letemsvetemapplem.eu\/bazar\/#website\",\"url\":\"https:\/\/www.letemsvetemapplem.eu\/bazar\/\",\"name\":\"Apple bazar\",\"description\":\"Oou\u017eit\u00e9 Apple produkty za skv\u011bl\u00e9 ceny\",\"potentialAction\":[{\"@type\":\"SearchAction\",\"target\":{\"@type\":\"EntryPoint\",\"urlTemplate\":\"https:\/\/www.letemsvetemapplem.eu\/bazar\/?s={search_term_string}\"},\"query-input\":{\"@type\":\"PropertyValueSpecification\",\"valueRequired\":true,\"valueName\":\"search_term_string\"}}],\"inLanguage\":\"cs\"}]}<\/script>\n<!-- \/ Yoast SEO plugin. -->","yoast_head_json":{"title":"Apple DTP set Mac Mini 3.1, CZ kl\u00e1vesnic - Apple bazar","robots":{"index":"index","follow":"follow","max-snippet":"max-snippet:-1","max-image-preview":"max-image-preview:large","max-video-preview":"max-video-preview:-1"},"canonical":"https:\/\/www.letemsvetemapplem.eu\/bazar\/apple-dtp-set-mac-mini-3-1-cz-klavesnic\/","og_locale":"cs_CZ","og_type":"article","og_title":"Apple DTP set Mac Mini 3.1, CZ kl\u00e1vesnic - Apple bazar","og_description":"Sice letit\u00fd (2008), ale st\u00e1le pln\u011b funk\u010dn\u00ed DTP (foto editovac\u00ed) sestava. 4 GB RAM, 300 GB HD, 23\u00b4 monitor DELL. K vid\u011bn\u00ed Dob\u0159\u00ed\u0161. Nainstalovan\u00fd \u010dist\u00fd syst\u00e9m El Capitan \u2013 tak\u017ee b\u011bh\u00e1 jako nov\u00fd! \ud83d\ude42","og_url":"https:\/\/www.letemsvetemapplem.eu\/bazar\/apple-dtp-set-mac-mini-3-1-cz-klavesnic\/","og_site_name":"Apple bazar","article_published_time":"2019-04-23T14:10:42+00:00","article_modified_time":"2019-04-28T15:22:40+00:00","og_image":[{"width":3264,"height":2448,"url":"https:\/\/www.letemsvetemapplem.eu\/bazar\/wp-content\/uploads\/2019\/04\/IMG_2649.jpg","type":"image\/jpeg"}],"twitter_card":"summary_large_image","schema":{"@context":"https:\/\/schema.org","@graph":[{"@type":"Article","@id":"https:\/\/www.letemsvetemapplem.eu\/bazar\/apple-dtp-set-mac-mini-3-1-cz-klavesnic\/#article","isPartOf":{"@id":"https:\/\/www.letemsvetemapplem.eu\/bazar\/apple-dtp-set-mac-mini-3-1-cz-klavesnic\/"},"author":{"name":"","@id":""},"headline":"Apple DTP set Mac Mini 3.1, CZ kl\u00e1vesnic","datePublished":"2019-04-23T14:10:42+00:00","dateModified":"2019-04-28T15:22:40+00:00","mainEntityOfPage":{"@id":"https:\/\/www.letemsvetemapplem.eu\/bazar\/apple-dtp-set-mac-mini-3-1-cz-klavesnic\/"},"wordCount":42,"image":{"@id":"https:\/\/www.letemsvetemapplem.eu\/bazar\/apple-dtp-set-mac-mini-3-1-cz-klavesnic\/#primaryimage"},"thumbnailUrl":"https:\/\/www.letemsvetemapplem.eu\/bazar\/wp-content\/uploads\/2019\/04\/IMG_2649.jpg","articleSection":["Mac mini"],"inLanguage":"cs"},{"@type":"WebPage","@id":"https:\/\/www.letemsvetemapplem.eu\/bazar\/apple-dtp-set-mac-mini-3-1-cz-klavesnic\/","url":"https:\/\/www.letemsvetemapplem.eu\/bazar\/apple-dtp-set-mac-mini-3-1-cz-klavesnic\/","name":"Apple DTP set Mac Mini 3.1, CZ kl\u00e1vesnic - Apple bazar","isPartOf":{"@id":"https:\/\/www.letemsvetemapplem.eu\/bazar\/#website"},"primaryImageOfPage":{"@id":"https:\/\/www.letemsvetemapplem.eu\/bazar\/apple-dtp-set-mac-mini-3-1-cz-klavesnic\/#primaryimage"},"image":{"@id":"https:\/\/www.letemsvetemapplem.eu\/bazar\/apple-dtp-set-mac-mini-3-1-cz-klavesnic\/#primaryimage"},"thumbnailUrl":"https:\/\/www.letemsvetemapplem.eu\/bazar\/wp-content\/uploads\/2019\/04\/IMG_2649.jpg","datePublished":"2019-04-23T14:10:42+00:00","dateModified":"2019-04-28T15:22:40+00:00","author":{"@id":""},"breadcrumb":{"@id":"https:\/\/www.letemsvetemapplem.eu\/bazar\/apple-dtp-set-mac-mini-3-1-cz-klavesnic\/#breadcrumb"},"inLanguage":"cs","potentialAction":[{"@type":"ReadAction","target":["https:\/\/www.letemsvetemapplem.eu\/bazar\/apple-dtp-set-mac-mini-3-1-cz-klavesnic\/"]}]},{"@type":"ImageObject","inLanguage":"cs","@id":"https:\/\/www.letemsvetemapplem.eu\/bazar\/apple-dtp-set-mac-mini-3-1-cz-klavesnic\/#primaryimage","url":"https:\/\/www.letemsvetemapplem.eu\/bazar\/wp-content\/uploads\/2019\/04\/IMG_2649.jpg","contentUrl":"https:\/\/www.letemsvetemapplem.eu\/bazar\/wp-content\/uploads\/2019\/04\/IMG_2649.jpg","width":3264,"height":2448},{"@type":"BreadcrumbList","@id":"https:\/\/www.letemsvetemapplem.eu\/bazar\/apple-dtp-set-mac-mini-3-1-cz-klavesnic\/#breadcrumb","itemListElement":[{"@type":"ListItem","position":1,"name":"Apple Bazar","item":"https:\/\/www.letemsvetemapplem.eu\/bazar\/"},{"@type":"ListItem","position":2,"name":"Apple DTP set Mac Mini 3.1, CZ kl\u00e1vesnic"}]},{"@type":"WebSite","@id":"https:\/\/www.letemsvetemapplem.eu\/bazar\/#website","url":"https:\/\/www.letemsvetemapplem.eu\/bazar\/","name":"Apple bazar","description":"Oou\u017eit\u00e9 Apple produkty za skv\u011bl\u00e9 ceny","potentialAction":[{"@type":"SearchAction","target":{"@type":"EntryPoint","urlTemplate":"https:\/\/www.letemsvetemapplem.eu\/bazar\/?s={search_term_string}"},"query-input":{"@type":"PropertyValueSpecification","valueRequired":true,"valueName":"search_term_string"}}],"inLanguage":"cs"}]}},"_links":{"self":[{"href":"https:\/\/www.letemsvetemapplem.eu\/bazar\/wp-json\/wp\/v2\/posts\/149042","targetHints":{"allow":["GET"]}}],"collection":[{"href":"https:\/\/www.letemsvetemapplem.eu\/bazar\/wp-json\/wp\/v2\/posts"}],"about":[{"href":"https:\/\/www.letemsvetemapplem.eu\/bazar\/wp-json\/wp\/v2\/types\/post"}],"replies":[{"embeddable":true,"href":"https:\/\/www.letemsvetemapplem.eu\/bazar\/wp-json\/wp\/v2\/comments?post=149042"}],"version-history":[{"count":0,"href":"https:\/\/www.letemsvetemapplem.eu\/bazar\/wp-json\/wp\/v2\/posts\/149042\/revisions"}],"wp:featuredmedia":[{"embeddable":true,"href":"https:\/\/www.letemsvetemapplem.eu\/bazar\/wp-json\/wp\/v2\/media\/149043"}],"wp:attachment":[{"href":"https:\/\/www.letemsvetemapplem.eu\/bazar\/wp-json\/wp\/v2\/media?parent=149042"}],"wp:term":[{"taxonomy":"category","embeddable":true,"href":"https:\/\/www.letemsvetemapplem.eu\/bazar\/wp-json\/wp\/v2\/categories?post=149042"},{"taxonomy":"post_tag","embeddable":true,"href":"https:\/\/www.letemsvetemapplem.eu\/bazar\/wp-json\/wp\/v2\/tags?post=149042"}],"curies":[{"name":"wp","href":"https:\/\/api.w.org\/{rel}","templated":true}]}}