{"id":14850,"date":"2017-01-10T16:35:15","date_gmt":"2017-01-10T15:35:15","guid":{"rendered":"https:\/\/www.letemsvetemapplem.eu\/bazar\/?p=14850"},"modified":"2017-01-10T16:35:15","modified_gmt":"2017-01-10T15:35:15","slug":"imac-27-2","status":"publish","type":"post","link":"https:\/\/www.letemsvetemapplem.eu\/bazar\/imac-27-2\/","title":{"rendered":"IMac 27&quot;"},"content":{"rendered":"<p>\u0160iroko\u00fahl\u00fd displej LED 16:9, 2560&#215;1440 pixel\u016f, senzor okoln\u00edho sv\u011btla, \u010dty\u0159j\u00e1drov\u00fd procesor 2,7GHz Intel Core 6MB, sd\u00edlen\u00e1 mezipam\u011b\u0165 i3<br \/>\nPam\u011b\u0165 4GB 1333MHz DDR3, SDRAM, pevn\u00fd disk 1TB, 7200ot\/min<br \/>\nSuper Drive 8x, grafick\u00e1 karta AMD Radeon HD 6770MB pam\u011b\u0165 GDORS, vestav\u011bn\u00e1 kamera Face Time,<br \/>\n\u010dte\u010dka SD karet, vestav\u011bn\u00e9 stereoreproduktory apod.<br \/>\nKl\u00e1vesnice Apple bezdr\u00e1tov\u00e1, bezdr\u00e1tov\u00e1 my\u0161 Magic Mouse.<br \/>\nSoftware Mac OSX<\/p>\n","protected":false},"excerpt":{"rendered":"<p>\u0160iroko\u00fahl\u00fd displej LED 16:9, 2560&#215;1440 pixel\u016f, senzor okoln\u00edho sv\u011btla, \u010dty\u0159j\u00e1drov\u00fd procesor 2,7GHz Intel Core 6MB, sd\u00edlen\u00e1 mezipam\u011b\u0165 i3 Pam\u011b\u0165 4GB 1333MHz DDR3, SDRAM, pevn\u00fd disk 1TB, 7200ot\/min Super Drive 8x, grafick\u00e1 karta AMD Radeon HD 6770MB pam\u011b\u0165 GDORS, vestav\u011bn\u00e1 kamera Face Time, \u010dte\u010dka SD karet, vestav\u011bn\u00e9 stereoreproduktory apod. Kl\u00e1vesnice Apple bezdr\u00e1tov\u00e1, bezdr\u00e1tov\u00e1 my\u0161 Magic Mouse&#8230;.<\/p>\n","protected":false},"author":0,"featured_media":14851,"comment_status":"open","ping_status":"open","sticky":false,"template":"","format":"standard","meta":{"footnotes":""},"categories":[41],"tags":[77],"class_list":["post-14850","post","type-post","status-publish","format-standard","has-post-thumbnail","hentry","category-imac","tag-imac"],"yoast_head":"<!-- This site is optimized with the Yoast SEO plugin v27.2 - https:\/\/yoast.com\/product\/yoast-seo-wordpress\/ -->\n<title>IMac 27&quot; - Apple bazar<\/title>\n<meta name=\"robots\" content=\"index, follow, max-snippet:-1, max-image-preview:large, max-video-preview:-1\" \/>\n<link rel=\"canonical\" href=\"https:\/\/www.letemsvetemapplem.eu\/bazar\/imac-27-2\/\" \/>\n<meta property=\"og:locale\" content=\"cs_CZ\" \/>\n<meta property=\"og:type\" content=\"article\" \/>\n<meta property=\"og:title\" content=\"IMac 27&quot; - Apple bazar\" \/>\n<meta property=\"og:description\" content=\"\u0160iroko\u00fahl\u00fd displej LED 16:9, 2560&#215;1440 pixel\u016f, senzor okoln\u00edho sv\u011btla, \u010dty\u0159j\u00e1drov\u00fd procesor 2,7GHz Intel Core 6MB, sd\u00edlen\u00e1 mezipam\u011b\u0165 i3 Pam\u011b\u0165 4GB 1333MHz DDR3, SDRAM, pevn\u00fd disk 1TB, 7200ot\/min Super Drive 8x, grafick\u00e1 karta AMD Radeon HD 6770MB pam\u011b\u0165 GDORS, vestav\u011bn\u00e1 kamera Face Time, \u010dte\u010dka SD karet, vestav\u011bn\u00e9 stereoreproduktory apod. Kl\u00e1vesnice Apple bezdr\u00e1tov\u00e1, bezdr\u00e1tov\u00e1 my\u0161 Magic Mouse....\" \/>\n<meta property=\"og:url\" content=\"https:\/\/www.letemsvetemapplem.eu\/bazar\/imac-27-2\/\" \/>\n<meta property=\"og:site_name\" content=\"Apple bazar\" \/>\n<meta property=\"article:published_time\" content=\"2017-01-10T15:35:15+00:00\" \/>\n<meta property=\"og:image\" content=\"https:\/\/www.letemsvetemapplem.eu\/bazar\/wp-content\/uploads\/2017\/01\/IMG_5045.jpg\" \/>\n\t<meta property=\"og:image:width\" content=\"2016\" \/>\n\t<meta property=\"og:image:height\" content=\"1512\" \/>\n\t<meta property=\"og:image:type\" content=\"image\/jpeg\" \/>\n<meta name=\"twitter:card\" content=\"summary_large_image\" \/>\n<script type=\"application\/ld+json\" class=\"yoast-schema-graph\">{\"@context\":\"https:\/\/schema.org\",\"@graph\":[{\"@type\":\"Article\",\"@id\":\"https:\/\/www.letemsvetemapplem.eu\/bazar\/imac-27-2\/#article\",\"isPartOf\":{\"@id\":\"https:\/\/www.letemsvetemapplem.eu\/bazar\/imac-27-2\/\"},\"author\":{\"name\":\"\",\"@id\":\"\"},\"headline\":\"IMac 27&quot;\",\"datePublished\":\"2017-01-10T15:35:15+00:00\",\"mainEntityOfPage\":{\"@id\":\"https:\/\/www.letemsvetemapplem.eu\/bazar\/imac-27-2\/\"},\"wordCount\":72,\"commentCount\":0,\"image\":{\"@id\":\"https:\/\/www.letemsvetemapplem.eu\/bazar\/imac-27-2\/#primaryimage\"},\"thumbnailUrl\":\"https:\/\/www.letemsvetemapplem.eu\/bazar\/wp-content\/uploads\/2017\/01\/IMG_5045.jpg\",\"keywords\":[\"iMac\"],\"articleSection\":[\"iMac\"],\"inLanguage\":\"cs\",\"potentialAction\":[{\"@type\":\"CommentAction\",\"name\":\"Comment\",\"target\":[\"https:\/\/www.letemsvetemapplem.eu\/bazar\/imac-27-2\/#respond\"]}]},{\"@type\":\"WebPage\",\"@id\":\"https:\/\/www.letemsvetemapplem.eu\/bazar\/imac-27-2\/\",\"url\":\"https:\/\/www.letemsvetemapplem.eu\/bazar\/imac-27-2\/\",\"name\":\"IMac 27&quot; - Apple bazar\",\"isPartOf\":{\"@id\":\"https:\/\/www.letemsvetemapplem.eu\/bazar\/#website\"},\"primaryImageOfPage\":{\"@id\":\"https:\/\/www.letemsvetemapplem.eu\/bazar\/imac-27-2\/#primaryimage\"},\"image\":{\"@id\":\"https:\/\/www.letemsvetemapplem.eu\/bazar\/imac-27-2\/#primaryimage\"},\"thumbnailUrl\":\"https:\/\/www.letemsvetemapplem.eu\/bazar\/wp-content\/uploads\/2017\/01\/IMG_5045.jpg\",\"datePublished\":\"2017-01-10T15:35:15+00:00\",\"author\":{\"@id\":\"\"},\"breadcrumb\":{\"@id\":\"https:\/\/www.letemsvetemapplem.eu\/bazar\/imac-27-2\/#breadcrumb\"},\"inLanguage\":\"cs\",\"potentialAction\":[{\"@type\":\"ReadAction\",\"target\":[\"https:\/\/www.letemsvetemapplem.eu\/bazar\/imac-27-2\/\"]}]},{\"@type\":\"ImageObject\",\"inLanguage\":\"cs\",\"@id\":\"https:\/\/www.letemsvetemapplem.eu\/bazar\/imac-27-2\/#primaryimage\",\"url\":\"https:\/\/www.letemsvetemapplem.eu\/bazar\/wp-content\/uploads\/2017\/01\/IMG_5045.jpg\",\"contentUrl\":\"https:\/\/www.letemsvetemapplem.eu\/bazar\/wp-content\/uploads\/2017\/01\/IMG_5045.jpg\",\"width\":2016,\"height\":1512},{\"@type\":\"BreadcrumbList\",\"@id\":\"https:\/\/www.letemsvetemapplem.eu\/bazar\/imac-27-2\/#breadcrumb\",\"itemListElement\":[{\"@type\":\"ListItem\",\"position\":1,\"name\":\"Apple Bazar\",\"item\":\"https:\/\/www.letemsvetemapplem.eu\/bazar\/\"},{\"@type\":\"ListItem\",\"position\":2,\"name\":\"IMac 27&quot;\"}]},{\"@type\":\"WebSite\",\"@id\":\"https:\/\/www.letemsvetemapplem.eu\/bazar\/#website\",\"url\":\"https:\/\/www.letemsvetemapplem.eu\/bazar\/\",\"name\":\"Apple bazar\",\"description\":\"Oou\u017eit\u00e9 Apple produkty za skv\u011bl\u00e9 ceny\",\"potentialAction\":[{\"@type\":\"SearchAction\",\"target\":{\"@type\":\"EntryPoint\",\"urlTemplate\":\"https:\/\/www.letemsvetemapplem.eu\/bazar\/?s={search_term_string}\"},\"query-input\":{\"@type\":\"PropertyValueSpecification\",\"valueRequired\":true,\"valueName\":\"search_term_string\"}}],\"inLanguage\":\"cs\"}]}<\/script>\n<!-- \/ Yoast SEO plugin. -->","yoast_head_json":{"title":"IMac 27&quot; - Apple bazar","robots":{"index":"index","follow":"follow","max-snippet":"max-snippet:-1","max-image-preview":"max-image-preview:large","max-video-preview":"max-video-preview:-1"},"canonical":"https:\/\/www.letemsvetemapplem.eu\/bazar\/imac-27-2\/","og_locale":"cs_CZ","og_type":"article","og_title":"IMac 27&quot; - Apple bazar","og_description":"\u0160iroko\u00fahl\u00fd displej LED 16:9, 2560&#215;1440 pixel\u016f, senzor okoln\u00edho sv\u011btla, \u010dty\u0159j\u00e1drov\u00fd procesor 2,7GHz Intel Core 6MB, sd\u00edlen\u00e1 mezipam\u011b\u0165 i3 Pam\u011b\u0165 4GB 1333MHz DDR3, SDRAM, pevn\u00fd disk 1TB, 7200ot\/min Super Drive 8x, grafick\u00e1 karta AMD Radeon HD 6770MB pam\u011b\u0165 GDORS, vestav\u011bn\u00e1 kamera Face Time, \u010dte\u010dka SD karet, vestav\u011bn\u00e9 stereoreproduktory apod. Kl\u00e1vesnice Apple bezdr\u00e1tov\u00e1, bezdr\u00e1tov\u00e1 my\u0161 Magic Mouse....","og_url":"https:\/\/www.letemsvetemapplem.eu\/bazar\/imac-27-2\/","og_site_name":"Apple bazar","article_published_time":"2017-01-10T15:35:15+00:00","og_image":[{"width":2016,"height":1512,"url":"https:\/\/www.letemsvetemapplem.eu\/bazar\/wp-content\/uploads\/2017\/01\/IMG_5045.jpg","type":"image\/jpeg"}],"twitter_card":"summary_large_image","schema":{"@context":"https:\/\/schema.org","@graph":[{"@type":"Article","@id":"https:\/\/www.letemsvetemapplem.eu\/bazar\/imac-27-2\/#article","isPartOf":{"@id":"https:\/\/www.letemsvetemapplem.eu\/bazar\/imac-27-2\/"},"author":{"name":"","@id":""},"headline":"IMac 27&quot;","datePublished":"2017-01-10T15:35:15+00:00","mainEntityOfPage":{"@id":"https:\/\/www.letemsvetemapplem.eu\/bazar\/imac-27-2\/"},"wordCount":72,"commentCount":0,"image":{"@id":"https:\/\/www.letemsvetemapplem.eu\/bazar\/imac-27-2\/#primaryimage"},"thumbnailUrl":"https:\/\/www.letemsvetemapplem.eu\/bazar\/wp-content\/uploads\/2017\/01\/IMG_5045.jpg","keywords":["iMac"],"articleSection":["iMac"],"inLanguage":"cs","potentialAction":[{"@type":"CommentAction","name":"Comment","target":["https:\/\/www.letemsvetemapplem.eu\/bazar\/imac-27-2\/#respond"]}]},{"@type":"WebPage","@id":"https:\/\/www.letemsvetemapplem.eu\/bazar\/imac-27-2\/","url":"https:\/\/www.letemsvetemapplem.eu\/bazar\/imac-27-2\/","name":"IMac 27&quot; - Apple bazar","isPartOf":{"@id":"https:\/\/www.letemsvetemapplem.eu\/bazar\/#website"},"primaryImageOfPage":{"@id":"https:\/\/www.letemsvetemapplem.eu\/bazar\/imac-27-2\/#primaryimage"},"image":{"@id":"https:\/\/www.letemsvetemapplem.eu\/bazar\/imac-27-2\/#primaryimage"},"thumbnailUrl":"https:\/\/www.letemsvetemapplem.eu\/bazar\/wp-content\/uploads\/2017\/01\/IMG_5045.jpg","datePublished":"2017-01-10T15:35:15+00:00","author":{"@id":""},"breadcrumb":{"@id":"https:\/\/www.letemsvetemapplem.eu\/bazar\/imac-27-2\/#breadcrumb"},"inLanguage":"cs","potentialAction":[{"@type":"ReadAction","target":["https:\/\/www.letemsvetemapplem.eu\/bazar\/imac-27-2\/"]}]},{"@type":"ImageObject","inLanguage":"cs","@id":"https:\/\/www.letemsvetemapplem.eu\/bazar\/imac-27-2\/#primaryimage","url":"https:\/\/www.letemsvetemapplem.eu\/bazar\/wp-content\/uploads\/2017\/01\/IMG_5045.jpg","contentUrl":"https:\/\/www.letemsvetemapplem.eu\/bazar\/wp-content\/uploads\/2017\/01\/IMG_5045.jpg","width":2016,"height":1512},{"@type":"BreadcrumbList","@id":"https:\/\/www.letemsvetemapplem.eu\/bazar\/imac-27-2\/#breadcrumb","itemListElement":[{"@type":"ListItem","position":1,"name":"Apple Bazar","item":"https:\/\/www.letemsvetemapplem.eu\/bazar\/"},{"@type":"ListItem","position":2,"name":"IMac 27&quot;"}]},{"@type":"WebSite","@id":"https:\/\/www.letemsvetemapplem.eu\/bazar\/#website","url":"https:\/\/www.letemsvetemapplem.eu\/bazar\/","name":"Apple bazar","description":"Oou\u017eit\u00e9 Apple produkty za skv\u011bl\u00e9 ceny","potentialAction":[{"@type":"SearchAction","target":{"@type":"EntryPoint","urlTemplate":"https:\/\/www.letemsvetemapplem.eu\/bazar\/?s={search_term_string}"},"query-input":{"@type":"PropertyValueSpecification","valueRequired":true,"valueName":"search_term_string"}}],"inLanguage":"cs"}]}},"_links":{"self":[{"href":"https:\/\/www.letemsvetemapplem.eu\/bazar\/wp-json\/wp\/v2\/posts\/14850","targetHints":{"allow":["GET"]}}],"collection":[{"href":"https:\/\/www.letemsvetemapplem.eu\/bazar\/wp-json\/wp\/v2\/posts"}],"about":[{"href":"https:\/\/www.letemsvetemapplem.eu\/bazar\/wp-json\/wp\/v2\/types\/post"}],"replies":[{"embeddable":true,"href":"https:\/\/www.letemsvetemapplem.eu\/bazar\/wp-json\/wp\/v2\/comments?post=14850"}],"version-history":[{"count":0,"href":"https:\/\/www.letemsvetemapplem.eu\/bazar\/wp-json\/wp\/v2\/posts\/14850\/revisions"}],"wp:featuredmedia":[{"embeddable":true,"href":"https:\/\/www.letemsvetemapplem.eu\/bazar\/wp-json\/wp\/v2\/media\/14851"}],"wp:attachment":[{"href":"https:\/\/www.letemsvetemapplem.eu\/bazar\/wp-json\/wp\/v2\/media?parent=14850"}],"wp:term":[{"taxonomy":"category","embeddable":true,"href":"https:\/\/www.letemsvetemapplem.eu\/bazar\/wp-json\/wp\/v2\/categories?post=14850"},{"taxonomy":"post_tag","embeddable":true,"href":"https:\/\/www.letemsvetemapplem.eu\/bazar\/wp-json\/wp\/v2\/tags?post=14850"}],"curies":[{"name":"wp","href":"https:\/\/api.w.org\/{rel}","templated":true}]}}