{"id":148431,"date":"2019-04-18T14:43:35","date_gmt":"2019-04-18T13:43:35","guid":{"rendered":"https:\/\/www.letemsvetemapplem.eu\/bazar\/?p=148431"},"modified":"2019-04-18T14:43:35","modified_gmt":"2019-04-18T13:43:35","slug":"imac-20-early-2009","status":"publish","type":"post","link":"https:\/\/www.letemsvetemapplem.eu\/bazar\/imac-20-early-2009\/","title":{"rendered":"iMac (20&#8220; early 2009)"},"content":{"rendered":"<p>Prod\u00e1m 20ti palcov\u00fd iMac za\u010d\u00e1tek roku 2009. K po\u010d\u00edta\u010di p\u0159id\u00e1v\u00e1m Apple Wired Keyboard a Apple mouse. Po\u010d\u00edta\u010d je zcela v po\u0159\u00e1dku, pouze ventil\u00e1torek je sly\u0161et v\u00edce. Po\u010d\u00edta\u010d byl pou\u017e\u00edv\u00e1n pro firemn\u00ed \u00fa\u010dely. <\/p>\n<p>Procesor: 2,66 GHz Intel Core 2 Duo<br \/>\nPam\u011b\u0165: 8 GB 1087 MHz DDR3<br \/>\nGrafika: NVIDIA GeForce 9400 256 MB<br \/>\nUlo\u017ei\u0161t\u011b: 320 GB disk SATA<\/p>\n<p>Po\u010d\u00edta\u010d poslou\u017e\u00ed ur\u010dit\u011b dob\u0159e jak pro pracovn\u00ed tak ur\u010dit\u011b i dom\u00e1c\u00ed \u00fa\u010dely. \ud83d\ude42<\/p>\n<p>Mo\u017enost osobn\u00edho vyzvednut\u00ed v Olomouci. <\/p>\n<p>Pros\u00edm nejl\u00e9pe m\u011b kontaktujte telefonicky d\u011bkuji.<\/p>\n","protected":false},"excerpt":{"rendered":"<p>Prod\u00e1m 20ti palcov\u00fd iMac za\u010d\u00e1tek roku 2009. K po\u010d\u00edta\u010di p\u0159id\u00e1v\u00e1m Apple Wired Keyboard a Apple mouse. Po\u010d\u00edta\u010d je zcela v po\u0159\u00e1dku, pouze ventil\u00e1torek je sly\u0161et v\u00edce. Po\u010d\u00edta\u010d byl pou\u017e\u00edv\u00e1n pro firemn\u00ed \u00fa\u010dely. Procesor: 2,66 GHz Intel Core 2 Duo Pam\u011b\u0165: 8 GB 1087 MHz DDR3 Grafika: NVIDIA GeForce 9400 256 MB Ulo\u017ei\u0161t\u011b: 320 GB disk&#8230;<\/p>\n","protected":false},"author":0,"featured_media":148432,"comment_status":"closed","ping_status":"closed","sticky":false,"template":"","format":"standard","meta":{"footnotes":""},"categories":[41],"tags":[],"class_list":["post-148431","post","type-post","status-publish","format-standard","has-post-thumbnail","hentry","category-imac"],"yoast_head":"<!-- This site is optimized with the Yoast SEO plugin v27.2 - https:\/\/yoast.com\/product\/yoast-seo-wordpress\/ -->\n<title>iMac (20&#039;&#039; early 2009) - Apple bazar<\/title>\n<meta name=\"robots\" content=\"index, follow, max-snippet:-1, max-image-preview:large, max-video-preview:-1\" \/>\n<link rel=\"canonical\" href=\"https:\/\/www.letemsvetemapplem.eu\/bazar\/imac-20-early-2009\/\" \/>\n<meta property=\"og:locale\" content=\"cs_CZ\" \/>\n<meta property=\"og:type\" content=\"article\" \/>\n<meta property=\"og:title\" content=\"iMac (20&#039;&#039; early 2009) - Apple bazar\" \/>\n<meta property=\"og:description\" content=\"Prod\u00e1m 20ti palcov\u00fd iMac za\u010d\u00e1tek roku 2009. K po\u010d\u00edta\u010di p\u0159id\u00e1v\u00e1m Apple Wired Keyboard a Apple mouse. Po\u010d\u00edta\u010d je zcela v po\u0159\u00e1dku, pouze ventil\u00e1torek je sly\u0161et v\u00edce. Po\u010d\u00edta\u010d byl pou\u017e\u00edv\u00e1n pro firemn\u00ed \u00fa\u010dely. Procesor: 2,66 GHz Intel Core 2 Duo Pam\u011b\u0165: 8 GB 1087 MHz DDR3 Grafika: NVIDIA GeForce 9400 256 MB Ulo\u017ei\u0161t\u011b: 320 GB disk...\" \/>\n<meta property=\"og:url\" content=\"https:\/\/www.letemsvetemapplem.eu\/bazar\/imac-20-early-2009\/\" \/>\n<meta property=\"og:site_name\" content=\"Apple bazar\" \/>\n<meta property=\"article:published_time\" content=\"2019-04-18T13:43:35+00:00\" \/>\n<meta property=\"og:image\" content=\"https:\/\/www.letemsvetemapplem.eu\/bazar\/wp-content\/uploads\/2019\/04\/P1050031.jpg\" \/>\n\t<meta property=\"og:image:width\" content=\"3133\" \/>\n\t<meta property=\"og:image:height\" content=\"2424\" \/>\n\t<meta property=\"og:image:type\" content=\"image\/jpeg\" \/>\n<meta name=\"twitter:card\" content=\"summary_large_image\" \/>\n<script type=\"application\/ld+json\" class=\"yoast-schema-graph\">{\"@context\":\"https:\/\/schema.org\",\"@graph\":[{\"@type\":\"Article\",\"@id\":\"https:\/\/www.letemsvetemapplem.eu\/bazar\/imac-20-early-2009\/#article\",\"isPartOf\":{\"@id\":\"https:\/\/www.letemsvetemapplem.eu\/bazar\/imac-20-early-2009\/\"},\"author\":{\"name\":\"\",\"@id\":\"\"},\"headline\":\"iMac (20&#8220; early 2009)\",\"datePublished\":\"2019-04-18T13:43:35+00:00\",\"mainEntityOfPage\":{\"@id\":\"https:\/\/www.letemsvetemapplem.eu\/bazar\/imac-20-early-2009\/\"},\"wordCount\":100,\"image\":{\"@id\":\"https:\/\/www.letemsvetemapplem.eu\/bazar\/imac-20-early-2009\/#primaryimage\"},\"thumbnailUrl\":\"https:\/\/www.letemsvetemapplem.eu\/bazar\/wp-content\/uploads\/2019\/04\/P1050031.jpg\",\"articleSection\":[\"iMac\"],\"inLanguage\":\"cs\"},{\"@type\":\"WebPage\",\"@id\":\"https:\/\/www.letemsvetemapplem.eu\/bazar\/imac-20-early-2009\/\",\"url\":\"https:\/\/www.letemsvetemapplem.eu\/bazar\/imac-20-early-2009\/\",\"name\":\"iMac (20'' early 2009) - Apple bazar\",\"isPartOf\":{\"@id\":\"https:\/\/www.letemsvetemapplem.eu\/bazar\/#website\"},\"primaryImageOfPage\":{\"@id\":\"https:\/\/www.letemsvetemapplem.eu\/bazar\/imac-20-early-2009\/#primaryimage\"},\"image\":{\"@id\":\"https:\/\/www.letemsvetemapplem.eu\/bazar\/imac-20-early-2009\/#primaryimage\"},\"thumbnailUrl\":\"https:\/\/www.letemsvetemapplem.eu\/bazar\/wp-content\/uploads\/2019\/04\/P1050031.jpg\",\"datePublished\":\"2019-04-18T13:43:35+00:00\",\"author\":{\"@id\":\"\"},\"breadcrumb\":{\"@id\":\"https:\/\/www.letemsvetemapplem.eu\/bazar\/imac-20-early-2009\/#breadcrumb\"},\"inLanguage\":\"cs\",\"potentialAction\":[{\"@type\":\"ReadAction\",\"target\":[\"https:\/\/www.letemsvetemapplem.eu\/bazar\/imac-20-early-2009\/\"]}]},{\"@type\":\"ImageObject\",\"inLanguage\":\"cs\",\"@id\":\"https:\/\/www.letemsvetemapplem.eu\/bazar\/imac-20-early-2009\/#primaryimage\",\"url\":\"https:\/\/www.letemsvetemapplem.eu\/bazar\/wp-content\/uploads\/2019\/04\/P1050031.jpg\",\"contentUrl\":\"https:\/\/www.letemsvetemapplem.eu\/bazar\/wp-content\/uploads\/2019\/04\/P1050031.jpg\",\"width\":3133,\"height\":2424},{\"@type\":\"BreadcrumbList\",\"@id\":\"https:\/\/www.letemsvetemapplem.eu\/bazar\/imac-20-early-2009\/#breadcrumb\",\"itemListElement\":[{\"@type\":\"ListItem\",\"position\":1,\"name\":\"Apple Bazar\",\"item\":\"https:\/\/www.letemsvetemapplem.eu\/bazar\/\"},{\"@type\":\"ListItem\",\"position\":2,\"name\":\"iMac (20&#8220; early 2009)\"}]},{\"@type\":\"WebSite\",\"@id\":\"https:\/\/www.letemsvetemapplem.eu\/bazar\/#website\",\"url\":\"https:\/\/www.letemsvetemapplem.eu\/bazar\/\",\"name\":\"Apple bazar\",\"description\":\"Oou\u017eit\u00e9 Apple produkty za skv\u011bl\u00e9 ceny\",\"potentialAction\":[{\"@type\":\"SearchAction\",\"target\":{\"@type\":\"EntryPoint\",\"urlTemplate\":\"https:\/\/www.letemsvetemapplem.eu\/bazar\/?s={search_term_string}\"},\"query-input\":{\"@type\":\"PropertyValueSpecification\",\"valueRequired\":true,\"valueName\":\"search_term_string\"}}],\"inLanguage\":\"cs\"}]}<\/script>\n<!-- \/ Yoast SEO plugin. -->","yoast_head_json":{"title":"iMac (20'' early 2009) - Apple bazar","robots":{"index":"index","follow":"follow","max-snippet":"max-snippet:-1","max-image-preview":"max-image-preview:large","max-video-preview":"max-video-preview:-1"},"canonical":"https:\/\/www.letemsvetemapplem.eu\/bazar\/imac-20-early-2009\/","og_locale":"cs_CZ","og_type":"article","og_title":"iMac (20'' early 2009) - Apple bazar","og_description":"Prod\u00e1m 20ti palcov\u00fd iMac za\u010d\u00e1tek roku 2009. K po\u010d\u00edta\u010di p\u0159id\u00e1v\u00e1m Apple Wired Keyboard a Apple mouse. Po\u010d\u00edta\u010d je zcela v po\u0159\u00e1dku, pouze ventil\u00e1torek je sly\u0161et v\u00edce. Po\u010d\u00edta\u010d byl pou\u017e\u00edv\u00e1n pro firemn\u00ed \u00fa\u010dely. Procesor: 2,66 GHz Intel Core 2 Duo Pam\u011b\u0165: 8 GB 1087 MHz DDR3 Grafika: NVIDIA GeForce 9400 256 MB Ulo\u017ei\u0161t\u011b: 320 GB disk...","og_url":"https:\/\/www.letemsvetemapplem.eu\/bazar\/imac-20-early-2009\/","og_site_name":"Apple bazar","article_published_time":"2019-04-18T13:43:35+00:00","og_image":[{"width":3133,"height":2424,"url":"https:\/\/www.letemsvetemapplem.eu\/bazar\/wp-content\/uploads\/2019\/04\/P1050031.jpg","type":"image\/jpeg"}],"twitter_card":"summary_large_image","schema":{"@context":"https:\/\/schema.org","@graph":[{"@type":"Article","@id":"https:\/\/www.letemsvetemapplem.eu\/bazar\/imac-20-early-2009\/#article","isPartOf":{"@id":"https:\/\/www.letemsvetemapplem.eu\/bazar\/imac-20-early-2009\/"},"author":{"name":"","@id":""},"headline":"iMac (20&#8220; early 2009)","datePublished":"2019-04-18T13:43:35+00:00","mainEntityOfPage":{"@id":"https:\/\/www.letemsvetemapplem.eu\/bazar\/imac-20-early-2009\/"},"wordCount":100,"image":{"@id":"https:\/\/www.letemsvetemapplem.eu\/bazar\/imac-20-early-2009\/#primaryimage"},"thumbnailUrl":"https:\/\/www.letemsvetemapplem.eu\/bazar\/wp-content\/uploads\/2019\/04\/P1050031.jpg","articleSection":["iMac"],"inLanguage":"cs"},{"@type":"WebPage","@id":"https:\/\/www.letemsvetemapplem.eu\/bazar\/imac-20-early-2009\/","url":"https:\/\/www.letemsvetemapplem.eu\/bazar\/imac-20-early-2009\/","name":"iMac (20'' early 2009) - Apple bazar","isPartOf":{"@id":"https:\/\/www.letemsvetemapplem.eu\/bazar\/#website"},"primaryImageOfPage":{"@id":"https:\/\/www.letemsvetemapplem.eu\/bazar\/imac-20-early-2009\/#primaryimage"},"image":{"@id":"https:\/\/www.letemsvetemapplem.eu\/bazar\/imac-20-early-2009\/#primaryimage"},"thumbnailUrl":"https:\/\/www.letemsvetemapplem.eu\/bazar\/wp-content\/uploads\/2019\/04\/P1050031.jpg","datePublished":"2019-04-18T13:43:35+00:00","author":{"@id":""},"breadcrumb":{"@id":"https:\/\/www.letemsvetemapplem.eu\/bazar\/imac-20-early-2009\/#breadcrumb"},"inLanguage":"cs","potentialAction":[{"@type":"ReadAction","target":["https:\/\/www.letemsvetemapplem.eu\/bazar\/imac-20-early-2009\/"]}]},{"@type":"ImageObject","inLanguage":"cs","@id":"https:\/\/www.letemsvetemapplem.eu\/bazar\/imac-20-early-2009\/#primaryimage","url":"https:\/\/www.letemsvetemapplem.eu\/bazar\/wp-content\/uploads\/2019\/04\/P1050031.jpg","contentUrl":"https:\/\/www.letemsvetemapplem.eu\/bazar\/wp-content\/uploads\/2019\/04\/P1050031.jpg","width":3133,"height":2424},{"@type":"BreadcrumbList","@id":"https:\/\/www.letemsvetemapplem.eu\/bazar\/imac-20-early-2009\/#breadcrumb","itemListElement":[{"@type":"ListItem","position":1,"name":"Apple Bazar","item":"https:\/\/www.letemsvetemapplem.eu\/bazar\/"},{"@type":"ListItem","position":2,"name":"iMac (20&#8220; early 2009)"}]},{"@type":"WebSite","@id":"https:\/\/www.letemsvetemapplem.eu\/bazar\/#website","url":"https:\/\/www.letemsvetemapplem.eu\/bazar\/","name":"Apple bazar","description":"Oou\u017eit\u00e9 Apple produkty za skv\u011bl\u00e9 ceny","potentialAction":[{"@type":"SearchAction","target":{"@type":"EntryPoint","urlTemplate":"https:\/\/www.letemsvetemapplem.eu\/bazar\/?s={search_term_string}"},"query-input":{"@type":"PropertyValueSpecification","valueRequired":true,"valueName":"search_term_string"}}],"inLanguage":"cs"}]}},"_links":{"self":[{"href":"https:\/\/www.letemsvetemapplem.eu\/bazar\/wp-json\/wp\/v2\/posts\/148431","targetHints":{"allow":["GET"]}}],"collection":[{"href":"https:\/\/www.letemsvetemapplem.eu\/bazar\/wp-json\/wp\/v2\/posts"}],"about":[{"href":"https:\/\/www.letemsvetemapplem.eu\/bazar\/wp-json\/wp\/v2\/types\/post"}],"replies":[{"embeddable":true,"href":"https:\/\/www.letemsvetemapplem.eu\/bazar\/wp-json\/wp\/v2\/comments?post=148431"}],"version-history":[{"count":0,"href":"https:\/\/www.letemsvetemapplem.eu\/bazar\/wp-json\/wp\/v2\/posts\/148431\/revisions"}],"wp:featuredmedia":[{"embeddable":true,"href":"https:\/\/www.letemsvetemapplem.eu\/bazar\/wp-json\/wp\/v2\/media\/148432"}],"wp:attachment":[{"href":"https:\/\/www.letemsvetemapplem.eu\/bazar\/wp-json\/wp\/v2\/media?parent=148431"}],"wp:term":[{"taxonomy":"category","embeddable":true,"href":"https:\/\/www.letemsvetemapplem.eu\/bazar\/wp-json\/wp\/v2\/categories?post=148431"},{"taxonomy":"post_tag","embeddable":true,"href":"https:\/\/www.letemsvetemapplem.eu\/bazar\/wp-json\/wp\/v2\/tags?post=148431"}],"curies":[{"name":"wp","href":"https:\/\/api.w.org\/{rel}","templated":true}]}}