{"id":14161,"date":"2017-01-01T15:13:20","date_gmt":"2017-01-01T14:13:20","guid":{"rendered":"https:\/\/www.letemsvetemapplem.eu\/bazar\/?p=14161"},"modified":"2017-01-01T15:13:20","modified_gmt":"2017-01-01T14:13:20","slug":"apple-imac-5g","status":"publish","type":"post","link":"https:\/\/www.letemsvetemapplem.eu\/bazar\/apple-imac-5g\/","title":{"rendered":"Apple Imac 5g"},"content":{"rendered":"<p>Apple Imac G5 Dobr\u00fd den prod\u00e1m Imac G5. Imac je ve velmi p\u011bkn\u00e9m stavu bez \u0161kr\u00e1banc\u016f nebo jin\u00e9ho poni\u010den\u00ed. V\u0161e funguje jak m\u00e1, jedin\u00e1 vada jsou dv\u011b svisl\u00e9 \u010d\u00e1ry na displeji, nev\u00edm pro\u010d to tam je a ani nev\u00edm zda to jde opravit, nezkoumal jsem to. Opera\u010dn\u00ed pam\u011b\u0165 2GB, harddisk 80GB. Inzer\u00e1t je platn\u00fd do 8.1. Imac prod\u00e1m tomu kdo nab\u00eddne v\u00edce. Nab\u00eddky mi pros\u00edm pi\u0161e na email 300883@seznam.cz. Do emailu mi pros\u00edm napi\u0161te cenu a odkud jste a 8.1. budu kontaktovat toho kdo dal nejv\u00edce. Pokud se chcete na n\u011bco zeptat klidn\u011b napi\u0161te. D\u011bkuji<\/p>\n","protected":false},"excerpt":{"rendered":"<p>Apple Imac G5 Dobr\u00fd den prod\u00e1m Imac G5. Imac je ve velmi p\u011bkn\u00e9m stavu bez \u0161kr\u00e1banc\u016f nebo jin\u00e9ho poni\u010den\u00ed. V\u0161e funguje jak m\u00e1, jedin\u00e1 vada jsou dv\u011b svisl\u00e9 \u010d\u00e1ry na displeji, nev\u00edm pro\u010d to tam je a ani nev\u00edm zda to jde opravit, nezkoumal jsem to. Opera\u010dn\u00ed pam\u011b\u0165 2GB, harddisk 80GB. Inzer\u00e1t je platn\u00fd do&#8230;<\/p>\n","protected":false},"author":0,"featured_media":14162,"comment_status":"open","ping_status":"open","sticky":false,"template":"","format":"standard","meta":{"footnotes":""},"categories":[41],"tags":[77],"class_list":["post-14161","post","type-post","status-publish","format-standard","has-post-thumbnail","hentry","category-imac","tag-imac"],"yoast_head":"<!-- This site is optimized with the Yoast SEO plugin v27.2 - https:\/\/yoast.com\/product\/yoast-seo-wordpress\/ -->\n<title>Apple Imac 5g - Apple bazar<\/title>\n<meta name=\"robots\" content=\"index, follow, max-snippet:-1, max-image-preview:large, max-video-preview:-1\" \/>\n<link rel=\"canonical\" href=\"https:\/\/www.letemsvetemapplem.eu\/bazar\/apple-imac-5g\/\" \/>\n<meta property=\"og:locale\" content=\"cs_CZ\" \/>\n<meta property=\"og:type\" content=\"article\" \/>\n<meta property=\"og:title\" content=\"Apple Imac 5g - Apple bazar\" \/>\n<meta property=\"og:description\" content=\"Apple Imac G5 Dobr\u00fd den prod\u00e1m Imac G5. Imac je ve velmi p\u011bkn\u00e9m stavu bez \u0161kr\u00e1banc\u016f nebo jin\u00e9ho poni\u010den\u00ed. V\u0161e funguje jak m\u00e1, jedin\u00e1 vada jsou dv\u011b svisl\u00e9 \u010d\u00e1ry na displeji, nev\u00edm pro\u010d to tam je a ani nev\u00edm zda to jde opravit, nezkoumal jsem to. Opera\u010dn\u00ed pam\u011b\u0165 2GB, harddisk 80GB. Inzer\u00e1t je platn\u00fd do...\" \/>\n<meta property=\"og:url\" content=\"https:\/\/www.letemsvetemapplem.eu\/bazar\/apple-imac-5g\/\" \/>\n<meta property=\"og:site_name\" content=\"Apple bazar\" \/>\n<meta property=\"article:published_time\" content=\"2017-01-01T14:13:20+00:00\" \/>\n<meta property=\"og:image\" content=\"https:\/\/www.letemsvetemapplem.eu\/bazar\/wp-content\/uploads\/2017\/01\/IMG_20161231_170625.jpg\" \/>\n\t<meta property=\"og:image:width\" content=\"1440\" \/>\n\t<meta property=\"og:image:height\" content=\"1080\" \/>\n\t<meta property=\"og:image:type\" content=\"image\/jpeg\" \/>\n<meta name=\"twitter:card\" content=\"summary_large_image\" \/>\n<script type=\"application\/ld+json\" class=\"yoast-schema-graph\">{\"@context\":\"https:\/\/schema.org\",\"@graph\":[{\"@type\":\"Article\",\"@id\":\"https:\/\/www.letemsvetemapplem.eu\/bazar\/apple-imac-5g\/#article\",\"isPartOf\":{\"@id\":\"https:\/\/www.letemsvetemapplem.eu\/bazar\/apple-imac-5g\/\"},\"author\":{\"name\":\"\",\"@id\":\"\"},\"headline\":\"Apple Imac 5g\",\"datePublished\":\"2017-01-01T14:13:20+00:00\",\"mainEntityOfPage\":{\"@id\":\"https:\/\/www.letemsvetemapplem.eu\/bazar\/apple-imac-5g\/\"},\"wordCount\":120,\"commentCount\":0,\"image\":{\"@id\":\"https:\/\/www.letemsvetemapplem.eu\/bazar\/apple-imac-5g\/#primaryimage\"},\"thumbnailUrl\":\"https:\/\/www.letemsvetemapplem.eu\/bazar\/wp-content\/uploads\/2017\/01\/IMG_20161231_170625.jpg\",\"keywords\":[\"iMac\"],\"articleSection\":[\"iMac\"],\"inLanguage\":\"cs\",\"potentialAction\":[{\"@type\":\"CommentAction\",\"name\":\"Comment\",\"target\":[\"https:\/\/www.letemsvetemapplem.eu\/bazar\/apple-imac-5g\/#respond\"]}]},{\"@type\":\"WebPage\",\"@id\":\"https:\/\/www.letemsvetemapplem.eu\/bazar\/apple-imac-5g\/\",\"url\":\"https:\/\/www.letemsvetemapplem.eu\/bazar\/apple-imac-5g\/\",\"name\":\"Apple Imac 5g - Apple bazar\",\"isPartOf\":{\"@id\":\"https:\/\/www.letemsvetemapplem.eu\/bazar\/#website\"},\"primaryImageOfPage\":{\"@id\":\"https:\/\/www.letemsvetemapplem.eu\/bazar\/apple-imac-5g\/#primaryimage\"},\"image\":{\"@id\":\"https:\/\/www.letemsvetemapplem.eu\/bazar\/apple-imac-5g\/#primaryimage\"},\"thumbnailUrl\":\"https:\/\/www.letemsvetemapplem.eu\/bazar\/wp-content\/uploads\/2017\/01\/IMG_20161231_170625.jpg\",\"datePublished\":\"2017-01-01T14:13:20+00:00\",\"author\":{\"@id\":\"\"},\"breadcrumb\":{\"@id\":\"https:\/\/www.letemsvetemapplem.eu\/bazar\/apple-imac-5g\/#breadcrumb\"},\"inLanguage\":\"cs\",\"potentialAction\":[{\"@type\":\"ReadAction\",\"target\":[\"https:\/\/www.letemsvetemapplem.eu\/bazar\/apple-imac-5g\/\"]}]},{\"@type\":\"ImageObject\",\"inLanguage\":\"cs\",\"@id\":\"https:\/\/www.letemsvetemapplem.eu\/bazar\/apple-imac-5g\/#primaryimage\",\"url\":\"https:\/\/www.letemsvetemapplem.eu\/bazar\/wp-content\/uploads\/2017\/01\/IMG_20161231_170625.jpg\",\"contentUrl\":\"https:\/\/www.letemsvetemapplem.eu\/bazar\/wp-content\/uploads\/2017\/01\/IMG_20161231_170625.jpg\",\"width\":1440,\"height\":1080},{\"@type\":\"BreadcrumbList\",\"@id\":\"https:\/\/www.letemsvetemapplem.eu\/bazar\/apple-imac-5g\/#breadcrumb\",\"itemListElement\":[{\"@type\":\"ListItem\",\"position\":1,\"name\":\"Apple Bazar\",\"item\":\"https:\/\/www.letemsvetemapplem.eu\/bazar\/\"},{\"@type\":\"ListItem\",\"position\":2,\"name\":\"Apple Imac 5g\"}]},{\"@type\":\"WebSite\",\"@id\":\"https:\/\/www.letemsvetemapplem.eu\/bazar\/#website\",\"url\":\"https:\/\/www.letemsvetemapplem.eu\/bazar\/\",\"name\":\"Apple bazar\",\"description\":\"Oou\u017eit\u00e9 Apple produkty za skv\u011bl\u00e9 ceny\",\"potentialAction\":[{\"@type\":\"SearchAction\",\"target\":{\"@type\":\"EntryPoint\",\"urlTemplate\":\"https:\/\/www.letemsvetemapplem.eu\/bazar\/?s={search_term_string}\"},\"query-input\":{\"@type\":\"PropertyValueSpecification\",\"valueRequired\":true,\"valueName\":\"search_term_string\"}}],\"inLanguage\":\"cs\"}]}<\/script>\n<!-- \/ Yoast SEO plugin. -->","yoast_head_json":{"title":"Apple Imac 5g - Apple bazar","robots":{"index":"index","follow":"follow","max-snippet":"max-snippet:-1","max-image-preview":"max-image-preview:large","max-video-preview":"max-video-preview:-1"},"canonical":"https:\/\/www.letemsvetemapplem.eu\/bazar\/apple-imac-5g\/","og_locale":"cs_CZ","og_type":"article","og_title":"Apple Imac 5g - Apple bazar","og_description":"Apple Imac G5 Dobr\u00fd den prod\u00e1m Imac G5. Imac je ve velmi p\u011bkn\u00e9m stavu bez \u0161kr\u00e1banc\u016f nebo jin\u00e9ho poni\u010den\u00ed. V\u0161e funguje jak m\u00e1, jedin\u00e1 vada jsou dv\u011b svisl\u00e9 \u010d\u00e1ry na displeji, nev\u00edm pro\u010d to tam je a ani nev\u00edm zda to jde opravit, nezkoumal jsem to. Opera\u010dn\u00ed pam\u011b\u0165 2GB, harddisk 80GB. Inzer\u00e1t je platn\u00fd do...","og_url":"https:\/\/www.letemsvetemapplem.eu\/bazar\/apple-imac-5g\/","og_site_name":"Apple bazar","article_published_time":"2017-01-01T14:13:20+00:00","og_image":[{"width":1440,"height":1080,"url":"https:\/\/www.letemsvetemapplem.eu\/bazar\/wp-content\/uploads\/2017\/01\/IMG_20161231_170625.jpg","type":"image\/jpeg"}],"twitter_card":"summary_large_image","schema":{"@context":"https:\/\/schema.org","@graph":[{"@type":"Article","@id":"https:\/\/www.letemsvetemapplem.eu\/bazar\/apple-imac-5g\/#article","isPartOf":{"@id":"https:\/\/www.letemsvetemapplem.eu\/bazar\/apple-imac-5g\/"},"author":{"name":"","@id":""},"headline":"Apple Imac 5g","datePublished":"2017-01-01T14:13:20+00:00","mainEntityOfPage":{"@id":"https:\/\/www.letemsvetemapplem.eu\/bazar\/apple-imac-5g\/"},"wordCount":120,"commentCount":0,"image":{"@id":"https:\/\/www.letemsvetemapplem.eu\/bazar\/apple-imac-5g\/#primaryimage"},"thumbnailUrl":"https:\/\/www.letemsvetemapplem.eu\/bazar\/wp-content\/uploads\/2017\/01\/IMG_20161231_170625.jpg","keywords":["iMac"],"articleSection":["iMac"],"inLanguage":"cs","potentialAction":[{"@type":"CommentAction","name":"Comment","target":["https:\/\/www.letemsvetemapplem.eu\/bazar\/apple-imac-5g\/#respond"]}]},{"@type":"WebPage","@id":"https:\/\/www.letemsvetemapplem.eu\/bazar\/apple-imac-5g\/","url":"https:\/\/www.letemsvetemapplem.eu\/bazar\/apple-imac-5g\/","name":"Apple Imac 5g - Apple bazar","isPartOf":{"@id":"https:\/\/www.letemsvetemapplem.eu\/bazar\/#website"},"primaryImageOfPage":{"@id":"https:\/\/www.letemsvetemapplem.eu\/bazar\/apple-imac-5g\/#primaryimage"},"image":{"@id":"https:\/\/www.letemsvetemapplem.eu\/bazar\/apple-imac-5g\/#primaryimage"},"thumbnailUrl":"https:\/\/www.letemsvetemapplem.eu\/bazar\/wp-content\/uploads\/2017\/01\/IMG_20161231_170625.jpg","datePublished":"2017-01-01T14:13:20+00:00","author":{"@id":""},"breadcrumb":{"@id":"https:\/\/www.letemsvetemapplem.eu\/bazar\/apple-imac-5g\/#breadcrumb"},"inLanguage":"cs","potentialAction":[{"@type":"ReadAction","target":["https:\/\/www.letemsvetemapplem.eu\/bazar\/apple-imac-5g\/"]}]},{"@type":"ImageObject","inLanguage":"cs","@id":"https:\/\/www.letemsvetemapplem.eu\/bazar\/apple-imac-5g\/#primaryimage","url":"https:\/\/www.letemsvetemapplem.eu\/bazar\/wp-content\/uploads\/2017\/01\/IMG_20161231_170625.jpg","contentUrl":"https:\/\/www.letemsvetemapplem.eu\/bazar\/wp-content\/uploads\/2017\/01\/IMG_20161231_170625.jpg","width":1440,"height":1080},{"@type":"BreadcrumbList","@id":"https:\/\/www.letemsvetemapplem.eu\/bazar\/apple-imac-5g\/#breadcrumb","itemListElement":[{"@type":"ListItem","position":1,"name":"Apple Bazar","item":"https:\/\/www.letemsvetemapplem.eu\/bazar\/"},{"@type":"ListItem","position":2,"name":"Apple Imac 5g"}]},{"@type":"WebSite","@id":"https:\/\/www.letemsvetemapplem.eu\/bazar\/#website","url":"https:\/\/www.letemsvetemapplem.eu\/bazar\/","name":"Apple bazar","description":"Oou\u017eit\u00e9 Apple produkty za skv\u011bl\u00e9 ceny","potentialAction":[{"@type":"SearchAction","target":{"@type":"EntryPoint","urlTemplate":"https:\/\/www.letemsvetemapplem.eu\/bazar\/?s={search_term_string}"},"query-input":{"@type":"PropertyValueSpecification","valueRequired":true,"valueName":"search_term_string"}}],"inLanguage":"cs"}]}},"_links":{"self":[{"href":"https:\/\/www.letemsvetemapplem.eu\/bazar\/wp-json\/wp\/v2\/posts\/14161","targetHints":{"allow":["GET"]}}],"collection":[{"href":"https:\/\/www.letemsvetemapplem.eu\/bazar\/wp-json\/wp\/v2\/posts"}],"about":[{"href":"https:\/\/www.letemsvetemapplem.eu\/bazar\/wp-json\/wp\/v2\/types\/post"}],"replies":[{"embeddable":true,"href":"https:\/\/www.letemsvetemapplem.eu\/bazar\/wp-json\/wp\/v2\/comments?post=14161"}],"version-history":[{"count":0,"href":"https:\/\/www.letemsvetemapplem.eu\/bazar\/wp-json\/wp\/v2\/posts\/14161\/revisions"}],"wp:featuredmedia":[{"embeddable":true,"href":"https:\/\/www.letemsvetemapplem.eu\/bazar\/wp-json\/wp\/v2\/media\/14162"}],"wp:attachment":[{"href":"https:\/\/www.letemsvetemapplem.eu\/bazar\/wp-json\/wp\/v2\/media?parent=14161"}],"wp:term":[{"taxonomy":"category","embeddable":true,"href":"https:\/\/www.letemsvetemapplem.eu\/bazar\/wp-json\/wp\/v2\/categories?post=14161"},{"taxonomy":"post_tag","embeddable":true,"href":"https:\/\/www.letemsvetemapplem.eu\/bazar\/wp-json\/wp\/v2\/tags?post=14161"}],"curies":[{"name":"wp","href":"https:\/\/api.w.org\/{rel}","templated":true}]}}