{"id":139959,"date":"2019-02-19T17:05:16","date_gmt":"2019-02-19T16:05:16","guid":{"rendered":"https:\/\/www.letemsvetemapplem.eu\/bazar\/?p=139959"},"modified":"2019-02-19T17:06:28","modified_gmt":"2019-02-19T16:06:28","slug":"mac-mini-space-gray-late-2014-2","status":"publish","type":"post","link":"https:\/\/www.letemsvetemapplem.eu\/bazar\/mac-mini-space-gray-late-2014-2\/","title":{"rendered":"Mac Mini Space Gray, late 2014"},"content":{"rendered":"<p>Dobr\u00fd den,<br \/>\nnab\u00edz\u00edm k prodeji Apple Mac Mini (Space Gray) z roku 2014. Jedn\u00e1 se o p\u0159enosn\u00fd po\u010d\u00edta\u010d, kter\u00fd disponuje dv\u011bma porty Thunderbolt 2 (a\u017e 20 Gb\/s), \u010dty\u0159mi porty USB 3.0, HDMI 2.0 (1x), slotem pro karty SDXC, Gigabit Ethernet, zvukov\u00fdm vstupem + 3,5mm jack a infraportem. Mac Mini m\u00e1 jak podporu Bluetooth 4.0 tak i mo\u017enosti 5GHz WiFi (ac).<br \/>\nJde o kompletn\u00ed balen\u00ed, v\u0161e origin\u00e1ln\u00ed, av\u0161ak krabice i n\u00e1vod jsou pro za\u0159\u00edzen\u00ed z roku 2018. Za\u0159\u00edzen\u00ed je v perfektn\u00edm stavu, byl vyu\u017e\u00edv\u00e1n pracovn\u011b. Pro jistotu zde i d\u00e1v\u00e1m kompletn\u00ed hardwarov\u00e9 specifikace:<br \/>\n\u00b7 p\u0159es Turbo Boost a\u017e 2,6GHz Intel Core i5, 3 MB sd\u00edlen\u00e9 mezipam\u011bti L3<br \/>\n\u00b7 4GB 1600MHz pam\u011bti DDR3<br \/>\n\u00b7 500GB HDD<br \/>\n\u00b7 Intel HD Graphics 5000<br \/>\nVzhledem k tomu, \u017ee Mac je bez vn\u011bj\u0161\u00edho po\u0161kozen\u00ed, tud\u00ed\u017e vypad\u00e1 jako nov\u00fd, prod\u00e1m jej za 8 000 K\u010d.<br \/>\nPreferuji osobn\u00ed p\u0159ed\u00e1n\u00ed v Brn\u011b, aby mohlo doj\u00edt k uji\u0161t\u011bn\u00ed, \u017ee se rozhodn\u011b nejedn\u00e1 o podvod. Jsem ochoten Mac poslat i na dob\u00edrku, ale nen\u00ed to pro m\u011b nejide\u00e1ln\u011bj\u0161\u00ed varianta.<br \/>\nPro v\u00edce detail\u016f m\u011b nev\u00e1hejte kontaktovat tady, nebo na e-mailov\u00e9 adrese: kickboxer@centrum.cz<\/p>\n","protected":false},"excerpt":{"rendered":"<p>Dobr\u00fd den, nab\u00edz\u00edm k prodeji Apple Mac Mini (Space Gray) z roku 2014. Jedn\u00e1 se o p\u0159enosn\u00fd po\u010d\u00edta\u010d, kter\u00fd disponuje dv\u011bma porty Thunderbolt 2 (a\u017e 20 Gb\/s), \u010dty\u0159mi porty USB 3.0, HDMI 2.0 (1x), slotem pro karty SDXC, Gigabit Ethernet, zvukov\u00fdm vstupem + 3,5mm jack a infraportem. Mac Mini m\u00e1 jak podporu Bluetooth 4.0 tak&#8230;<\/p>\n","protected":false},"author":0,"featured_media":139960,"comment_status":"closed","ping_status":"closed","sticky":false,"template":"","format":"standard","meta":{"footnotes":""},"categories":[61],"tags":[],"class_list":["post-139959","post","type-post","status-publish","format-standard","has-post-thumbnail","hentry","category-iphone-x"],"yoast_head":"<!-- This site is optimized with the Yoast SEO plugin v27.2 - https:\/\/yoast.com\/product\/yoast-seo-wordpress\/ -->\n<title>Mac Mini Space Gray, late 2014 - Apple bazar<\/title>\n<meta name=\"robots\" content=\"index, follow, max-snippet:-1, max-image-preview:large, max-video-preview:-1\" \/>\n<link rel=\"canonical\" href=\"https:\/\/www.letemsvetemapplem.eu\/bazar\/mac-mini-space-gray-late-2014-2\/\" \/>\n<meta property=\"og:locale\" content=\"cs_CZ\" \/>\n<meta property=\"og:type\" content=\"article\" \/>\n<meta property=\"og:title\" content=\"Mac Mini Space Gray, late 2014 - Apple bazar\" \/>\n<meta property=\"og:description\" content=\"Dobr\u00fd den, nab\u00edz\u00edm k prodeji Apple Mac Mini (Space Gray) z roku 2014. Jedn\u00e1 se o p\u0159enosn\u00fd po\u010d\u00edta\u010d, kter\u00fd disponuje dv\u011bma porty Thunderbolt 2 (a\u017e 20 Gb\/s), \u010dty\u0159mi porty USB 3.0, HDMI 2.0 (1x), slotem pro karty SDXC, Gigabit Ethernet, zvukov\u00fdm vstupem + 3,5mm jack a infraportem. Mac Mini m\u00e1 jak podporu Bluetooth 4.0 tak...\" \/>\n<meta property=\"og:url\" content=\"https:\/\/www.letemsvetemapplem.eu\/bazar\/mac-mini-space-gray-late-2014-2\/\" \/>\n<meta property=\"og:site_name\" content=\"Apple bazar\" \/>\n<meta property=\"article:published_time\" content=\"2019-02-19T16:05:16+00:00\" \/>\n<meta property=\"article:modified_time\" content=\"2019-02-19T16:06:28+00:00\" \/>\n<meta property=\"og:image\" content=\"https:\/\/www.letemsvetemapplem.eu\/bazar\/wp-content\/uploads\/2019\/02\/IMG_1144-2.jpg\" \/>\n\t<meta property=\"og:image:width\" content=\"4032\" \/>\n\t<meta property=\"og:image:height\" content=\"3024\" \/>\n\t<meta property=\"og:image:type\" content=\"image\/jpeg\" \/>\n<meta name=\"twitter:card\" content=\"summary_large_image\" \/>\n<script type=\"application\/ld+json\" class=\"yoast-schema-graph\">{\"@context\":\"https:\/\/schema.org\",\"@graph\":[{\"@type\":\"Article\",\"@id\":\"https:\/\/www.letemsvetemapplem.eu\/bazar\/mac-mini-space-gray-late-2014-2\/#article\",\"isPartOf\":{\"@id\":\"https:\/\/www.letemsvetemapplem.eu\/bazar\/mac-mini-space-gray-late-2014-2\/\"},\"author\":{\"name\":\"\",\"@id\":\"\"},\"headline\":\"Mac Mini Space Gray, late 2014\",\"datePublished\":\"2019-02-19T16:05:16+00:00\",\"dateModified\":\"2019-02-19T16:06:28+00:00\",\"mainEntityOfPage\":{\"@id\":\"https:\/\/www.letemsvetemapplem.eu\/bazar\/mac-mini-space-gray-late-2014-2\/\"},\"wordCount\":209,\"image\":{\"@id\":\"https:\/\/www.letemsvetemapplem.eu\/bazar\/mac-mini-space-gray-late-2014-2\/#primaryimage\"},\"thumbnailUrl\":\"https:\/\/www.letemsvetemapplem.eu\/bazar\/wp-content\/uploads\/2019\/02\/IMG_1144-2.jpg\",\"articleSection\":[\"iPhone X\"],\"inLanguage\":\"cs\"},{\"@type\":\"WebPage\",\"@id\":\"https:\/\/www.letemsvetemapplem.eu\/bazar\/mac-mini-space-gray-late-2014-2\/\",\"url\":\"https:\/\/www.letemsvetemapplem.eu\/bazar\/mac-mini-space-gray-late-2014-2\/\",\"name\":\"Mac Mini Space Gray, late 2014 - Apple bazar\",\"isPartOf\":{\"@id\":\"https:\/\/www.letemsvetemapplem.eu\/bazar\/#website\"},\"primaryImageOfPage\":{\"@id\":\"https:\/\/www.letemsvetemapplem.eu\/bazar\/mac-mini-space-gray-late-2014-2\/#primaryimage\"},\"image\":{\"@id\":\"https:\/\/www.letemsvetemapplem.eu\/bazar\/mac-mini-space-gray-late-2014-2\/#primaryimage\"},\"thumbnailUrl\":\"https:\/\/www.letemsvetemapplem.eu\/bazar\/wp-content\/uploads\/2019\/02\/IMG_1144-2.jpg\",\"datePublished\":\"2019-02-19T16:05:16+00:00\",\"dateModified\":\"2019-02-19T16:06:28+00:00\",\"author\":{\"@id\":\"\"},\"breadcrumb\":{\"@id\":\"https:\/\/www.letemsvetemapplem.eu\/bazar\/mac-mini-space-gray-late-2014-2\/#breadcrumb\"},\"inLanguage\":\"cs\",\"potentialAction\":[{\"@type\":\"ReadAction\",\"target\":[\"https:\/\/www.letemsvetemapplem.eu\/bazar\/mac-mini-space-gray-late-2014-2\/\"]}]},{\"@type\":\"ImageObject\",\"inLanguage\":\"cs\",\"@id\":\"https:\/\/www.letemsvetemapplem.eu\/bazar\/mac-mini-space-gray-late-2014-2\/#primaryimage\",\"url\":\"https:\/\/www.letemsvetemapplem.eu\/bazar\/wp-content\/uploads\/2019\/02\/IMG_1144-2.jpg\",\"contentUrl\":\"https:\/\/www.letemsvetemapplem.eu\/bazar\/wp-content\/uploads\/2019\/02\/IMG_1144-2.jpg\",\"width\":4032,\"height\":3024},{\"@type\":\"BreadcrumbList\",\"@id\":\"https:\/\/www.letemsvetemapplem.eu\/bazar\/mac-mini-space-gray-late-2014-2\/#breadcrumb\",\"itemListElement\":[{\"@type\":\"ListItem\",\"position\":1,\"name\":\"Apple Bazar\",\"item\":\"https:\/\/www.letemsvetemapplem.eu\/bazar\/\"},{\"@type\":\"ListItem\",\"position\":2,\"name\":\"Mac Mini Space Gray, late 2014\"}]},{\"@type\":\"WebSite\",\"@id\":\"https:\/\/www.letemsvetemapplem.eu\/bazar\/#website\",\"url\":\"https:\/\/www.letemsvetemapplem.eu\/bazar\/\",\"name\":\"Apple bazar\",\"description\":\"Oou\u017eit\u00e9 Apple produkty za skv\u011bl\u00e9 ceny\",\"potentialAction\":[{\"@type\":\"SearchAction\",\"target\":{\"@type\":\"EntryPoint\",\"urlTemplate\":\"https:\/\/www.letemsvetemapplem.eu\/bazar\/?s={search_term_string}\"},\"query-input\":{\"@type\":\"PropertyValueSpecification\",\"valueRequired\":true,\"valueName\":\"search_term_string\"}}],\"inLanguage\":\"cs\"}]}<\/script>\n<!-- \/ Yoast SEO plugin. -->","yoast_head_json":{"title":"Mac Mini Space Gray, late 2014 - Apple bazar","robots":{"index":"index","follow":"follow","max-snippet":"max-snippet:-1","max-image-preview":"max-image-preview:large","max-video-preview":"max-video-preview:-1"},"canonical":"https:\/\/www.letemsvetemapplem.eu\/bazar\/mac-mini-space-gray-late-2014-2\/","og_locale":"cs_CZ","og_type":"article","og_title":"Mac Mini Space Gray, late 2014 - Apple bazar","og_description":"Dobr\u00fd den, nab\u00edz\u00edm k prodeji Apple Mac Mini (Space Gray) z roku 2014. Jedn\u00e1 se o p\u0159enosn\u00fd po\u010d\u00edta\u010d, kter\u00fd disponuje dv\u011bma porty Thunderbolt 2 (a\u017e 20 Gb\/s), \u010dty\u0159mi porty USB 3.0, HDMI 2.0 (1x), slotem pro karty SDXC, Gigabit Ethernet, zvukov\u00fdm vstupem + 3,5mm jack a infraportem. Mac Mini m\u00e1 jak podporu Bluetooth 4.0 tak...","og_url":"https:\/\/www.letemsvetemapplem.eu\/bazar\/mac-mini-space-gray-late-2014-2\/","og_site_name":"Apple bazar","article_published_time":"2019-02-19T16:05:16+00:00","article_modified_time":"2019-02-19T16:06:28+00:00","og_image":[{"width":4032,"height":3024,"url":"https:\/\/www.letemsvetemapplem.eu\/bazar\/wp-content\/uploads\/2019\/02\/IMG_1144-2.jpg","type":"image\/jpeg"}],"twitter_card":"summary_large_image","schema":{"@context":"https:\/\/schema.org","@graph":[{"@type":"Article","@id":"https:\/\/www.letemsvetemapplem.eu\/bazar\/mac-mini-space-gray-late-2014-2\/#article","isPartOf":{"@id":"https:\/\/www.letemsvetemapplem.eu\/bazar\/mac-mini-space-gray-late-2014-2\/"},"author":{"name":"","@id":""},"headline":"Mac Mini Space Gray, late 2014","datePublished":"2019-02-19T16:05:16+00:00","dateModified":"2019-02-19T16:06:28+00:00","mainEntityOfPage":{"@id":"https:\/\/www.letemsvetemapplem.eu\/bazar\/mac-mini-space-gray-late-2014-2\/"},"wordCount":209,"image":{"@id":"https:\/\/www.letemsvetemapplem.eu\/bazar\/mac-mini-space-gray-late-2014-2\/#primaryimage"},"thumbnailUrl":"https:\/\/www.letemsvetemapplem.eu\/bazar\/wp-content\/uploads\/2019\/02\/IMG_1144-2.jpg","articleSection":["iPhone X"],"inLanguage":"cs"},{"@type":"WebPage","@id":"https:\/\/www.letemsvetemapplem.eu\/bazar\/mac-mini-space-gray-late-2014-2\/","url":"https:\/\/www.letemsvetemapplem.eu\/bazar\/mac-mini-space-gray-late-2014-2\/","name":"Mac Mini Space Gray, late 2014 - Apple bazar","isPartOf":{"@id":"https:\/\/www.letemsvetemapplem.eu\/bazar\/#website"},"primaryImageOfPage":{"@id":"https:\/\/www.letemsvetemapplem.eu\/bazar\/mac-mini-space-gray-late-2014-2\/#primaryimage"},"image":{"@id":"https:\/\/www.letemsvetemapplem.eu\/bazar\/mac-mini-space-gray-late-2014-2\/#primaryimage"},"thumbnailUrl":"https:\/\/www.letemsvetemapplem.eu\/bazar\/wp-content\/uploads\/2019\/02\/IMG_1144-2.jpg","datePublished":"2019-02-19T16:05:16+00:00","dateModified":"2019-02-19T16:06:28+00:00","author":{"@id":""},"breadcrumb":{"@id":"https:\/\/www.letemsvetemapplem.eu\/bazar\/mac-mini-space-gray-late-2014-2\/#breadcrumb"},"inLanguage":"cs","potentialAction":[{"@type":"ReadAction","target":["https:\/\/www.letemsvetemapplem.eu\/bazar\/mac-mini-space-gray-late-2014-2\/"]}]},{"@type":"ImageObject","inLanguage":"cs","@id":"https:\/\/www.letemsvetemapplem.eu\/bazar\/mac-mini-space-gray-late-2014-2\/#primaryimage","url":"https:\/\/www.letemsvetemapplem.eu\/bazar\/wp-content\/uploads\/2019\/02\/IMG_1144-2.jpg","contentUrl":"https:\/\/www.letemsvetemapplem.eu\/bazar\/wp-content\/uploads\/2019\/02\/IMG_1144-2.jpg","width":4032,"height":3024},{"@type":"BreadcrumbList","@id":"https:\/\/www.letemsvetemapplem.eu\/bazar\/mac-mini-space-gray-late-2014-2\/#breadcrumb","itemListElement":[{"@type":"ListItem","position":1,"name":"Apple Bazar","item":"https:\/\/www.letemsvetemapplem.eu\/bazar\/"},{"@type":"ListItem","position":2,"name":"Mac Mini Space Gray, late 2014"}]},{"@type":"WebSite","@id":"https:\/\/www.letemsvetemapplem.eu\/bazar\/#website","url":"https:\/\/www.letemsvetemapplem.eu\/bazar\/","name":"Apple bazar","description":"Oou\u017eit\u00e9 Apple produkty za skv\u011bl\u00e9 ceny","potentialAction":[{"@type":"SearchAction","target":{"@type":"EntryPoint","urlTemplate":"https:\/\/www.letemsvetemapplem.eu\/bazar\/?s={search_term_string}"},"query-input":{"@type":"PropertyValueSpecification","valueRequired":true,"valueName":"search_term_string"}}],"inLanguage":"cs"}]}},"_links":{"self":[{"href":"https:\/\/www.letemsvetemapplem.eu\/bazar\/wp-json\/wp\/v2\/posts\/139959","targetHints":{"allow":["GET"]}}],"collection":[{"href":"https:\/\/www.letemsvetemapplem.eu\/bazar\/wp-json\/wp\/v2\/posts"}],"about":[{"href":"https:\/\/www.letemsvetemapplem.eu\/bazar\/wp-json\/wp\/v2\/types\/post"}],"replies":[{"embeddable":true,"href":"https:\/\/www.letemsvetemapplem.eu\/bazar\/wp-json\/wp\/v2\/comments?post=139959"}],"version-history":[{"count":0,"href":"https:\/\/www.letemsvetemapplem.eu\/bazar\/wp-json\/wp\/v2\/posts\/139959\/revisions"}],"wp:featuredmedia":[{"embeddable":true,"href":"https:\/\/www.letemsvetemapplem.eu\/bazar\/wp-json\/wp\/v2\/media\/139960"}],"wp:attachment":[{"href":"https:\/\/www.letemsvetemapplem.eu\/bazar\/wp-json\/wp\/v2\/media?parent=139959"}],"wp:term":[{"taxonomy":"category","embeddable":true,"href":"https:\/\/www.letemsvetemapplem.eu\/bazar\/wp-json\/wp\/v2\/categories?post=139959"},{"taxonomy":"post_tag","embeddable":true,"href":"https:\/\/www.letemsvetemapplem.eu\/bazar\/wp-json\/wp\/v2\/tags?post=139959"}],"curies":[{"name":"wp","href":"https:\/\/api.w.org\/{rel}","templated":true}]}}