{"id":138691,"date":"2019-02-08T23:17:53","date_gmt":"2019-02-08T22:17:53","guid":{"rendered":"https:\/\/www.letemsvetemapplem.eu\/bazar\/?p=138691"},"modified":"2019-02-08T23:17:53","modified_gmt":"2019-02-08T22:17:53","slug":"apple-macbook-pro-15-touch-screen-retina-2","status":"publish","type":"post","link":"https:\/\/www.letemsvetemapplem.eu\/bazar\/apple-macbook-pro-15-touch-screen-retina-2\/","title":{"rendered":"Apple MacBook Pro 15 Touch Screen Retina"},"content":{"rendered":"<p>Procesor: 2,7 GHz Intel Core i7 Quad-Core<br \/>\nPam\u011b\u0165: 16 GB 2133 MHz RAM<br \/>\nPevn\u00fd disk: 512 GB PCIe SSD<br \/>\nObrazovka: 15,4 &quot;displej se s\u00edtnic\u00ed 2880 x 1800<br \/>\nGPU: AMD Radeon Pro 455 GPU (2 GB GDDR5) 802.11ac Wi-Fi<br \/>\nBluetooth 4.2<br \/>\nDotykov\u00fd panel s dotykov\u00fdm ID sn\u00edma\u010dem<br \/>\n4 x porty Thunderbolt 3 (USB Type-C)<br \/>\n3,5 mm jack pro sluch\u00e1tka<br \/>\nStereofonn\u00ed reproduktory<br \/>\nV\u011bt\u0161\u00ed dotykov\u00fd trackpad<br \/>\nmacOS Sierra<\/p>\n","protected":false},"excerpt":{"rendered":"<p>Procesor: 2,7 GHz Intel Core i7 Quad-Core Pam\u011b\u0165: 16 GB 2133 MHz RAM Pevn\u00fd disk: 512 GB PCIe SSD Obrazovka: 15,4 &quot;displej se s\u00edtnic\u00ed 2880 x 1800 GPU: AMD Radeon Pro 455 GPU (2 GB GDDR5) 802.11ac Wi-Fi Bluetooth 4.2 Dotykov\u00fd panel s dotykov\u00fdm ID sn\u00edma\u010dem 4 x porty Thunderbolt 3 (USB Type-C) 3,5 mm&#8230;<\/p>\n","protected":false},"author":0,"featured_media":138692,"comment_status":"closed","ping_status":"closed","sticky":false,"template":"","format":"standard","meta":{"footnotes":""},"categories":[48],"tags":[],"class_list":["post-138691","post","type-post","status-publish","format-standard","has-post-thumbnail","hentry","category-macbook-pro"],"yoast_head":"<!-- This site is optimized with the Yoast SEO plugin v27.2 - https:\/\/yoast.com\/product\/yoast-seo-wordpress\/ -->\n<title>Apple MacBook Pro 15 Touch Screen Retina - Apple bazar<\/title>\n<meta name=\"robots\" content=\"index, follow, max-snippet:-1, max-image-preview:large, max-video-preview:-1\" \/>\n<link rel=\"canonical\" href=\"https:\/\/www.letemsvetemapplem.eu\/bazar\/apple-macbook-pro-15-touch-screen-retina-2\/\" \/>\n<meta property=\"og:locale\" content=\"cs_CZ\" \/>\n<meta property=\"og:type\" content=\"article\" \/>\n<meta property=\"og:title\" content=\"Apple MacBook Pro 15 Touch Screen Retina - Apple bazar\" \/>\n<meta property=\"og:description\" content=\"Procesor: 2,7 GHz Intel Core i7 Quad-Core Pam\u011b\u0165: 16 GB 2133 MHz RAM Pevn\u00fd disk: 512 GB PCIe SSD Obrazovka: 15,4 &quot;displej se s\u00edtnic\u00ed 2880 x 1800 GPU: AMD Radeon Pro 455 GPU (2 GB GDDR5) 802.11ac Wi-Fi Bluetooth 4.2 Dotykov\u00fd panel s dotykov\u00fdm ID sn\u00edma\u010dem 4 x porty Thunderbolt 3 (USB Type-C) 3,5 mm...\" \/>\n<meta property=\"og:url\" content=\"https:\/\/www.letemsvetemapplem.eu\/bazar\/apple-macbook-pro-15-touch-screen-retina-2\/\" \/>\n<meta property=\"og:site_name\" content=\"Apple bazar\" \/>\n<meta property=\"article:published_time\" content=\"2019-02-08T22:17:53+00:00\" \/>\n<meta property=\"og:image\" content=\"https:\/\/www.letemsvetemapplem.eu\/bazar\/wp-content\/uploads\/2019\/02\/apple-lappy.jpg\" \/>\n\t<meta property=\"og:image:width\" content=\"749\" \/>\n\t<meta property=\"og:image:height\" content=\"999\" \/>\n\t<meta property=\"og:image:type\" content=\"image\/jpeg\" \/>\n<meta name=\"twitter:card\" content=\"summary_large_image\" \/>\n<script type=\"application\/ld+json\" class=\"yoast-schema-graph\">{\"@context\":\"https:\/\/schema.org\",\"@graph\":[{\"@type\":\"Article\",\"@id\":\"https:\/\/www.letemsvetemapplem.eu\/bazar\/apple-macbook-pro-15-touch-screen-retina-2\/#article\",\"isPartOf\":{\"@id\":\"https:\/\/www.letemsvetemapplem.eu\/bazar\/apple-macbook-pro-15-touch-screen-retina-2\/\"},\"author\":{\"name\":\"\",\"@id\":\"\"},\"headline\":\"Apple MacBook Pro 15 Touch Screen Retina\",\"datePublished\":\"2019-02-08T22:17:53+00:00\",\"mainEntityOfPage\":{\"@id\":\"https:\/\/www.letemsvetemapplem.eu\/bazar\/apple-macbook-pro-15-touch-screen-retina-2\/\"},\"wordCount\":65,\"image\":{\"@id\":\"https:\/\/www.letemsvetemapplem.eu\/bazar\/apple-macbook-pro-15-touch-screen-retina-2\/#primaryimage\"},\"thumbnailUrl\":\"https:\/\/www.letemsvetemapplem.eu\/bazar\/wp-content\/uploads\/2019\/02\/apple-lappy.jpg\",\"articleSection\":[\"MacBook Pro\"],\"inLanguage\":\"cs\"},{\"@type\":\"WebPage\",\"@id\":\"https:\/\/www.letemsvetemapplem.eu\/bazar\/apple-macbook-pro-15-touch-screen-retina-2\/\",\"url\":\"https:\/\/www.letemsvetemapplem.eu\/bazar\/apple-macbook-pro-15-touch-screen-retina-2\/\",\"name\":\"Apple MacBook Pro 15 Touch Screen Retina - Apple bazar\",\"isPartOf\":{\"@id\":\"https:\/\/www.letemsvetemapplem.eu\/bazar\/#website\"},\"primaryImageOfPage\":{\"@id\":\"https:\/\/www.letemsvetemapplem.eu\/bazar\/apple-macbook-pro-15-touch-screen-retina-2\/#primaryimage\"},\"image\":{\"@id\":\"https:\/\/www.letemsvetemapplem.eu\/bazar\/apple-macbook-pro-15-touch-screen-retina-2\/#primaryimage\"},\"thumbnailUrl\":\"https:\/\/www.letemsvetemapplem.eu\/bazar\/wp-content\/uploads\/2019\/02\/apple-lappy.jpg\",\"datePublished\":\"2019-02-08T22:17:53+00:00\",\"author\":{\"@id\":\"\"},\"breadcrumb\":{\"@id\":\"https:\/\/www.letemsvetemapplem.eu\/bazar\/apple-macbook-pro-15-touch-screen-retina-2\/#breadcrumb\"},\"inLanguage\":\"cs\",\"potentialAction\":[{\"@type\":\"ReadAction\",\"target\":[\"https:\/\/www.letemsvetemapplem.eu\/bazar\/apple-macbook-pro-15-touch-screen-retina-2\/\"]}]},{\"@type\":\"ImageObject\",\"inLanguage\":\"cs\",\"@id\":\"https:\/\/www.letemsvetemapplem.eu\/bazar\/apple-macbook-pro-15-touch-screen-retina-2\/#primaryimage\",\"url\":\"https:\/\/www.letemsvetemapplem.eu\/bazar\/wp-content\/uploads\/2019\/02\/apple-lappy.jpg\",\"contentUrl\":\"https:\/\/www.letemsvetemapplem.eu\/bazar\/wp-content\/uploads\/2019\/02\/apple-lappy.jpg\",\"width\":749,\"height\":999},{\"@type\":\"BreadcrumbList\",\"@id\":\"https:\/\/www.letemsvetemapplem.eu\/bazar\/apple-macbook-pro-15-touch-screen-retina-2\/#breadcrumb\",\"itemListElement\":[{\"@type\":\"ListItem\",\"position\":1,\"name\":\"Apple Bazar\",\"item\":\"https:\/\/www.letemsvetemapplem.eu\/bazar\/\"},{\"@type\":\"ListItem\",\"position\":2,\"name\":\"Apple MacBook Pro 15 Touch Screen Retina\"}]},{\"@type\":\"WebSite\",\"@id\":\"https:\/\/www.letemsvetemapplem.eu\/bazar\/#website\",\"url\":\"https:\/\/www.letemsvetemapplem.eu\/bazar\/\",\"name\":\"Apple bazar\",\"description\":\"Oou\u017eit\u00e9 Apple produkty za skv\u011bl\u00e9 ceny\",\"potentialAction\":[{\"@type\":\"SearchAction\",\"target\":{\"@type\":\"EntryPoint\",\"urlTemplate\":\"https:\/\/www.letemsvetemapplem.eu\/bazar\/?s={search_term_string}\"},\"query-input\":{\"@type\":\"PropertyValueSpecification\",\"valueRequired\":true,\"valueName\":\"search_term_string\"}}],\"inLanguage\":\"cs\"}]}<\/script>\n<!-- \/ Yoast SEO plugin. -->","yoast_head_json":{"title":"Apple MacBook Pro 15 Touch Screen Retina - Apple bazar","robots":{"index":"index","follow":"follow","max-snippet":"max-snippet:-1","max-image-preview":"max-image-preview:large","max-video-preview":"max-video-preview:-1"},"canonical":"https:\/\/www.letemsvetemapplem.eu\/bazar\/apple-macbook-pro-15-touch-screen-retina-2\/","og_locale":"cs_CZ","og_type":"article","og_title":"Apple MacBook Pro 15 Touch Screen Retina - Apple bazar","og_description":"Procesor: 2,7 GHz Intel Core i7 Quad-Core Pam\u011b\u0165: 16 GB 2133 MHz RAM Pevn\u00fd disk: 512 GB PCIe SSD Obrazovka: 15,4 &quot;displej se s\u00edtnic\u00ed 2880 x 1800 GPU: AMD Radeon Pro 455 GPU (2 GB GDDR5) 802.11ac Wi-Fi Bluetooth 4.2 Dotykov\u00fd panel s dotykov\u00fdm ID sn\u00edma\u010dem 4 x porty Thunderbolt 3 (USB Type-C) 3,5 mm...","og_url":"https:\/\/www.letemsvetemapplem.eu\/bazar\/apple-macbook-pro-15-touch-screen-retina-2\/","og_site_name":"Apple bazar","article_published_time":"2019-02-08T22:17:53+00:00","og_image":[{"width":749,"height":999,"url":"https:\/\/www.letemsvetemapplem.eu\/bazar\/wp-content\/uploads\/2019\/02\/apple-lappy.jpg","type":"image\/jpeg"}],"twitter_card":"summary_large_image","schema":{"@context":"https:\/\/schema.org","@graph":[{"@type":"Article","@id":"https:\/\/www.letemsvetemapplem.eu\/bazar\/apple-macbook-pro-15-touch-screen-retina-2\/#article","isPartOf":{"@id":"https:\/\/www.letemsvetemapplem.eu\/bazar\/apple-macbook-pro-15-touch-screen-retina-2\/"},"author":{"name":"","@id":""},"headline":"Apple MacBook Pro 15 Touch Screen Retina","datePublished":"2019-02-08T22:17:53+00:00","mainEntityOfPage":{"@id":"https:\/\/www.letemsvetemapplem.eu\/bazar\/apple-macbook-pro-15-touch-screen-retina-2\/"},"wordCount":65,"image":{"@id":"https:\/\/www.letemsvetemapplem.eu\/bazar\/apple-macbook-pro-15-touch-screen-retina-2\/#primaryimage"},"thumbnailUrl":"https:\/\/www.letemsvetemapplem.eu\/bazar\/wp-content\/uploads\/2019\/02\/apple-lappy.jpg","articleSection":["MacBook Pro"],"inLanguage":"cs"},{"@type":"WebPage","@id":"https:\/\/www.letemsvetemapplem.eu\/bazar\/apple-macbook-pro-15-touch-screen-retina-2\/","url":"https:\/\/www.letemsvetemapplem.eu\/bazar\/apple-macbook-pro-15-touch-screen-retina-2\/","name":"Apple MacBook Pro 15 Touch Screen Retina - Apple bazar","isPartOf":{"@id":"https:\/\/www.letemsvetemapplem.eu\/bazar\/#website"},"primaryImageOfPage":{"@id":"https:\/\/www.letemsvetemapplem.eu\/bazar\/apple-macbook-pro-15-touch-screen-retina-2\/#primaryimage"},"image":{"@id":"https:\/\/www.letemsvetemapplem.eu\/bazar\/apple-macbook-pro-15-touch-screen-retina-2\/#primaryimage"},"thumbnailUrl":"https:\/\/www.letemsvetemapplem.eu\/bazar\/wp-content\/uploads\/2019\/02\/apple-lappy.jpg","datePublished":"2019-02-08T22:17:53+00:00","author":{"@id":""},"breadcrumb":{"@id":"https:\/\/www.letemsvetemapplem.eu\/bazar\/apple-macbook-pro-15-touch-screen-retina-2\/#breadcrumb"},"inLanguage":"cs","potentialAction":[{"@type":"ReadAction","target":["https:\/\/www.letemsvetemapplem.eu\/bazar\/apple-macbook-pro-15-touch-screen-retina-2\/"]}]},{"@type":"ImageObject","inLanguage":"cs","@id":"https:\/\/www.letemsvetemapplem.eu\/bazar\/apple-macbook-pro-15-touch-screen-retina-2\/#primaryimage","url":"https:\/\/www.letemsvetemapplem.eu\/bazar\/wp-content\/uploads\/2019\/02\/apple-lappy.jpg","contentUrl":"https:\/\/www.letemsvetemapplem.eu\/bazar\/wp-content\/uploads\/2019\/02\/apple-lappy.jpg","width":749,"height":999},{"@type":"BreadcrumbList","@id":"https:\/\/www.letemsvetemapplem.eu\/bazar\/apple-macbook-pro-15-touch-screen-retina-2\/#breadcrumb","itemListElement":[{"@type":"ListItem","position":1,"name":"Apple Bazar","item":"https:\/\/www.letemsvetemapplem.eu\/bazar\/"},{"@type":"ListItem","position":2,"name":"Apple MacBook Pro 15 Touch Screen Retina"}]},{"@type":"WebSite","@id":"https:\/\/www.letemsvetemapplem.eu\/bazar\/#website","url":"https:\/\/www.letemsvetemapplem.eu\/bazar\/","name":"Apple bazar","description":"Oou\u017eit\u00e9 Apple produkty za skv\u011bl\u00e9 ceny","potentialAction":[{"@type":"SearchAction","target":{"@type":"EntryPoint","urlTemplate":"https:\/\/www.letemsvetemapplem.eu\/bazar\/?s={search_term_string}"},"query-input":{"@type":"PropertyValueSpecification","valueRequired":true,"valueName":"search_term_string"}}],"inLanguage":"cs"}]}},"_links":{"self":[{"href":"https:\/\/www.letemsvetemapplem.eu\/bazar\/wp-json\/wp\/v2\/posts\/138691","targetHints":{"allow":["GET"]}}],"collection":[{"href":"https:\/\/www.letemsvetemapplem.eu\/bazar\/wp-json\/wp\/v2\/posts"}],"about":[{"href":"https:\/\/www.letemsvetemapplem.eu\/bazar\/wp-json\/wp\/v2\/types\/post"}],"replies":[{"embeddable":true,"href":"https:\/\/www.letemsvetemapplem.eu\/bazar\/wp-json\/wp\/v2\/comments?post=138691"}],"version-history":[{"count":0,"href":"https:\/\/www.letemsvetemapplem.eu\/bazar\/wp-json\/wp\/v2\/posts\/138691\/revisions"}],"wp:featuredmedia":[{"embeddable":true,"href":"https:\/\/www.letemsvetemapplem.eu\/bazar\/wp-json\/wp\/v2\/media\/138692"}],"wp:attachment":[{"href":"https:\/\/www.letemsvetemapplem.eu\/bazar\/wp-json\/wp\/v2\/media?parent=138691"}],"wp:term":[{"taxonomy":"category","embeddable":true,"href":"https:\/\/www.letemsvetemapplem.eu\/bazar\/wp-json\/wp\/v2\/categories?post=138691"},{"taxonomy":"post_tag","embeddable":true,"href":"https:\/\/www.letemsvetemapplem.eu\/bazar\/wp-json\/wp\/v2\/tags?post=138691"}],"curies":[{"name":"wp","href":"https:\/\/api.w.org\/{rel}","templated":true}]}}