{"id":138375,"date":"2019-02-06T14:29:23","date_gmt":"2019-02-06T13:29:23","guid":{"rendered":"https:\/\/www.letemsvetemapplem.eu\/bazar\/?p=138375"},"modified":"2019-02-06T21:03:56","modified_gmt":"2019-02-06T20:03:56","slug":"apple-watch-3-serie-42-mm-tyden-stare","status":"publish","type":"post","link":"https:\/\/www.letemsvetemapplem.eu\/bazar\/apple-watch-3-serie-42-mm-tyden-stare\/","title":{"rendered":"Apple Watch 3 s\u00e9rie 42.mm t\u00fdden star\u00e9"},"content":{"rendered":"<p>Jsou to z cela nov\u00e9 hodinky no\u0161ene na ruce ani ne t\u00fdden. Nevhodn\u00fd d\u00e1rek. Proto je prodavam. Jsou zakoupen\u00e9 v iWantu.<\/p>\n","protected":false},"excerpt":{"rendered":"<p>Jsou to z cela nov\u00e9 hodinky no\u0161ene na ruce ani ne t\u00fdden. Nevhodn\u00fd d\u00e1rek. Proto je prodavam. Jsou zakoupen\u00e9 v iWantu.<\/p>\n","protected":false},"author":1,"featured_media":138376,"comment_status":"closed","ping_status":"closed","sticky":false,"template":"","format":"standard","meta":{"footnotes":""},"categories":[59],"tags":[],"class_list":["post-138375","post","type-post","status-publish","format-standard","has-post-thumbnail","hentry","category-apple-watch-series-3"],"yoast_head":"<!-- This site is optimized with the Yoast SEO plugin v27.5 - https:\/\/yoast.com\/product\/yoast-seo-wordpress\/ -->\n<title>Apple Watch 3 s\u00e9rie 42.mm t\u00fdden star\u00e9 - Apple bazar<\/title>\n<meta name=\"robots\" content=\"index, follow, max-snippet:-1, max-image-preview:large, max-video-preview:-1\" \/>\n<link rel=\"canonical\" href=\"https:\/\/www.letemsvetemapplem.eu\/bazar\/apple-watch-3-serie-42-mm-tyden-stare\/\" \/>\n<meta property=\"og:locale\" content=\"cs_CZ\" \/>\n<meta property=\"og:type\" content=\"article\" \/>\n<meta property=\"og:title\" content=\"Apple Watch 3 s\u00e9rie 42.mm t\u00fdden star\u00e9 - Apple bazar\" \/>\n<meta property=\"og:description\" content=\"Jsou to z cela nov\u00e9 hodinky no\u0161ene na ruce ani ne t\u00fdden. Nevhodn\u00fd d\u00e1rek. Proto je prodavam. Jsou zakoupen\u00e9 v iWantu.\" \/>\n<meta property=\"og:url\" content=\"https:\/\/www.letemsvetemapplem.eu\/bazar\/apple-watch-3-serie-42-mm-tyden-stare\/\" \/>\n<meta property=\"og:site_name\" content=\"Apple bazar\" \/>\n<meta property=\"article:published_time\" content=\"2019-02-06T13:29:23+00:00\" \/>\n<meta property=\"article:modified_time\" content=\"2019-02-06T20:03:56+00:00\" \/>\n<meta property=\"og:image\" content=\"https:\/\/www.letemsvetemapplem.eu\/bazar\/wp-content\/uploads\/2019\/02\/image.jpg\" \/>\n\t<meta property=\"og:image:width\" content=\"4032\" \/>\n\t<meta property=\"og:image:height\" content=\"3024\" \/>\n\t<meta property=\"og:image:type\" content=\"image\/jpeg\" \/>\n<meta name=\"author\" content=\"admin\" \/>\n<meta name=\"twitter:card\" content=\"summary_large_image\" \/>\n<script type=\"application\/ld+json\" class=\"yoast-schema-graph\">{\"@context\":\"https:\\\/\\\/schema.org\",\"@graph\":[{\"@type\":\"Article\",\"@id\":\"https:\\\/\\\/www.letemsvetemapplem.eu\\\/bazar\\\/apple-watch-3-serie-42-mm-tyden-stare\\\/#article\",\"isPartOf\":{\"@id\":\"https:\\\/\\\/www.letemsvetemapplem.eu\\\/bazar\\\/apple-watch-3-serie-42-mm-tyden-stare\\\/\"},\"author\":{\"name\":\"admin\",\"@id\":\"https:\\\/\\\/www.letemsvetemapplem.eu\\\/bazar\\\/#\\\/schema\\\/person\\\/473fd8554a31ad3176ad414dac37305d\"},\"headline\":\"Apple Watch 3 s\u00e9rie 42.mm t\u00fdden star\u00e9\",\"datePublished\":\"2019-02-06T13:29:23+00:00\",\"dateModified\":\"2019-02-06T20:03:56+00:00\",\"mainEntityOfPage\":{\"@id\":\"https:\\\/\\\/www.letemsvetemapplem.eu\\\/bazar\\\/apple-watch-3-serie-42-mm-tyden-stare\\\/\"},\"wordCount\":32,\"image\":{\"@id\":\"https:\\\/\\\/www.letemsvetemapplem.eu\\\/bazar\\\/apple-watch-3-serie-42-mm-tyden-stare\\\/#primaryimage\"},\"thumbnailUrl\":\"https:\\\/\\\/www.letemsvetemapplem.eu\\\/bazar\\\/wp-content\\\/uploads\\\/2019\\\/02\\\/image.jpg\",\"articleSection\":[\"Apple Watch Series 3\"],\"inLanguage\":\"cs\"},{\"@type\":\"WebPage\",\"@id\":\"https:\\\/\\\/www.letemsvetemapplem.eu\\\/bazar\\\/apple-watch-3-serie-42-mm-tyden-stare\\\/\",\"url\":\"https:\\\/\\\/www.letemsvetemapplem.eu\\\/bazar\\\/apple-watch-3-serie-42-mm-tyden-stare\\\/\",\"name\":\"Apple Watch 3 s\u00e9rie 42.mm t\u00fdden star\u00e9 - Apple bazar\",\"isPartOf\":{\"@id\":\"https:\\\/\\\/www.letemsvetemapplem.eu\\\/bazar\\\/#website\"},\"primaryImageOfPage\":{\"@id\":\"https:\\\/\\\/www.letemsvetemapplem.eu\\\/bazar\\\/apple-watch-3-serie-42-mm-tyden-stare\\\/#primaryimage\"},\"image\":{\"@id\":\"https:\\\/\\\/www.letemsvetemapplem.eu\\\/bazar\\\/apple-watch-3-serie-42-mm-tyden-stare\\\/#primaryimage\"},\"thumbnailUrl\":\"https:\\\/\\\/www.letemsvetemapplem.eu\\\/bazar\\\/wp-content\\\/uploads\\\/2019\\\/02\\\/image.jpg\",\"datePublished\":\"2019-02-06T13:29:23+00:00\",\"dateModified\":\"2019-02-06T20:03:56+00:00\",\"author\":{\"@id\":\"https:\\\/\\\/www.letemsvetemapplem.eu\\\/bazar\\\/#\\\/schema\\\/person\\\/473fd8554a31ad3176ad414dac37305d\"},\"breadcrumb\":{\"@id\":\"https:\\\/\\\/www.letemsvetemapplem.eu\\\/bazar\\\/apple-watch-3-serie-42-mm-tyden-stare\\\/#breadcrumb\"},\"inLanguage\":\"cs\",\"potentialAction\":[{\"@type\":\"ReadAction\",\"target\":[\"https:\\\/\\\/www.letemsvetemapplem.eu\\\/bazar\\\/apple-watch-3-serie-42-mm-tyden-stare\\\/\"]}]},{\"@type\":\"ImageObject\",\"inLanguage\":\"cs\",\"@id\":\"https:\\\/\\\/www.letemsvetemapplem.eu\\\/bazar\\\/apple-watch-3-serie-42-mm-tyden-stare\\\/#primaryimage\",\"url\":\"https:\\\/\\\/www.letemsvetemapplem.eu\\\/bazar\\\/wp-content\\\/uploads\\\/2019\\\/02\\\/image.jpg\",\"contentUrl\":\"https:\\\/\\\/www.letemsvetemapplem.eu\\\/bazar\\\/wp-content\\\/uploads\\\/2019\\\/02\\\/image.jpg\",\"width\":4032,\"height\":3024},{\"@type\":\"BreadcrumbList\",\"@id\":\"https:\\\/\\\/www.letemsvetemapplem.eu\\\/bazar\\\/apple-watch-3-serie-42-mm-tyden-stare\\\/#breadcrumb\",\"itemListElement\":[{\"@type\":\"ListItem\",\"position\":1,\"name\":\"Apple Bazar\",\"item\":\"https:\\\/\\\/www.letemsvetemapplem.eu\\\/bazar\\\/\"},{\"@type\":\"ListItem\",\"position\":2,\"name\":\"Apple Watch 3 s\u00e9rie 42.mm t\u00fdden star\u00e9\"}]},{\"@type\":\"WebSite\",\"@id\":\"https:\\\/\\\/www.letemsvetemapplem.eu\\\/bazar\\\/#website\",\"url\":\"https:\\\/\\\/www.letemsvetemapplem.eu\\\/bazar\\\/\",\"name\":\"Apple bazar\",\"description\":\"Oou\u017eit\u00e9 Apple produkty za skv\u011bl\u00e9 ceny\",\"potentialAction\":[{\"@type\":\"SearchAction\",\"target\":{\"@type\":\"EntryPoint\",\"urlTemplate\":\"https:\\\/\\\/www.letemsvetemapplem.eu\\\/bazar\\\/?s={search_term_string}\"},\"query-input\":{\"@type\":\"PropertyValueSpecification\",\"valueRequired\":true,\"valueName\":\"search_term_string\"}}],\"inLanguage\":\"cs\"},{\"@type\":\"Person\",\"@id\":\"https:\\\/\\\/www.letemsvetemapplem.eu\\\/bazar\\\/#\\\/schema\\\/person\\\/473fd8554a31ad3176ad414dac37305d\",\"name\":\"admin\",\"url\":\"https:\\\/\\\/www.letemsvetemapplem.eu\\\/bazar\\\/author\\\/admin\\\/\"}]}<\/script>\n<!-- \/ Yoast SEO plugin. -->","yoast_head_json":{"title":"Apple Watch 3 s\u00e9rie 42.mm t\u00fdden star\u00e9 - Apple bazar","robots":{"index":"index","follow":"follow","max-snippet":"max-snippet:-1","max-image-preview":"max-image-preview:large","max-video-preview":"max-video-preview:-1"},"canonical":"https:\/\/www.letemsvetemapplem.eu\/bazar\/apple-watch-3-serie-42-mm-tyden-stare\/","og_locale":"cs_CZ","og_type":"article","og_title":"Apple Watch 3 s\u00e9rie 42.mm t\u00fdden star\u00e9 - Apple bazar","og_description":"Jsou to z cela nov\u00e9 hodinky no\u0161ene na ruce ani ne t\u00fdden. Nevhodn\u00fd d\u00e1rek. Proto je prodavam. Jsou zakoupen\u00e9 v iWantu.","og_url":"https:\/\/www.letemsvetemapplem.eu\/bazar\/apple-watch-3-serie-42-mm-tyden-stare\/","og_site_name":"Apple bazar","article_published_time":"2019-02-06T13:29:23+00:00","article_modified_time":"2019-02-06T20:03:56+00:00","og_image":[{"width":4032,"height":3024,"url":"https:\/\/www.letemsvetemapplem.eu\/bazar\/wp-content\/uploads\/2019\/02\/image.jpg","type":"image\/jpeg"}],"author":"admin","twitter_card":"summary_large_image","schema":{"@context":"https:\/\/schema.org","@graph":[{"@type":"Article","@id":"https:\/\/www.letemsvetemapplem.eu\/bazar\/apple-watch-3-serie-42-mm-tyden-stare\/#article","isPartOf":{"@id":"https:\/\/www.letemsvetemapplem.eu\/bazar\/apple-watch-3-serie-42-mm-tyden-stare\/"},"author":{"name":"admin","@id":"https:\/\/www.letemsvetemapplem.eu\/bazar\/#\/schema\/person\/473fd8554a31ad3176ad414dac37305d"},"headline":"Apple Watch 3 s\u00e9rie 42.mm t\u00fdden star\u00e9","datePublished":"2019-02-06T13:29:23+00:00","dateModified":"2019-02-06T20:03:56+00:00","mainEntityOfPage":{"@id":"https:\/\/www.letemsvetemapplem.eu\/bazar\/apple-watch-3-serie-42-mm-tyden-stare\/"},"wordCount":32,"image":{"@id":"https:\/\/www.letemsvetemapplem.eu\/bazar\/apple-watch-3-serie-42-mm-tyden-stare\/#primaryimage"},"thumbnailUrl":"https:\/\/www.letemsvetemapplem.eu\/bazar\/wp-content\/uploads\/2019\/02\/image.jpg","articleSection":["Apple Watch Series 3"],"inLanguage":"cs"},{"@type":"WebPage","@id":"https:\/\/www.letemsvetemapplem.eu\/bazar\/apple-watch-3-serie-42-mm-tyden-stare\/","url":"https:\/\/www.letemsvetemapplem.eu\/bazar\/apple-watch-3-serie-42-mm-tyden-stare\/","name":"Apple Watch 3 s\u00e9rie 42.mm t\u00fdden star\u00e9 - Apple bazar","isPartOf":{"@id":"https:\/\/www.letemsvetemapplem.eu\/bazar\/#website"},"primaryImageOfPage":{"@id":"https:\/\/www.letemsvetemapplem.eu\/bazar\/apple-watch-3-serie-42-mm-tyden-stare\/#primaryimage"},"image":{"@id":"https:\/\/www.letemsvetemapplem.eu\/bazar\/apple-watch-3-serie-42-mm-tyden-stare\/#primaryimage"},"thumbnailUrl":"https:\/\/www.letemsvetemapplem.eu\/bazar\/wp-content\/uploads\/2019\/02\/image.jpg","datePublished":"2019-02-06T13:29:23+00:00","dateModified":"2019-02-06T20:03:56+00:00","author":{"@id":"https:\/\/www.letemsvetemapplem.eu\/bazar\/#\/schema\/person\/473fd8554a31ad3176ad414dac37305d"},"breadcrumb":{"@id":"https:\/\/www.letemsvetemapplem.eu\/bazar\/apple-watch-3-serie-42-mm-tyden-stare\/#breadcrumb"},"inLanguage":"cs","potentialAction":[{"@type":"ReadAction","target":["https:\/\/www.letemsvetemapplem.eu\/bazar\/apple-watch-3-serie-42-mm-tyden-stare\/"]}]},{"@type":"ImageObject","inLanguage":"cs","@id":"https:\/\/www.letemsvetemapplem.eu\/bazar\/apple-watch-3-serie-42-mm-tyden-stare\/#primaryimage","url":"https:\/\/www.letemsvetemapplem.eu\/bazar\/wp-content\/uploads\/2019\/02\/image.jpg","contentUrl":"https:\/\/www.letemsvetemapplem.eu\/bazar\/wp-content\/uploads\/2019\/02\/image.jpg","width":4032,"height":3024},{"@type":"BreadcrumbList","@id":"https:\/\/www.letemsvetemapplem.eu\/bazar\/apple-watch-3-serie-42-mm-tyden-stare\/#breadcrumb","itemListElement":[{"@type":"ListItem","position":1,"name":"Apple Bazar","item":"https:\/\/www.letemsvetemapplem.eu\/bazar\/"},{"@type":"ListItem","position":2,"name":"Apple Watch 3 s\u00e9rie 42.mm t\u00fdden star\u00e9"}]},{"@type":"WebSite","@id":"https:\/\/www.letemsvetemapplem.eu\/bazar\/#website","url":"https:\/\/www.letemsvetemapplem.eu\/bazar\/","name":"Apple bazar","description":"Oou\u017eit\u00e9 Apple produkty za skv\u011bl\u00e9 ceny","potentialAction":[{"@type":"SearchAction","target":{"@type":"EntryPoint","urlTemplate":"https:\/\/www.letemsvetemapplem.eu\/bazar\/?s={search_term_string}"},"query-input":{"@type":"PropertyValueSpecification","valueRequired":true,"valueName":"search_term_string"}}],"inLanguage":"cs"},{"@type":"Person","@id":"https:\/\/www.letemsvetemapplem.eu\/bazar\/#\/schema\/person\/473fd8554a31ad3176ad414dac37305d","name":"admin","url":"https:\/\/www.letemsvetemapplem.eu\/bazar\/author\/admin\/"}]}},"_links":{"self":[{"href":"https:\/\/www.letemsvetemapplem.eu\/bazar\/wp-json\/wp\/v2\/posts\/138375","targetHints":{"allow":["GET"]}}],"collection":[{"href":"https:\/\/www.letemsvetemapplem.eu\/bazar\/wp-json\/wp\/v2\/posts"}],"about":[{"href":"https:\/\/www.letemsvetemapplem.eu\/bazar\/wp-json\/wp\/v2\/types\/post"}],"author":[{"embeddable":true,"href":"https:\/\/www.letemsvetemapplem.eu\/bazar\/wp-json\/wp\/v2\/users\/1"}],"replies":[{"embeddable":true,"href":"https:\/\/www.letemsvetemapplem.eu\/bazar\/wp-json\/wp\/v2\/comments?post=138375"}],"version-history":[{"count":0,"href":"https:\/\/www.letemsvetemapplem.eu\/bazar\/wp-json\/wp\/v2\/posts\/138375\/revisions"}],"wp:featuredmedia":[{"embeddable":true,"href":"https:\/\/www.letemsvetemapplem.eu\/bazar\/wp-json\/wp\/v2\/media\/138376"}],"wp:attachment":[{"href":"https:\/\/www.letemsvetemapplem.eu\/bazar\/wp-json\/wp\/v2\/media?parent=138375"}],"wp:term":[{"taxonomy":"category","embeddable":true,"href":"https:\/\/www.letemsvetemapplem.eu\/bazar\/wp-json\/wp\/v2\/categories?post=138375"},{"taxonomy":"post_tag","embeddable":true,"href":"https:\/\/www.letemsvetemapplem.eu\/bazar\/wp-json\/wp\/v2\/tags?post=138375"}],"curies":[{"name":"wp","href":"https:\/\/api.w.org\/{rel}","templated":true}]}}