{"id":135703,"date":"2019-01-16T11:16:30","date_gmt":"2019-01-16T10:16:30","guid":{"rendered":"https:\/\/www.letemsvetemapplem.eu\/bazar\/?p=135703"},"modified":"2019-01-16T11:16:30","modified_gmt":"2019-01-16T10:16:30","slug":"apple-iphone-x-256gb-novy-nerozbaleny","status":"publish","type":"post","link":"https:\/\/www.letemsvetemapplem.eu\/bazar\/apple-iphone-x-256gb-novy-nerozbaleny\/","title":{"rendered":"Apple iPhone X 256GB &#8211; nov\u00fd, nerozbalen\u00fd"},"content":{"rendered":"<p>Prod\u00e1m nov\u00fd, nerozbalen\u00fd, st\u00e1le zataven\u00fd ve f\u00f3lii iPhone X 256 GB, vesm\u00edrn\u011b \u0161ed\u00fd.<br \/>\nPln\u00e1 z\u00e1ruka na 2 roky od Vodafone. CZ distribuce.<\/p>\n","protected":false},"excerpt":{"rendered":"<p>Prod\u00e1m nov\u00fd, nerozbalen\u00fd, st\u00e1le zataven\u00fd ve f\u00f3lii iPhone X 256 GB, vesm\u00edrn\u011b \u0161ed\u00fd. Pln\u00e1 z\u00e1ruka na 2 roky od Vodafone. CZ distribuce.<\/p>\n","protected":false},"author":0,"featured_media":135704,"comment_status":"closed","ping_status":"closed","sticky":false,"template":"","format":"standard","meta":{"footnotes":""},"categories":[61],"tags":[],"class_list":["post-135703","post","type-post","status-publish","format-standard","has-post-thumbnail","hentry","category-iphone-x"],"yoast_head":"<!-- This site is optimized with the Yoast SEO plugin v27.5 - https:\/\/yoast.com\/product\/yoast-seo-wordpress\/ -->\n<title>Apple iPhone X 256GB - nov\u00fd, nerozbalen\u00fd - Apple bazar<\/title>\n<meta name=\"robots\" content=\"index, follow, max-snippet:-1, max-image-preview:large, max-video-preview:-1\" \/>\n<link rel=\"canonical\" href=\"https:\/\/www.letemsvetemapplem.eu\/bazar\/apple-iphone-x-256gb-novy-nerozbaleny\/\" \/>\n<meta property=\"og:locale\" content=\"cs_CZ\" \/>\n<meta property=\"og:type\" content=\"article\" \/>\n<meta property=\"og:title\" content=\"Apple iPhone X 256GB - nov\u00fd, nerozbalen\u00fd - Apple bazar\" \/>\n<meta property=\"og:description\" content=\"Prod\u00e1m nov\u00fd, nerozbalen\u00fd, st\u00e1le zataven\u00fd ve f\u00f3lii iPhone X 256 GB, vesm\u00edrn\u011b \u0161ed\u00fd. Pln\u00e1 z\u00e1ruka na 2 roky od Vodafone. CZ distribuce.\" \/>\n<meta property=\"og:url\" content=\"https:\/\/www.letemsvetemapplem.eu\/bazar\/apple-iphone-x-256gb-novy-nerozbaleny\/\" \/>\n<meta property=\"og:site_name\" content=\"Apple bazar\" \/>\n<meta property=\"article:published_time\" content=\"2019-01-16T10:16:30+00:00\" \/>\n<meta property=\"og:image\" content=\"https:\/\/www.letemsvetemapplem.eu\/bazar\/wp-content\/uploads\/2019\/01\/FEAD3B4A-5AB5-4654-B0AF-7707DCB4347A.jpeg\" \/>\n\t<meta property=\"og:image:width\" content=\"855\" \/>\n\t<meta property=\"og:image:height\" content=\"688\" \/>\n\t<meta property=\"og:image:type\" content=\"image\/jpeg\" \/>\n<meta name=\"twitter:card\" content=\"summary_large_image\" \/>\n<script type=\"application\/ld+json\" class=\"yoast-schema-graph\">{\"@context\":\"https:\\\/\\\/schema.org\",\"@graph\":[{\"@type\":\"Article\",\"@id\":\"https:\\\/\\\/www.letemsvetemapplem.eu\\\/bazar\\\/apple-iphone-x-256gb-novy-nerozbaleny\\\/#article\",\"isPartOf\":{\"@id\":\"https:\\\/\\\/www.letemsvetemapplem.eu\\\/bazar\\\/apple-iphone-x-256gb-novy-nerozbaleny\\\/\"},\"author\":{\"name\":\"\",\"@id\":\"\"},\"headline\":\"Apple iPhone X 256GB &#8211; nov\u00fd, nerozbalen\u00fd\",\"datePublished\":\"2019-01-16T10:16:30+00:00\",\"mainEntityOfPage\":{\"@id\":\"https:\\\/\\\/www.letemsvetemapplem.eu\\\/bazar\\\/apple-iphone-x-256gb-novy-nerozbaleny\\\/\"},\"wordCount\":32,\"image\":{\"@id\":\"https:\\\/\\\/www.letemsvetemapplem.eu\\\/bazar\\\/apple-iphone-x-256gb-novy-nerozbaleny\\\/#primaryimage\"},\"thumbnailUrl\":\"https:\\\/\\\/www.letemsvetemapplem.eu\\\/bazar\\\/wp-content\\\/uploads\\\/2019\\\/01\\\/FEAD3B4A-5AB5-4654-B0AF-7707DCB4347A.jpeg\",\"articleSection\":[\"iPhone X\"],\"inLanguage\":\"cs\"},{\"@type\":\"WebPage\",\"@id\":\"https:\\\/\\\/www.letemsvetemapplem.eu\\\/bazar\\\/apple-iphone-x-256gb-novy-nerozbaleny\\\/\",\"url\":\"https:\\\/\\\/www.letemsvetemapplem.eu\\\/bazar\\\/apple-iphone-x-256gb-novy-nerozbaleny\\\/\",\"name\":\"Apple iPhone X 256GB - nov\u00fd, nerozbalen\u00fd - Apple bazar\",\"isPartOf\":{\"@id\":\"https:\\\/\\\/www.letemsvetemapplem.eu\\\/bazar\\\/#website\"},\"primaryImageOfPage\":{\"@id\":\"https:\\\/\\\/www.letemsvetemapplem.eu\\\/bazar\\\/apple-iphone-x-256gb-novy-nerozbaleny\\\/#primaryimage\"},\"image\":{\"@id\":\"https:\\\/\\\/www.letemsvetemapplem.eu\\\/bazar\\\/apple-iphone-x-256gb-novy-nerozbaleny\\\/#primaryimage\"},\"thumbnailUrl\":\"https:\\\/\\\/www.letemsvetemapplem.eu\\\/bazar\\\/wp-content\\\/uploads\\\/2019\\\/01\\\/FEAD3B4A-5AB5-4654-B0AF-7707DCB4347A.jpeg\",\"datePublished\":\"2019-01-16T10:16:30+00:00\",\"author\":{\"@id\":\"\"},\"breadcrumb\":{\"@id\":\"https:\\\/\\\/www.letemsvetemapplem.eu\\\/bazar\\\/apple-iphone-x-256gb-novy-nerozbaleny\\\/#breadcrumb\"},\"inLanguage\":\"cs\",\"potentialAction\":[{\"@type\":\"ReadAction\",\"target\":[\"https:\\\/\\\/www.letemsvetemapplem.eu\\\/bazar\\\/apple-iphone-x-256gb-novy-nerozbaleny\\\/\"]}]},{\"@type\":\"ImageObject\",\"inLanguage\":\"cs\",\"@id\":\"https:\\\/\\\/www.letemsvetemapplem.eu\\\/bazar\\\/apple-iphone-x-256gb-novy-nerozbaleny\\\/#primaryimage\",\"url\":\"https:\\\/\\\/www.letemsvetemapplem.eu\\\/bazar\\\/wp-content\\\/uploads\\\/2019\\\/01\\\/FEAD3B4A-5AB5-4654-B0AF-7707DCB4347A.jpeg\",\"contentUrl\":\"https:\\\/\\\/www.letemsvetemapplem.eu\\\/bazar\\\/wp-content\\\/uploads\\\/2019\\\/01\\\/FEAD3B4A-5AB5-4654-B0AF-7707DCB4347A.jpeg\",\"width\":855,\"height\":688},{\"@type\":\"BreadcrumbList\",\"@id\":\"https:\\\/\\\/www.letemsvetemapplem.eu\\\/bazar\\\/apple-iphone-x-256gb-novy-nerozbaleny\\\/#breadcrumb\",\"itemListElement\":[{\"@type\":\"ListItem\",\"position\":1,\"name\":\"Apple Bazar\",\"item\":\"https:\\\/\\\/www.letemsvetemapplem.eu\\\/bazar\\\/\"},{\"@type\":\"ListItem\",\"position\":2,\"name\":\"Apple iPhone X 256GB &#8211; nov\u00fd, nerozbalen\u00fd\"}]},{\"@type\":\"WebSite\",\"@id\":\"https:\\\/\\\/www.letemsvetemapplem.eu\\\/bazar\\\/#website\",\"url\":\"https:\\\/\\\/www.letemsvetemapplem.eu\\\/bazar\\\/\",\"name\":\"Apple bazar\",\"description\":\"Oou\u017eit\u00e9 Apple produkty za skv\u011bl\u00e9 ceny\",\"potentialAction\":[{\"@type\":\"SearchAction\",\"target\":{\"@type\":\"EntryPoint\",\"urlTemplate\":\"https:\\\/\\\/www.letemsvetemapplem.eu\\\/bazar\\\/?s={search_term_string}\"},\"query-input\":{\"@type\":\"PropertyValueSpecification\",\"valueRequired\":true,\"valueName\":\"search_term_string\"}}],\"inLanguage\":\"cs\"}]}<\/script>\n<!-- \/ Yoast SEO plugin. -->","yoast_head_json":{"title":"Apple iPhone X 256GB - nov\u00fd, nerozbalen\u00fd - Apple bazar","robots":{"index":"index","follow":"follow","max-snippet":"max-snippet:-1","max-image-preview":"max-image-preview:large","max-video-preview":"max-video-preview:-1"},"canonical":"https:\/\/www.letemsvetemapplem.eu\/bazar\/apple-iphone-x-256gb-novy-nerozbaleny\/","og_locale":"cs_CZ","og_type":"article","og_title":"Apple iPhone X 256GB - nov\u00fd, nerozbalen\u00fd - Apple bazar","og_description":"Prod\u00e1m nov\u00fd, nerozbalen\u00fd, st\u00e1le zataven\u00fd ve f\u00f3lii iPhone X 256 GB, vesm\u00edrn\u011b \u0161ed\u00fd. Pln\u00e1 z\u00e1ruka na 2 roky od Vodafone. CZ distribuce.","og_url":"https:\/\/www.letemsvetemapplem.eu\/bazar\/apple-iphone-x-256gb-novy-nerozbaleny\/","og_site_name":"Apple bazar","article_published_time":"2019-01-16T10:16:30+00:00","og_image":[{"width":855,"height":688,"url":"https:\/\/www.letemsvetemapplem.eu\/bazar\/wp-content\/uploads\/2019\/01\/FEAD3B4A-5AB5-4654-B0AF-7707DCB4347A.jpeg","type":"image\/jpeg"}],"twitter_card":"summary_large_image","schema":{"@context":"https:\/\/schema.org","@graph":[{"@type":"Article","@id":"https:\/\/www.letemsvetemapplem.eu\/bazar\/apple-iphone-x-256gb-novy-nerozbaleny\/#article","isPartOf":{"@id":"https:\/\/www.letemsvetemapplem.eu\/bazar\/apple-iphone-x-256gb-novy-nerozbaleny\/"},"author":{"name":"","@id":""},"headline":"Apple iPhone X 256GB &#8211; nov\u00fd, nerozbalen\u00fd","datePublished":"2019-01-16T10:16:30+00:00","mainEntityOfPage":{"@id":"https:\/\/www.letemsvetemapplem.eu\/bazar\/apple-iphone-x-256gb-novy-nerozbaleny\/"},"wordCount":32,"image":{"@id":"https:\/\/www.letemsvetemapplem.eu\/bazar\/apple-iphone-x-256gb-novy-nerozbaleny\/#primaryimage"},"thumbnailUrl":"https:\/\/www.letemsvetemapplem.eu\/bazar\/wp-content\/uploads\/2019\/01\/FEAD3B4A-5AB5-4654-B0AF-7707DCB4347A.jpeg","articleSection":["iPhone X"],"inLanguage":"cs"},{"@type":"WebPage","@id":"https:\/\/www.letemsvetemapplem.eu\/bazar\/apple-iphone-x-256gb-novy-nerozbaleny\/","url":"https:\/\/www.letemsvetemapplem.eu\/bazar\/apple-iphone-x-256gb-novy-nerozbaleny\/","name":"Apple iPhone X 256GB - nov\u00fd, nerozbalen\u00fd - Apple bazar","isPartOf":{"@id":"https:\/\/www.letemsvetemapplem.eu\/bazar\/#website"},"primaryImageOfPage":{"@id":"https:\/\/www.letemsvetemapplem.eu\/bazar\/apple-iphone-x-256gb-novy-nerozbaleny\/#primaryimage"},"image":{"@id":"https:\/\/www.letemsvetemapplem.eu\/bazar\/apple-iphone-x-256gb-novy-nerozbaleny\/#primaryimage"},"thumbnailUrl":"https:\/\/www.letemsvetemapplem.eu\/bazar\/wp-content\/uploads\/2019\/01\/FEAD3B4A-5AB5-4654-B0AF-7707DCB4347A.jpeg","datePublished":"2019-01-16T10:16:30+00:00","author":{"@id":""},"breadcrumb":{"@id":"https:\/\/www.letemsvetemapplem.eu\/bazar\/apple-iphone-x-256gb-novy-nerozbaleny\/#breadcrumb"},"inLanguage":"cs","potentialAction":[{"@type":"ReadAction","target":["https:\/\/www.letemsvetemapplem.eu\/bazar\/apple-iphone-x-256gb-novy-nerozbaleny\/"]}]},{"@type":"ImageObject","inLanguage":"cs","@id":"https:\/\/www.letemsvetemapplem.eu\/bazar\/apple-iphone-x-256gb-novy-nerozbaleny\/#primaryimage","url":"https:\/\/www.letemsvetemapplem.eu\/bazar\/wp-content\/uploads\/2019\/01\/FEAD3B4A-5AB5-4654-B0AF-7707DCB4347A.jpeg","contentUrl":"https:\/\/www.letemsvetemapplem.eu\/bazar\/wp-content\/uploads\/2019\/01\/FEAD3B4A-5AB5-4654-B0AF-7707DCB4347A.jpeg","width":855,"height":688},{"@type":"BreadcrumbList","@id":"https:\/\/www.letemsvetemapplem.eu\/bazar\/apple-iphone-x-256gb-novy-nerozbaleny\/#breadcrumb","itemListElement":[{"@type":"ListItem","position":1,"name":"Apple Bazar","item":"https:\/\/www.letemsvetemapplem.eu\/bazar\/"},{"@type":"ListItem","position":2,"name":"Apple iPhone X 256GB &#8211; nov\u00fd, nerozbalen\u00fd"}]},{"@type":"WebSite","@id":"https:\/\/www.letemsvetemapplem.eu\/bazar\/#website","url":"https:\/\/www.letemsvetemapplem.eu\/bazar\/","name":"Apple bazar","description":"Oou\u017eit\u00e9 Apple produkty za skv\u011bl\u00e9 ceny","potentialAction":[{"@type":"SearchAction","target":{"@type":"EntryPoint","urlTemplate":"https:\/\/www.letemsvetemapplem.eu\/bazar\/?s={search_term_string}"},"query-input":{"@type":"PropertyValueSpecification","valueRequired":true,"valueName":"search_term_string"}}],"inLanguage":"cs"}]}},"_links":{"self":[{"href":"https:\/\/www.letemsvetemapplem.eu\/bazar\/wp-json\/wp\/v2\/posts\/135703","targetHints":{"allow":["GET"]}}],"collection":[{"href":"https:\/\/www.letemsvetemapplem.eu\/bazar\/wp-json\/wp\/v2\/posts"}],"about":[{"href":"https:\/\/www.letemsvetemapplem.eu\/bazar\/wp-json\/wp\/v2\/types\/post"}],"replies":[{"embeddable":true,"href":"https:\/\/www.letemsvetemapplem.eu\/bazar\/wp-json\/wp\/v2\/comments?post=135703"}],"version-history":[{"count":0,"href":"https:\/\/www.letemsvetemapplem.eu\/bazar\/wp-json\/wp\/v2\/posts\/135703\/revisions"}],"wp:featuredmedia":[{"embeddable":true,"href":"https:\/\/www.letemsvetemapplem.eu\/bazar\/wp-json\/wp\/v2\/media\/135704"}],"wp:attachment":[{"href":"https:\/\/www.letemsvetemapplem.eu\/bazar\/wp-json\/wp\/v2\/media?parent=135703"}],"wp:term":[{"taxonomy":"category","embeddable":true,"href":"https:\/\/www.letemsvetemapplem.eu\/bazar\/wp-json\/wp\/v2\/categories?post=135703"},{"taxonomy":"post_tag","embeddable":true,"href":"https:\/\/www.letemsvetemapplem.eu\/bazar\/wp-json\/wp\/v2\/tags?post=135703"}],"curies":[{"name":"wp","href":"https:\/\/api.w.org\/{rel}","templated":true}]}}