{"id":133991,"date":"2019-01-03T09:40:59","date_gmt":"2019-01-03T08:40:59","guid":{"rendered":"https:\/\/www.letemsvetemapplem.eu\/bazar\/?p=133991"},"modified":"2019-01-03T09:40:59","modified_gmt":"2019-01-03T08:40:59","slug":"imac-27-i5-8gb-480gb-ssd","status":"publish","type":"post","link":"https:\/\/www.letemsvetemapplem.eu\/bazar\/imac-27-i5-8gb-480gb-ssd\/","title":{"rendered":"iMac 27&quot; i5\/8GB\/480GB SSD"},"content":{"rendered":"<p>Prod\u00e1m zachoval\u00fd iMac 27\u201d 2010, konfigurace na fotce, Intel Core i5 2,8GHz, 8GB DDR3 (jeden slot je\u0161t\u011b voln\u00fd), 480GB SSD disk, ATI 5750 1GB.<\/p>\n<p>iMac je pln\u011b funk\u010dn\u00ed, \u017e\u00e1dn\u00e9 zapr\u00e1\u0161en\u00e9 fleky na displeji a podobn\u011b, podsv\u00edcen\u00ed tak\u00e9 jak m\u00e1 b\u00fdt.<\/p>\n<p>Za ty roky se samoz\u0159ejm\u011b n\u011bjak\u00fd \u0161kr\u00e1bane\u010dek najde, ale \u017e\u00e1dn\u00e1 r\u00fdha, velk\u00fd \u0161kr\u00e1banec a podobn\u011b, displej naprosto \u010dist\u00fd.<\/p>\n<p>K prodeji samotn\u00fd iMac s origin\u00e1ln\u00edm nap\u00e1jec\u00edm kabelem.<\/p>\n<p>Vzhledem k v\u00e1ze a velikosti po\u0161tou ur\u010dit\u011b neposilam, osobn\u00ed p\u0159evzet\u00ed na Praze Z\u00e1pad, po domluv\u011b lze i p\u0159iv\u00e9zt.<\/p>\n","protected":false},"excerpt":{"rendered":"<p>Prod\u00e1m zachoval\u00fd iMac 27\u201d 2010, konfigurace na fotce, Intel Core i5 2,8GHz, 8GB DDR3 (jeden slot je\u0161t\u011b voln\u00fd), 480GB SSD disk, ATI 5750 1GB. iMac je pln\u011b funk\u010dn\u00ed, \u017e\u00e1dn\u00e9 zapr\u00e1\u0161en\u00e9 fleky na displeji a podobn\u011b, podsv\u00edcen\u00ed tak\u00e9 jak m\u00e1 b\u00fdt. Za ty roky se samoz\u0159ejm\u011b n\u011bjak\u00fd \u0161kr\u00e1bane\u010dek najde, ale \u017e\u00e1dn\u00e1 r\u00fdha, velk\u00fd \u0161kr\u00e1banec a podobn\u011b,&#8230;<\/p>\n","protected":false},"author":0,"featured_media":133992,"comment_status":"closed","ping_status":"closed","sticky":false,"template":"","format":"standard","meta":{"footnotes":""},"categories":[41],"tags":[],"class_list":["post-133991","post","type-post","status-publish","format-standard","has-post-thumbnail","hentry","category-imac"],"yoast_head":"<!-- This site is optimized with the Yoast SEO plugin v27.2 - https:\/\/yoast.com\/product\/yoast-seo-wordpress\/ -->\n<title>iMac 27&quot; i5\/8GB\/480GB SSD - Apple bazar<\/title>\n<meta name=\"robots\" content=\"index, follow, max-snippet:-1, max-image-preview:large, max-video-preview:-1\" \/>\n<link rel=\"canonical\" href=\"https:\/\/www.letemsvetemapplem.eu\/bazar\/imac-27-i5-8gb-480gb-ssd\/\" \/>\n<meta property=\"og:locale\" content=\"cs_CZ\" \/>\n<meta property=\"og:type\" content=\"article\" \/>\n<meta property=\"og:title\" content=\"iMac 27&quot; i5\/8GB\/480GB SSD - Apple bazar\" \/>\n<meta property=\"og:description\" content=\"Prod\u00e1m zachoval\u00fd iMac 27\u201d 2010, konfigurace na fotce, Intel Core i5 2,8GHz, 8GB DDR3 (jeden slot je\u0161t\u011b voln\u00fd), 480GB SSD disk, ATI 5750 1GB. iMac je pln\u011b funk\u010dn\u00ed, \u017e\u00e1dn\u00e9 zapr\u00e1\u0161en\u00e9 fleky na displeji a podobn\u011b, podsv\u00edcen\u00ed tak\u00e9 jak m\u00e1 b\u00fdt. Za ty roky se samoz\u0159ejm\u011b n\u011bjak\u00fd \u0161kr\u00e1bane\u010dek najde, ale \u017e\u00e1dn\u00e1 r\u00fdha, velk\u00fd \u0161kr\u00e1banec a podobn\u011b,...\" \/>\n<meta property=\"og:url\" content=\"https:\/\/www.letemsvetemapplem.eu\/bazar\/imac-27-i5-8gb-480gb-ssd\/\" \/>\n<meta property=\"og:site_name\" content=\"Apple bazar\" \/>\n<meta property=\"article:published_time\" content=\"2019-01-03T08:40:59+00:00\" \/>\n<meta property=\"og:image\" content=\"https:\/\/www.letemsvetemapplem.eu\/bazar\/wp-content\/uploads\/2019\/01\/IMG_2011.jpeg\" \/>\n\t<meta property=\"og:image:width\" content=\"1024\" \/>\n\t<meta property=\"og:image:height\" content=\"768\" \/>\n\t<meta property=\"og:image:type\" content=\"image\/jpeg\" \/>\n<meta name=\"twitter:card\" content=\"summary_large_image\" \/>\n<script type=\"application\/ld+json\" class=\"yoast-schema-graph\">{\"@context\":\"https:\/\/schema.org\",\"@graph\":[{\"@type\":\"Article\",\"@id\":\"https:\/\/www.letemsvetemapplem.eu\/bazar\/imac-27-i5-8gb-480gb-ssd\/#article\",\"isPartOf\":{\"@id\":\"https:\/\/www.letemsvetemapplem.eu\/bazar\/imac-27-i5-8gb-480gb-ssd\/\"},\"author\":{\"name\":\"\",\"@id\":\"\"},\"headline\":\"iMac 27&quot; i5\/8GB\/480GB SSD\",\"datePublished\":\"2019-01-03T08:40:59+00:00\",\"mainEntityOfPage\":{\"@id\":\"https:\/\/www.letemsvetemapplem.eu\/bazar\/imac-27-i5-8gb-480gb-ssd\/\"},\"wordCount\":110,\"image\":{\"@id\":\"https:\/\/www.letemsvetemapplem.eu\/bazar\/imac-27-i5-8gb-480gb-ssd\/#primaryimage\"},\"thumbnailUrl\":\"https:\/\/www.letemsvetemapplem.eu\/bazar\/wp-content\/uploads\/2019\/01\/IMG_2011.jpeg\",\"articleSection\":[\"iMac\"],\"inLanguage\":\"cs\"},{\"@type\":\"WebPage\",\"@id\":\"https:\/\/www.letemsvetemapplem.eu\/bazar\/imac-27-i5-8gb-480gb-ssd\/\",\"url\":\"https:\/\/www.letemsvetemapplem.eu\/bazar\/imac-27-i5-8gb-480gb-ssd\/\",\"name\":\"iMac 27&quot; i5\/8GB\/480GB SSD - Apple bazar\",\"isPartOf\":{\"@id\":\"https:\/\/www.letemsvetemapplem.eu\/bazar\/#website\"},\"primaryImageOfPage\":{\"@id\":\"https:\/\/www.letemsvetemapplem.eu\/bazar\/imac-27-i5-8gb-480gb-ssd\/#primaryimage\"},\"image\":{\"@id\":\"https:\/\/www.letemsvetemapplem.eu\/bazar\/imac-27-i5-8gb-480gb-ssd\/#primaryimage\"},\"thumbnailUrl\":\"https:\/\/www.letemsvetemapplem.eu\/bazar\/wp-content\/uploads\/2019\/01\/IMG_2011.jpeg\",\"datePublished\":\"2019-01-03T08:40:59+00:00\",\"author\":{\"@id\":\"\"},\"breadcrumb\":{\"@id\":\"https:\/\/www.letemsvetemapplem.eu\/bazar\/imac-27-i5-8gb-480gb-ssd\/#breadcrumb\"},\"inLanguage\":\"cs\",\"potentialAction\":[{\"@type\":\"ReadAction\",\"target\":[\"https:\/\/www.letemsvetemapplem.eu\/bazar\/imac-27-i5-8gb-480gb-ssd\/\"]}]},{\"@type\":\"ImageObject\",\"inLanguage\":\"cs\",\"@id\":\"https:\/\/www.letemsvetemapplem.eu\/bazar\/imac-27-i5-8gb-480gb-ssd\/#primaryimage\",\"url\":\"https:\/\/www.letemsvetemapplem.eu\/bazar\/wp-content\/uploads\/2019\/01\/IMG_2011.jpeg\",\"contentUrl\":\"https:\/\/www.letemsvetemapplem.eu\/bazar\/wp-content\/uploads\/2019\/01\/IMG_2011.jpeg\",\"width\":1024,\"height\":768},{\"@type\":\"BreadcrumbList\",\"@id\":\"https:\/\/www.letemsvetemapplem.eu\/bazar\/imac-27-i5-8gb-480gb-ssd\/#breadcrumb\",\"itemListElement\":[{\"@type\":\"ListItem\",\"position\":1,\"name\":\"Apple Bazar\",\"item\":\"https:\/\/www.letemsvetemapplem.eu\/bazar\/\"},{\"@type\":\"ListItem\",\"position\":2,\"name\":\"iMac 27&quot; i5\/8GB\/480GB SSD\"}]},{\"@type\":\"WebSite\",\"@id\":\"https:\/\/www.letemsvetemapplem.eu\/bazar\/#website\",\"url\":\"https:\/\/www.letemsvetemapplem.eu\/bazar\/\",\"name\":\"Apple bazar\",\"description\":\"Oou\u017eit\u00e9 Apple produkty za skv\u011bl\u00e9 ceny\",\"potentialAction\":[{\"@type\":\"SearchAction\",\"target\":{\"@type\":\"EntryPoint\",\"urlTemplate\":\"https:\/\/www.letemsvetemapplem.eu\/bazar\/?s={search_term_string}\"},\"query-input\":{\"@type\":\"PropertyValueSpecification\",\"valueRequired\":true,\"valueName\":\"search_term_string\"}}],\"inLanguage\":\"cs\"}]}<\/script>\n<!-- \/ Yoast SEO plugin. -->","yoast_head_json":{"title":"iMac 27&quot; i5\/8GB\/480GB SSD - Apple bazar","robots":{"index":"index","follow":"follow","max-snippet":"max-snippet:-1","max-image-preview":"max-image-preview:large","max-video-preview":"max-video-preview:-1"},"canonical":"https:\/\/www.letemsvetemapplem.eu\/bazar\/imac-27-i5-8gb-480gb-ssd\/","og_locale":"cs_CZ","og_type":"article","og_title":"iMac 27&quot; i5\/8GB\/480GB SSD - Apple bazar","og_description":"Prod\u00e1m zachoval\u00fd iMac 27\u201d 2010, konfigurace na fotce, Intel Core i5 2,8GHz, 8GB DDR3 (jeden slot je\u0161t\u011b voln\u00fd), 480GB SSD disk, ATI 5750 1GB. iMac je pln\u011b funk\u010dn\u00ed, \u017e\u00e1dn\u00e9 zapr\u00e1\u0161en\u00e9 fleky na displeji a podobn\u011b, podsv\u00edcen\u00ed tak\u00e9 jak m\u00e1 b\u00fdt. Za ty roky se samoz\u0159ejm\u011b n\u011bjak\u00fd \u0161kr\u00e1bane\u010dek najde, ale \u017e\u00e1dn\u00e1 r\u00fdha, velk\u00fd \u0161kr\u00e1banec a podobn\u011b,...","og_url":"https:\/\/www.letemsvetemapplem.eu\/bazar\/imac-27-i5-8gb-480gb-ssd\/","og_site_name":"Apple bazar","article_published_time":"2019-01-03T08:40:59+00:00","og_image":[{"width":1024,"height":768,"url":"https:\/\/www.letemsvetemapplem.eu\/bazar\/wp-content\/uploads\/2019\/01\/IMG_2011.jpeg","type":"image\/jpeg"}],"twitter_card":"summary_large_image","schema":{"@context":"https:\/\/schema.org","@graph":[{"@type":"Article","@id":"https:\/\/www.letemsvetemapplem.eu\/bazar\/imac-27-i5-8gb-480gb-ssd\/#article","isPartOf":{"@id":"https:\/\/www.letemsvetemapplem.eu\/bazar\/imac-27-i5-8gb-480gb-ssd\/"},"author":{"name":"","@id":""},"headline":"iMac 27&quot; i5\/8GB\/480GB SSD","datePublished":"2019-01-03T08:40:59+00:00","mainEntityOfPage":{"@id":"https:\/\/www.letemsvetemapplem.eu\/bazar\/imac-27-i5-8gb-480gb-ssd\/"},"wordCount":110,"image":{"@id":"https:\/\/www.letemsvetemapplem.eu\/bazar\/imac-27-i5-8gb-480gb-ssd\/#primaryimage"},"thumbnailUrl":"https:\/\/www.letemsvetemapplem.eu\/bazar\/wp-content\/uploads\/2019\/01\/IMG_2011.jpeg","articleSection":["iMac"],"inLanguage":"cs"},{"@type":"WebPage","@id":"https:\/\/www.letemsvetemapplem.eu\/bazar\/imac-27-i5-8gb-480gb-ssd\/","url":"https:\/\/www.letemsvetemapplem.eu\/bazar\/imac-27-i5-8gb-480gb-ssd\/","name":"iMac 27&quot; i5\/8GB\/480GB SSD - Apple bazar","isPartOf":{"@id":"https:\/\/www.letemsvetemapplem.eu\/bazar\/#website"},"primaryImageOfPage":{"@id":"https:\/\/www.letemsvetemapplem.eu\/bazar\/imac-27-i5-8gb-480gb-ssd\/#primaryimage"},"image":{"@id":"https:\/\/www.letemsvetemapplem.eu\/bazar\/imac-27-i5-8gb-480gb-ssd\/#primaryimage"},"thumbnailUrl":"https:\/\/www.letemsvetemapplem.eu\/bazar\/wp-content\/uploads\/2019\/01\/IMG_2011.jpeg","datePublished":"2019-01-03T08:40:59+00:00","author":{"@id":""},"breadcrumb":{"@id":"https:\/\/www.letemsvetemapplem.eu\/bazar\/imac-27-i5-8gb-480gb-ssd\/#breadcrumb"},"inLanguage":"cs","potentialAction":[{"@type":"ReadAction","target":["https:\/\/www.letemsvetemapplem.eu\/bazar\/imac-27-i5-8gb-480gb-ssd\/"]}]},{"@type":"ImageObject","inLanguage":"cs","@id":"https:\/\/www.letemsvetemapplem.eu\/bazar\/imac-27-i5-8gb-480gb-ssd\/#primaryimage","url":"https:\/\/www.letemsvetemapplem.eu\/bazar\/wp-content\/uploads\/2019\/01\/IMG_2011.jpeg","contentUrl":"https:\/\/www.letemsvetemapplem.eu\/bazar\/wp-content\/uploads\/2019\/01\/IMG_2011.jpeg","width":1024,"height":768},{"@type":"BreadcrumbList","@id":"https:\/\/www.letemsvetemapplem.eu\/bazar\/imac-27-i5-8gb-480gb-ssd\/#breadcrumb","itemListElement":[{"@type":"ListItem","position":1,"name":"Apple Bazar","item":"https:\/\/www.letemsvetemapplem.eu\/bazar\/"},{"@type":"ListItem","position":2,"name":"iMac 27&quot; i5\/8GB\/480GB SSD"}]},{"@type":"WebSite","@id":"https:\/\/www.letemsvetemapplem.eu\/bazar\/#website","url":"https:\/\/www.letemsvetemapplem.eu\/bazar\/","name":"Apple bazar","description":"Oou\u017eit\u00e9 Apple produkty za skv\u011bl\u00e9 ceny","potentialAction":[{"@type":"SearchAction","target":{"@type":"EntryPoint","urlTemplate":"https:\/\/www.letemsvetemapplem.eu\/bazar\/?s={search_term_string}"},"query-input":{"@type":"PropertyValueSpecification","valueRequired":true,"valueName":"search_term_string"}}],"inLanguage":"cs"}]}},"_links":{"self":[{"href":"https:\/\/www.letemsvetemapplem.eu\/bazar\/wp-json\/wp\/v2\/posts\/133991","targetHints":{"allow":["GET"]}}],"collection":[{"href":"https:\/\/www.letemsvetemapplem.eu\/bazar\/wp-json\/wp\/v2\/posts"}],"about":[{"href":"https:\/\/www.letemsvetemapplem.eu\/bazar\/wp-json\/wp\/v2\/types\/post"}],"replies":[{"embeddable":true,"href":"https:\/\/www.letemsvetemapplem.eu\/bazar\/wp-json\/wp\/v2\/comments?post=133991"}],"version-history":[{"count":0,"href":"https:\/\/www.letemsvetemapplem.eu\/bazar\/wp-json\/wp\/v2\/posts\/133991\/revisions"}],"wp:featuredmedia":[{"embeddable":true,"href":"https:\/\/www.letemsvetemapplem.eu\/bazar\/wp-json\/wp\/v2\/media\/133992"}],"wp:attachment":[{"href":"https:\/\/www.letemsvetemapplem.eu\/bazar\/wp-json\/wp\/v2\/media?parent=133991"}],"wp:term":[{"taxonomy":"category","embeddable":true,"href":"https:\/\/www.letemsvetemapplem.eu\/bazar\/wp-json\/wp\/v2\/categories?post=133991"},{"taxonomy":"post_tag","embeddable":true,"href":"https:\/\/www.letemsvetemapplem.eu\/bazar\/wp-json\/wp\/v2\/tags?post=133991"}],"curies":[{"name":"wp","href":"https:\/\/api.w.org\/{rel}","templated":true}]}}