{"id":130401,"date":"2018-12-14T19:16:26","date_gmt":"2018-12-14T18:16:26","guid":{"rendered":"https:\/\/www.letemsvetemapplem.eu\/bazar\/?p=130401"},"modified":"2018-12-14T19:16:26","modified_gmt":"2018-12-14T18:16:26","slug":"apple-imac-215-slim-model-2013","status":"publish","type":"post","link":"https:\/\/www.letemsvetemapplem.eu\/bazar\/apple-imac-215-slim-model-2013\/","title":{"rendered":"Apple iMac 21,5 slim model 2013"},"content":{"rendered":"<p>iMac je v perfektn\u00edm stavu, pou\u017e\u00edv\u00e1n jako alternativa k MacBooku p\u0159i pr\u00e1ci z domova.<\/p>\n<p>Sou\u010d\u00e1st\u00ed prodeje je i nepou\u017eit\u00e1 bluetooth kl\u00e1vesnice a my\u0161 origin\u00e1l apple. D\u016fvod prodeje, p\u0159echod na nov\u011bj\u0161\u00ed model 27&quot;<\/p>\n<p>iMac Late 2013 (21.5palcov\u00fd, model z konce roku 2013)<\/p>\n<p>Displej &#8211; 21,5palcov\u00fd (\u00fahlop\u0159\u00ed\u010dn\u011b) displej s LED podsv\u00edcen\u00edm a s technologi\u00ed IPS, rozli\u0161en\u00ed 1920 \u00d7 1080 s podporou mili\u00f3n\u016f barev<\/p>\n<p>Procesor &#8211; 2,7GHz \u010dty\u0159j\u00e1drov\u00fd Intel Core i5 (p\u0159etaktov\u00e1n\u00ed funkc\u00ed Turbo Boost a\u017e na 3,2 GHz) 4MB mezipam\u011bti L3<\/p>\n<p>Pam\u011b\u0165 &#8211; 8 GB (dva 4GB moduly) 1600MHz pam\u011bti DDR3<\/p>\n<p>\u00dalo\u017ei\u0161t\u011b &#8211; 1TB pevn\u00fd disk (5400 ot.\/min)<\/p>\n<p>Grafika &#8211; 2,7 GHz, Intel Iris Pro graphics 1536 MB<\/p>\n<p>Porty:<br \/>\n&#8211; SDXC card slot<br \/>\n&#8211; 4x USB 3 port (compatibiln\u00ed s USB 2)<br \/>\n&#8211; 2x Thunderbolt port<br \/>\n&#8211; Gigabit Ethernet (RJ-45 connector)<\/p>\n<p>&#8211; 802.11ac Wi-Fi wireless networking<br \/>\n&#8211; 802.11a\/b\/g\/n compatible<br \/>\n&#8211; Bluetooth 4.0 wireless technology<\/p>\n<p>iMac bude p\u0159ed prodejem \u010dist\u011b p\u0159einstalov\u00e1n. <\/p>\n<p>Preferuji osobn\u00ed p\u0159ed\u00e1n\u00ed, bu\u010f v Hradci Kr\u00e1lov\u00e9, po dohod\u011b m\u016f\u017ee b\u00fdt i Praha (do sv\u00e1tk\u016f m\u00e1m cestu 17.12., 18.12. a 22.12.)<\/p>\n","protected":false},"excerpt":{"rendered":"<p>iMac je v perfektn\u00edm stavu, pou\u017e\u00edv\u00e1n jako alternativa k MacBooku p\u0159i pr\u00e1ci z domova. Sou\u010d\u00e1st\u00ed prodeje je i nepou\u017eit\u00e1 bluetooth kl\u00e1vesnice a my\u0161 origin\u00e1l apple. D\u016fvod prodeje, p\u0159echod na nov\u011bj\u0161\u00ed model 27&quot; iMac Late 2013 (21.5palcov\u00fd, model z konce roku 2013) Displej &#8211; 21,5palcov\u00fd (\u00fahlop\u0159\u00ed\u010dn\u011b) displej s LED podsv\u00edcen\u00edm a s technologi\u00ed IPS, rozli\u0161en\u00ed 1920&#8230;<\/p>\n","protected":false},"author":0,"featured_media":130402,"comment_status":"closed","ping_status":"closed","sticky":false,"template":"","format":"standard","meta":{"footnotes":""},"categories":[41],"tags":[],"class_list":["post-130401","post","type-post","status-publish","format-standard","has-post-thumbnail","hentry","category-imac"],"yoast_head":"<!-- This site is optimized with the Yoast SEO plugin v27.2 - https:\/\/yoast.com\/product\/yoast-seo-wordpress\/ -->\n<title>Apple iMac 21,5 slim model 2013 - Apple bazar<\/title>\n<meta name=\"robots\" content=\"index, follow, max-snippet:-1, max-image-preview:large, max-video-preview:-1\" \/>\n<link rel=\"canonical\" href=\"https:\/\/www.letemsvetemapplem.eu\/bazar\/apple-imac-215-slim-model-2013\/\" \/>\n<meta property=\"og:locale\" content=\"cs_CZ\" \/>\n<meta property=\"og:type\" content=\"article\" \/>\n<meta property=\"og:title\" content=\"Apple iMac 21,5 slim model 2013 - Apple bazar\" \/>\n<meta property=\"og:description\" content=\"iMac je v perfektn\u00edm stavu, pou\u017e\u00edv\u00e1n jako alternativa k MacBooku p\u0159i pr\u00e1ci z domova. Sou\u010d\u00e1st\u00ed prodeje je i nepou\u017eit\u00e1 bluetooth kl\u00e1vesnice a my\u0161 origin\u00e1l apple. D\u016fvod prodeje, p\u0159echod na nov\u011bj\u0161\u00ed model 27&quot; iMac Late 2013 (21.5palcov\u00fd, model z konce roku 2013) Displej &#8211; 21,5palcov\u00fd (\u00fahlop\u0159\u00ed\u010dn\u011b) displej s LED podsv\u00edcen\u00edm a s technologi\u00ed IPS, rozli\u0161en\u00ed 1920...\" \/>\n<meta property=\"og:url\" content=\"https:\/\/www.letemsvetemapplem.eu\/bazar\/apple-imac-215-slim-model-2013\/\" \/>\n<meta property=\"og:site_name\" content=\"Apple bazar\" \/>\n<meta property=\"article:published_time\" content=\"2018-12-14T18:16:26+00:00\" \/>\n<meta property=\"og:image\" content=\"https:\/\/www.letemsvetemapplem.eu\/bazar\/wp-content\/uploads\/2018\/12\/IMG_4704.jpg\" \/>\n\t<meta property=\"og:image:width\" content=\"4032\" \/>\n\t<meta property=\"og:image:height\" content=\"3024\" \/>\n\t<meta property=\"og:image:type\" content=\"image\/jpeg\" \/>\n<meta name=\"twitter:card\" content=\"summary_large_image\" \/>\n<script type=\"application\/ld+json\" class=\"yoast-schema-graph\">{\"@context\":\"https:\/\/schema.org\",\"@graph\":[{\"@type\":\"Article\",\"@id\":\"https:\/\/www.letemsvetemapplem.eu\/bazar\/apple-imac-215-slim-model-2013\/#article\",\"isPartOf\":{\"@id\":\"https:\/\/www.letemsvetemapplem.eu\/bazar\/apple-imac-215-slim-model-2013\/\"},\"author\":{\"name\":\"\",\"@id\":\"\"},\"headline\":\"Apple iMac 21,5 slim model 2013\",\"datePublished\":\"2018-12-14T18:16:26+00:00\",\"mainEntityOfPage\":{\"@id\":\"https:\/\/www.letemsvetemapplem.eu\/bazar\/apple-imac-215-slim-model-2013\/\"},\"wordCount\":196,\"image\":{\"@id\":\"https:\/\/www.letemsvetemapplem.eu\/bazar\/apple-imac-215-slim-model-2013\/#primaryimage\"},\"thumbnailUrl\":\"https:\/\/www.letemsvetemapplem.eu\/bazar\/wp-content\/uploads\/2018\/12\/IMG_4704.jpg\",\"articleSection\":[\"iMac\"],\"inLanguage\":\"cs\"},{\"@type\":\"WebPage\",\"@id\":\"https:\/\/www.letemsvetemapplem.eu\/bazar\/apple-imac-215-slim-model-2013\/\",\"url\":\"https:\/\/www.letemsvetemapplem.eu\/bazar\/apple-imac-215-slim-model-2013\/\",\"name\":\"Apple iMac 21,5 slim model 2013 - Apple bazar\",\"isPartOf\":{\"@id\":\"https:\/\/www.letemsvetemapplem.eu\/bazar\/#website\"},\"primaryImageOfPage\":{\"@id\":\"https:\/\/www.letemsvetemapplem.eu\/bazar\/apple-imac-215-slim-model-2013\/#primaryimage\"},\"image\":{\"@id\":\"https:\/\/www.letemsvetemapplem.eu\/bazar\/apple-imac-215-slim-model-2013\/#primaryimage\"},\"thumbnailUrl\":\"https:\/\/www.letemsvetemapplem.eu\/bazar\/wp-content\/uploads\/2018\/12\/IMG_4704.jpg\",\"datePublished\":\"2018-12-14T18:16:26+00:00\",\"author\":{\"@id\":\"\"},\"breadcrumb\":{\"@id\":\"https:\/\/www.letemsvetemapplem.eu\/bazar\/apple-imac-215-slim-model-2013\/#breadcrumb\"},\"inLanguage\":\"cs\",\"potentialAction\":[{\"@type\":\"ReadAction\",\"target\":[\"https:\/\/www.letemsvetemapplem.eu\/bazar\/apple-imac-215-slim-model-2013\/\"]}]},{\"@type\":\"ImageObject\",\"inLanguage\":\"cs\",\"@id\":\"https:\/\/www.letemsvetemapplem.eu\/bazar\/apple-imac-215-slim-model-2013\/#primaryimage\",\"url\":\"https:\/\/www.letemsvetemapplem.eu\/bazar\/wp-content\/uploads\/2018\/12\/IMG_4704.jpg\",\"contentUrl\":\"https:\/\/www.letemsvetemapplem.eu\/bazar\/wp-content\/uploads\/2018\/12\/IMG_4704.jpg\",\"width\":4032,\"height\":3024},{\"@type\":\"BreadcrumbList\",\"@id\":\"https:\/\/www.letemsvetemapplem.eu\/bazar\/apple-imac-215-slim-model-2013\/#breadcrumb\",\"itemListElement\":[{\"@type\":\"ListItem\",\"position\":1,\"name\":\"Apple Bazar\",\"item\":\"https:\/\/www.letemsvetemapplem.eu\/bazar\/\"},{\"@type\":\"ListItem\",\"position\":2,\"name\":\"Apple iMac 21,5 slim model 2013\"}]},{\"@type\":\"WebSite\",\"@id\":\"https:\/\/www.letemsvetemapplem.eu\/bazar\/#website\",\"url\":\"https:\/\/www.letemsvetemapplem.eu\/bazar\/\",\"name\":\"Apple bazar\",\"description\":\"Oou\u017eit\u00e9 Apple produkty za skv\u011bl\u00e9 ceny\",\"potentialAction\":[{\"@type\":\"SearchAction\",\"target\":{\"@type\":\"EntryPoint\",\"urlTemplate\":\"https:\/\/www.letemsvetemapplem.eu\/bazar\/?s={search_term_string}\"},\"query-input\":{\"@type\":\"PropertyValueSpecification\",\"valueRequired\":true,\"valueName\":\"search_term_string\"}}],\"inLanguage\":\"cs\"}]}<\/script>\n<!-- \/ Yoast SEO plugin. -->","yoast_head_json":{"title":"Apple iMac 21,5 slim model 2013 - Apple bazar","robots":{"index":"index","follow":"follow","max-snippet":"max-snippet:-1","max-image-preview":"max-image-preview:large","max-video-preview":"max-video-preview:-1"},"canonical":"https:\/\/www.letemsvetemapplem.eu\/bazar\/apple-imac-215-slim-model-2013\/","og_locale":"cs_CZ","og_type":"article","og_title":"Apple iMac 21,5 slim model 2013 - Apple bazar","og_description":"iMac je v perfektn\u00edm stavu, pou\u017e\u00edv\u00e1n jako alternativa k MacBooku p\u0159i pr\u00e1ci z domova. Sou\u010d\u00e1st\u00ed prodeje je i nepou\u017eit\u00e1 bluetooth kl\u00e1vesnice a my\u0161 origin\u00e1l apple. D\u016fvod prodeje, p\u0159echod na nov\u011bj\u0161\u00ed model 27&quot; iMac Late 2013 (21.5palcov\u00fd, model z konce roku 2013) Displej &#8211; 21,5palcov\u00fd (\u00fahlop\u0159\u00ed\u010dn\u011b) displej s LED podsv\u00edcen\u00edm a s technologi\u00ed IPS, rozli\u0161en\u00ed 1920...","og_url":"https:\/\/www.letemsvetemapplem.eu\/bazar\/apple-imac-215-slim-model-2013\/","og_site_name":"Apple bazar","article_published_time":"2018-12-14T18:16:26+00:00","og_image":[{"width":4032,"height":3024,"url":"https:\/\/www.letemsvetemapplem.eu\/bazar\/wp-content\/uploads\/2018\/12\/IMG_4704.jpg","type":"image\/jpeg"}],"twitter_card":"summary_large_image","schema":{"@context":"https:\/\/schema.org","@graph":[{"@type":"Article","@id":"https:\/\/www.letemsvetemapplem.eu\/bazar\/apple-imac-215-slim-model-2013\/#article","isPartOf":{"@id":"https:\/\/www.letemsvetemapplem.eu\/bazar\/apple-imac-215-slim-model-2013\/"},"author":{"name":"","@id":""},"headline":"Apple iMac 21,5 slim model 2013","datePublished":"2018-12-14T18:16:26+00:00","mainEntityOfPage":{"@id":"https:\/\/www.letemsvetemapplem.eu\/bazar\/apple-imac-215-slim-model-2013\/"},"wordCount":196,"image":{"@id":"https:\/\/www.letemsvetemapplem.eu\/bazar\/apple-imac-215-slim-model-2013\/#primaryimage"},"thumbnailUrl":"https:\/\/www.letemsvetemapplem.eu\/bazar\/wp-content\/uploads\/2018\/12\/IMG_4704.jpg","articleSection":["iMac"],"inLanguage":"cs"},{"@type":"WebPage","@id":"https:\/\/www.letemsvetemapplem.eu\/bazar\/apple-imac-215-slim-model-2013\/","url":"https:\/\/www.letemsvetemapplem.eu\/bazar\/apple-imac-215-slim-model-2013\/","name":"Apple iMac 21,5 slim model 2013 - Apple bazar","isPartOf":{"@id":"https:\/\/www.letemsvetemapplem.eu\/bazar\/#website"},"primaryImageOfPage":{"@id":"https:\/\/www.letemsvetemapplem.eu\/bazar\/apple-imac-215-slim-model-2013\/#primaryimage"},"image":{"@id":"https:\/\/www.letemsvetemapplem.eu\/bazar\/apple-imac-215-slim-model-2013\/#primaryimage"},"thumbnailUrl":"https:\/\/www.letemsvetemapplem.eu\/bazar\/wp-content\/uploads\/2018\/12\/IMG_4704.jpg","datePublished":"2018-12-14T18:16:26+00:00","author":{"@id":""},"breadcrumb":{"@id":"https:\/\/www.letemsvetemapplem.eu\/bazar\/apple-imac-215-slim-model-2013\/#breadcrumb"},"inLanguage":"cs","potentialAction":[{"@type":"ReadAction","target":["https:\/\/www.letemsvetemapplem.eu\/bazar\/apple-imac-215-slim-model-2013\/"]}]},{"@type":"ImageObject","inLanguage":"cs","@id":"https:\/\/www.letemsvetemapplem.eu\/bazar\/apple-imac-215-slim-model-2013\/#primaryimage","url":"https:\/\/www.letemsvetemapplem.eu\/bazar\/wp-content\/uploads\/2018\/12\/IMG_4704.jpg","contentUrl":"https:\/\/www.letemsvetemapplem.eu\/bazar\/wp-content\/uploads\/2018\/12\/IMG_4704.jpg","width":4032,"height":3024},{"@type":"BreadcrumbList","@id":"https:\/\/www.letemsvetemapplem.eu\/bazar\/apple-imac-215-slim-model-2013\/#breadcrumb","itemListElement":[{"@type":"ListItem","position":1,"name":"Apple Bazar","item":"https:\/\/www.letemsvetemapplem.eu\/bazar\/"},{"@type":"ListItem","position":2,"name":"Apple iMac 21,5 slim model 2013"}]},{"@type":"WebSite","@id":"https:\/\/www.letemsvetemapplem.eu\/bazar\/#website","url":"https:\/\/www.letemsvetemapplem.eu\/bazar\/","name":"Apple bazar","description":"Oou\u017eit\u00e9 Apple produkty za skv\u011bl\u00e9 ceny","potentialAction":[{"@type":"SearchAction","target":{"@type":"EntryPoint","urlTemplate":"https:\/\/www.letemsvetemapplem.eu\/bazar\/?s={search_term_string}"},"query-input":{"@type":"PropertyValueSpecification","valueRequired":true,"valueName":"search_term_string"}}],"inLanguage":"cs"}]}},"_links":{"self":[{"href":"https:\/\/www.letemsvetemapplem.eu\/bazar\/wp-json\/wp\/v2\/posts\/130401","targetHints":{"allow":["GET"]}}],"collection":[{"href":"https:\/\/www.letemsvetemapplem.eu\/bazar\/wp-json\/wp\/v2\/posts"}],"about":[{"href":"https:\/\/www.letemsvetemapplem.eu\/bazar\/wp-json\/wp\/v2\/types\/post"}],"replies":[{"embeddable":true,"href":"https:\/\/www.letemsvetemapplem.eu\/bazar\/wp-json\/wp\/v2\/comments?post=130401"}],"version-history":[{"count":0,"href":"https:\/\/www.letemsvetemapplem.eu\/bazar\/wp-json\/wp\/v2\/posts\/130401\/revisions"}],"wp:featuredmedia":[{"embeddable":true,"href":"https:\/\/www.letemsvetemapplem.eu\/bazar\/wp-json\/wp\/v2\/media\/130402"}],"wp:attachment":[{"href":"https:\/\/www.letemsvetemapplem.eu\/bazar\/wp-json\/wp\/v2\/media?parent=130401"}],"wp:term":[{"taxonomy":"category","embeddable":true,"href":"https:\/\/www.letemsvetemapplem.eu\/bazar\/wp-json\/wp\/v2\/categories?post=130401"},{"taxonomy":"post_tag","embeddable":true,"href":"https:\/\/www.letemsvetemapplem.eu\/bazar\/wp-json\/wp\/v2\/tags?post=130401"}],"curies":[{"name":"wp","href":"https:\/\/api.w.org\/{rel}","templated":true}]}}