{"id":128062,"date":"2018-12-05T18:41:41","date_gmt":"2018-12-05T17:41:41","guid":{"rendered":"https:\/\/www.letemsvetemapplem.eu\/bazar\/?p=128062"},"modified":"2018-12-05T18:41:41","modified_gmt":"2018-12-05T17:41:41","slug":"imac-late-2012-34-ghz-i7-32-gb-ssd","status":"publish","type":"post","link":"https:\/\/www.letemsvetemapplem.eu\/bazar\/imac-late-2012-34-ghz-i7-32-gb-ssd\/","title":{"rendered":"iMac (Late 2012) 3,4 GHz, i7, 32 GB, SSD"},"content":{"rendered":"<p>Apple iMac 27&quot; (Late 2012) v pln\u00e9 v\u00fdbav\u011b, 3,4 GHz, i7, 32 GB RAM, 256 APPLE SSD disk, GeForce GTX 675 1GB, 2x thunderbolt2 + 4x USB3. Dom\u00e1c\u00ed provoz, kr\u00e1sn\u00fd stav, po vy\u010di\u0161t\u011bn\u00ed a diagnostice (1.192.- K\u010d &#8211; doklad). Zdarma bezdr\u00e1tov\u00e1 magic mouse + apple kl\u00e1vesnice s numerikou. Mo\u017enost upgrade syst\u00e9mu na Mojave a dokoupit VESA adapt\u00e9r na st\u011bnu (999.- K\u010d). Foto ilustra\u010dn\u00ed. K vid\u011bn\u00ed, vyzkou\u0161en\u00ed v Brn\u011b.<\/p>\n","protected":false},"excerpt":{"rendered":"<p>Apple iMac 27&quot; (Late 2012) v pln\u00e9 v\u00fdbav\u011b, 3,4 GHz, i7, 32 GB RAM, 256 APPLE SSD disk, GeForce GTX 675 1GB, 2x thunderbolt2 + 4x USB3. Dom\u00e1c\u00ed provoz, kr\u00e1sn\u00fd stav, po vy\u010di\u0161t\u011bn\u00ed a diagnostice (1.192.- K\u010d &#8211; doklad). Zdarma bezdr\u00e1tov\u00e1 magic mouse + apple kl\u00e1vesnice s numerikou. Mo\u017enost upgrade syst\u00e9mu na Mojave a dokoupit&#8230;<\/p>\n","protected":false},"author":0,"featured_media":128063,"comment_status":"closed","ping_status":"closed","sticky":false,"template":"","format":"standard","meta":{"footnotes":""},"categories":[41],"tags":[],"class_list":["post-128062","post","type-post","status-publish","format-standard","has-post-thumbnail","hentry","category-imac"],"yoast_head":"<!-- This site is optimized with the Yoast SEO plugin v27.2 - https:\/\/yoast.com\/product\/yoast-seo-wordpress\/ -->\n<title>iMac (Late 2012) 3,4 GHz, i7, 32 GB, SSD - Apple bazar<\/title>\n<meta name=\"robots\" content=\"index, follow, max-snippet:-1, max-image-preview:large, max-video-preview:-1\" \/>\n<link rel=\"canonical\" href=\"https:\/\/www.letemsvetemapplem.eu\/bazar\/imac-late-2012-34-ghz-i7-32-gb-ssd\/\" \/>\n<meta property=\"og:locale\" content=\"cs_CZ\" \/>\n<meta property=\"og:type\" content=\"article\" \/>\n<meta property=\"og:title\" content=\"iMac (Late 2012) 3,4 GHz, i7, 32 GB, SSD - Apple bazar\" \/>\n<meta property=\"og:description\" content=\"Apple iMac 27&quot; (Late 2012) v pln\u00e9 v\u00fdbav\u011b, 3,4 GHz, i7, 32 GB RAM, 256 APPLE SSD disk, GeForce GTX 675 1GB, 2x thunderbolt2 + 4x USB3. Dom\u00e1c\u00ed provoz, kr\u00e1sn\u00fd stav, po vy\u010di\u0161t\u011bn\u00ed a diagnostice (1.192.- K\u010d &#8211; doklad). Zdarma bezdr\u00e1tov\u00e1 magic mouse + apple kl\u00e1vesnice s numerikou. Mo\u017enost upgrade syst\u00e9mu na Mojave a dokoupit...\" \/>\n<meta property=\"og:url\" content=\"https:\/\/www.letemsvetemapplem.eu\/bazar\/imac-late-2012-34-ghz-i7-32-gb-ssd\/\" \/>\n<meta property=\"og:site_name\" content=\"Apple bazar\" \/>\n<meta property=\"article:published_time\" content=\"2018-12-05T17:41:41+00:00\" \/>\n<meta property=\"og:image\" content=\"https:\/\/www.letemsvetemapplem.eu\/bazar\/wp-content\/uploads\/2018\/12\/iMac.jpg\" \/>\n\t<meta property=\"og:image:width\" content=\"2500\" \/>\n\t<meta property=\"og:image:height\" content=\"2500\" \/>\n\t<meta property=\"og:image:type\" content=\"image\/jpeg\" \/>\n<meta name=\"twitter:card\" content=\"summary_large_image\" \/>\n<script type=\"application\/ld+json\" class=\"yoast-schema-graph\">{\"@context\":\"https:\/\/schema.org\",\"@graph\":[{\"@type\":\"Article\",\"@id\":\"https:\/\/www.letemsvetemapplem.eu\/bazar\/imac-late-2012-34-ghz-i7-32-gb-ssd\/#article\",\"isPartOf\":{\"@id\":\"https:\/\/www.letemsvetemapplem.eu\/bazar\/imac-late-2012-34-ghz-i7-32-gb-ssd\/\"},\"author\":{\"name\":\"\",\"@id\":\"\"},\"headline\":\"iMac (Late 2012) 3,4 GHz, i7, 32 GB, SSD\",\"datePublished\":\"2018-12-05T17:41:41+00:00\",\"mainEntityOfPage\":{\"@id\":\"https:\/\/www.letemsvetemapplem.eu\/bazar\/imac-late-2012-34-ghz-i7-32-gb-ssd\/\"},\"wordCount\":82,\"image\":{\"@id\":\"https:\/\/www.letemsvetemapplem.eu\/bazar\/imac-late-2012-34-ghz-i7-32-gb-ssd\/#primaryimage\"},\"thumbnailUrl\":\"https:\/\/www.letemsvetemapplem.eu\/bazar\/wp-content\/uploads\/2018\/12\/iMac.jpg\",\"articleSection\":[\"iMac\"],\"inLanguage\":\"cs\"},{\"@type\":\"WebPage\",\"@id\":\"https:\/\/www.letemsvetemapplem.eu\/bazar\/imac-late-2012-34-ghz-i7-32-gb-ssd\/\",\"url\":\"https:\/\/www.letemsvetemapplem.eu\/bazar\/imac-late-2012-34-ghz-i7-32-gb-ssd\/\",\"name\":\"iMac (Late 2012) 3,4 GHz, i7, 32 GB, SSD - Apple bazar\",\"isPartOf\":{\"@id\":\"https:\/\/www.letemsvetemapplem.eu\/bazar\/#website\"},\"primaryImageOfPage\":{\"@id\":\"https:\/\/www.letemsvetemapplem.eu\/bazar\/imac-late-2012-34-ghz-i7-32-gb-ssd\/#primaryimage\"},\"image\":{\"@id\":\"https:\/\/www.letemsvetemapplem.eu\/bazar\/imac-late-2012-34-ghz-i7-32-gb-ssd\/#primaryimage\"},\"thumbnailUrl\":\"https:\/\/www.letemsvetemapplem.eu\/bazar\/wp-content\/uploads\/2018\/12\/iMac.jpg\",\"datePublished\":\"2018-12-05T17:41:41+00:00\",\"author\":{\"@id\":\"\"},\"breadcrumb\":{\"@id\":\"https:\/\/www.letemsvetemapplem.eu\/bazar\/imac-late-2012-34-ghz-i7-32-gb-ssd\/#breadcrumb\"},\"inLanguage\":\"cs\",\"potentialAction\":[{\"@type\":\"ReadAction\",\"target\":[\"https:\/\/www.letemsvetemapplem.eu\/bazar\/imac-late-2012-34-ghz-i7-32-gb-ssd\/\"]}]},{\"@type\":\"ImageObject\",\"inLanguage\":\"cs\",\"@id\":\"https:\/\/www.letemsvetemapplem.eu\/bazar\/imac-late-2012-34-ghz-i7-32-gb-ssd\/#primaryimage\",\"url\":\"https:\/\/www.letemsvetemapplem.eu\/bazar\/wp-content\/uploads\/2018\/12\/iMac.jpg\",\"contentUrl\":\"https:\/\/www.letemsvetemapplem.eu\/bazar\/wp-content\/uploads\/2018\/12\/iMac.jpg\",\"width\":2500,\"height\":2500},{\"@type\":\"BreadcrumbList\",\"@id\":\"https:\/\/www.letemsvetemapplem.eu\/bazar\/imac-late-2012-34-ghz-i7-32-gb-ssd\/#breadcrumb\",\"itemListElement\":[{\"@type\":\"ListItem\",\"position\":1,\"name\":\"Apple Bazar\",\"item\":\"https:\/\/www.letemsvetemapplem.eu\/bazar\/\"},{\"@type\":\"ListItem\",\"position\":2,\"name\":\"iMac (Late 2012) 3,4 GHz, i7, 32 GB, SSD\"}]},{\"@type\":\"WebSite\",\"@id\":\"https:\/\/www.letemsvetemapplem.eu\/bazar\/#website\",\"url\":\"https:\/\/www.letemsvetemapplem.eu\/bazar\/\",\"name\":\"Apple bazar\",\"description\":\"Oou\u017eit\u00e9 Apple produkty za skv\u011bl\u00e9 ceny\",\"potentialAction\":[{\"@type\":\"SearchAction\",\"target\":{\"@type\":\"EntryPoint\",\"urlTemplate\":\"https:\/\/www.letemsvetemapplem.eu\/bazar\/?s={search_term_string}\"},\"query-input\":{\"@type\":\"PropertyValueSpecification\",\"valueRequired\":true,\"valueName\":\"search_term_string\"}}],\"inLanguage\":\"cs\"}]}<\/script>\n<!-- \/ Yoast SEO plugin. -->","yoast_head_json":{"title":"iMac (Late 2012) 3,4 GHz, i7, 32 GB, SSD - Apple bazar","robots":{"index":"index","follow":"follow","max-snippet":"max-snippet:-1","max-image-preview":"max-image-preview:large","max-video-preview":"max-video-preview:-1"},"canonical":"https:\/\/www.letemsvetemapplem.eu\/bazar\/imac-late-2012-34-ghz-i7-32-gb-ssd\/","og_locale":"cs_CZ","og_type":"article","og_title":"iMac (Late 2012) 3,4 GHz, i7, 32 GB, SSD - Apple bazar","og_description":"Apple iMac 27&quot; (Late 2012) v pln\u00e9 v\u00fdbav\u011b, 3,4 GHz, i7, 32 GB RAM, 256 APPLE SSD disk, GeForce GTX 675 1GB, 2x thunderbolt2 + 4x USB3. Dom\u00e1c\u00ed provoz, kr\u00e1sn\u00fd stav, po vy\u010di\u0161t\u011bn\u00ed a diagnostice (1.192.- K\u010d &#8211; doklad). Zdarma bezdr\u00e1tov\u00e1 magic mouse + apple kl\u00e1vesnice s numerikou. Mo\u017enost upgrade syst\u00e9mu na Mojave a dokoupit...","og_url":"https:\/\/www.letemsvetemapplem.eu\/bazar\/imac-late-2012-34-ghz-i7-32-gb-ssd\/","og_site_name":"Apple bazar","article_published_time":"2018-12-05T17:41:41+00:00","og_image":[{"width":2500,"height":2500,"url":"https:\/\/www.letemsvetemapplem.eu\/bazar\/wp-content\/uploads\/2018\/12\/iMac.jpg","type":"image\/jpeg"}],"twitter_card":"summary_large_image","schema":{"@context":"https:\/\/schema.org","@graph":[{"@type":"Article","@id":"https:\/\/www.letemsvetemapplem.eu\/bazar\/imac-late-2012-34-ghz-i7-32-gb-ssd\/#article","isPartOf":{"@id":"https:\/\/www.letemsvetemapplem.eu\/bazar\/imac-late-2012-34-ghz-i7-32-gb-ssd\/"},"author":{"name":"","@id":""},"headline":"iMac (Late 2012) 3,4 GHz, i7, 32 GB, SSD","datePublished":"2018-12-05T17:41:41+00:00","mainEntityOfPage":{"@id":"https:\/\/www.letemsvetemapplem.eu\/bazar\/imac-late-2012-34-ghz-i7-32-gb-ssd\/"},"wordCount":82,"image":{"@id":"https:\/\/www.letemsvetemapplem.eu\/bazar\/imac-late-2012-34-ghz-i7-32-gb-ssd\/#primaryimage"},"thumbnailUrl":"https:\/\/www.letemsvetemapplem.eu\/bazar\/wp-content\/uploads\/2018\/12\/iMac.jpg","articleSection":["iMac"],"inLanguage":"cs"},{"@type":"WebPage","@id":"https:\/\/www.letemsvetemapplem.eu\/bazar\/imac-late-2012-34-ghz-i7-32-gb-ssd\/","url":"https:\/\/www.letemsvetemapplem.eu\/bazar\/imac-late-2012-34-ghz-i7-32-gb-ssd\/","name":"iMac (Late 2012) 3,4 GHz, i7, 32 GB, SSD - Apple bazar","isPartOf":{"@id":"https:\/\/www.letemsvetemapplem.eu\/bazar\/#website"},"primaryImageOfPage":{"@id":"https:\/\/www.letemsvetemapplem.eu\/bazar\/imac-late-2012-34-ghz-i7-32-gb-ssd\/#primaryimage"},"image":{"@id":"https:\/\/www.letemsvetemapplem.eu\/bazar\/imac-late-2012-34-ghz-i7-32-gb-ssd\/#primaryimage"},"thumbnailUrl":"https:\/\/www.letemsvetemapplem.eu\/bazar\/wp-content\/uploads\/2018\/12\/iMac.jpg","datePublished":"2018-12-05T17:41:41+00:00","author":{"@id":""},"breadcrumb":{"@id":"https:\/\/www.letemsvetemapplem.eu\/bazar\/imac-late-2012-34-ghz-i7-32-gb-ssd\/#breadcrumb"},"inLanguage":"cs","potentialAction":[{"@type":"ReadAction","target":["https:\/\/www.letemsvetemapplem.eu\/bazar\/imac-late-2012-34-ghz-i7-32-gb-ssd\/"]}]},{"@type":"ImageObject","inLanguage":"cs","@id":"https:\/\/www.letemsvetemapplem.eu\/bazar\/imac-late-2012-34-ghz-i7-32-gb-ssd\/#primaryimage","url":"https:\/\/www.letemsvetemapplem.eu\/bazar\/wp-content\/uploads\/2018\/12\/iMac.jpg","contentUrl":"https:\/\/www.letemsvetemapplem.eu\/bazar\/wp-content\/uploads\/2018\/12\/iMac.jpg","width":2500,"height":2500},{"@type":"BreadcrumbList","@id":"https:\/\/www.letemsvetemapplem.eu\/bazar\/imac-late-2012-34-ghz-i7-32-gb-ssd\/#breadcrumb","itemListElement":[{"@type":"ListItem","position":1,"name":"Apple Bazar","item":"https:\/\/www.letemsvetemapplem.eu\/bazar\/"},{"@type":"ListItem","position":2,"name":"iMac (Late 2012) 3,4 GHz, i7, 32 GB, SSD"}]},{"@type":"WebSite","@id":"https:\/\/www.letemsvetemapplem.eu\/bazar\/#website","url":"https:\/\/www.letemsvetemapplem.eu\/bazar\/","name":"Apple bazar","description":"Oou\u017eit\u00e9 Apple produkty za skv\u011bl\u00e9 ceny","potentialAction":[{"@type":"SearchAction","target":{"@type":"EntryPoint","urlTemplate":"https:\/\/www.letemsvetemapplem.eu\/bazar\/?s={search_term_string}"},"query-input":{"@type":"PropertyValueSpecification","valueRequired":true,"valueName":"search_term_string"}}],"inLanguage":"cs"}]}},"_links":{"self":[{"href":"https:\/\/www.letemsvetemapplem.eu\/bazar\/wp-json\/wp\/v2\/posts\/128062","targetHints":{"allow":["GET"]}}],"collection":[{"href":"https:\/\/www.letemsvetemapplem.eu\/bazar\/wp-json\/wp\/v2\/posts"}],"about":[{"href":"https:\/\/www.letemsvetemapplem.eu\/bazar\/wp-json\/wp\/v2\/types\/post"}],"replies":[{"embeddable":true,"href":"https:\/\/www.letemsvetemapplem.eu\/bazar\/wp-json\/wp\/v2\/comments?post=128062"}],"version-history":[{"count":0,"href":"https:\/\/www.letemsvetemapplem.eu\/bazar\/wp-json\/wp\/v2\/posts\/128062\/revisions"}],"wp:featuredmedia":[{"embeddable":true,"href":"https:\/\/www.letemsvetemapplem.eu\/bazar\/wp-json\/wp\/v2\/media\/128063"}],"wp:attachment":[{"href":"https:\/\/www.letemsvetemapplem.eu\/bazar\/wp-json\/wp\/v2\/media?parent=128062"}],"wp:term":[{"taxonomy":"category","embeddable":true,"href":"https:\/\/www.letemsvetemapplem.eu\/bazar\/wp-json\/wp\/v2\/categories?post=128062"},{"taxonomy":"post_tag","embeddable":true,"href":"https:\/\/www.letemsvetemapplem.eu\/bazar\/wp-json\/wp\/v2\/tags?post=128062"}],"curies":[{"name":"wp","href":"https:\/\/api.w.org\/{rel}","templated":true}]}}