{"id":126443,"date":"2018-11-27T21:32:48","date_gmt":"2018-11-27T20:32:48","guid":{"rendered":"https:\/\/www.letemsvetemapplem.eu\/bazar\/?p=126443"},"modified":"2018-11-27T21:38:36","modified_gmt":"2018-11-27T20:38:36","slug":"mac-mini-v-zaruce-apple-klavesnice","status":"publish","type":"post","link":"https:\/\/www.letemsvetemapplem.eu\/bazar\/mac-mini-v-zaruce-apple-klavesnice\/","title":{"rendered":"MAC mini v Z\u00c1RUCE + Apple kl\u00e1vesnice"},"content":{"rendered":"<p>MAC mini v Z\u00c1RUCE (2014) + Apple kl\u00e1vesnice + monitor + bezdr\u00e1tov\u00e1 my\u0161 = kompletn\u00ed sestava<br \/>\nMAC mini \u2013 p\u0159edposledn\u00ed generace<br \/>\nProd\u00e1m po\u010d\u00edta\u010d MAC mini s procesorem Intel Dual Core i5 1.4GHz, 4GB RAM a velk\u00fdm hardiskem 500GB. P\u0159ipojen\u00ed k internetu p\u0159es Wi-fi nebo kabelem. Nainstalov\u00e1n posledn\u00ed opera\u010dn\u00ed syst\u00e9m Mac OS Mojave.<br \/>\nV cen\u011b je i kr\u00e1sn\u00e1 a kvalitn\u00ed bezdr\u00e1tov\u00e1 Apple kl\u00e1vesnice (mal\u00e1 od\u011brka, viz. foto), bezdr\u00e1tov\u00e1 my\u0161 a monitor jako bonus. Jde o skv\u011bl\u00fd stroj pro studenty, podnikatele i jako rodinn\u00fd po\u010d\u00edta\u010d. Vyu\u017e\u00edval jsem ho na grafick\u00e9 i kancela\u0159sk\u00e9 pr\u00e1ce a pro prezentace. K Macu lehce p\u0159ipoj\u00edte p\u0159es HDMI kabel monitor, projektor i TV s tou nejv\u011bt\u0161\u00ed obrazovkou. Mac je tak tich\u00fd, \u017ee ho ani neusly\u0161\u00edte.<br \/>\nP\u016fvodn\u00ed cena v\u0161ech komponent byla cca 18.000 K\u010d, nyn\u00ed prod\u00e1v\u00e1m za 11.800,- K\u010d. V p\u0159\u00edpad\u011b z\u00e1jmu se m\u016f\u017eeme sej\u00edt nap\u0159. na And\u011blu, kde v\u00e1m uk\u00e1\u017eu, \u017ee je v\u0161e v po\u0159\u00e1dku a jak to funguje.<br \/>\nVelkou v\u00fdhodou je 18-ti m\u011bs\u00ed\u010dn\u00ed z\u00e1ruka na MAC mini. Je koupen\u00fd letos v \u010dervnu v iStylu u Va\u0148kovky.<br \/>\nD\u016fvod prodeje \u2013 cht\u011bl bych te\u010f v\u00edce cestovat a MAC mini u\u017e nevyu\u017eiju.<\/p>\n","protected":false},"excerpt":{"rendered":"<p>MAC mini v Z\u00c1RUCE (2014) + Apple kl\u00e1vesnice + monitor + bezdr\u00e1tov\u00e1 my\u0161 = kompletn\u00ed sestava MAC mini \u2013 p\u0159edposledn\u00ed generace Prod\u00e1m po\u010d\u00edta\u010d MAC mini s procesorem Intel Dual Core i5 1.4GHz, 4GB RAM a velk\u00fdm hardiskem 500GB. P\u0159ipojen\u00ed k internetu p\u0159es Wi-fi nebo kabelem. Nainstalov\u00e1n posledn\u00ed opera\u010dn\u00ed syst\u00e9m Mac OS Mojave. V cen\u011b je&#8230;<\/p>\n","protected":false},"author":0,"featured_media":126444,"comment_status":"closed","ping_status":"closed","sticky":false,"template":"","format":"standard","meta":{"footnotes":""},"categories":[44],"tags":[],"class_list":["post-126443","post","type-post","status-publish","format-standard","has-post-thumbnail","hentry","category-mac-mini"],"yoast_head":"<!-- This site is optimized with the Yoast SEO plugin v27.2 - https:\/\/yoast.com\/product\/yoast-seo-wordpress\/ -->\n<title>MAC mini v Z\u00c1RUCE + Apple kl\u00e1vesnice - Apple bazar<\/title>\n<meta name=\"robots\" content=\"index, follow, max-snippet:-1, max-image-preview:large, max-video-preview:-1\" \/>\n<link rel=\"canonical\" href=\"https:\/\/www.letemsvetemapplem.eu\/bazar\/mac-mini-v-zaruce-apple-klavesnice\/\" \/>\n<meta property=\"og:locale\" content=\"cs_CZ\" \/>\n<meta property=\"og:type\" content=\"article\" \/>\n<meta property=\"og:title\" content=\"MAC mini v Z\u00c1RUCE + Apple kl\u00e1vesnice - Apple bazar\" \/>\n<meta property=\"og:description\" content=\"MAC mini v Z\u00c1RUCE (2014) + Apple kl\u00e1vesnice + monitor + bezdr\u00e1tov\u00e1 my\u0161 = kompletn\u00ed sestava MAC mini \u2013 p\u0159edposledn\u00ed generace Prod\u00e1m po\u010d\u00edta\u010d MAC mini s procesorem Intel Dual Core i5 1.4GHz, 4GB RAM a velk\u00fdm hardiskem 500GB. P\u0159ipojen\u00ed k internetu p\u0159es Wi-fi nebo kabelem. Nainstalov\u00e1n posledn\u00ed opera\u010dn\u00ed syst\u00e9m Mac OS Mojave. V cen\u011b je...\" \/>\n<meta property=\"og:url\" content=\"https:\/\/www.letemsvetemapplem.eu\/bazar\/mac-mini-v-zaruce-apple-klavesnice\/\" \/>\n<meta property=\"og:site_name\" content=\"Apple bazar\" \/>\n<meta property=\"article:published_time\" content=\"2018-11-27T20:32:48+00:00\" \/>\n<meta property=\"article:modified_time\" content=\"2018-11-27T20:38:36+00:00\" \/>\n<meta property=\"og:image\" content=\"https:\/\/www.letemsvetemapplem.eu\/bazar\/wp-content\/uploads\/2018\/11\/1-2.jpeg\" \/>\n\t<meta property=\"og:image:width\" content=\"3264\" \/>\n\t<meta property=\"og:image:height\" content=\"2448\" \/>\n\t<meta property=\"og:image:type\" content=\"image\/jpeg\" \/>\n<meta name=\"twitter:card\" content=\"summary_large_image\" \/>\n<script type=\"application\/ld+json\" class=\"yoast-schema-graph\">{\"@context\":\"https:\/\/schema.org\",\"@graph\":[{\"@type\":\"Article\",\"@id\":\"https:\/\/www.letemsvetemapplem.eu\/bazar\/mac-mini-v-zaruce-apple-klavesnice\/#article\",\"isPartOf\":{\"@id\":\"https:\/\/www.letemsvetemapplem.eu\/bazar\/mac-mini-v-zaruce-apple-klavesnice\/\"},\"author\":{\"name\":\"\",\"@id\":\"\"},\"headline\":\"MAC mini v Z\u00c1RUCE + Apple kl\u00e1vesnice\",\"datePublished\":\"2018-11-27T20:32:48+00:00\",\"dateModified\":\"2018-11-27T20:38:36+00:00\",\"mainEntityOfPage\":{\"@id\":\"https:\/\/www.letemsvetemapplem.eu\/bazar\/mac-mini-v-zaruce-apple-klavesnice\/\"},\"wordCount\":231,\"image\":{\"@id\":\"https:\/\/www.letemsvetemapplem.eu\/bazar\/mac-mini-v-zaruce-apple-klavesnice\/#primaryimage\"},\"thumbnailUrl\":\"https:\/\/www.letemsvetemapplem.eu\/bazar\/wp-content\/uploads\/2018\/11\/1-2.jpeg\",\"articleSection\":[\"Mac mini\"],\"inLanguage\":\"cs\"},{\"@type\":\"WebPage\",\"@id\":\"https:\/\/www.letemsvetemapplem.eu\/bazar\/mac-mini-v-zaruce-apple-klavesnice\/\",\"url\":\"https:\/\/www.letemsvetemapplem.eu\/bazar\/mac-mini-v-zaruce-apple-klavesnice\/\",\"name\":\"MAC mini v Z\u00c1RUCE + Apple kl\u00e1vesnice - Apple bazar\",\"isPartOf\":{\"@id\":\"https:\/\/www.letemsvetemapplem.eu\/bazar\/#website\"},\"primaryImageOfPage\":{\"@id\":\"https:\/\/www.letemsvetemapplem.eu\/bazar\/mac-mini-v-zaruce-apple-klavesnice\/#primaryimage\"},\"image\":{\"@id\":\"https:\/\/www.letemsvetemapplem.eu\/bazar\/mac-mini-v-zaruce-apple-klavesnice\/#primaryimage\"},\"thumbnailUrl\":\"https:\/\/www.letemsvetemapplem.eu\/bazar\/wp-content\/uploads\/2018\/11\/1-2.jpeg\",\"datePublished\":\"2018-11-27T20:32:48+00:00\",\"dateModified\":\"2018-11-27T20:38:36+00:00\",\"author\":{\"@id\":\"\"},\"breadcrumb\":{\"@id\":\"https:\/\/www.letemsvetemapplem.eu\/bazar\/mac-mini-v-zaruce-apple-klavesnice\/#breadcrumb\"},\"inLanguage\":\"cs\",\"potentialAction\":[{\"@type\":\"ReadAction\",\"target\":[\"https:\/\/www.letemsvetemapplem.eu\/bazar\/mac-mini-v-zaruce-apple-klavesnice\/\"]}]},{\"@type\":\"ImageObject\",\"inLanguage\":\"cs\",\"@id\":\"https:\/\/www.letemsvetemapplem.eu\/bazar\/mac-mini-v-zaruce-apple-klavesnice\/#primaryimage\",\"url\":\"https:\/\/www.letemsvetemapplem.eu\/bazar\/wp-content\/uploads\/2018\/11\/1-2.jpeg\",\"contentUrl\":\"https:\/\/www.letemsvetemapplem.eu\/bazar\/wp-content\/uploads\/2018\/11\/1-2.jpeg\",\"width\":3264,\"height\":2448},{\"@type\":\"BreadcrumbList\",\"@id\":\"https:\/\/www.letemsvetemapplem.eu\/bazar\/mac-mini-v-zaruce-apple-klavesnice\/#breadcrumb\",\"itemListElement\":[{\"@type\":\"ListItem\",\"position\":1,\"name\":\"Apple Bazar\",\"item\":\"https:\/\/www.letemsvetemapplem.eu\/bazar\/\"},{\"@type\":\"ListItem\",\"position\":2,\"name\":\"MAC mini v Z\u00c1RUCE + Apple kl\u00e1vesnice\"}]},{\"@type\":\"WebSite\",\"@id\":\"https:\/\/www.letemsvetemapplem.eu\/bazar\/#website\",\"url\":\"https:\/\/www.letemsvetemapplem.eu\/bazar\/\",\"name\":\"Apple bazar\",\"description\":\"Oou\u017eit\u00e9 Apple produkty za skv\u011bl\u00e9 ceny\",\"potentialAction\":[{\"@type\":\"SearchAction\",\"target\":{\"@type\":\"EntryPoint\",\"urlTemplate\":\"https:\/\/www.letemsvetemapplem.eu\/bazar\/?s={search_term_string}\"},\"query-input\":{\"@type\":\"PropertyValueSpecification\",\"valueRequired\":true,\"valueName\":\"search_term_string\"}}],\"inLanguage\":\"cs\"}]}<\/script>\n<!-- \/ Yoast SEO plugin. -->","yoast_head_json":{"title":"MAC mini v Z\u00c1RUCE + Apple kl\u00e1vesnice - Apple bazar","robots":{"index":"index","follow":"follow","max-snippet":"max-snippet:-1","max-image-preview":"max-image-preview:large","max-video-preview":"max-video-preview:-1"},"canonical":"https:\/\/www.letemsvetemapplem.eu\/bazar\/mac-mini-v-zaruce-apple-klavesnice\/","og_locale":"cs_CZ","og_type":"article","og_title":"MAC mini v Z\u00c1RUCE + Apple kl\u00e1vesnice - Apple bazar","og_description":"MAC mini v Z\u00c1RUCE (2014) + Apple kl\u00e1vesnice + monitor + bezdr\u00e1tov\u00e1 my\u0161 = kompletn\u00ed sestava MAC mini \u2013 p\u0159edposledn\u00ed generace Prod\u00e1m po\u010d\u00edta\u010d MAC mini s procesorem Intel Dual Core i5 1.4GHz, 4GB RAM a velk\u00fdm hardiskem 500GB. P\u0159ipojen\u00ed k internetu p\u0159es Wi-fi nebo kabelem. Nainstalov\u00e1n posledn\u00ed opera\u010dn\u00ed syst\u00e9m Mac OS Mojave. V cen\u011b je...","og_url":"https:\/\/www.letemsvetemapplem.eu\/bazar\/mac-mini-v-zaruce-apple-klavesnice\/","og_site_name":"Apple bazar","article_published_time":"2018-11-27T20:32:48+00:00","article_modified_time":"2018-11-27T20:38:36+00:00","og_image":[{"width":3264,"height":2448,"url":"https:\/\/www.letemsvetemapplem.eu\/bazar\/wp-content\/uploads\/2018\/11\/1-2.jpeg","type":"image\/jpeg"}],"twitter_card":"summary_large_image","schema":{"@context":"https:\/\/schema.org","@graph":[{"@type":"Article","@id":"https:\/\/www.letemsvetemapplem.eu\/bazar\/mac-mini-v-zaruce-apple-klavesnice\/#article","isPartOf":{"@id":"https:\/\/www.letemsvetemapplem.eu\/bazar\/mac-mini-v-zaruce-apple-klavesnice\/"},"author":{"name":"","@id":""},"headline":"MAC mini v Z\u00c1RUCE + Apple kl\u00e1vesnice","datePublished":"2018-11-27T20:32:48+00:00","dateModified":"2018-11-27T20:38:36+00:00","mainEntityOfPage":{"@id":"https:\/\/www.letemsvetemapplem.eu\/bazar\/mac-mini-v-zaruce-apple-klavesnice\/"},"wordCount":231,"image":{"@id":"https:\/\/www.letemsvetemapplem.eu\/bazar\/mac-mini-v-zaruce-apple-klavesnice\/#primaryimage"},"thumbnailUrl":"https:\/\/www.letemsvetemapplem.eu\/bazar\/wp-content\/uploads\/2018\/11\/1-2.jpeg","articleSection":["Mac mini"],"inLanguage":"cs"},{"@type":"WebPage","@id":"https:\/\/www.letemsvetemapplem.eu\/bazar\/mac-mini-v-zaruce-apple-klavesnice\/","url":"https:\/\/www.letemsvetemapplem.eu\/bazar\/mac-mini-v-zaruce-apple-klavesnice\/","name":"MAC mini v Z\u00c1RUCE + Apple kl\u00e1vesnice - Apple bazar","isPartOf":{"@id":"https:\/\/www.letemsvetemapplem.eu\/bazar\/#website"},"primaryImageOfPage":{"@id":"https:\/\/www.letemsvetemapplem.eu\/bazar\/mac-mini-v-zaruce-apple-klavesnice\/#primaryimage"},"image":{"@id":"https:\/\/www.letemsvetemapplem.eu\/bazar\/mac-mini-v-zaruce-apple-klavesnice\/#primaryimage"},"thumbnailUrl":"https:\/\/www.letemsvetemapplem.eu\/bazar\/wp-content\/uploads\/2018\/11\/1-2.jpeg","datePublished":"2018-11-27T20:32:48+00:00","dateModified":"2018-11-27T20:38:36+00:00","author":{"@id":""},"breadcrumb":{"@id":"https:\/\/www.letemsvetemapplem.eu\/bazar\/mac-mini-v-zaruce-apple-klavesnice\/#breadcrumb"},"inLanguage":"cs","potentialAction":[{"@type":"ReadAction","target":["https:\/\/www.letemsvetemapplem.eu\/bazar\/mac-mini-v-zaruce-apple-klavesnice\/"]}]},{"@type":"ImageObject","inLanguage":"cs","@id":"https:\/\/www.letemsvetemapplem.eu\/bazar\/mac-mini-v-zaruce-apple-klavesnice\/#primaryimage","url":"https:\/\/www.letemsvetemapplem.eu\/bazar\/wp-content\/uploads\/2018\/11\/1-2.jpeg","contentUrl":"https:\/\/www.letemsvetemapplem.eu\/bazar\/wp-content\/uploads\/2018\/11\/1-2.jpeg","width":3264,"height":2448},{"@type":"BreadcrumbList","@id":"https:\/\/www.letemsvetemapplem.eu\/bazar\/mac-mini-v-zaruce-apple-klavesnice\/#breadcrumb","itemListElement":[{"@type":"ListItem","position":1,"name":"Apple Bazar","item":"https:\/\/www.letemsvetemapplem.eu\/bazar\/"},{"@type":"ListItem","position":2,"name":"MAC mini v Z\u00c1RUCE + Apple kl\u00e1vesnice"}]},{"@type":"WebSite","@id":"https:\/\/www.letemsvetemapplem.eu\/bazar\/#website","url":"https:\/\/www.letemsvetemapplem.eu\/bazar\/","name":"Apple bazar","description":"Oou\u017eit\u00e9 Apple produkty za skv\u011bl\u00e9 ceny","potentialAction":[{"@type":"SearchAction","target":{"@type":"EntryPoint","urlTemplate":"https:\/\/www.letemsvetemapplem.eu\/bazar\/?s={search_term_string}"},"query-input":{"@type":"PropertyValueSpecification","valueRequired":true,"valueName":"search_term_string"}}],"inLanguage":"cs"}]}},"_links":{"self":[{"href":"https:\/\/www.letemsvetemapplem.eu\/bazar\/wp-json\/wp\/v2\/posts\/126443","targetHints":{"allow":["GET"]}}],"collection":[{"href":"https:\/\/www.letemsvetemapplem.eu\/bazar\/wp-json\/wp\/v2\/posts"}],"about":[{"href":"https:\/\/www.letemsvetemapplem.eu\/bazar\/wp-json\/wp\/v2\/types\/post"}],"replies":[{"embeddable":true,"href":"https:\/\/www.letemsvetemapplem.eu\/bazar\/wp-json\/wp\/v2\/comments?post=126443"}],"version-history":[{"count":0,"href":"https:\/\/www.letemsvetemapplem.eu\/bazar\/wp-json\/wp\/v2\/posts\/126443\/revisions"}],"wp:featuredmedia":[{"embeddable":true,"href":"https:\/\/www.letemsvetemapplem.eu\/bazar\/wp-json\/wp\/v2\/media\/126444"}],"wp:attachment":[{"href":"https:\/\/www.letemsvetemapplem.eu\/bazar\/wp-json\/wp\/v2\/media?parent=126443"}],"wp:term":[{"taxonomy":"category","embeddable":true,"href":"https:\/\/www.letemsvetemapplem.eu\/bazar\/wp-json\/wp\/v2\/categories?post=126443"},{"taxonomy":"post_tag","embeddable":true,"href":"https:\/\/www.letemsvetemapplem.eu\/bazar\/wp-json\/wp\/v2\/tags?post=126443"}],"curies":[{"name":"wp","href":"https:\/\/api.w.org\/{rel}","templated":true}]}}