{"id":126319,"date":"2018-11-27T00:17:18","date_gmt":"2018-11-26T23:17:18","guid":{"rendered":"https:\/\/www.letemsvetemapplem.eu\/bazar\/?p=126319"},"modified":"2018-11-27T00:17:18","modified_gmt":"2018-11-26T23:17:18","slug":"mac-mini-8gb-ram-128gb-ssd-500gb-hdd","status":"publish","type":"post","link":"https:\/\/www.letemsvetemapplem.eu\/bazar\/mac-mini-8gb-ram-128gb-ssd-500gb-hdd\/","title":{"rendered":"Mac mini, 8GB RAM, 128GB SSD, 500GB HDD"},"content":{"rendered":"<p>Prod\u00e1v\u00e1m v\u0161e co je na fotk\u00e1ch, v\u0161e funk\u010dn\u00ed, ve slu\u0161n\u00e9m stavu, nainstalov\u00e1no iMovie. P\u0159echod na mobiln\u00ed za\u0159\u00edzen\u00ed.<br \/>\nProcesor: 2.53GHz Intel Core 2 Duo<br \/>\nGrafick\u00e1 karta: NVIDIA GeForce 9400 256 MB<br \/>\nRok: 2009<br \/>\nRAM: 8GB<br \/>\nKapacita: 500GB HDD+128SSD<br \/>\nOS: OS X El Capitan<br \/>\nP\u0159\u00edslu\u0161enstv\u00ed: napajeci kabel, redukce miniDVI\/DVI, po dodod\u011b Magic mouse, keyboard<\/p>\n","protected":false},"excerpt":{"rendered":"<p>Prod\u00e1v\u00e1m v\u0161e co je na fotk\u00e1ch, v\u0161e funk\u010dn\u00ed, ve slu\u0161n\u00e9m stavu, nainstalov\u00e1no iMovie. P\u0159echod na mobiln\u00ed za\u0159\u00edzen\u00ed. Procesor: 2.53GHz Intel Core 2 Duo Grafick\u00e1 karta: NVIDIA GeForce 9400 256 MB Rok: 2009 RAM: 8GB Kapacita: 500GB HDD+128SSD OS: OS X El Capitan P\u0159\u00edslu\u0161enstv\u00ed: napajeci kabel, redukce miniDVI\/DVI, po dodod\u011b Magic mouse, keyboard<\/p>\n","protected":false},"author":0,"featured_media":126320,"comment_status":"closed","ping_status":"closed","sticky":false,"template":"","format":"standard","meta":{"footnotes":""},"categories":[44],"tags":[],"class_list":["post-126319","post","type-post","status-publish","format-standard","has-post-thumbnail","hentry","category-mac-mini"],"yoast_head":"<!-- This site is optimized with the Yoast SEO plugin v27.2 - https:\/\/yoast.com\/product\/yoast-seo-wordpress\/ -->\n<title>Mac mini, 8GB RAM, 128GB SSD, 500GB HDD - Apple bazar<\/title>\n<meta name=\"robots\" content=\"index, follow, max-snippet:-1, max-image-preview:large, max-video-preview:-1\" \/>\n<link rel=\"canonical\" href=\"https:\/\/www.letemsvetemapplem.eu\/bazar\/mac-mini-8gb-ram-128gb-ssd-500gb-hdd\/\" \/>\n<meta property=\"og:locale\" content=\"cs_CZ\" \/>\n<meta property=\"og:type\" content=\"article\" \/>\n<meta property=\"og:title\" content=\"Mac mini, 8GB RAM, 128GB SSD, 500GB HDD - Apple bazar\" \/>\n<meta property=\"og:description\" content=\"Prod\u00e1v\u00e1m v\u0161e co je na fotk\u00e1ch, v\u0161e funk\u010dn\u00ed, ve slu\u0161n\u00e9m stavu, nainstalov\u00e1no iMovie. P\u0159echod na mobiln\u00ed za\u0159\u00edzen\u00ed. Procesor: 2.53GHz Intel Core 2 Duo Grafick\u00e1 karta: NVIDIA GeForce 9400 256 MB Rok: 2009 RAM: 8GB Kapacita: 500GB HDD+128SSD OS: OS X El Capitan P\u0159\u00edslu\u0161enstv\u00ed: napajeci kabel, redukce miniDVI\/DVI, po dodod\u011b Magic mouse, keyboard\" \/>\n<meta property=\"og:url\" content=\"https:\/\/www.letemsvetemapplem.eu\/bazar\/mac-mini-8gb-ram-128gb-ssd-500gb-hdd\/\" \/>\n<meta property=\"og:site_name\" content=\"Apple bazar\" \/>\n<meta property=\"article:published_time\" content=\"2018-11-26T23:17:18+00:00\" \/>\n<meta property=\"og:image\" content=\"https:\/\/www.letemsvetemapplem.eu\/bazar\/wp-content\/uploads\/2018\/11\/IMG_1934.jpg\" \/>\n\t<meta property=\"og:image:width\" content=\"4032\" \/>\n\t<meta property=\"og:image:height\" content=\"3024\" \/>\n\t<meta property=\"og:image:type\" content=\"image\/jpeg\" \/>\n<meta name=\"twitter:card\" content=\"summary_large_image\" \/>\n<script type=\"application\/ld+json\" class=\"yoast-schema-graph\">{\"@context\":\"https:\/\/schema.org\",\"@graph\":[{\"@type\":\"Article\",\"@id\":\"https:\/\/www.letemsvetemapplem.eu\/bazar\/mac-mini-8gb-ram-128gb-ssd-500gb-hdd\/#article\",\"isPartOf\":{\"@id\":\"https:\/\/www.letemsvetemapplem.eu\/bazar\/mac-mini-8gb-ram-128gb-ssd-500gb-hdd\/\"},\"author\":{\"name\":\"\",\"@id\":\"\"},\"headline\":\"Mac mini, 8GB RAM, 128GB SSD, 500GB HDD\",\"datePublished\":\"2018-11-26T23:17:18+00:00\",\"mainEntityOfPage\":{\"@id\":\"https:\/\/www.letemsvetemapplem.eu\/bazar\/mac-mini-8gb-ram-128gb-ssd-500gb-hdd\/\"},\"wordCount\":71,\"image\":{\"@id\":\"https:\/\/www.letemsvetemapplem.eu\/bazar\/mac-mini-8gb-ram-128gb-ssd-500gb-hdd\/#primaryimage\"},\"thumbnailUrl\":\"https:\/\/www.letemsvetemapplem.eu\/bazar\/wp-content\/uploads\/2018\/11\/IMG_1934.jpg\",\"articleSection\":[\"Mac mini\"],\"inLanguage\":\"cs\"},{\"@type\":\"WebPage\",\"@id\":\"https:\/\/www.letemsvetemapplem.eu\/bazar\/mac-mini-8gb-ram-128gb-ssd-500gb-hdd\/\",\"url\":\"https:\/\/www.letemsvetemapplem.eu\/bazar\/mac-mini-8gb-ram-128gb-ssd-500gb-hdd\/\",\"name\":\"Mac mini, 8GB RAM, 128GB SSD, 500GB HDD - Apple bazar\",\"isPartOf\":{\"@id\":\"https:\/\/www.letemsvetemapplem.eu\/bazar\/#website\"},\"primaryImageOfPage\":{\"@id\":\"https:\/\/www.letemsvetemapplem.eu\/bazar\/mac-mini-8gb-ram-128gb-ssd-500gb-hdd\/#primaryimage\"},\"image\":{\"@id\":\"https:\/\/www.letemsvetemapplem.eu\/bazar\/mac-mini-8gb-ram-128gb-ssd-500gb-hdd\/#primaryimage\"},\"thumbnailUrl\":\"https:\/\/www.letemsvetemapplem.eu\/bazar\/wp-content\/uploads\/2018\/11\/IMG_1934.jpg\",\"datePublished\":\"2018-11-26T23:17:18+00:00\",\"author\":{\"@id\":\"\"},\"breadcrumb\":{\"@id\":\"https:\/\/www.letemsvetemapplem.eu\/bazar\/mac-mini-8gb-ram-128gb-ssd-500gb-hdd\/#breadcrumb\"},\"inLanguage\":\"cs\",\"potentialAction\":[{\"@type\":\"ReadAction\",\"target\":[\"https:\/\/www.letemsvetemapplem.eu\/bazar\/mac-mini-8gb-ram-128gb-ssd-500gb-hdd\/\"]}]},{\"@type\":\"ImageObject\",\"inLanguage\":\"cs\",\"@id\":\"https:\/\/www.letemsvetemapplem.eu\/bazar\/mac-mini-8gb-ram-128gb-ssd-500gb-hdd\/#primaryimage\",\"url\":\"https:\/\/www.letemsvetemapplem.eu\/bazar\/wp-content\/uploads\/2018\/11\/IMG_1934.jpg\",\"contentUrl\":\"https:\/\/www.letemsvetemapplem.eu\/bazar\/wp-content\/uploads\/2018\/11\/IMG_1934.jpg\",\"width\":4032,\"height\":3024},{\"@type\":\"BreadcrumbList\",\"@id\":\"https:\/\/www.letemsvetemapplem.eu\/bazar\/mac-mini-8gb-ram-128gb-ssd-500gb-hdd\/#breadcrumb\",\"itemListElement\":[{\"@type\":\"ListItem\",\"position\":1,\"name\":\"Apple Bazar\",\"item\":\"https:\/\/www.letemsvetemapplem.eu\/bazar\/\"},{\"@type\":\"ListItem\",\"position\":2,\"name\":\"Mac mini, 8GB RAM, 128GB SSD, 500GB HDD\"}]},{\"@type\":\"WebSite\",\"@id\":\"https:\/\/www.letemsvetemapplem.eu\/bazar\/#website\",\"url\":\"https:\/\/www.letemsvetemapplem.eu\/bazar\/\",\"name\":\"Apple bazar\",\"description\":\"Oou\u017eit\u00e9 Apple produkty za skv\u011bl\u00e9 ceny\",\"potentialAction\":[{\"@type\":\"SearchAction\",\"target\":{\"@type\":\"EntryPoint\",\"urlTemplate\":\"https:\/\/www.letemsvetemapplem.eu\/bazar\/?s={search_term_string}\"},\"query-input\":{\"@type\":\"PropertyValueSpecification\",\"valueRequired\":true,\"valueName\":\"search_term_string\"}}],\"inLanguage\":\"cs\"}]}<\/script>\n<!-- \/ Yoast SEO plugin. -->","yoast_head_json":{"title":"Mac mini, 8GB RAM, 128GB SSD, 500GB HDD - Apple bazar","robots":{"index":"index","follow":"follow","max-snippet":"max-snippet:-1","max-image-preview":"max-image-preview:large","max-video-preview":"max-video-preview:-1"},"canonical":"https:\/\/www.letemsvetemapplem.eu\/bazar\/mac-mini-8gb-ram-128gb-ssd-500gb-hdd\/","og_locale":"cs_CZ","og_type":"article","og_title":"Mac mini, 8GB RAM, 128GB SSD, 500GB HDD - Apple bazar","og_description":"Prod\u00e1v\u00e1m v\u0161e co je na fotk\u00e1ch, v\u0161e funk\u010dn\u00ed, ve slu\u0161n\u00e9m stavu, nainstalov\u00e1no iMovie. P\u0159echod na mobiln\u00ed za\u0159\u00edzen\u00ed. Procesor: 2.53GHz Intel Core 2 Duo Grafick\u00e1 karta: NVIDIA GeForce 9400 256 MB Rok: 2009 RAM: 8GB Kapacita: 500GB HDD+128SSD OS: OS X El Capitan P\u0159\u00edslu\u0161enstv\u00ed: napajeci kabel, redukce miniDVI\/DVI, po dodod\u011b Magic mouse, keyboard","og_url":"https:\/\/www.letemsvetemapplem.eu\/bazar\/mac-mini-8gb-ram-128gb-ssd-500gb-hdd\/","og_site_name":"Apple bazar","article_published_time":"2018-11-26T23:17:18+00:00","og_image":[{"width":4032,"height":3024,"url":"https:\/\/www.letemsvetemapplem.eu\/bazar\/wp-content\/uploads\/2018\/11\/IMG_1934.jpg","type":"image\/jpeg"}],"twitter_card":"summary_large_image","schema":{"@context":"https:\/\/schema.org","@graph":[{"@type":"Article","@id":"https:\/\/www.letemsvetemapplem.eu\/bazar\/mac-mini-8gb-ram-128gb-ssd-500gb-hdd\/#article","isPartOf":{"@id":"https:\/\/www.letemsvetemapplem.eu\/bazar\/mac-mini-8gb-ram-128gb-ssd-500gb-hdd\/"},"author":{"name":"","@id":""},"headline":"Mac mini, 8GB RAM, 128GB SSD, 500GB HDD","datePublished":"2018-11-26T23:17:18+00:00","mainEntityOfPage":{"@id":"https:\/\/www.letemsvetemapplem.eu\/bazar\/mac-mini-8gb-ram-128gb-ssd-500gb-hdd\/"},"wordCount":71,"image":{"@id":"https:\/\/www.letemsvetemapplem.eu\/bazar\/mac-mini-8gb-ram-128gb-ssd-500gb-hdd\/#primaryimage"},"thumbnailUrl":"https:\/\/www.letemsvetemapplem.eu\/bazar\/wp-content\/uploads\/2018\/11\/IMG_1934.jpg","articleSection":["Mac mini"],"inLanguage":"cs"},{"@type":"WebPage","@id":"https:\/\/www.letemsvetemapplem.eu\/bazar\/mac-mini-8gb-ram-128gb-ssd-500gb-hdd\/","url":"https:\/\/www.letemsvetemapplem.eu\/bazar\/mac-mini-8gb-ram-128gb-ssd-500gb-hdd\/","name":"Mac mini, 8GB RAM, 128GB SSD, 500GB HDD - Apple bazar","isPartOf":{"@id":"https:\/\/www.letemsvetemapplem.eu\/bazar\/#website"},"primaryImageOfPage":{"@id":"https:\/\/www.letemsvetemapplem.eu\/bazar\/mac-mini-8gb-ram-128gb-ssd-500gb-hdd\/#primaryimage"},"image":{"@id":"https:\/\/www.letemsvetemapplem.eu\/bazar\/mac-mini-8gb-ram-128gb-ssd-500gb-hdd\/#primaryimage"},"thumbnailUrl":"https:\/\/www.letemsvetemapplem.eu\/bazar\/wp-content\/uploads\/2018\/11\/IMG_1934.jpg","datePublished":"2018-11-26T23:17:18+00:00","author":{"@id":""},"breadcrumb":{"@id":"https:\/\/www.letemsvetemapplem.eu\/bazar\/mac-mini-8gb-ram-128gb-ssd-500gb-hdd\/#breadcrumb"},"inLanguage":"cs","potentialAction":[{"@type":"ReadAction","target":["https:\/\/www.letemsvetemapplem.eu\/bazar\/mac-mini-8gb-ram-128gb-ssd-500gb-hdd\/"]}]},{"@type":"ImageObject","inLanguage":"cs","@id":"https:\/\/www.letemsvetemapplem.eu\/bazar\/mac-mini-8gb-ram-128gb-ssd-500gb-hdd\/#primaryimage","url":"https:\/\/www.letemsvetemapplem.eu\/bazar\/wp-content\/uploads\/2018\/11\/IMG_1934.jpg","contentUrl":"https:\/\/www.letemsvetemapplem.eu\/bazar\/wp-content\/uploads\/2018\/11\/IMG_1934.jpg","width":4032,"height":3024},{"@type":"BreadcrumbList","@id":"https:\/\/www.letemsvetemapplem.eu\/bazar\/mac-mini-8gb-ram-128gb-ssd-500gb-hdd\/#breadcrumb","itemListElement":[{"@type":"ListItem","position":1,"name":"Apple Bazar","item":"https:\/\/www.letemsvetemapplem.eu\/bazar\/"},{"@type":"ListItem","position":2,"name":"Mac mini, 8GB RAM, 128GB SSD, 500GB HDD"}]},{"@type":"WebSite","@id":"https:\/\/www.letemsvetemapplem.eu\/bazar\/#website","url":"https:\/\/www.letemsvetemapplem.eu\/bazar\/","name":"Apple bazar","description":"Oou\u017eit\u00e9 Apple produkty za skv\u011bl\u00e9 ceny","potentialAction":[{"@type":"SearchAction","target":{"@type":"EntryPoint","urlTemplate":"https:\/\/www.letemsvetemapplem.eu\/bazar\/?s={search_term_string}"},"query-input":{"@type":"PropertyValueSpecification","valueRequired":true,"valueName":"search_term_string"}}],"inLanguage":"cs"}]}},"_links":{"self":[{"href":"https:\/\/www.letemsvetemapplem.eu\/bazar\/wp-json\/wp\/v2\/posts\/126319","targetHints":{"allow":["GET"]}}],"collection":[{"href":"https:\/\/www.letemsvetemapplem.eu\/bazar\/wp-json\/wp\/v2\/posts"}],"about":[{"href":"https:\/\/www.letemsvetemapplem.eu\/bazar\/wp-json\/wp\/v2\/types\/post"}],"replies":[{"embeddable":true,"href":"https:\/\/www.letemsvetemapplem.eu\/bazar\/wp-json\/wp\/v2\/comments?post=126319"}],"version-history":[{"count":0,"href":"https:\/\/www.letemsvetemapplem.eu\/bazar\/wp-json\/wp\/v2\/posts\/126319\/revisions"}],"wp:featuredmedia":[{"embeddable":true,"href":"https:\/\/www.letemsvetemapplem.eu\/bazar\/wp-json\/wp\/v2\/media\/126320"}],"wp:attachment":[{"href":"https:\/\/www.letemsvetemapplem.eu\/bazar\/wp-json\/wp\/v2\/media?parent=126319"}],"wp:term":[{"taxonomy":"category","embeddable":true,"href":"https:\/\/www.letemsvetemapplem.eu\/bazar\/wp-json\/wp\/v2\/categories?post=126319"},{"taxonomy":"post_tag","embeddable":true,"href":"https:\/\/www.letemsvetemapplem.eu\/bazar\/wp-json\/wp\/v2\/tags?post=126319"}],"curies":[{"name":"wp","href":"https:\/\/api.w.org\/{rel}","templated":true}]}}