{"id":124628,"date":"2018-11-21T11:15:15","date_gmt":"2018-11-21T10:15:15","guid":{"rendered":"https:\/\/www.letemsvetemapplem.eu\/bazar\/?p=124628"},"modified":"2018-11-21T11:15:15","modified_gmt":"2018-11-21T10:15:15","slug":"imac-215-mid-2011-5","status":"publish","type":"post","link":"https:\/\/www.letemsvetemapplem.eu\/bazar\/imac-215-mid-2011-5\/","title":{"rendered":"iMac (21,5&quot;, Mid 2011)"},"content":{"rendered":"<p>V\u00fdborn\u00fd a kr\u00e1sn\u00fd po\u010d\u00edta\u010d v perfektn\u00edm stavu. Bylo o n\u011bj perfektn\u011b star\u00e1no.<br \/>\niMac (21,5-inch, Mid 2011)<br \/>\nmacOS High Sierra 10.13.6<br \/>\nIntel Core i5 2,5GHz (4 j\u00e1dra)<br \/>\nAMD Radeon HD 6750M 512MB<br \/>\n21,5&quot; 1920&#215;1080<br \/>\n500GB HDD SATA 7200ot.\/min.<br \/>\n12 GB 1333 MHz DDR3 (pam\u011b\u0165 byla roz\u0161\u00ed\u0159ena z p\u016fvodn\u00edch 8 GB na 12 GB)<br \/>\n4x USB 2.0<br \/>\nThunderbolt port (miniDisplay port)<br \/>\nFireWire 800<br \/>\nEthernet port (10\/100\/1000BASE-T Gigabit Ethernet)<br \/>\nAudio line in\/out<br \/>\nCD\/DVD mechanika (DVD\u00b1R DL\/DVD\u00b1RW\/CD-RW)<br \/>\n\u010cte\u010dka pam\u011b\u0165ov\u00fdch karet<br \/>\nZabudovan\u00e9 stereo, mikrofon a FaceTime HD kamera<br \/>\nV\u010detn\u011b p\u016fvodn\u00ed bezdr\u00e1tov\u00e1 kl\u00e1vesnice a bezdr\u00e1tov\u00e1 my\u0161 (na baterie)<br \/>\nDod\u00e1m i v p\u016fvodn\u00edm obalu. <\/p>\n","protected":false},"excerpt":{"rendered":"<p>V\u00fdborn\u00fd a kr\u00e1sn\u00fd po\u010d\u00edta\u010d v perfektn\u00edm stavu. Bylo o n\u011bj perfektn\u011b star\u00e1no. iMac (21,5-inch, Mid 2011) macOS High Sierra 10.13.6 Intel Core i5 2,5GHz (4 j\u00e1dra) AMD Radeon HD 6750M 512MB 21,5&quot; 1920&#215;1080 500GB HDD SATA 7200ot.\/min. 12 GB 1333 MHz DDR3 (pam\u011b\u0165 byla roz\u0161\u00ed\u0159ena z p\u016fvodn\u00edch 8 GB na 12 GB) 4x USB 2.0&#8230;<\/p>\n","protected":false},"author":0,"featured_media":124629,"comment_status":"closed","ping_status":"closed","sticky":false,"template":"","format":"standard","meta":{"footnotes":""},"categories":[41],"tags":[],"class_list":["post-124628","post","type-post","status-publish","format-standard","has-post-thumbnail","hentry","category-imac"],"yoast_head":"<!-- This site is optimized with the Yoast SEO plugin v27.2 - https:\/\/yoast.com\/product\/yoast-seo-wordpress\/ -->\n<title>iMac (21,5&quot;, Mid 2011) - Apple bazar<\/title>\n<meta name=\"robots\" content=\"index, follow, max-snippet:-1, max-image-preview:large, max-video-preview:-1\" \/>\n<link rel=\"canonical\" href=\"https:\/\/www.letemsvetemapplem.eu\/bazar\/imac-215-mid-2011-5\/\" \/>\n<meta property=\"og:locale\" content=\"cs_CZ\" \/>\n<meta property=\"og:type\" content=\"article\" \/>\n<meta property=\"og:title\" content=\"iMac (21,5&quot;, Mid 2011) - Apple bazar\" \/>\n<meta property=\"og:description\" content=\"V\u00fdborn\u00fd a kr\u00e1sn\u00fd po\u010d\u00edta\u010d v perfektn\u00edm stavu. Bylo o n\u011bj perfektn\u011b star\u00e1no. iMac (21,5-inch, Mid 2011) macOS High Sierra 10.13.6 Intel Core i5 2,5GHz (4 j\u00e1dra) AMD Radeon HD 6750M 512MB 21,5&quot; 1920&#215;1080 500GB HDD SATA 7200ot.\/min. 12 GB 1333 MHz DDR3 (pam\u011b\u0165 byla roz\u0161\u00ed\u0159ena z p\u016fvodn\u00edch 8 GB na 12 GB) 4x USB 2.0...\" \/>\n<meta property=\"og:url\" content=\"https:\/\/www.letemsvetemapplem.eu\/bazar\/imac-215-mid-2011-5\/\" \/>\n<meta property=\"og:site_name\" content=\"Apple bazar\" \/>\n<meta property=\"article:published_time\" content=\"2018-11-21T10:15:15+00:00\" \/>\n<meta property=\"og:image\" content=\"https:\/\/www.letemsvetemapplem.eu\/bazar\/wp-content\/uploads\/2018\/11\/IMG_0162-2.jpg\" \/>\n\t<meta property=\"og:image:width\" content=\"4032\" \/>\n\t<meta property=\"og:image:height\" content=\"3024\" \/>\n\t<meta property=\"og:image:type\" content=\"image\/jpeg\" \/>\n<meta name=\"twitter:card\" content=\"summary_large_image\" \/>\n<script type=\"application\/ld+json\" class=\"yoast-schema-graph\">{\"@context\":\"https:\/\/schema.org\",\"@graph\":[{\"@type\":\"Article\",\"@id\":\"https:\/\/www.letemsvetemapplem.eu\/bazar\/imac-215-mid-2011-5\/#article\",\"isPartOf\":{\"@id\":\"https:\/\/www.letemsvetemapplem.eu\/bazar\/imac-215-mid-2011-5\/\"},\"author\":{\"name\":\"\",\"@id\":\"\"},\"headline\":\"iMac (21,5&quot;, Mid 2011)\",\"datePublished\":\"2018-11-21T10:15:15+00:00\",\"mainEntityOfPage\":{\"@id\":\"https:\/\/www.letemsvetemapplem.eu\/bazar\/imac-215-mid-2011-5\/\"},\"wordCount\":119,\"image\":{\"@id\":\"https:\/\/www.letemsvetemapplem.eu\/bazar\/imac-215-mid-2011-5\/#primaryimage\"},\"thumbnailUrl\":\"https:\/\/www.letemsvetemapplem.eu\/bazar\/wp-content\/uploads\/2018\/11\/IMG_0162-2.jpg\",\"articleSection\":[\"iMac\"],\"inLanguage\":\"cs\"},{\"@type\":\"WebPage\",\"@id\":\"https:\/\/www.letemsvetemapplem.eu\/bazar\/imac-215-mid-2011-5\/\",\"url\":\"https:\/\/www.letemsvetemapplem.eu\/bazar\/imac-215-mid-2011-5\/\",\"name\":\"iMac (21,5&quot;, Mid 2011) - Apple bazar\",\"isPartOf\":{\"@id\":\"https:\/\/www.letemsvetemapplem.eu\/bazar\/#website\"},\"primaryImageOfPage\":{\"@id\":\"https:\/\/www.letemsvetemapplem.eu\/bazar\/imac-215-mid-2011-5\/#primaryimage\"},\"image\":{\"@id\":\"https:\/\/www.letemsvetemapplem.eu\/bazar\/imac-215-mid-2011-5\/#primaryimage\"},\"thumbnailUrl\":\"https:\/\/www.letemsvetemapplem.eu\/bazar\/wp-content\/uploads\/2018\/11\/IMG_0162-2.jpg\",\"datePublished\":\"2018-11-21T10:15:15+00:00\",\"author\":{\"@id\":\"\"},\"breadcrumb\":{\"@id\":\"https:\/\/www.letemsvetemapplem.eu\/bazar\/imac-215-mid-2011-5\/#breadcrumb\"},\"inLanguage\":\"cs\",\"potentialAction\":[{\"@type\":\"ReadAction\",\"target\":[\"https:\/\/www.letemsvetemapplem.eu\/bazar\/imac-215-mid-2011-5\/\"]}]},{\"@type\":\"ImageObject\",\"inLanguage\":\"cs\",\"@id\":\"https:\/\/www.letemsvetemapplem.eu\/bazar\/imac-215-mid-2011-5\/#primaryimage\",\"url\":\"https:\/\/www.letemsvetemapplem.eu\/bazar\/wp-content\/uploads\/2018\/11\/IMG_0162-2.jpg\",\"contentUrl\":\"https:\/\/www.letemsvetemapplem.eu\/bazar\/wp-content\/uploads\/2018\/11\/IMG_0162-2.jpg\",\"width\":4032,\"height\":3024},{\"@type\":\"BreadcrumbList\",\"@id\":\"https:\/\/www.letemsvetemapplem.eu\/bazar\/imac-215-mid-2011-5\/#breadcrumb\",\"itemListElement\":[{\"@type\":\"ListItem\",\"position\":1,\"name\":\"Apple Bazar\",\"item\":\"https:\/\/www.letemsvetemapplem.eu\/bazar\/\"},{\"@type\":\"ListItem\",\"position\":2,\"name\":\"iMac (21,5&quot;, Mid 2011)\"}]},{\"@type\":\"WebSite\",\"@id\":\"https:\/\/www.letemsvetemapplem.eu\/bazar\/#website\",\"url\":\"https:\/\/www.letemsvetemapplem.eu\/bazar\/\",\"name\":\"Apple bazar\",\"description\":\"Oou\u017eit\u00e9 Apple produkty za skv\u011bl\u00e9 ceny\",\"potentialAction\":[{\"@type\":\"SearchAction\",\"target\":{\"@type\":\"EntryPoint\",\"urlTemplate\":\"https:\/\/www.letemsvetemapplem.eu\/bazar\/?s={search_term_string}\"},\"query-input\":{\"@type\":\"PropertyValueSpecification\",\"valueRequired\":true,\"valueName\":\"search_term_string\"}}],\"inLanguage\":\"cs\"}]}<\/script>\n<!-- \/ Yoast SEO plugin. -->","yoast_head_json":{"title":"iMac (21,5&quot;, Mid 2011) - Apple bazar","robots":{"index":"index","follow":"follow","max-snippet":"max-snippet:-1","max-image-preview":"max-image-preview:large","max-video-preview":"max-video-preview:-1"},"canonical":"https:\/\/www.letemsvetemapplem.eu\/bazar\/imac-215-mid-2011-5\/","og_locale":"cs_CZ","og_type":"article","og_title":"iMac (21,5&quot;, Mid 2011) - Apple bazar","og_description":"V\u00fdborn\u00fd a kr\u00e1sn\u00fd po\u010d\u00edta\u010d v perfektn\u00edm stavu. Bylo o n\u011bj perfektn\u011b star\u00e1no. iMac (21,5-inch, Mid 2011) macOS High Sierra 10.13.6 Intel Core i5 2,5GHz (4 j\u00e1dra) AMD Radeon HD 6750M 512MB 21,5&quot; 1920&#215;1080 500GB HDD SATA 7200ot.\/min. 12 GB 1333 MHz DDR3 (pam\u011b\u0165 byla roz\u0161\u00ed\u0159ena z p\u016fvodn\u00edch 8 GB na 12 GB) 4x USB 2.0...","og_url":"https:\/\/www.letemsvetemapplem.eu\/bazar\/imac-215-mid-2011-5\/","og_site_name":"Apple bazar","article_published_time":"2018-11-21T10:15:15+00:00","og_image":[{"width":4032,"height":3024,"url":"https:\/\/www.letemsvetemapplem.eu\/bazar\/wp-content\/uploads\/2018\/11\/IMG_0162-2.jpg","type":"image\/jpeg"}],"twitter_card":"summary_large_image","schema":{"@context":"https:\/\/schema.org","@graph":[{"@type":"Article","@id":"https:\/\/www.letemsvetemapplem.eu\/bazar\/imac-215-mid-2011-5\/#article","isPartOf":{"@id":"https:\/\/www.letemsvetemapplem.eu\/bazar\/imac-215-mid-2011-5\/"},"author":{"name":"","@id":""},"headline":"iMac (21,5&quot;, Mid 2011)","datePublished":"2018-11-21T10:15:15+00:00","mainEntityOfPage":{"@id":"https:\/\/www.letemsvetemapplem.eu\/bazar\/imac-215-mid-2011-5\/"},"wordCount":119,"image":{"@id":"https:\/\/www.letemsvetemapplem.eu\/bazar\/imac-215-mid-2011-5\/#primaryimage"},"thumbnailUrl":"https:\/\/www.letemsvetemapplem.eu\/bazar\/wp-content\/uploads\/2018\/11\/IMG_0162-2.jpg","articleSection":["iMac"],"inLanguage":"cs"},{"@type":"WebPage","@id":"https:\/\/www.letemsvetemapplem.eu\/bazar\/imac-215-mid-2011-5\/","url":"https:\/\/www.letemsvetemapplem.eu\/bazar\/imac-215-mid-2011-5\/","name":"iMac (21,5&quot;, Mid 2011) - Apple bazar","isPartOf":{"@id":"https:\/\/www.letemsvetemapplem.eu\/bazar\/#website"},"primaryImageOfPage":{"@id":"https:\/\/www.letemsvetemapplem.eu\/bazar\/imac-215-mid-2011-5\/#primaryimage"},"image":{"@id":"https:\/\/www.letemsvetemapplem.eu\/bazar\/imac-215-mid-2011-5\/#primaryimage"},"thumbnailUrl":"https:\/\/www.letemsvetemapplem.eu\/bazar\/wp-content\/uploads\/2018\/11\/IMG_0162-2.jpg","datePublished":"2018-11-21T10:15:15+00:00","author":{"@id":""},"breadcrumb":{"@id":"https:\/\/www.letemsvetemapplem.eu\/bazar\/imac-215-mid-2011-5\/#breadcrumb"},"inLanguage":"cs","potentialAction":[{"@type":"ReadAction","target":["https:\/\/www.letemsvetemapplem.eu\/bazar\/imac-215-mid-2011-5\/"]}]},{"@type":"ImageObject","inLanguage":"cs","@id":"https:\/\/www.letemsvetemapplem.eu\/bazar\/imac-215-mid-2011-5\/#primaryimage","url":"https:\/\/www.letemsvetemapplem.eu\/bazar\/wp-content\/uploads\/2018\/11\/IMG_0162-2.jpg","contentUrl":"https:\/\/www.letemsvetemapplem.eu\/bazar\/wp-content\/uploads\/2018\/11\/IMG_0162-2.jpg","width":4032,"height":3024},{"@type":"BreadcrumbList","@id":"https:\/\/www.letemsvetemapplem.eu\/bazar\/imac-215-mid-2011-5\/#breadcrumb","itemListElement":[{"@type":"ListItem","position":1,"name":"Apple Bazar","item":"https:\/\/www.letemsvetemapplem.eu\/bazar\/"},{"@type":"ListItem","position":2,"name":"iMac (21,5&quot;, Mid 2011)"}]},{"@type":"WebSite","@id":"https:\/\/www.letemsvetemapplem.eu\/bazar\/#website","url":"https:\/\/www.letemsvetemapplem.eu\/bazar\/","name":"Apple bazar","description":"Oou\u017eit\u00e9 Apple produkty za skv\u011bl\u00e9 ceny","potentialAction":[{"@type":"SearchAction","target":{"@type":"EntryPoint","urlTemplate":"https:\/\/www.letemsvetemapplem.eu\/bazar\/?s={search_term_string}"},"query-input":{"@type":"PropertyValueSpecification","valueRequired":true,"valueName":"search_term_string"}}],"inLanguage":"cs"}]}},"_links":{"self":[{"href":"https:\/\/www.letemsvetemapplem.eu\/bazar\/wp-json\/wp\/v2\/posts\/124628","targetHints":{"allow":["GET"]}}],"collection":[{"href":"https:\/\/www.letemsvetemapplem.eu\/bazar\/wp-json\/wp\/v2\/posts"}],"about":[{"href":"https:\/\/www.letemsvetemapplem.eu\/bazar\/wp-json\/wp\/v2\/types\/post"}],"replies":[{"embeddable":true,"href":"https:\/\/www.letemsvetemapplem.eu\/bazar\/wp-json\/wp\/v2\/comments?post=124628"}],"version-history":[{"count":0,"href":"https:\/\/www.letemsvetemapplem.eu\/bazar\/wp-json\/wp\/v2\/posts\/124628\/revisions"}],"wp:featuredmedia":[{"embeddable":true,"href":"https:\/\/www.letemsvetemapplem.eu\/bazar\/wp-json\/wp\/v2\/media\/124629"}],"wp:attachment":[{"href":"https:\/\/www.letemsvetemapplem.eu\/bazar\/wp-json\/wp\/v2\/media?parent=124628"}],"wp:term":[{"taxonomy":"category","embeddable":true,"href":"https:\/\/www.letemsvetemapplem.eu\/bazar\/wp-json\/wp\/v2\/categories?post=124628"},{"taxonomy":"post_tag","embeddable":true,"href":"https:\/\/www.letemsvetemapplem.eu\/bazar\/wp-json\/wp\/v2\/tags?post=124628"}],"curies":[{"name":"wp","href":"https:\/\/api.w.org\/{rel}","templated":true}]}}