{"id":119990,"date":"2018-11-03T21:37:56","date_gmt":"2018-11-03T20:37:56","guid":{"rendered":"https:\/\/www.letemsvetemapplem.eu\/bazar\/?p=119990"},"modified":"2018-11-03T21:37:56","modified_gmt":"2018-11-03T20:37:56","slug":"prodam-imac-27-mid-2010-i7-16gb-ram","status":"publish","type":"post","link":"https:\/\/www.letemsvetemapplem.eu\/bazar\/prodam-imac-27-mid-2010-i7-16gb-ram\/","title":{"rendered":"Prodam iMac 27&quot; (mid 2010), i7, 16gb Ram"},"content":{"rendered":"<p>Prod\u00e1m iMac 27\u2033 (Mid 2010 &#8211; zakoupen v p\u016fli roku 2011), velice dobr\u00fd stav (viz. foto), D\u016fvod prodeje \u2013 koup\u011b Macbook Pro 15\u2033.<\/p>\n<p>Apple iMac 27\u2033 \u2013 Core i7, 16 GB Ram, 256 GB SSD disk + 1 TB HDD. grafick\u00e1 karta \u2013 ATI Radeon HD 5750 1Gb.<\/p>\n","protected":false},"excerpt":{"rendered":"<p>Prod\u00e1m iMac 27\u2033 (Mid 2010 &#8211; zakoupen v p\u016fli roku 2011), velice dobr\u00fd stav (viz. foto), D\u016fvod prodeje \u2013 koup\u011b Macbook Pro 15\u2033. Apple iMac 27\u2033 \u2013 Core i7, 16 GB Ram, 256 GB SSD disk + 1 TB HDD. grafick\u00e1 karta \u2013 ATI Radeon HD 5750 1Gb.<\/p>\n","protected":false},"author":0,"featured_media":119991,"comment_status":"closed","ping_status":"closed","sticky":false,"template":"","format":"standard","meta":{"footnotes":""},"categories":[41],"tags":[],"class_list":["post-119990","post","type-post","status-publish","format-standard","has-post-thumbnail","hentry","category-imac"],"yoast_head":"<!-- This site is optimized with the Yoast SEO plugin v27.2 - https:\/\/yoast.com\/product\/yoast-seo-wordpress\/ -->\n<title>Prodam iMac 27&quot; (mid 2010), i7, 16gb Ram - Apple bazar<\/title>\n<meta name=\"robots\" content=\"index, follow, max-snippet:-1, max-image-preview:large, max-video-preview:-1\" \/>\n<link rel=\"canonical\" href=\"https:\/\/www.letemsvetemapplem.eu\/bazar\/prodam-imac-27-mid-2010-i7-16gb-ram\/\" \/>\n<meta property=\"og:locale\" content=\"cs_CZ\" \/>\n<meta property=\"og:type\" content=\"article\" \/>\n<meta property=\"og:title\" content=\"Prodam iMac 27&quot; (mid 2010), i7, 16gb Ram - Apple bazar\" \/>\n<meta property=\"og:description\" content=\"Prod\u00e1m iMac 27\u2033 (Mid 2010 &#8211; zakoupen v p\u016fli roku 2011), velice dobr\u00fd stav (viz. foto), D\u016fvod prodeje \u2013 koup\u011b Macbook Pro 15\u2033. Apple iMac 27\u2033 \u2013 Core i7, 16 GB Ram, 256 GB SSD disk + 1 TB HDD. grafick\u00e1 karta \u2013 ATI Radeon HD 5750 1Gb.\" \/>\n<meta property=\"og:url\" content=\"https:\/\/www.letemsvetemapplem.eu\/bazar\/prodam-imac-27-mid-2010-i7-16gb-ram\/\" \/>\n<meta property=\"og:site_name\" content=\"Apple bazar\" \/>\n<meta property=\"article:published_time\" content=\"2018-11-03T20:37:56+00:00\" \/>\n<meta property=\"og:image\" content=\"https:\/\/www.letemsvetemapplem.eu\/bazar\/wp-content\/uploads\/2018\/11\/IMG_1.jpg\" \/>\n\t<meta property=\"og:image:width\" content=\"1080\" \/>\n\t<meta property=\"og:image:height\" content=\"1920\" \/>\n\t<meta property=\"og:image:type\" content=\"image\/jpeg\" \/>\n<meta name=\"twitter:card\" content=\"summary_large_image\" \/>\n<script type=\"application\/ld+json\" class=\"yoast-schema-graph\">{\"@context\":\"https:\/\/schema.org\",\"@graph\":[{\"@type\":\"Article\",\"@id\":\"https:\/\/www.letemsvetemapplem.eu\/bazar\/prodam-imac-27-mid-2010-i7-16gb-ram\/#article\",\"isPartOf\":{\"@id\":\"https:\/\/www.letemsvetemapplem.eu\/bazar\/prodam-imac-27-mid-2010-i7-16gb-ram\/\"},\"author\":{\"name\":\"\",\"@id\":\"\"},\"headline\":\"Prodam iMac 27&quot; (mid 2010), i7, 16gb Ram\",\"datePublished\":\"2018-11-03T20:37:56+00:00\",\"mainEntityOfPage\":{\"@id\":\"https:\/\/www.letemsvetemapplem.eu\/bazar\/prodam-imac-27-mid-2010-i7-16gb-ram\/\"},\"wordCount\":45,\"image\":{\"@id\":\"https:\/\/www.letemsvetemapplem.eu\/bazar\/prodam-imac-27-mid-2010-i7-16gb-ram\/#primaryimage\"},\"thumbnailUrl\":\"https:\/\/www.letemsvetemapplem.eu\/bazar\/wp-content\/uploads\/2018\/11\/IMG_1.jpg\",\"articleSection\":[\"iMac\"],\"inLanguage\":\"cs\"},{\"@type\":\"WebPage\",\"@id\":\"https:\/\/www.letemsvetemapplem.eu\/bazar\/prodam-imac-27-mid-2010-i7-16gb-ram\/\",\"url\":\"https:\/\/www.letemsvetemapplem.eu\/bazar\/prodam-imac-27-mid-2010-i7-16gb-ram\/\",\"name\":\"Prodam iMac 27&quot; (mid 2010), i7, 16gb Ram - Apple bazar\",\"isPartOf\":{\"@id\":\"https:\/\/www.letemsvetemapplem.eu\/bazar\/#website\"},\"primaryImageOfPage\":{\"@id\":\"https:\/\/www.letemsvetemapplem.eu\/bazar\/prodam-imac-27-mid-2010-i7-16gb-ram\/#primaryimage\"},\"image\":{\"@id\":\"https:\/\/www.letemsvetemapplem.eu\/bazar\/prodam-imac-27-mid-2010-i7-16gb-ram\/#primaryimage\"},\"thumbnailUrl\":\"https:\/\/www.letemsvetemapplem.eu\/bazar\/wp-content\/uploads\/2018\/11\/IMG_1.jpg\",\"datePublished\":\"2018-11-03T20:37:56+00:00\",\"author\":{\"@id\":\"\"},\"breadcrumb\":{\"@id\":\"https:\/\/www.letemsvetemapplem.eu\/bazar\/prodam-imac-27-mid-2010-i7-16gb-ram\/#breadcrumb\"},\"inLanguage\":\"cs\",\"potentialAction\":[{\"@type\":\"ReadAction\",\"target\":[\"https:\/\/www.letemsvetemapplem.eu\/bazar\/prodam-imac-27-mid-2010-i7-16gb-ram\/\"]}]},{\"@type\":\"ImageObject\",\"inLanguage\":\"cs\",\"@id\":\"https:\/\/www.letemsvetemapplem.eu\/bazar\/prodam-imac-27-mid-2010-i7-16gb-ram\/#primaryimage\",\"url\":\"https:\/\/www.letemsvetemapplem.eu\/bazar\/wp-content\/uploads\/2018\/11\/IMG_1.jpg\",\"contentUrl\":\"https:\/\/www.letemsvetemapplem.eu\/bazar\/wp-content\/uploads\/2018\/11\/IMG_1.jpg\",\"width\":1080,\"height\":1920},{\"@type\":\"BreadcrumbList\",\"@id\":\"https:\/\/www.letemsvetemapplem.eu\/bazar\/prodam-imac-27-mid-2010-i7-16gb-ram\/#breadcrumb\",\"itemListElement\":[{\"@type\":\"ListItem\",\"position\":1,\"name\":\"Apple Bazar\",\"item\":\"https:\/\/www.letemsvetemapplem.eu\/bazar\/\"},{\"@type\":\"ListItem\",\"position\":2,\"name\":\"Prodam iMac 27&quot; (mid 2010), i7, 16gb Ram\"}]},{\"@type\":\"WebSite\",\"@id\":\"https:\/\/www.letemsvetemapplem.eu\/bazar\/#website\",\"url\":\"https:\/\/www.letemsvetemapplem.eu\/bazar\/\",\"name\":\"Apple bazar\",\"description\":\"Oou\u017eit\u00e9 Apple produkty za skv\u011bl\u00e9 ceny\",\"potentialAction\":[{\"@type\":\"SearchAction\",\"target\":{\"@type\":\"EntryPoint\",\"urlTemplate\":\"https:\/\/www.letemsvetemapplem.eu\/bazar\/?s={search_term_string}\"},\"query-input\":{\"@type\":\"PropertyValueSpecification\",\"valueRequired\":true,\"valueName\":\"search_term_string\"}}],\"inLanguage\":\"cs\"}]}<\/script>\n<!-- \/ Yoast SEO plugin. -->","yoast_head_json":{"title":"Prodam iMac 27&quot; (mid 2010), i7, 16gb Ram - Apple bazar","robots":{"index":"index","follow":"follow","max-snippet":"max-snippet:-1","max-image-preview":"max-image-preview:large","max-video-preview":"max-video-preview:-1"},"canonical":"https:\/\/www.letemsvetemapplem.eu\/bazar\/prodam-imac-27-mid-2010-i7-16gb-ram\/","og_locale":"cs_CZ","og_type":"article","og_title":"Prodam iMac 27&quot; (mid 2010), i7, 16gb Ram - Apple bazar","og_description":"Prod\u00e1m iMac 27\u2033 (Mid 2010 &#8211; zakoupen v p\u016fli roku 2011), velice dobr\u00fd stav (viz. foto), D\u016fvod prodeje \u2013 koup\u011b Macbook Pro 15\u2033. Apple iMac 27\u2033 \u2013 Core i7, 16 GB Ram, 256 GB SSD disk + 1 TB HDD. grafick\u00e1 karta \u2013 ATI Radeon HD 5750 1Gb.","og_url":"https:\/\/www.letemsvetemapplem.eu\/bazar\/prodam-imac-27-mid-2010-i7-16gb-ram\/","og_site_name":"Apple bazar","article_published_time":"2018-11-03T20:37:56+00:00","og_image":[{"width":1080,"height":1920,"url":"https:\/\/www.letemsvetemapplem.eu\/bazar\/wp-content\/uploads\/2018\/11\/IMG_1.jpg","type":"image\/jpeg"}],"twitter_card":"summary_large_image","schema":{"@context":"https:\/\/schema.org","@graph":[{"@type":"Article","@id":"https:\/\/www.letemsvetemapplem.eu\/bazar\/prodam-imac-27-mid-2010-i7-16gb-ram\/#article","isPartOf":{"@id":"https:\/\/www.letemsvetemapplem.eu\/bazar\/prodam-imac-27-mid-2010-i7-16gb-ram\/"},"author":{"name":"","@id":""},"headline":"Prodam iMac 27&quot; (mid 2010), i7, 16gb Ram","datePublished":"2018-11-03T20:37:56+00:00","mainEntityOfPage":{"@id":"https:\/\/www.letemsvetemapplem.eu\/bazar\/prodam-imac-27-mid-2010-i7-16gb-ram\/"},"wordCount":45,"image":{"@id":"https:\/\/www.letemsvetemapplem.eu\/bazar\/prodam-imac-27-mid-2010-i7-16gb-ram\/#primaryimage"},"thumbnailUrl":"https:\/\/www.letemsvetemapplem.eu\/bazar\/wp-content\/uploads\/2018\/11\/IMG_1.jpg","articleSection":["iMac"],"inLanguage":"cs"},{"@type":"WebPage","@id":"https:\/\/www.letemsvetemapplem.eu\/bazar\/prodam-imac-27-mid-2010-i7-16gb-ram\/","url":"https:\/\/www.letemsvetemapplem.eu\/bazar\/prodam-imac-27-mid-2010-i7-16gb-ram\/","name":"Prodam iMac 27&quot; (mid 2010), i7, 16gb Ram - Apple bazar","isPartOf":{"@id":"https:\/\/www.letemsvetemapplem.eu\/bazar\/#website"},"primaryImageOfPage":{"@id":"https:\/\/www.letemsvetemapplem.eu\/bazar\/prodam-imac-27-mid-2010-i7-16gb-ram\/#primaryimage"},"image":{"@id":"https:\/\/www.letemsvetemapplem.eu\/bazar\/prodam-imac-27-mid-2010-i7-16gb-ram\/#primaryimage"},"thumbnailUrl":"https:\/\/www.letemsvetemapplem.eu\/bazar\/wp-content\/uploads\/2018\/11\/IMG_1.jpg","datePublished":"2018-11-03T20:37:56+00:00","author":{"@id":""},"breadcrumb":{"@id":"https:\/\/www.letemsvetemapplem.eu\/bazar\/prodam-imac-27-mid-2010-i7-16gb-ram\/#breadcrumb"},"inLanguage":"cs","potentialAction":[{"@type":"ReadAction","target":["https:\/\/www.letemsvetemapplem.eu\/bazar\/prodam-imac-27-mid-2010-i7-16gb-ram\/"]}]},{"@type":"ImageObject","inLanguage":"cs","@id":"https:\/\/www.letemsvetemapplem.eu\/bazar\/prodam-imac-27-mid-2010-i7-16gb-ram\/#primaryimage","url":"https:\/\/www.letemsvetemapplem.eu\/bazar\/wp-content\/uploads\/2018\/11\/IMG_1.jpg","contentUrl":"https:\/\/www.letemsvetemapplem.eu\/bazar\/wp-content\/uploads\/2018\/11\/IMG_1.jpg","width":1080,"height":1920},{"@type":"BreadcrumbList","@id":"https:\/\/www.letemsvetemapplem.eu\/bazar\/prodam-imac-27-mid-2010-i7-16gb-ram\/#breadcrumb","itemListElement":[{"@type":"ListItem","position":1,"name":"Apple Bazar","item":"https:\/\/www.letemsvetemapplem.eu\/bazar\/"},{"@type":"ListItem","position":2,"name":"Prodam iMac 27&quot; (mid 2010), i7, 16gb Ram"}]},{"@type":"WebSite","@id":"https:\/\/www.letemsvetemapplem.eu\/bazar\/#website","url":"https:\/\/www.letemsvetemapplem.eu\/bazar\/","name":"Apple bazar","description":"Oou\u017eit\u00e9 Apple produkty za skv\u011bl\u00e9 ceny","potentialAction":[{"@type":"SearchAction","target":{"@type":"EntryPoint","urlTemplate":"https:\/\/www.letemsvetemapplem.eu\/bazar\/?s={search_term_string}"},"query-input":{"@type":"PropertyValueSpecification","valueRequired":true,"valueName":"search_term_string"}}],"inLanguage":"cs"}]}},"_links":{"self":[{"href":"https:\/\/www.letemsvetemapplem.eu\/bazar\/wp-json\/wp\/v2\/posts\/119990","targetHints":{"allow":["GET"]}}],"collection":[{"href":"https:\/\/www.letemsvetemapplem.eu\/bazar\/wp-json\/wp\/v2\/posts"}],"about":[{"href":"https:\/\/www.letemsvetemapplem.eu\/bazar\/wp-json\/wp\/v2\/types\/post"}],"replies":[{"embeddable":true,"href":"https:\/\/www.letemsvetemapplem.eu\/bazar\/wp-json\/wp\/v2\/comments?post=119990"}],"version-history":[{"count":0,"href":"https:\/\/www.letemsvetemapplem.eu\/bazar\/wp-json\/wp\/v2\/posts\/119990\/revisions"}],"wp:featuredmedia":[{"embeddable":true,"href":"https:\/\/www.letemsvetemapplem.eu\/bazar\/wp-json\/wp\/v2\/media\/119991"}],"wp:attachment":[{"href":"https:\/\/www.letemsvetemapplem.eu\/bazar\/wp-json\/wp\/v2\/media?parent=119990"}],"wp:term":[{"taxonomy":"category","embeddable":true,"href":"https:\/\/www.letemsvetemapplem.eu\/bazar\/wp-json\/wp\/v2\/categories?post=119990"},{"taxonomy":"post_tag","embeddable":true,"href":"https:\/\/www.letemsvetemapplem.eu\/bazar\/wp-json\/wp\/v2\/tags?post=119990"}],"curies":[{"name":"wp","href":"https:\/\/api.w.org\/{rel}","templated":true}]}}