{"id":118735,"date":"2018-10-30T21:45:59","date_gmt":"2018-10-30T20:45:59","guid":{"rendered":"https:\/\/www.letemsvetemapplem.eu\/bazar\/?p=118735"},"modified":"2018-10-30T21:45:59","modified_gmt":"2018-10-30T20:45:59","slug":"apple-imac-4k","status":"publish","type":"post","link":"https:\/\/www.letemsvetemapplem.eu\/bazar\/apple-imac-4k\/","title":{"rendered":"Apple iMac 4K"},"content":{"rendered":"<p>Apple iMac 21,5&quot; Retina 4K 3,0GHz \/ 8GB \/ 1TB \/ Radeon Pro 555 2GB \/ st\u0159\u00edbrn\u00fd (2017)<\/p>\n<p>Displej<br \/>\nVelikost displeje:\t21,5&quot;<br \/>\nRozli\u0161en\u00ed displeje:\t4096 x 2304 px<br \/>\nTyp displeje:\tIPS<br \/>\nJemnost displeje (PPI):\t219 PPI<br \/>\nV\u00fdkon<br \/>\nVelikost ulo\u017ei\u0161t\u011b (GB):\t1000 GB<br \/>\nTyp procesoru:\tIntel Core i5<br \/>\nOpera\u010dn\u00ed syst\u00e9m:\tmacOS<br \/>\nFrekvence procesoru (GHz):\t3 GHz<br \/>\nTurbo Boost Frekvence:\t3,5 GHz<br \/>\nPo\u010det jader procesoru:\t4 x<br \/>\nVelikost RAM (GB):\t8 GB<br \/>\nTyp \u00falo\u017ei\u0161t\u011b:\tHDD<br \/>\nSenzory:\tSenzor okoln\u00edho sv\u011btla, Automatick\u00e9 podsv\u00edcen\u00ed displeje<br \/>\nTyp pam\u011bti RAM:\tDDR4<br \/>\nFrekvence pam\u011bti RAM:\t2400 MHz<br \/>\nIntegrovan\u00e1 grafick\u00e1 karta:\tRadeon Pro 555 se 2 GB pam\u011bti VRAM<br \/>\nP\u0159ipojen\u00ed<br \/>\nBezdr\u00e1tov\u00e1 p\u0159ipojen\u00ed:\tWi-Fi, Bluetooth<br \/>\nWiFi standard:\t802.11a, 802.11b, 802.11g, 802.11n, 802.11ac<br \/>\nDr\u00e1tov\u00e1 p\u0159ipojen\u00ed:\tEthernet (RJ-45), USB 3.0, SD karta, Thunderbolt, Mini DisplayPort, 3,5mm jack<br \/>\nPo\u010det USB:\t4x USB<br \/>\nMultimedia<br \/>\nMultimedi\u00e1ln\u00ed v\u00fdbava:\tFaceTime kamera, Stereo reproduktory, Mikrofon<br \/>\nVzhled<br \/>\nBarva:\tSt\u0159\u00edbrn\u00e1<br \/>\nMateri\u00e1l:\tHlin\u00edk<br \/>\nRozm\u011bry (v x \u0161 x h):\t450 mm, 528 mm, 175,0 mm<br \/>\nHmotnost (kg):\t5,66 kg<\/p>\n<p>Zakoupen v iWantu v zim\u011b 2017. Prod\u00e1v\u00e1m, proto\u017ee mi nevyhovuje &#8211; vrac\u00edm se na Windows.<\/p>\n<p>Z\u00e1jemci pros\u00edm volejte. Na SMS nereaguji.<\/p>\n","protected":false},"excerpt":{"rendered":"<p>Apple iMac 21,5&quot; Retina 4K 3,0GHz \/ 8GB \/ 1TB \/ Radeon Pro 555 2GB \/ st\u0159\u00edbrn\u00fd (2017) Displej Velikost displeje: 21,5&quot; Rozli\u0161en\u00ed displeje: 4096 x 2304 px Typ displeje: IPS Jemnost displeje (PPI): 219 PPI V\u00fdkon Velikost ulo\u017ei\u0161t\u011b (GB): 1000 GB Typ procesoru: Intel Core i5 Opera\u010dn\u00ed syst\u00e9m: macOS Frekvence procesoru (GHz): 3 GHz&#8230;<\/p>\n","protected":false},"author":0,"featured_media":118736,"comment_status":"closed","ping_status":"closed","sticky":false,"template":"","format":"standard","meta":{"footnotes":""},"categories":[41],"tags":[],"class_list":["post-118735","post","type-post","status-publish","format-standard","has-post-thumbnail","hentry","category-imac"],"yoast_head":"<!-- This site is optimized with the Yoast SEO plugin v27.2 - https:\/\/yoast.com\/product\/yoast-seo-wordpress\/ -->\n<title>Apple iMac 4K - Apple bazar<\/title>\n<meta name=\"robots\" content=\"index, follow, max-snippet:-1, max-image-preview:large, max-video-preview:-1\" \/>\n<link rel=\"canonical\" href=\"https:\/\/www.letemsvetemapplem.eu\/bazar\/apple-imac-4k\/\" \/>\n<meta property=\"og:locale\" content=\"cs_CZ\" \/>\n<meta property=\"og:type\" content=\"article\" \/>\n<meta property=\"og:title\" content=\"Apple iMac 4K - Apple bazar\" \/>\n<meta property=\"og:description\" content=\"Apple iMac 21,5&quot; Retina 4K 3,0GHz \/ 8GB \/ 1TB \/ Radeon Pro 555 2GB \/ st\u0159\u00edbrn\u00fd (2017) Displej Velikost displeje: 21,5&quot; Rozli\u0161en\u00ed displeje: 4096 x 2304 px Typ displeje: IPS Jemnost displeje (PPI): 219 PPI V\u00fdkon Velikost ulo\u017ei\u0161t\u011b (GB): 1000 GB Typ procesoru: Intel Core i5 Opera\u010dn\u00ed syst\u00e9m: macOS Frekvence procesoru (GHz): 3 GHz...\" \/>\n<meta property=\"og:url\" content=\"https:\/\/www.letemsvetemapplem.eu\/bazar\/apple-imac-4k\/\" \/>\n<meta property=\"og:site_name\" content=\"Apple bazar\" \/>\n<meta property=\"article:published_time\" content=\"2018-10-30T20:45:59+00:00\" \/>\n<meta property=\"og:image\" content=\"https:\/\/www.letemsvetemapplem.eu\/bazar\/wp-content\/uploads\/2018\/10\/imac.jpg\" \/>\n\t<meta property=\"og:image:width\" content=\"481\" \/>\n\t<meta property=\"og:image:height\" content=\"305\" \/>\n\t<meta property=\"og:image:type\" content=\"image\/jpeg\" \/>\n<meta name=\"twitter:card\" content=\"summary_large_image\" \/>\n<script type=\"application\/ld+json\" class=\"yoast-schema-graph\">{\"@context\":\"https:\/\/schema.org\",\"@graph\":[{\"@type\":\"Article\",\"@id\":\"https:\/\/www.letemsvetemapplem.eu\/bazar\/apple-imac-4k\/#article\",\"isPartOf\":{\"@id\":\"https:\/\/www.letemsvetemapplem.eu\/bazar\/apple-imac-4k\/\"},\"author\":{\"name\":\"\",\"@id\":\"\"},\"headline\":\"Apple iMac 4K\",\"datePublished\":\"2018-10-30T20:45:59+00:00\",\"mainEntityOfPage\":{\"@id\":\"https:\/\/www.letemsvetemapplem.eu\/bazar\/apple-imac-4k\/\"},\"wordCount\":192,\"image\":{\"@id\":\"https:\/\/www.letemsvetemapplem.eu\/bazar\/apple-imac-4k\/#primaryimage\"},\"thumbnailUrl\":\"https:\/\/www.letemsvetemapplem.eu\/bazar\/wp-content\/uploads\/2018\/10\/imac.jpg\",\"articleSection\":[\"iMac\"],\"inLanguage\":\"cs\"},{\"@type\":\"WebPage\",\"@id\":\"https:\/\/www.letemsvetemapplem.eu\/bazar\/apple-imac-4k\/\",\"url\":\"https:\/\/www.letemsvetemapplem.eu\/bazar\/apple-imac-4k\/\",\"name\":\"Apple iMac 4K - Apple bazar\",\"isPartOf\":{\"@id\":\"https:\/\/www.letemsvetemapplem.eu\/bazar\/#website\"},\"primaryImageOfPage\":{\"@id\":\"https:\/\/www.letemsvetemapplem.eu\/bazar\/apple-imac-4k\/#primaryimage\"},\"image\":{\"@id\":\"https:\/\/www.letemsvetemapplem.eu\/bazar\/apple-imac-4k\/#primaryimage\"},\"thumbnailUrl\":\"https:\/\/www.letemsvetemapplem.eu\/bazar\/wp-content\/uploads\/2018\/10\/imac.jpg\",\"datePublished\":\"2018-10-30T20:45:59+00:00\",\"author\":{\"@id\":\"\"},\"breadcrumb\":{\"@id\":\"https:\/\/www.letemsvetemapplem.eu\/bazar\/apple-imac-4k\/#breadcrumb\"},\"inLanguage\":\"cs\",\"potentialAction\":[{\"@type\":\"ReadAction\",\"target\":[\"https:\/\/www.letemsvetemapplem.eu\/bazar\/apple-imac-4k\/\"]}]},{\"@type\":\"ImageObject\",\"inLanguage\":\"cs\",\"@id\":\"https:\/\/www.letemsvetemapplem.eu\/bazar\/apple-imac-4k\/#primaryimage\",\"url\":\"https:\/\/www.letemsvetemapplem.eu\/bazar\/wp-content\/uploads\/2018\/10\/imac.jpg\",\"contentUrl\":\"https:\/\/www.letemsvetemapplem.eu\/bazar\/wp-content\/uploads\/2018\/10\/imac.jpg\",\"width\":481,\"height\":305,\"caption\":\"Created with GIMP\"},{\"@type\":\"BreadcrumbList\",\"@id\":\"https:\/\/www.letemsvetemapplem.eu\/bazar\/apple-imac-4k\/#breadcrumb\",\"itemListElement\":[{\"@type\":\"ListItem\",\"position\":1,\"name\":\"Apple Bazar\",\"item\":\"https:\/\/www.letemsvetemapplem.eu\/bazar\/\"},{\"@type\":\"ListItem\",\"position\":2,\"name\":\"Apple iMac 4K\"}]},{\"@type\":\"WebSite\",\"@id\":\"https:\/\/www.letemsvetemapplem.eu\/bazar\/#website\",\"url\":\"https:\/\/www.letemsvetemapplem.eu\/bazar\/\",\"name\":\"Apple bazar\",\"description\":\"Oou\u017eit\u00e9 Apple produkty za skv\u011bl\u00e9 ceny\",\"potentialAction\":[{\"@type\":\"SearchAction\",\"target\":{\"@type\":\"EntryPoint\",\"urlTemplate\":\"https:\/\/www.letemsvetemapplem.eu\/bazar\/?s={search_term_string}\"},\"query-input\":{\"@type\":\"PropertyValueSpecification\",\"valueRequired\":true,\"valueName\":\"search_term_string\"}}],\"inLanguage\":\"cs\"}]}<\/script>\n<!-- \/ Yoast SEO plugin. -->","yoast_head_json":{"title":"Apple iMac 4K - Apple bazar","robots":{"index":"index","follow":"follow","max-snippet":"max-snippet:-1","max-image-preview":"max-image-preview:large","max-video-preview":"max-video-preview:-1"},"canonical":"https:\/\/www.letemsvetemapplem.eu\/bazar\/apple-imac-4k\/","og_locale":"cs_CZ","og_type":"article","og_title":"Apple iMac 4K - Apple bazar","og_description":"Apple iMac 21,5&quot; Retina 4K 3,0GHz \/ 8GB \/ 1TB \/ Radeon Pro 555 2GB \/ st\u0159\u00edbrn\u00fd (2017) Displej Velikost displeje: 21,5&quot; Rozli\u0161en\u00ed displeje: 4096 x 2304 px Typ displeje: IPS Jemnost displeje (PPI): 219 PPI V\u00fdkon Velikost ulo\u017ei\u0161t\u011b (GB): 1000 GB Typ procesoru: Intel Core i5 Opera\u010dn\u00ed syst\u00e9m: macOS Frekvence procesoru (GHz): 3 GHz...","og_url":"https:\/\/www.letemsvetemapplem.eu\/bazar\/apple-imac-4k\/","og_site_name":"Apple bazar","article_published_time":"2018-10-30T20:45:59+00:00","og_image":[{"width":481,"height":305,"url":"https:\/\/www.letemsvetemapplem.eu\/bazar\/wp-content\/uploads\/2018\/10\/imac.jpg","type":"image\/jpeg"}],"twitter_card":"summary_large_image","schema":{"@context":"https:\/\/schema.org","@graph":[{"@type":"Article","@id":"https:\/\/www.letemsvetemapplem.eu\/bazar\/apple-imac-4k\/#article","isPartOf":{"@id":"https:\/\/www.letemsvetemapplem.eu\/bazar\/apple-imac-4k\/"},"author":{"name":"","@id":""},"headline":"Apple iMac 4K","datePublished":"2018-10-30T20:45:59+00:00","mainEntityOfPage":{"@id":"https:\/\/www.letemsvetemapplem.eu\/bazar\/apple-imac-4k\/"},"wordCount":192,"image":{"@id":"https:\/\/www.letemsvetemapplem.eu\/bazar\/apple-imac-4k\/#primaryimage"},"thumbnailUrl":"https:\/\/www.letemsvetemapplem.eu\/bazar\/wp-content\/uploads\/2018\/10\/imac.jpg","articleSection":["iMac"],"inLanguage":"cs"},{"@type":"WebPage","@id":"https:\/\/www.letemsvetemapplem.eu\/bazar\/apple-imac-4k\/","url":"https:\/\/www.letemsvetemapplem.eu\/bazar\/apple-imac-4k\/","name":"Apple iMac 4K - Apple bazar","isPartOf":{"@id":"https:\/\/www.letemsvetemapplem.eu\/bazar\/#website"},"primaryImageOfPage":{"@id":"https:\/\/www.letemsvetemapplem.eu\/bazar\/apple-imac-4k\/#primaryimage"},"image":{"@id":"https:\/\/www.letemsvetemapplem.eu\/bazar\/apple-imac-4k\/#primaryimage"},"thumbnailUrl":"https:\/\/www.letemsvetemapplem.eu\/bazar\/wp-content\/uploads\/2018\/10\/imac.jpg","datePublished":"2018-10-30T20:45:59+00:00","author":{"@id":""},"breadcrumb":{"@id":"https:\/\/www.letemsvetemapplem.eu\/bazar\/apple-imac-4k\/#breadcrumb"},"inLanguage":"cs","potentialAction":[{"@type":"ReadAction","target":["https:\/\/www.letemsvetemapplem.eu\/bazar\/apple-imac-4k\/"]}]},{"@type":"ImageObject","inLanguage":"cs","@id":"https:\/\/www.letemsvetemapplem.eu\/bazar\/apple-imac-4k\/#primaryimage","url":"https:\/\/www.letemsvetemapplem.eu\/bazar\/wp-content\/uploads\/2018\/10\/imac.jpg","contentUrl":"https:\/\/www.letemsvetemapplem.eu\/bazar\/wp-content\/uploads\/2018\/10\/imac.jpg","width":481,"height":305,"caption":"Created with GIMP"},{"@type":"BreadcrumbList","@id":"https:\/\/www.letemsvetemapplem.eu\/bazar\/apple-imac-4k\/#breadcrumb","itemListElement":[{"@type":"ListItem","position":1,"name":"Apple Bazar","item":"https:\/\/www.letemsvetemapplem.eu\/bazar\/"},{"@type":"ListItem","position":2,"name":"Apple iMac 4K"}]},{"@type":"WebSite","@id":"https:\/\/www.letemsvetemapplem.eu\/bazar\/#website","url":"https:\/\/www.letemsvetemapplem.eu\/bazar\/","name":"Apple bazar","description":"Oou\u017eit\u00e9 Apple produkty za skv\u011bl\u00e9 ceny","potentialAction":[{"@type":"SearchAction","target":{"@type":"EntryPoint","urlTemplate":"https:\/\/www.letemsvetemapplem.eu\/bazar\/?s={search_term_string}"},"query-input":{"@type":"PropertyValueSpecification","valueRequired":true,"valueName":"search_term_string"}}],"inLanguage":"cs"}]}},"_links":{"self":[{"href":"https:\/\/www.letemsvetemapplem.eu\/bazar\/wp-json\/wp\/v2\/posts\/118735","targetHints":{"allow":["GET"]}}],"collection":[{"href":"https:\/\/www.letemsvetemapplem.eu\/bazar\/wp-json\/wp\/v2\/posts"}],"about":[{"href":"https:\/\/www.letemsvetemapplem.eu\/bazar\/wp-json\/wp\/v2\/types\/post"}],"replies":[{"embeddable":true,"href":"https:\/\/www.letemsvetemapplem.eu\/bazar\/wp-json\/wp\/v2\/comments?post=118735"}],"version-history":[{"count":0,"href":"https:\/\/www.letemsvetemapplem.eu\/bazar\/wp-json\/wp\/v2\/posts\/118735\/revisions"}],"wp:featuredmedia":[{"embeddable":true,"href":"https:\/\/www.letemsvetemapplem.eu\/bazar\/wp-json\/wp\/v2\/media\/118736"}],"wp:attachment":[{"href":"https:\/\/www.letemsvetemapplem.eu\/bazar\/wp-json\/wp\/v2\/media?parent=118735"}],"wp:term":[{"taxonomy":"category","embeddable":true,"href":"https:\/\/www.letemsvetemapplem.eu\/bazar\/wp-json\/wp\/v2\/categories?post=118735"},{"taxonomy":"post_tag","embeddable":true,"href":"https:\/\/www.letemsvetemapplem.eu\/bazar\/wp-json\/wp\/v2\/tags?post=118735"}],"curies":[{"name":"wp","href":"https:\/\/api.w.org\/{rel}","templated":true}]}}