{"id":118308,"date":"2018-10-29T08:43:09","date_gmt":"2018-10-29T07:43:09","guid":{"rendered":"https:\/\/www.letemsvetemapplem.eu\/bazar\/?p=118308"},"modified":"2018-10-29T08:43:09","modified_gmt":"2018-10-29T07:43:09","slug":"apple-watch-serie-3-42mm-vesmirne-sede","status":"publish","type":"post","link":"https:\/\/www.letemsvetemapplem.eu\/bazar\/apple-watch-serie-3-42mm-vesmirne-sede\/","title":{"rendered":"Apple Watch s\u00e9rie 3 42mm (vesm\u00edrn\u011b \u0161ed\u00e9)"},"content":{"rendered":"<p>Apple Watch s\u00e9rie 3 42mm (vesm\u00edrn\u011b \u0161ed\u00e9)<br \/>\nProd\u00e1m Apple Watch s\u00e9rie 3 42mm, model GPS, vesm\u00edrn\u011b \u0161ed\u00fd hlin\u00edk s \u0161ed\u00fdm sportovn\u00edm \u0159em\u00ednkem. Hodinky zakoupeny v b\u0159eznu 2018 v Alze. Hodinky jsou v TOP stavu bez jak\u00e9hokoli po\u0161kozen\u00ed a od\u0159en\u00ed. Uveden\u00e1 cena obsahuje: origin\u00e1l balen\u00ed s dokladem o koupi, hodinky s \u0161ed\u00fdm sportovn\u00edm \u0159em\u00ednkem, nab\u00edjec\u00ed adapt\u00e9r s kabelem, 4x Apple \u0159em\u00ednek \u2013 b\u00edl\u00fd provl\u00e9kac\u00ed sportovn\u00ed, oran\u017eov\u00fd provl\u00e9kac\u00ed sportovn\u00ed, \u010dern\u00fd tkan\u00fd nylon a zelen\u00fd tkan\u00fd nylon. Osobn\u00ed p\u0159ed\u00e1n\u00ed v Praze.<\/p>\n","protected":false},"excerpt":{"rendered":"<p>Apple Watch s\u00e9rie 3 42mm (vesm\u00edrn\u011b \u0161ed\u00e9) Prod\u00e1m Apple Watch s\u00e9rie 3 42mm, model GPS, vesm\u00edrn\u011b \u0161ed\u00fd hlin\u00edk s \u0161ed\u00fdm sportovn\u00edm \u0159em\u00ednkem. Hodinky zakoupeny v b\u0159eznu 2018 v Alze. Hodinky jsou v TOP stavu bez jak\u00e9hokoli po\u0161kozen\u00ed a od\u0159en\u00ed. Uveden\u00e1 cena obsahuje: origin\u00e1l balen\u00ed s dokladem o koupi, hodinky s \u0161ed\u00fdm sportovn\u00edm \u0159em\u00ednkem, nab\u00edjec\u00ed adapt\u00e9r&#8230;<\/p>\n","protected":false},"author":0,"featured_media":118309,"comment_status":"closed","ping_status":"closed","sticky":false,"template":"","format":"standard","meta":{"footnotes":""},"categories":[59],"tags":[],"class_list":["post-118308","post","type-post","status-publish","format-standard","has-post-thumbnail","hentry","category-apple-watch-series-3"],"yoast_head":"<!-- This site is optimized with the Yoast SEO plugin v27.5 - https:\/\/yoast.com\/product\/yoast-seo-wordpress\/ -->\n<title>Apple Watch s\u00e9rie 3 42mm (vesm\u00edrn\u011b \u0161ed\u00e9) - Apple bazar<\/title>\n<meta name=\"robots\" content=\"index, follow, max-snippet:-1, max-image-preview:large, max-video-preview:-1\" \/>\n<link rel=\"canonical\" href=\"https:\/\/www.letemsvetemapplem.eu\/bazar\/apple-watch-serie-3-42mm-vesmirne-sede\/\" \/>\n<meta property=\"og:locale\" content=\"cs_CZ\" \/>\n<meta property=\"og:type\" content=\"article\" \/>\n<meta property=\"og:title\" content=\"Apple Watch s\u00e9rie 3 42mm (vesm\u00edrn\u011b \u0161ed\u00e9) - Apple bazar\" \/>\n<meta property=\"og:description\" content=\"Apple Watch s\u00e9rie 3 42mm (vesm\u00edrn\u011b \u0161ed\u00e9) Prod\u00e1m Apple Watch s\u00e9rie 3 42mm, model GPS, vesm\u00edrn\u011b \u0161ed\u00fd hlin\u00edk s \u0161ed\u00fdm sportovn\u00edm \u0159em\u00ednkem. Hodinky zakoupeny v b\u0159eznu 2018 v Alze. Hodinky jsou v TOP stavu bez jak\u00e9hokoli po\u0161kozen\u00ed a od\u0159en\u00ed. Uveden\u00e1 cena obsahuje: origin\u00e1l balen\u00ed s dokladem o koupi, hodinky s \u0161ed\u00fdm sportovn\u00edm \u0159em\u00ednkem, nab\u00edjec\u00ed adapt\u00e9r...\" \/>\n<meta property=\"og:url\" content=\"https:\/\/www.letemsvetemapplem.eu\/bazar\/apple-watch-serie-3-42mm-vesmirne-sede\/\" \/>\n<meta property=\"og:site_name\" content=\"Apple bazar\" \/>\n<meta property=\"article:published_time\" content=\"2018-10-29T07:43:09+00:00\" \/>\n<meta property=\"og:image\" content=\"https:\/\/www.letemsvetemapplem.eu\/bazar\/wp-content\/uploads\/2018\/10\/IMG_4674-1.jpg\" \/>\n\t<meta property=\"og:image:width\" content=\"3326\" \/>\n\t<meta property=\"og:image:height\" content=\"3022\" \/>\n\t<meta property=\"og:image:type\" content=\"image\/jpeg\" \/>\n<meta name=\"twitter:card\" content=\"summary_large_image\" \/>\n<script type=\"application\/ld+json\" class=\"yoast-schema-graph\">{\"@context\":\"https:\\\/\\\/schema.org\",\"@graph\":[{\"@type\":\"Article\",\"@id\":\"https:\\\/\\\/www.letemsvetemapplem.eu\\\/bazar\\\/apple-watch-serie-3-42mm-vesmirne-sede\\\/#article\",\"isPartOf\":{\"@id\":\"https:\\\/\\\/www.letemsvetemapplem.eu\\\/bazar\\\/apple-watch-serie-3-42mm-vesmirne-sede\\\/\"},\"author\":{\"name\":\"\",\"@id\":\"\"},\"headline\":\"Apple Watch s\u00e9rie 3 42mm (vesm\u00edrn\u011b \u0161ed\u00e9)\",\"datePublished\":\"2018-10-29T07:43:09+00:00\",\"mainEntityOfPage\":{\"@id\":\"https:\\\/\\\/www.letemsvetemapplem.eu\\\/bazar\\\/apple-watch-serie-3-42mm-vesmirne-sede\\\/\"},\"wordCount\":108,\"image\":{\"@id\":\"https:\\\/\\\/www.letemsvetemapplem.eu\\\/bazar\\\/apple-watch-serie-3-42mm-vesmirne-sede\\\/#primaryimage\"},\"thumbnailUrl\":\"https:\\\/\\\/www.letemsvetemapplem.eu\\\/bazar\\\/wp-content\\\/uploads\\\/2018\\\/10\\\/IMG_4674-1.jpg\",\"articleSection\":[\"Apple Watch Series 3\"],\"inLanguage\":\"cs\"},{\"@type\":\"WebPage\",\"@id\":\"https:\\\/\\\/www.letemsvetemapplem.eu\\\/bazar\\\/apple-watch-serie-3-42mm-vesmirne-sede\\\/\",\"url\":\"https:\\\/\\\/www.letemsvetemapplem.eu\\\/bazar\\\/apple-watch-serie-3-42mm-vesmirne-sede\\\/\",\"name\":\"Apple Watch s\u00e9rie 3 42mm (vesm\u00edrn\u011b \u0161ed\u00e9) - Apple bazar\",\"isPartOf\":{\"@id\":\"https:\\\/\\\/www.letemsvetemapplem.eu\\\/bazar\\\/#website\"},\"primaryImageOfPage\":{\"@id\":\"https:\\\/\\\/www.letemsvetemapplem.eu\\\/bazar\\\/apple-watch-serie-3-42mm-vesmirne-sede\\\/#primaryimage\"},\"image\":{\"@id\":\"https:\\\/\\\/www.letemsvetemapplem.eu\\\/bazar\\\/apple-watch-serie-3-42mm-vesmirne-sede\\\/#primaryimage\"},\"thumbnailUrl\":\"https:\\\/\\\/www.letemsvetemapplem.eu\\\/bazar\\\/wp-content\\\/uploads\\\/2018\\\/10\\\/IMG_4674-1.jpg\",\"datePublished\":\"2018-10-29T07:43:09+00:00\",\"author\":{\"@id\":\"\"},\"breadcrumb\":{\"@id\":\"https:\\\/\\\/www.letemsvetemapplem.eu\\\/bazar\\\/apple-watch-serie-3-42mm-vesmirne-sede\\\/#breadcrumb\"},\"inLanguage\":\"cs\",\"potentialAction\":[{\"@type\":\"ReadAction\",\"target\":[\"https:\\\/\\\/www.letemsvetemapplem.eu\\\/bazar\\\/apple-watch-serie-3-42mm-vesmirne-sede\\\/\"]}]},{\"@type\":\"ImageObject\",\"inLanguage\":\"cs\",\"@id\":\"https:\\\/\\\/www.letemsvetemapplem.eu\\\/bazar\\\/apple-watch-serie-3-42mm-vesmirne-sede\\\/#primaryimage\",\"url\":\"https:\\\/\\\/www.letemsvetemapplem.eu\\\/bazar\\\/wp-content\\\/uploads\\\/2018\\\/10\\\/IMG_4674-1.jpg\",\"contentUrl\":\"https:\\\/\\\/www.letemsvetemapplem.eu\\\/bazar\\\/wp-content\\\/uploads\\\/2018\\\/10\\\/IMG_4674-1.jpg\",\"width\":3326,\"height\":3022},{\"@type\":\"BreadcrumbList\",\"@id\":\"https:\\\/\\\/www.letemsvetemapplem.eu\\\/bazar\\\/apple-watch-serie-3-42mm-vesmirne-sede\\\/#breadcrumb\",\"itemListElement\":[{\"@type\":\"ListItem\",\"position\":1,\"name\":\"Apple Bazar\",\"item\":\"https:\\\/\\\/www.letemsvetemapplem.eu\\\/bazar\\\/\"},{\"@type\":\"ListItem\",\"position\":2,\"name\":\"Apple Watch s\u00e9rie 3 42mm (vesm\u00edrn\u011b \u0161ed\u00e9)\"}]},{\"@type\":\"WebSite\",\"@id\":\"https:\\\/\\\/www.letemsvetemapplem.eu\\\/bazar\\\/#website\",\"url\":\"https:\\\/\\\/www.letemsvetemapplem.eu\\\/bazar\\\/\",\"name\":\"Apple bazar\",\"description\":\"Oou\u017eit\u00e9 Apple produkty za skv\u011bl\u00e9 ceny\",\"potentialAction\":[{\"@type\":\"SearchAction\",\"target\":{\"@type\":\"EntryPoint\",\"urlTemplate\":\"https:\\\/\\\/www.letemsvetemapplem.eu\\\/bazar\\\/?s={search_term_string}\"},\"query-input\":{\"@type\":\"PropertyValueSpecification\",\"valueRequired\":true,\"valueName\":\"search_term_string\"}}],\"inLanguage\":\"cs\"}]}<\/script>\n<!-- \/ Yoast SEO plugin. -->","yoast_head_json":{"title":"Apple Watch s\u00e9rie 3 42mm (vesm\u00edrn\u011b \u0161ed\u00e9) - Apple bazar","robots":{"index":"index","follow":"follow","max-snippet":"max-snippet:-1","max-image-preview":"max-image-preview:large","max-video-preview":"max-video-preview:-1"},"canonical":"https:\/\/www.letemsvetemapplem.eu\/bazar\/apple-watch-serie-3-42mm-vesmirne-sede\/","og_locale":"cs_CZ","og_type":"article","og_title":"Apple Watch s\u00e9rie 3 42mm (vesm\u00edrn\u011b \u0161ed\u00e9) - Apple bazar","og_description":"Apple Watch s\u00e9rie 3 42mm (vesm\u00edrn\u011b \u0161ed\u00e9) Prod\u00e1m Apple Watch s\u00e9rie 3 42mm, model GPS, vesm\u00edrn\u011b \u0161ed\u00fd hlin\u00edk s \u0161ed\u00fdm sportovn\u00edm \u0159em\u00ednkem. Hodinky zakoupeny v b\u0159eznu 2018 v Alze. Hodinky jsou v TOP stavu bez jak\u00e9hokoli po\u0161kozen\u00ed a od\u0159en\u00ed. Uveden\u00e1 cena obsahuje: origin\u00e1l balen\u00ed s dokladem o koupi, hodinky s \u0161ed\u00fdm sportovn\u00edm \u0159em\u00ednkem, nab\u00edjec\u00ed adapt\u00e9r...","og_url":"https:\/\/www.letemsvetemapplem.eu\/bazar\/apple-watch-serie-3-42mm-vesmirne-sede\/","og_site_name":"Apple bazar","article_published_time":"2018-10-29T07:43:09+00:00","og_image":[{"width":3326,"height":3022,"url":"https:\/\/www.letemsvetemapplem.eu\/bazar\/wp-content\/uploads\/2018\/10\/IMG_4674-1.jpg","type":"image\/jpeg"}],"twitter_card":"summary_large_image","schema":{"@context":"https:\/\/schema.org","@graph":[{"@type":"Article","@id":"https:\/\/www.letemsvetemapplem.eu\/bazar\/apple-watch-serie-3-42mm-vesmirne-sede\/#article","isPartOf":{"@id":"https:\/\/www.letemsvetemapplem.eu\/bazar\/apple-watch-serie-3-42mm-vesmirne-sede\/"},"author":{"name":"","@id":""},"headline":"Apple Watch s\u00e9rie 3 42mm (vesm\u00edrn\u011b \u0161ed\u00e9)","datePublished":"2018-10-29T07:43:09+00:00","mainEntityOfPage":{"@id":"https:\/\/www.letemsvetemapplem.eu\/bazar\/apple-watch-serie-3-42mm-vesmirne-sede\/"},"wordCount":108,"image":{"@id":"https:\/\/www.letemsvetemapplem.eu\/bazar\/apple-watch-serie-3-42mm-vesmirne-sede\/#primaryimage"},"thumbnailUrl":"https:\/\/www.letemsvetemapplem.eu\/bazar\/wp-content\/uploads\/2018\/10\/IMG_4674-1.jpg","articleSection":["Apple Watch Series 3"],"inLanguage":"cs"},{"@type":"WebPage","@id":"https:\/\/www.letemsvetemapplem.eu\/bazar\/apple-watch-serie-3-42mm-vesmirne-sede\/","url":"https:\/\/www.letemsvetemapplem.eu\/bazar\/apple-watch-serie-3-42mm-vesmirne-sede\/","name":"Apple Watch s\u00e9rie 3 42mm (vesm\u00edrn\u011b \u0161ed\u00e9) - Apple bazar","isPartOf":{"@id":"https:\/\/www.letemsvetemapplem.eu\/bazar\/#website"},"primaryImageOfPage":{"@id":"https:\/\/www.letemsvetemapplem.eu\/bazar\/apple-watch-serie-3-42mm-vesmirne-sede\/#primaryimage"},"image":{"@id":"https:\/\/www.letemsvetemapplem.eu\/bazar\/apple-watch-serie-3-42mm-vesmirne-sede\/#primaryimage"},"thumbnailUrl":"https:\/\/www.letemsvetemapplem.eu\/bazar\/wp-content\/uploads\/2018\/10\/IMG_4674-1.jpg","datePublished":"2018-10-29T07:43:09+00:00","author":{"@id":""},"breadcrumb":{"@id":"https:\/\/www.letemsvetemapplem.eu\/bazar\/apple-watch-serie-3-42mm-vesmirne-sede\/#breadcrumb"},"inLanguage":"cs","potentialAction":[{"@type":"ReadAction","target":["https:\/\/www.letemsvetemapplem.eu\/bazar\/apple-watch-serie-3-42mm-vesmirne-sede\/"]}]},{"@type":"ImageObject","inLanguage":"cs","@id":"https:\/\/www.letemsvetemapplem.eu\/bazar\/apple-watch-serie-3-42mm-vesmirne-sede\/#primaryimage","url":"https:\/\/www.letemsvetemapplem.eu\/bazar\/wp-content\/uploads\/2018\/10\/IMG_4674-1.jpg","contentUrl":"https:\/\/www.letemsvetemapplem.eu\/bazar\/wp-content\/uploads\/2018\/10\/IMG_4674-1.jpg","width":3326,"height":3022},{"@type":"BreadcrumbList","@id":"https:\/\/www.letemsvetemapplem.eu\/bazar\/apple-watch-serie-3-42mm-vesmirne-sede\/#breadcrumb","itemListElement":[{"@type":"ListItem","position":1,"name":"Apple Bazar","item":"https:\/\/www.letemsvetemapplem.eu\/bazar\/"},{"@type":"ListItem","position":2,"name":"Apple Watch s\u00e9rie 3 42mm (vesm\u00edrn\u011b \u0161ed\u00e9)"}]},{"@type":"WebSite","@id":"https:\/\/www.letemsvetemapplem.eu\/bazar\/#website","url":"https:\/\/www.letemsvetemapplem.eu\/bazar\/","name":"Apple bazar","description":"Oou\u017eit\u00e9 Apple produkty za skv\u011bl\u00e9 ceny","potentialAction":[{"@type":"SearchAction","target":{"@type":"EntryPoint","urlTemplate":"https:\/\/www.letemsvetemapplem.eu\/bazar\/?s={search_term_string}"},"query-input":{"@type":"PropertyValueSpecification","valueRequired":true,"valueName":"search_term_string"}}],"inLanguage":"cs"}]}},"_links":{"self":[{"href":"https:\/\/www.letemsvetemapplem.eu\/bazar\/wp-json\/wp\/v2\/posts\/118308","targetHints":{"allow":["GET"]}}],"collection":[{"href":"https:\/\/www.letemsvetemapplem.eu\/bazar\/wp-json\/wp\/v2\/posts"}],"about":[{"href":"https:\/\/www.letemsvetemapplem.eu\/bazar\/wp-json\/wp\/v2\/types\/post"}],"replies":[{"embeddable":true,"href":"https:\/\/www.letemsvetemapplem.eu\/bazar\/wp-json\/wp\/v2\/comments?post=118308"}],"version-history":[{"count":0,"href":"https:\/\/www.letemsvetemapplem.eu\/bazar\/wp-json\/wp\/v2\/posts\/118308\/revisions"}],"wp:featuredmedia":[{"embeddable":true,"href":"https:\/\/www.letemsvetemapplem.eu\/bazar\/wp-json\/wp\/v2\/media\/118309"}],"wp:attachment":[{"href":"https:\/\/www.letemsvetemapplem.eu\/bazar\/wp-json\/wp\/v2\/media?parent=118308"}],"wp:term":[{"taxonomy":"category","embeddable":true,"href":"https:\/\/www.letemsvetemapplem.eu\/bazar\/wp-json\/wp\/v2\/categories?post=118308"},{"taxonomy":"post_tag","embeddable":true,"href":"https:\/\/www.letemsvetemapplem.eu\/bazar\/wp-json\/wp\/v2\/tags?post=118308"}],"curies":[{"name":"wp","href":"https:\/\/api.w.org\/{rel}","templated":true}]}}