{"id":112146,"date":"2018-10-04T00:37:58","date_gmt":"2018-10-03T23:37:58","guid":{"rendered":"https:\/\/www.letemsvetemapplem.eu\/bazar\/?p=112146"},"modified":"2018-10-18T13:53:33","modified_gmt":"2018-10-18T12:53:33","slug":"apple-imac-27-mid-2011-16gb-ram-480gb","status":"publish","type":"post","link":"https:\/\/www.letemsvetemapplem.eu\/bazar\/apple-imac-27-mid-2011-16gb-ram-480gb\/","title":{"rendered":"Apple iMac 27&quot; mid 2011, 16GB RAM, 480GB"},"content":{"rendered":"<p>Prod\u00e1m iMac 27&quot;, mid 2011 s 16 GB RAM, i5 3.1GHz a 480GB SSD&lt;br \/&gt;&lt;br \/&gt;&lt;br \/&gt;<br \/>\nPouze osobn\u00ed p\u0159ed\u00e1n\u00ed Praha, v\u00e1\u017en\u00fd z\u00e1jemce i Brno.&lt;br \/&gt;&lt;br \/&gt;<br \/>\nProcesor: 3.1 GHz Intel Core i5&lt;br \/&gt;&lt;br \/&gt;&lt;br \/&gt;<br \/>\nGrafick\u00e1 karta: AMD Radeon HD 6970M 1024 MB&lt;br \/&gt;&lt;br \/&gt;&lt;br \/&gt;<br \/>\nRok: mid 2011&lt;br \/&gt;&lt;br \/&gt;&lt;br \/&gt;<br \/>\nRAM: 16GB&lt;br \/&gt;&lt;br \/&gt;&lt;br \/&gt;<br \/>\nDisk: OWC Extreme Pro 6G (480 GB) v\u00fdm\u011bn\u011bn\u00fd v nsparkle.cz (13.6.2017) za 11 897 K\u010d, p\u0159i instalaci byl iMac tak\u00e9 vy\u010di\u0161t\u011b\u0148 a prohl\u00e9dnut&lt;br \/&gt;&lt;br \/&gt;&lt;br \/&gt;<br \/>\nP\u0159\u00edslu\u0161enstv\u00ed: Kabel, kl\u00e1vesnice a my\u0161 (u my\u0161i chyb\u00ed spodn\u00ed kryt, ale jinak pln\u011b funk\u010dn\u00ed)&lt;br \/&gt;&lt;br \/&gt;<br \/>\niMac byl vyu\u017e\u00edv\u00e1n pro profesion\u00e1ln\u00ed grafick\u00e9 a fotografick\u00e9 \u00fa\u010dely, kter\u00e9 i v dne\u0161n\u00ed dob\u011b pln\u00ed velmi plynule.&lt;br \/&gt;&lt;br \/&gt;<br \/>\niMac dod\u00e1m p\u0159einstalovan\u00fd a pr\u00e1zdn\u00fd s nejnov\u011bj\u0161\u00edm macOS.<\/p>\n","protected":false},"excerpt":{"rendered":"<p>Prod\u00e1m iMac 27&quot;, mid 2011 s 16 GB RAM, i5 3.1GHz a 480GB SSD&lt;br \/&gt;&lt;br \/&gt;&lt;br \/&gt; Pouze osobn\u00ed p\u0159ed\u00e1n\u00ed Praha, v\u00e1\u017en\u00fd z\u00e1jemce i Brno.&lt;br \/&gt;&lt;br \/&gt; Procesor: 3.1 GHz Intel Core i5&lt;br \/&gt;&lt;br \/&gt;&lt;br \/&gt; Grafick\u00e1 karta: AMD Radeon HD 6970M 1024 MB&lt;br \/&gt;&lt;br \/&gt;&lt;br \/&gt; Rok: mid 2011&lt;br \/&gt;&lt;br \/&gt;&lt;br \/&gt; RAM: 16GB&lt;br&#8230;<\/p>\n","protected":false},"author":0,"featured_media":112147,"comment_status":"closed","ping_status":"closed","sticky":false,"template":"","format":"standard","meta":{"footnotes":""},"categories":[41],"tags":[],"class_list":["post-112146","post","type-post","status-publish","format-standard","has-post-thumbnail","hentry","category-imac"],"yoast_head":"<!-- This site is optimized with the Yoast SEO plugin v27.2 - https:\/\/yoast.com\/product\/yoast-seo-wordpress\/ -->\n<title>Apple iMac 27&quot; mid 2011, 16GB RAM, 480GB - Apple bazar<\/title>\n<meta name=\"robots\" content=\"index, follow, max-snippet:-1, max-image-preview:large, max-video-preview:-1\" \/>\n<link rel=\"canonical\" href=\"https:\/\/www.letemsvetemapplem.eu\/bazar\/apple-imac-27-mid-2011-16gb-ram-480gb\/\" \/>\n<meta property=\"og:locale\" content=\"cs_CZ\" \/>\n<meta property=\"og:type\" content=\"article\" \/>\n<meta property=\"og:title\" content=\"Apple iMac 27&quot; mid 2011, 16GB RAM, 480GB - Apple bazar\" \/>\n<meta property=\"og:description\" content=\"Prod\u00e1m iMac 27&quot;, mid 2011 s 16 GB RAM, i5 3.1GHz a 480GB SSD&lt;br \/&gt;&lt;br \/&gt;&lt;br \/&gt; Pouze osobn\u00ed p\u0159ed\u00e1n\u00ed Praha, v\u00e1\u017en\u00fd z\u00e1jemce i Brno.&lt;br \/&gt;&lt;br \/&gt; Procesor: 3.1 GHz Intel Core i5&lt;br \/&gt;&lt;br \/&gt;&lt;br \/&gt; Grafick\u00e1 karta: AMD Radeon HD 6970M 1024 MB&lt;br \/&gt;&lt;br \/&gt;&lt;br \/&gt; Rok: mid 2011&lt;br \/&gt;&lt;br \/&gt;&lt;br \/&gt; RAM: 16GB&lt;br...\" \/>\n<meta property=\"og:url\" content=\"https:\/\/www.letemsvetemapplem.eu\/bazar\/apple-imac-27-mid-2011-16gb-ram-480gb\/\" \/>\n<meta property=\"og:site_name\" content=\"Apple bazar\" \/>\n<meta property=\"article:published_time\" content=\"2018-10-03T23:37:58+00:00\" \/>\n<meta property=\"article:modified_time\" content=\"2018-10-18T12:53:33+00:00\" \/>\n<meta property=\"og:image\" content=\"https:\/\/www.letemsvetemapplem.eu\/bazar\/wp-content\/uploads\/2018\/10\/2018-09-27-13-42-01.jpeg\" \/>\n\t<meta property=\"og:image:width\" content=\"4032\" \/>\n\t<meta property=\"og:image:height\" content=\"3024\" \/>\n\t<meta property=\"og:image:type\" content=\"image\/jpeg\" \/>\n<meta name=\"twitter:card\" content=\"summary_large_image\" \/>\n<script type=\"application\/ld+json\" class=\"yoast-schema-graph\">{\"@context\":\"https:\/\/schema.org\",\"@graph\":[{\"@type\":\"Article\",\"@id\":\"https:\/\/www.letemsvetemapplem.eu\/bazar\/apple-imac-27-mid-2011-16gb-ram-480gb\/#article\",\"isPartOf\":{\"@id\":\"https:\/\/www.letemsvetemapplem.eu\/bazar\/apple-imac-27-mid-2011-16gb-ram-480gb\/\"},\"author\":{\"name\":\"\",\"@id\":\"\"},\"headline\":\"Apple iMac 27&quot; mid 2011, 16GB RAM, 480GB\",\"datePublished\":\"2018-10-03T23:37:58+00:00\",\"dateModified\":\"2018-10-18T12:53:33+00:00\",\"mainEntityOfPage\":{\"@id\":\"https:\/\/www.letemsvetemapplem.eu\/bazar\/apple-imac-27-mid-2011-16gb-ram-480gb\/\"},\"wordCount\":200,\"image\":{\"@id\":\"https:\/\/www.letemsvetemapplem.eu\/bazar\/apple-imac-27-mid-2011-16gb-ram-480gb\/#primaryimage\"},\"thumbnailUrl\":\"https:\/\/www.letemsvetemapplem.eu\/bazar\/wp-content\/uploads\/2018\/10\/2018-09-27-13-42-01.jpeg\",\"articleSection\":[\"iMac\"],\"inLanguage\":\"cs\"},{\"@type\":\"WebPage\",\"@id\":\"https:\/\/www.letemsvetemapplem.eu\/bazar\/apple-imac-27-mid-2011-16gb-ram-480gb\/\",\"url\":\"https:\/\/www.letemsvetemapplem.eu\/bazar\/apple-imac-27-mid-2011-16gb-ram-480gb\/\",\"name\":\"Apple iMac 27&quot; mid 2011, 16GB RAM, 480GB - Apple bazar\",\"isPartOf\":{\"@id\":\"https:\/\/www.letemsvetemapplem.eu\/bazar\/#website\"},\"primaryImageOfPage\":{\"@id\":\"https:\/\/www.letemsvetemapplem.eu\/bazar\/apple-imac-27-mid-2011-16gb-ram-480gb\/#primaryimage\"},\"image\":{\"@id\":\"https:\/\/www.letemsvetemapplem.eu\/bazar\/apple-imac-27-mid-2011-16gb-ram-480gb\/#primaryimage\"},\"thumbnailUrl\":\"https:\/\/www.letemsvetemapplem.eu\/bazar\/wp-content\/uploads\/2018\/10\/2018-09-27-13-42-01.jpeg\",\"datePublished\":\"2018-10-03T23:37:58+00:00\",\"dateModified\":\"2018-10-18T12:53:33+00:00\",\"author\":{\"@id\":\"\"},\"breadcrumb\":{\"@id\":\"https:\/\/www.letemsvetemapplem.eu\/bazar\/apple-imac-27-mid-2011-16gb-ram-480gb\/#breadcrumb\"},\"inLanguage\":\"cs\",\"potentialAction\":[{\"@type\":\"ReadAction\",\"target\":[\"https:\/\/www.letemsvetemapplem.eu\/bazar\/apple-imac-27-mid-2011-16gb-ram-480gb\/\"]}]},{\"@type\":\"ImageObject\",\"inLanguage\":\"cs\",\"@id\":\"https:\/\/www.letemsvetemapplem.eu\/bazar\/apple-imac-27-mid-2011-16gb-ram-480gb\/#primaryimage\",\"url\":\"https:\/\/www.letemsvetemapplem.eu\/bazar\/wp-content\/uploads\/2018\/10\/2018-09-27-13-42-01.jpeg\",\"contentUrl\":\"https:\/\/www.letemsvetemapplem.eu\/bazar\/wp-content\/uploads\/2018\/10\/2018-09-27-13-42-01.jpeg\",\"width\":4032,\"height\":3024},{\"@type\":\"BreadcrumbList\",\"@id\":\"https:\/\/www.letemsvetemapplem.eu\/bazar\/apple-imac-27-mid-2011-16gb-ram-480gb\/#breadcrumb\",\"itemListElement\":[{\"@type\":\"ListItem\",\"position\":1,\"name\":\"Apple Bazar\",\"item\":\"https:\/\/www.letemsvetemapplem.eu\/bazar\/\"},{\"@type\":\"ListItem\",\"position\":2,\"name\":\"Apple iMac 27&quot; mid 2011, 16GB RAM, 480GB\"}]},{\"@type\":\"WebSite\",\"@id\":\"https:\/\/www.letemsvetemapplem.eu\/bazar\/#website\",\"url\":\"https:\/\/www.letemsvetemapplem.eu\/bazar\/\",\"name\":\"Apple bazar\",\"description\":\"Oou\u017eit\u00e9 Apple produkty za skv\u011bl\u00e9 ceny\",\"potentialAction\":[{\"@type\":\"SearchAction\",\"target\":{\"@type\":\"EntryPoint\",\"urlTemplate\":\"https:\/\/www.letemsvetemapplem.eu\/bazar\/?s={search_term_string}\"},\"query-input\":{\"@type\":\"PropertyValueSpecification\",\"valueRequired\":true,\"valueName\":\"search_term_string\"}}],\"inLanguage\":\"cs\"}]}<\/script>\n<!-- \/ Yoast SEO plugin. -->","yoast_head_json":{"title":"Apple iMac 27&quot; mid 2011, 16GB RAM, 480GB - Apple bazar","robots":{"index":"index","follow":"follow","max-snippet":"max-snippet:-1","max-image-preview":"max-image-preview:large","max-video-preview":"max-video-preview:-1"},"canonical":"https:\/\/www.letemsvetemapplem.eu\/bazar\/apple-imac-27-mid-2011-16gb-ram-480gb\/","og_locale":"cs_CZ","og_type":"article","og_title":"Apple iMac 27&quot; mid 2011, 16GB RAM, 480GB - Apple bazar","og_description":"Prod\u00e1m iMac 27&quot;, mid 2011 s 16 GB RAM, i5 3.1GHz a 480GB SSD&lt;br \/&gt;&lt;br \/&gt;&lt;br \/&gt; Pouze osobn\u00ed p\u0159ed\u00e1n\u00ed Praha, v\u00e1\u017en\u00fd z\u00e1jemce i Brno.&lt;br \/&gt;&lt;br \/&gt; Procesor: 3.1 GHz Intel Core i5&lt;br \/&gt;&lt;br \/&gt;&lt;br \/&gt; Grafick\u00e1 karta: AMD Radeon HD 6970M 1024 MB&lt;br \/&gt;&lt;br \/&gt;&lt;br \/&gt; Rok: mid 2011&lt;br \/&gt;&lt;br \/&gt;&lt;br \/&gt; RAM: 16GB&lt;br...","og_url":"https:\/\/www.letemsvetemapplem.eu\/bazar\/apple-imac-27-mid-2011-16gb-ram-480gb\/","og_site_name":"Apple bazar","article_published_time":"2018-10-03T23:37:58+00:00","article_modified_time":"2018-10-18T12:53:33+00:00","og_image":[{"width":4032,"height":3024,"url":"https:\/\/www.letemsvetemapplem.eu\/bazar\/wp-content\/uploads\/2018\/10\/2018-09-27-13-42-01.jpeg","type":"image\/jpeg"}],"twitter_card":"summary_large_image","schema":{"@context":"https:\/\/schema.org","@graph":[{"@type":"Article","@id":"https:\/\/www.letemsvetemapplem.eu\/bazar\/apple-imac-27-mid-2011-16gb-ram-480gb\/#article","isPartOf":{"@id":"https:\/\/www.letemsvetemapplem.eu\/bazar\/apple-imac-27-mid-2011-16gb-ram-480gb\/"},"author":{"name":"","@id":""},"headline":"Apple iMac 27&quot; mid 2011, 16GB RAM, 480GB","datePublished":"2018-10-03T23:37:58+00:00","dateModified":"2018-10-18T12:53:33+00:00","mainEntityOfPage":{"@id":"https:\/\/www.letemsvetemapplem.eu\/bazar\/apple-imac-27-mid-2011-16gb-ram-480gb\/"},"wordCount":200,"image":{"@id":"https:\/\/www.letemsvetemapplem.eu\/bazar\/apple-imac-27-mid-2011-16gb-ram-480gb\/#primaryimage"},"thumbnailUrl":"https:\/\/www.letemsvetemapplem.eu\/bazar\/wp-content\/uploads\/2018\/10\/2018-09-27-13-42-01.jpeg","articleSection":["iMac"],"inLanguage":"cs"},{"@type":"WebPage","@id":"https:\/\/www.letemsvetemapplem.eu\/bazar\/apple-imac-27-mid-2011-16gb-ram-480gb\/","url":"https:\/\/www.letemsvetemapplem.eu\/bazar\/apple-imac-27-mid-2011-16gb-ram-480gb\/","name":"Apple iMac 27&quot; mid 2011, 16GB RAM, 480GB - Apple bazar","isPartOf":{"@id":"https:\/\/www.letemsvetemapplem.eu\/bazar\/#website"},"primaryImageOfPage":{"@id":"https:\/\/www.letemsvetemapplem.eu\/bazar\/apple-imac-27-mid-2011-16gb-ram-480gb\/#primaryimage"},"image":{"@id":"https:\/\/www.letemsvetemapplem.eu\/bazar\/apple-imac-27-mid-2011-16gb-ram-480gb\/#primaryimage"},"thumbnailUrl":"https:\/\/www.letemsvetemapplem.eu\/bazar\/wp-content\/uploads\/2018\/10\/2018-09-27-13-42-01.jpeg","datePublished":"2018-10-03T23:37:58+00:00","dateModified":"2018-10-18T12:53:33+00:00","author":{"@id":""},"breadcrumb":{"@id":"https:\/\/www.letemsvetemapplem.eu\/bazar\/apple-imac-27-mid-2011-16gb-ram-480gb\/#breadcrumb"},"inLanguage":"cs","potentialAction":[{"@type":"ReadAction","target":["https:\/\/www.letemsvetemapplem.eu\/bazar\/apple-imac-27-mid-2011-16gb-ram-480gb\/"]}]},{"@type":"ImageObject","inLanguage":"cs","@id":"https:\/\/www.letemsvetemapplem.eu\/bazar\/apple-imac-27-mid-2011-16gb-ram-480gb\/#primaryimage","url":"https:\/\/www.letemsvetemapplem.eu\/bazar\/wp-content\/uploads\/2018\/10\/2018-09-27-13-42-01.jpeg","contentUrl":"https:\/\/www.letemsvetemapplem.eu\/bazar\/wp-content\/uploads\/2018\/10\/2018-09-27-13-42-01.jpeg","width":4032,"height":3024},{"@type":"BreadcrumbList","@id":"https:\/\/www.letemsvetemapplem.eu\/bazar\/apple-imac-27-mid-2011-16gb-ram-480gb\/#breadcrumb","itemListElement":[{"@type":"ListItem","position":1,"name":"Apple Bazar","item":"https:\/\/www.letemsvetemapplem.eu\/bazar\/"},{"@type":"ListItem","position":2,"name":"Apple iMac 27&quot; mid 2011, 16GB RAM, 480GB"}]},{"@type":"WebSite","@id":"https:\/\/www.letemsvetemapplem.eu\/bazar\/#website","url":"https:\/\/www.letemsvetemapplem.eu\/bazar\/","name":"Apple bazar","description":"Oou\u017eit\u00e9 Apple produkty za skv\u011bl\u00e9 ceny","potentialAction":[{"@type":"SearchAction","target":{"@type":"EntryPoint","urlTemplate":"https:\/\/www.letemsvetemapplem.eu\/bazar\/?s={search_term_string}"},"query-input":{"@type":"PropertyValueSpecification","valueRequired":true,"valueName":"search_term_string"}}],"inLanguage":"cs"}]}},"_links":{"self":[{"href":"https:\/\/www.letemsvetemapplem.eu\/bazar\/wp-json\/wp\/v2\/posts\/112146","targetHints":{"allow":["GET"]}}],"collection":[{"href":"https:\/\/www.letemsvetemapplem.eu\/bazar\/wp-json\/wp\/v2\/posts"}],"about":[{"href":"https:\/\/www.letemsvetemapplem.eu\/bazar\/wp-json\/wp\/v2\/types\/post"}],"replies":[{"embeddable":true,"href":"https:\/\/www.letemsvetemapplem.eu\/bazar\/wp-json\/wp\/v2\/comments?post=112146"}],"version-history":[{"count":0,"href":"https:\/\/www.letemsvetemapplem.eu\/bazar\/wp-json\/wp\/v2\/posts\/112146\/revisions"}],"wp:featuredmedia":[{"embeddable":true,"href":"https:\/\/www.letemsvetemapplem.eu\/bazar\/wp-json\/wp\/v2\/media\/112147"}],"wp:attachment":[{"href":"https:\/\/www.letemsvetemapplem.eu\/bazar\/wp-json\/wp\/v2\/media?parent=112146"}],"wp:term":[{"taxonomy":"category","embeddable":true,"href":"https:\/\/www.letemsvetemapplem.eu\/bazar\/wp-json\/wp\/v2\/categories?post=112146"},{"taxonomy":"post_tag","embeddable":true,"href":"https:\/\/www.letemsvetemapplem.eu\/bazar\/wp-json\/wp\/v2\/tags?post=112146"}],"curies":[{"name":"wp","href":"https:\/\/api.w.org\/{rel}","templated":true}]}}