{"id":111445,"date":"2018-09-30T17:48:30","date_gmt":"2018-09-30T16:48:30","guid":{"rendered":"https:\/\/www.letemsvetemapplem.eu\/bazar\/?p=111445"},"modified":"2018-09-30T17:48:30","modified_gmt":"2018-09-30T16:48:30","slug":"apple-imac-21-5-late-2013","status":"publish","type":"post","link":"https:\/\/www.letemsvetemapplem.eu\/bazar\/apple-imac-21-5-late-2013\/","title":{"rendered":"Apple iMac 21.5, late 2013"},"content":{"rendered":"<p>Apple iMac 21,5, 2,9 GHz Intel Core i5, 8 GB RAM, 1 TB HDD<br \/>\nPred\u00e1m po\u010d\u00edta\u010d Apple iMac 21,5\u2033,<br \/>\nProcesor Intel Core i5 2,9 GHz,<br \/>\npam\u00e4\u0165 8 GB DDR3 1600 MHz,<br \/>\nHDD 1 TB SATA disk,<br \/>\nGrafika NVIDIA GeForce GT 750M 1024 MB,<br \/>\nMac OS Siera,<br \/>\nmodel late 2013,<br \/>\nkupovan\u00fd na Slovensku v 02\/2015 v iStore, v perfektnom stave.<br \/>\nKrabica, vsetko funguje ako ma imac je ako novy.<br \/>\nMys nie je sucastou balenia, klavesnica je dratova s numerickou klavesnicou.<br \/>\nMozna vymena za macbook plus moj doplatok.<\/p>\n","protected":false},"excerpt":{"rendered":"<p>Apple iMac 21,5, 2,9 GHz Intel Core i5, 8 GB RAM, 1 TB HDD Pred\u00e1m po\u010d\u00edta\u010d Apple iMac 21,5\u2033, Procesor Intel Core i5 2,9 GHz, pam\u00e4\u0165 8 GB DDR3 1600 MHz, HDD 1 TB SATA disk, Grafika NVIDIA GeForce GT 750M 1024 MB, Mac OS Siera, model late 2013, kupovan\u00fd na Slovensku v 02\/2015 v&#8230;<\/p>\n","protected":false},"author":0,"featured_media":111446,"comment_status":"closed","ping_status":"closed","sticky":false,"template":"","format":"standard","meta":{"footnotes":""},"categories":[41],"tags":[],"class_list":["post-111445","post","type-post","status-publish","format-standard","has-post-thumbnail","hentry","category-imac"],"yoast_head":"<!-- This site is optimized with the Yoast SEO plugin v27.2 - https:\/\/yoast.com\/product\/yoast-seo-wordpress\/ -->\n<title>Apple iMac 21.5, late 2013 - Apple bazar<\/title>\n<meta name=\"robots\" content=\"index, follow, max-snippet:-1, max-image-preview:large, max-video-preview:-1\" \/>\n<link rel=\"canonical\" href=\"https:\/\/www.letemsvetemapplem.eu\/bazar\/apple-imac-21-5-late-2013\/\" \/>\n<meta property=\"og:locale\" content=\"cs_CZ\" \/>\n<meta property=\"og:type\" content=\"article\" \/>\n<meta property=\"og:title\" content=\"Apple iMac 21.5, late 2013 - Apple bazar\" \/>\n<meta property=\"og:description\" content=\"Apple iMac 21,5, 2,9 GHz Intel Core i5, 8 GB RAM, 1 TB HDD Pred\u00e1m po\u010d\u00edta\u010d Apple iMac 21,5\u2033, Procesor Intel Core i5 2,9 GHz, pam\u00e4\u0165 8 GB DDR3 1600 MHz, HDD 1 TB SATA disk, Grafika NVIDIA GeForce GT 750M 1024 MB, Mac OS Siera, model late 2013, kupovan\u00fd na Slovensku v 02\/2015 v...\" \/>\n<meta property=\"og:url\" content=\"https:\/\/www.letemsvetemapplem.eu\/bazar\/apple-imac-21-5-late-2013\/\" \/>\n<meta property=\"og:site_name\" content=\"Apple bazar\" \/>\n<meta property=\"article:published_time\" content=\"2018-09-30T16:48:30+00:00\" \/>\n<meta property=\"og:image\" content=\"https:\/\/www.letemsvetemapplem.eu\/bazar\/wp-content\/uploads\/2018\/09\/90059343.jpg\" \/>\n\t<meta property=\"og:image:width\" content=\"550\" \/>\n\t<meta property=\"og:image:height\" content=\"412\" \/>\n\t<meta property=\"og:image:type\" content=\"image\/jpeg\" \/>\n<meta name=\"twitter:card\" content=\"summary_large_image\" \/>\n<script type=\"application\/ld+json\" class=\"yoast-schema-graph\">{\"@context\":\"https:\/\/schema.org\",\"@graph\":[{\"@type\":\"Article\",\"@id\":\"https:\/\/www.letemsvetemapplem.eu\/bazar\/apple-imac-21-5-late-2013\/#article\",\"isPartOf\":{\"@id\":\"https:\/\/www.letemsvetemapplem.eu\/bazar\/apple-imac-21-5-late-2013\/\"},\"author\":{\"name\":\"\",\"@id\":\"\"},\"headline\":\"Apple iMac 21.5, late 2013\",\"datePublished\":\"2018-09-30T16:48:30+00:00\",\"mainEntityOfPage\":{\"@id\":\"https:\/\/www.letemsvetemapplem.eu\/bazar\/apple-imac-21-5-late-2013\/\"},\"wordCount\":79,\"image\":{\"@id\":\"https:\/\/www.letemsvetemapplem.eu\/bazar\/apple-imac-21-5-late-2013\/#primaryimage\"},\"thumbnailUrl\":\"https:\/\/www.letemsvetemapplem.eu\/bazar\/wp-content\/uploads\/2018\/09\/90059343.jpg\",\"articleSection\":[\"iMac\"],\"inLanguage\":\"cs\"},{\"@type\":\"WebPage\",\"@id\":\"https:\/\/www.letemsvetemapplem.eu\/bazar\/apple-imac-21-5-late-2013\/\",\"url\":\"https:\/\/www.letemsvetemapplem.eu\/bazar\/apple-imac-21-5-late-2013\/\",\"name\":\"Apple iMac 21.5, late 2013 - Apple bazar\",\"isPartOf\":{\"@id\":\"https:\/\/www.letemsvetemapplem.eu\/bazar\/#website\"},\"primaryImageOfPage\":{\"@id\":\"https:\/\/www.letemsvetemapplem.eu\/bazar\/apple-imac-21-5-late-2013\/#primaryimage\"},\"image\":{\"@id\":\"https:\/\/www.letemsvetemapplem.eu\/bazar\/apple-imac-21-5-late-2013\/#primaryimage\"},\"thumbnailUrl\":\"https:\/\/www.letemsvetemapplem.eu\/bazar\/wp-content\/uploads\/2018\/09\/90059343.jpg\",\"datePublished\":\"2018-09-30T16:48:30+00:00\",\"author\":{\"@id\":\"\"},\"breadcrumb\":{\"@id\":\"https:\/\/www.letemsvetemapplem.eu\/bazar\/apple-imac-21-5-late-2013\/#breadcrumb\"},\"inLanguage\":\"cs\",\"potentialAction\":[{\"@type\":\"ReadAction\",\"target\":[\"https:\/\/www.letemsvetemapplem.eu\/bazar\/apple-imac-21-5-late-2013\/\"]}]},{\"@type\":\"ImageObject\",\"inLanguage\":\"cs\",\"@id\":\"https:\/\/www.letemsvetemapplem.eu\/bazar\/apple-imac-21-5-late-2013\/#primaryimage\",\"url\":\"https:\/\/www.letemsvetemapplem.eu\/bazar\/wp-content\/uploads\/2018\/09\/90059343.jpg\",\"contentUrl\":\"https:\/\/www.letemsvetemapplem.eu\/bazar\/wp-content\/uploads\/2018\/09\/90059343.jpg\",\"width\":550,\"height\":412},{\"@type\":\"BreadcrumbList\",\"@id\":\"https:\/\/www.letemsvetemapplem.eu\/bazar\/apple-imac-21-5-late-2013\/#breadcrumb\",\"itemListElement\":[{\"@type\":\"ListItem\",\"position\":1,\"name\":\"Apple Bazar\",\"item\":\"https:\/\/www.letemsvetemapplem.eu\/bazar\/\"},{\"@type\":\"ListItem\",\"position\":2,\"name\":\"Apple iMac 21.5, late 2013\"}]},{\"@type\":\"WebSite\",\"@id\":\"https:\/\/www.letemsvetemapplem.eu\/bazar\/#website\",\"url\":\"https:\/\/www.letemsvetemapplem.eu\/bazar\/\",\"name\":\"Apple bazar\",\"description\":\"Oou\u017eit\u00e9 Apple produkty za skv\u011bl\u00e9 ceny\",\"potentialAction\":[{\"@type\":\"SearchAction\",\"target\":{\"@type\":\"EntryPoint\",\"urlTemplate\":\"https:\/\/www.letemsvetemapplem.eu\/bazar\/?s={search_term_string}\"},\"query-input\":{\"@type\":\"PropertyValueSpecification\",\"valueRequired\":true,\"valueName\":\"search_term_string\"}}],\"inLanguage\":\"cs\"}]}<\/script>\n<!-- \/ Yoast SEO plugin. -->","yoast_head_json":{"title":"Apple iMac 21.5, late 2013 - Apple bazar","robots":{"index":"index","follow":"follow","max-snippet":"max-snippet:-1","max-image-preview":"max-image-preview:large","max-video-preview":"max-video-preview:-1"},"canonical":"https:\/\/www.letemsvetemapplem.eu\/bazar\/apple-imac-21-5-late-2013\/","og_locale":"cs_CZ","og_type":"article","og_title":"Apple iMac 21.5, late 2013 - Apple bazar","og_description":"Apple iMac 21,5, 2,9 GHz Intel Core i5, 8 GB RAM, 1 TB HDD Pred\u00e1m po\u010d\u00edta\u010d Apple iMac 21,5\u2033, Procesor Intel Core i5 2,9 GHz, pam\u00e4\u0165 8 GB DDR3 1600 MHz, HDD 1 TB SATA disk, Grafika NVIDIA GeForce GT 750M 1024 MB, Mac OS Siera, model late 2013, kupovan\u00fd na Slovensku v 02\/2015 v...","og_url":"https:\/\/www.letemsvetemapplem.eu\/bazar\/apple-imac-21-5-late-2013\/","og_site_name":"Apple bazar","article_published_time":"2018-09-30T16:48:30+00:00","og_image":[{"width":550,"height":412,"url":"https:\/\/www.letemsvetemapplem.eu\/bazar\/wp-content\/uploads\/2018\/09\/90059343.jpg","type":"image\/jpeg"}],"twitter_card":"summary_large_image","schema":{"@context":"https:\/\/schema.org","@graph":[{"@type":"Article","@id":"https:\/\/www.letemsvetemapplem.eu\/bazar\/apple-imac-21-5-late-2013\/#article","isPartOf":{"@id":"https:\/\/www.letemsvetemapplem.eu\/bazar\/apple-imac-21-5-late-2013\/"},"author":{"name":"","@id":""},"headline":"Apple iMac 21.5, late 2013","datePublished":"2018-09-30T16:48:30+00:00","mainEntityOfPage":{"@id":"https:\/\/www.letemsvetemapplem.eu\/bazar\/apple-imac-21-5-late-2013\/"},"wordCount":79,"image":{"@id":"https:\/\/www.letemsvetemapplem.eu\/bazar\/apple-imac-21-5-late-2013\/#primaryimage"},"thumbnailUrl":"https:\/\/www.letemsvetemapplem.eu\/bazar\/wp-content\/uploads\/2018\/09\/90059343.jpg","articleSection":["iMac"],"inLanguage":"cs"},{"@type":"WebPage","@id":"https:\/\/www.letemsvetemapplem.eu\/bazar\/apple-imac-21-5-late-2013\/","url":"https:\/\/www.letemsvetemapplem.eu\/bazar\/apple-imac-21-5-late-2013\/","name":"Apple iMac 21.5, late 2013 - Apple bazar","isPartOf":{"@id":"https:\/\/www.letemsvetemapplem.eu\/bazar\/#website"},"primaryImageOfPage":{"@id":"https:\/\/www.letemsvetemapplem.eu\/bazar\/apple-imac-21-5-late-2013\/#primaryimage"},"image":{"@id":"https:\/\/www.letemsvetemapplem.eu\/bazar\/apple-imac-21-5-late-2013\/#primaryimage"},"thumbnailUrl":"https:\/\/www.letemsvetemapplem.eu\/bazar\/wp-content\/uploads\/2018\/09\/90059343.jpg","datePublished":"2018-09-30T16:48:30+00:00","author":{"@id":""},"breadcrumb":{"@id":"https:\/\/www.letemsvetemapplem.eu\/bazar\/apple-imac-21-5-late-2013\/#breadcrumb"},"inLanguage":"cs","potentialAction":[{"@type":"ReadAction","target":["https:\/\/www.letemsvetemapplem.eu\/bazar\/apple-imac-21-5-late-2013\/"]}]},{"@type":"ImageObject","inLanguage":"cs","@id":"https:\/\/www.letemsvetemapplem.eu\/bazar\/apple-imac-21-5-late-2013\/#primaryimage","url":"https:\/\/www.letemsvetemapplem.eu\/bazar\/wp-content\/uploads\/2018\/09\/90059343.jpg","contentUrl":"https:\/\/www.letemsvetemapplem.eu\/bazar\/wp-content\/uploads\/2018\/09\/90059343.jpg","width":550,"height":412},{"@type":"BreadcrumbList","@id":"https:\/\/www.letemsvetemapplem.eu\/bazar\/apple-imac-21-5-late-2013\/#breadcrumb","itemListElement":[{"@type":"ListItem","position":1,"name":"Apple Bazar","item":"https:\/\/www.letemsvetemapplem.eu\/bazar\/"},{"@type":"ListItem","position":2,"name":"Apple iMac 21.5, late 2013"}]},{"@type":"WebSite","@id":"https:\/\/www.letemsvetemapplem.eu\/bazar\/#website","url":"https:\/\/www.letemsvetemapplem.eu\/bazar\/","name":"Apple bazar","description":"Oou\u017eit\u00e9 Apple produkty za skv\u011bl\u00e9 ceny","potentialAction":[{"@type":"SearchAction","target":{"@type":"EntryPoint","urlTemplate":"https:\/\/www.letemsvetemapplem.eu\/bazar\/?s={search_term_string}"},"query-input":{"@type":"PropertyValueSpecification","valueRequired":true,"valueName":"search_term_string"}}],"inLanguage":"cs"}]}},"_links":{"self":[{"href":"https:\/\/www.letemsvetemapplem.eu\/bazar\/wp-json\/wp\/v2\/posts\/111445","targetHints":{"allow":["GET"]}}],"collection":[{"href":"https:\/\/www.letemsvetemapplem.eu\/bazar\/wp-json\/wp\/v2\/posts"}],"about":[{"href":"https:\/\/www.letemsvetemapplem.eu\/bazar\/wp-json\/wp\/v2\/types\/post"}],"replies":[{"embeddable":true,"href":"https:\/\/www.letemsvetemapplem.eu\/bazar\/wp-json\/wp\/v2\/comments?post=111445"}],"version-history":[{"count":0,"href":"https:\/\/www.letemsvetemapplem.eu\/bazar\/wp-json\/wp\/v2\/posts\/111445\/revisions"}],"wp:featuredmedia":[{"embeddable":true,"href":"https:\/\/www.letemsvetemapplem.eu\/bazar\/wp-json\/wp\/v2\/media\/111446"}],"wp:attachment":[{"href":"https:\/\/www.letemsvetemapplem.eu\/bazar\/wp-json\/wp\/v2\/media?parent=111445"}],"wp:term":[{"taxonomy":"category","embeddable":true,"href":"https:\/\/www.letemsvetemapplem.eu\/bazar\/wp-json\/wp\/v2\/categories?post=111445"},{"taxonomy":"post_tag","embeddable":true,"href":"https:\/\/www.letemsvetemapplem.eu\/bazar\/wp-json\/wp\/v2\/tags?post=111445"}],"curies":[{"name":"wp","href":"https:\/\/api.w.org\/{rel}","templated":true}]}}