{"id":11069,"date":"2016-11-26T07:48:43","date_gmt":"2016-11-26T06:48:43","guid":{"rendered":"https:\/\/www.letemsvetemapplem.eu\/bazar\/?p=11069"},"modified":"2016-11-26T07:48:43","modified_gmt":"2016-11-26T06:48:43","slug":"imac-27-late-2009-intel-i5-8gb-ram-1tb","status":"publish","type":"post","link":"https:\/\/www.letemsvetemapplem.eu\/bazar\/imac-27-late-2009-intel-i5-8gb-ram-1tb\/","title":{"rendered":"iMac 27&quot; Late 2009 Intel i5 8GB RAM 1TB"},"content":{"rendered":"<p>Prod\u00e1m 27&quot; iMac model Late 2009 zakoupen\u00fd na Alze 19.4.2010. Fakturu je mo\u017en\u00e9 p\u0159ilo\u017eit. IMac je osazen \u010dty\u0159j\u00e1drov\u00fdm procesorem Core i5 na frekvenci 2,66 MHz. D\u00e1le opera\u010dn\u00ed pam\u011bt\u00ed 8GB a diskem 1 TB (7200 ot.). Grafick\u00e1 karta Radeon HD 4850 s pam\u011bt\u00ed 512 MB. IMac je ve velmi dobr\u00e9m stavu a je pln\u011b funk\u010dn\u00ed. Displej je tak\u00e9 ve v\u00fdborn\u00e9m stavu. Sou\u010d\u00e1st\u00ed prodeje je bezdr\u00e1tov\u00e1 kl\u00e1vesnice Apple wireless keyboard. D\u00e1le ve\u0161ker\u00e9 sou\u010d\u00e1sti origin\u00e1ln\u00edho balen\u00ed v\u010detn\u011b krabice. Sou\u010d\u00e1st\u00ed prodeje nen\u00ed my\u0161 Magic Mouse. OS X Sierra. Po\u010d\u00edta\u010d byl pou\u017e\u00edvan\u00fd v neku\u0159\u00e1ck\u00e9 dom\u00e1cnosti na ob\u010dasnou \u00fapravu fotek. Prod\u00e1v\u00e1m pouze z prostorov\u00fdch d\u016fvod\u016f kv\u016fli st\u011bhov\u00e1n\u00ed, p\u0159ech\u00e1z\u00edm na notebook.<\/p>\n","protected":false},"excerpt":{"rendered":"<p>Prod\u00e1m 27&quot; iMac model Late 2009 zakoupen\u00fd na Alze 19.4.2010. Fakturu je mo\u017en\u00e9 p\u0159ilo\u017eit. IMac je osazen \u010dty\u0159j\u00e1drov\u00fdm procesorem Core i5 na frekvenci 2,66 MHz. D\u00e1le opera\u010dn\u00ed pam\u011bt\u00ed 8GB a diskem 1 TB (7200 ot.). Grafick\u00e1 karta Radeon HD 4850 s pam\u011bt\u00ed 512 MB. IMac je ve velmi dobr\u00e9m stavu a je pln\u011b funk\u010dn\u00ed. Displej&#8230;<\/p>\n","protected":false},"author":0,"featured_media":11070,"comment_status":"open","ping_status":"open","sticky":false,"template":"","format":"standard","meta":{"footnotes":""},"categories":[41],"tags":[77],"class_list":["post-11069","post","type-post","status-publish","format-standard","has-post-thumbnail","hentry","category-imac","tag-imac"],"yoast_head":"<!-- This site is optimized with the Yoast SEO plugin v27.2 - https:\/\/yoast.com\/product\/yoast-seo-wordpress\/ -->\n<title>iMac 27&quot; Late 2009 Intel i5 8GB RAM 1TB - Apple bazar<\/title>\n<meta name=\"robots\" content=\"index, follow, max-snippet:-1, max-image-preview:large, max-video-preview:-1\" \/>\n<link rel=\"canonical\" href=\"https:\/\/www.letemsvetemapplem.eu\/bazar\/imac-27-late-2009-intel-i5-8gb-ram-1tb\/\" \/>\n<meta property=\"og:locale\" content=\"cs_CZ\" \/>\n<meta property=\"og:type\" content=\"article\" \/>\n<meta property=\"og:title\" content=\"iMac 27&quot; Late 2009 Intel i5 8GB RAM 1TB - Apple bazar\" \/>\n<meta property=\"og:description\" content=\"Prod\u00e1m 27&quot; iMac model Late 2009 zakoupen\u00fd na Alze 19.4.2010. Fakturu je mo\u017en\u00e9 p\u0159ilo\u017eit. IMac je osazen \u010dty\u0159j\u00e1drov\u00fdm procesorem Core i5 na frekvenci 2,66 MHz. D\u00e1le opera\u010dn\u00ed pam\u011bt\u00ed 8GB a diskem 1 TB (7200 ot.). Grafick\u00e1 karta Radeon HD 4850 s pam\u011bt\u00ed 512 MB. IMac je ve velmi dobr\u00e9m stavu a je pln\u011b funk\u010dn\u00ed. Displej...\" \/>\n<meta property=\"og:url\" content=\"https:\/\/www.letemsvetemapplem.eu\/bazar\/imac-27-late-2009-intel-i5-8gb-ram-1tb\/\" \/>\n<meta property=\"og:site_name\" content=\"Apple bazar\" \/>\n<meta property=\"article:published_time\" content=\"2016-11-26T06:48:43+00:00\" \/>\n<meta property=\"og:image\" content=\"https:\/\/www.letemsvetemapplem.eu\/bazar\/wp-content\/uploads\/2016\/11\/IMG_0798.jpg\" \/>\n\t<meta property=\"og:image:width\" content=\"2016\" \/>\n\t<meta property=\"og:image:height\" content=\"1512\" \/>\n\t<meta property=\"og:image:type\" content=\"image\/jpeg\" \/>\n<meta name=\"twitter:card\" content=\"summary_large_image\" \/>\n<script type=\"application\/ld+json\" class=\"yoast-schema-graph\">{\"@context\":\"https:\/\/schema.org\",\"@graph\":[{\"@type\":\"Article\",\"@id\":\"https:\/\/www.letemsvetemapplem.eu\/bazar\/imac-27-late-2009-intel-i5-8gb-ram-1tb\/#article\",\"isPartOf\":{\"@id\":\"https:\/\/www.letemsvetemapplem.eu\/bazar\/imac-27-late-2009-intel-i5-8gb-ram-1tb\/\"},\"author\":{\"name\":\"\",\"@id\":\"\"},\"headline\":\"iMac 27&quot; Late 2009 Intel i5 8GB RAM 1TB\",\"datePublished\":\"2016-11-26T06:48:43+00:00\",\"mainEntityOfPage\":{\"@id\":\"https:\/\/www.letemsvetemapplem.eu\/bazar\/imac-27-late-2009-intel-i5-8gb-ram-1tb\/\"},\"wordCount\":145,\"commentCount\":0,\"image\":{\"@id\":\"https:\/\/www.letemsvetemapplem.eu\/bazar\/imac-27-late-2009-intel-i5-8gb-ram-1tb\/#primaryimage\"},\"thumbnailUrl\":\"https:\/\/www.letemsvetemapplem.eu\/bazar\/wp-content\/uploads\/2016\/11\/IMG_0798.jpg\",\"keywords\":[\"iMac\"],\"articleSection\":[\"iMac\"],\"inLanguage\":\"cs\",\"potentialAction\":[{\"@type\":\"CommentAction\",\"name\":\"Comment\",\"target\":[\"https:\/\/www.letemsvetemapplem.eu\/bazar\/imac-27-late-2009-intel-i5-8gb-ram-1tb\/#respond\"]}]},{\"@type\":\"WebPage\",\"@id\":\"https:\/\/www.letemsvetemapplem.eu\/bazar\/imac-27-late-2009-intel-i5-8gb-ram-1tb\/\",\"url\":\"https:\/\/www.letemsvetemapplem.eu\/bazar\/imac-27-late-2009-intel-i5-8gb-ram-1tb\/\",\"name\":\"iMac 27&quot; Late 2009 Intel i5 8GB RAM 1TB - Apple bazar\",\"isPartOf\":{\"@id\":\"https:\/\/www.letemsvetemapplem.eu\/bazar\/#website\"},\"primaryImageOfPage\":{\"@id\":\"https:\/\/www.letemsvetemapplem.eu\/bazar\/imac-27-late-2009-intel-i5-8gb-ram-1tb\/#primaryimage\"},\"image\":{\"@id\":\"https:\/\/www.letemsvetemapplem.eu\/bazar\/imac-27-late-2009-intel-i5-8gb-ram-1tb\/#primaryimage\"},\"thumbnailUrl\":\"https:\/\/www.letemsvetemapplem.eu\/bazar\/wp-content\/uploads\/2016\/11\/IMG_0798.jpg\",\"datePublished\":\"2016-11-26T06:48:43+00:00\",\"author\":{\"@id\":\"\"},\"breadcrumb\":{\"@id\":\"https:\/\/www.letemsvetemapplem.eu\/bazar\/imac-27-late-2009-intel-i5-8gb-ram-1tb\/#breadcrumb\"},\"inLanguage\":\"cs\",\"potentialAction\":[{\"@type\":\"ReadAction\",\"target\":[\"https:\/\/www.letemsvetemapplem.eu\/bazar\/imac-27-late-2009-intel-i5-8gb-ram-1tb\/\"]}]},{\"@type\":\"ImageObject\",\"inLanguage\":\"cs\",\"@id\":\"https:\/\/www.letemsvetemapplem.eu\/bazar\/imac-27-late-2009-intel-i5-8gb-ram-1tb\/#primaryimage\",\"url\":\"https:\/\/www.letemsvetemapplem.eu\/bazar\/wp-content\/uploads\/2016\/11\/IMG_0798.jpg\",\"contentUrl\":\"https:\/\/www.letemsvetemapplem.eu\/bazar\/wp-content\/uploads\/2016\/11\/IMG_0798.jpg\",\"width\":2016,\"height\":1512},{\"@type\":\"BreadcrumbList\",\"@id\":\"https:\/\/www.letemsvetemapplem.eu\/bazar\/imac-27-late-2009-intel-i5-8gb-ram-1tb\/#breadcrumb\",\"itemListElement\":[{\"@type\":\"ListItem\",\"position\":1,\"name\":\"Apple Bazar\",\"item\":\"https:\/\/www.letemsvetemapplem.eu\/bazar\/\"},{\"@type\":\"ListItem\",\"position\":2,\"name\":\"iMac 27&quot; Late 2009 Intel i5 8GB RAM 1TB\"}]},{\"@type\":\"WebSite\",\"@id\":\"https:\/\/www.letemsvetemapplem.eu\/bazar\/#website\",\"url\":\"https:\/\/www.letemsvetemapplem.eu\/bazar\/\",\"name\":\"Apple bazar\",\"description\":\"Oou\u017eit\u00e9 Apple produkty za skv\u011bl\u00e9 ceny\",\"potentialAction\":[{\"@type\":\"SearchAction\",\"target\":{\"@type\":\"EntryPoint\",\"urlTemplate\":\"https:\/\/www.letemsvetemapplem.eu\/bazar\/?s={search_term_string}\"},\"query-input\":{\"@type\":\"PropertyValueSpecification\",\"valueRequired\":true,\"valueName\":\"search_term_string\"}}],\"inLanguage\":\"cs\"}]}<\/script>\n<!-- \/ Yoast SEO plugin. -->","yoast_head_json":{"title":"iMac 27&quot; Late 2009 Intel i5 8GB RAM 1TB - Apple bazar","robots":{"index":"index","follow":"follow","max-snippet":"max-snippet:-1","max-image-preview":"max-image-preview:large","max-video-preview":"max-video-preview:-1"},"canonical":"https:\/\/www.letemsvetemapplem.eu\/bazar\/imac-27-late-2009-intel-i5-8gb-ram-1tb\/","og_locale":"cs_CZ","og_type":"article","og_title":"iMac 27&quot; Late 2009 Intel i5 8GB RAM 1TB - Apple bazar","og_description":"Prod\u00e1m 27&quot; iMac model Late 2009 zakoupen\u00fd na Alze 19.4.2010. Fakturu je mo\u017en\u00e9 p\u0159ilo\u017eit. IMac je osazen \u010dty\u0159j\u00e1drov\u00fdm procesorem Core i5 na frekvenci 2,66 MHz. D\u00e1le opera\u010dn\u00ed pam\u011bt\u00ed 8GB a diskem 1 TB (7200 ot.). Grafick\u00e1 karta Radeon HD 4850 s pam\u011bt\u00ed 512 MB. IMac je ve velmi dobr\u00e9m stavu a je pln\u011b funk\u010dn\u00ed. Displej...","og_url":"https:\/\/www.letemsvetemapplem.eu\/bazar\/imac-27-late-2009-intel-i5-8gb-ram-1tb\/","og_site_name":"Apple bazar","article_published_time":"2016-11-26T06:48:43+00:00","og_image":[{"width":2016,"height":1512,"url":"https:\/\/www.letemsvetemapplem.eu\/bazar\/wp-content\/uploads\/2016\/11\/IMG_0798.jpg","type":"image\/jpeg"}],"twitter_card":"summary_large_image","schema":{"@context":"https:\/\/schema.org","@graph":[{"@type":"Article","@id":"https:\/\/www.letemsvetemapplem.eu\/bazar\/imac-27-late-2009-intel-i5-8gb-ram-1tb\/#article","isPartOf":{"@id":"https:\/\/www.letemsvetemapplem.eu\/bazar\/imac-27-late-2009-intel-i5-8gb-ram-1tb\/"},"author":{"name":"","@id":""},"headline":"iMac 27&quot; Late 2009 Intel i5 8GB RAM 1TB","datePublished":"2016-11-26T06:48:43+00:00","mainEntityOfPage":{"@id":"https:\/\/www.letemsvetemapplem.eu\/bazar\/imac-27-late-2009-intel-i5-8gb-ram-1tb\/"},"wordCount":145,"commentCount":0,"image":{"@id":"https:\/\/www.letemsvetemapplem.eu\/bazar\/imac-27-late-2009-intel-i5-8gb-ram-1tb\/#primaryimage"},"thumbnailUrl":"https:\/\/www.letemsvetemapplem.eu\/bazar\/wp-content\/uploads\/2016\/11\/IMG_0798.jpg","keywords":["iMac"],"articleSection":["iMac"],"inLanguage":"cs","potentialAction":[{"@type":"CommentAction","name":"Comment","target":["https:\/\/www.letemsvetemapplem.eu\/bazar\/imac-27-late-2009-intel-i5-8gb-ram-1tb\/#respond"]}]},{"@type":"WebPage","@id":"https:\/\/www.letemsvetemapplem.eu\/bazar\/imac-27-late-2009-intel-i5-8gb-ram-1tb\/","url":"https:\/\/www.letemsvetemapplem.eu\/bazar\/imac-27-late-2009-intel-i5-8gb-ram-1tb\/","name":"iMac 27&quot; Late 2009 Intel i5 8GB RAM 1TB - Apple bazar","isPartOf":{"@id":"https:\/\/www.letemsvetemapplem.eu\/bazar\/#website"},"primaryImageOfPage":{"@id":"https:\/\/www.letemsvetemapplem.eu\/bazar\/imac-27-late-2009-intel-i5-8gb-ram-1tb\/#primaryimage"},"image":{"@id":"https:\/\/www.letemsvetemapplem.eu\/bazar\/imac-27-late-2009-intel-i5-8gb-ram-1tb\/#primaryimage"},"thumbnailUrl":"https:\/\/www.letemsvetemapplem.eu\/bazar\/wp-content\/uploads\/2016\/11\/IMG_0798.jpg","datePublished":"2016-11-26T06:48:43+00:00","author":{"@id":""},"breadcrumb":{"@id":"https:\/\/www.letemsvetemapplem.eu\/bazar\/imac-27-late-2009-intel-i5-8gb-ram-1tb\/#breadcrumb"},"inLanguage":"cs","potentialAction":[{"@type":"ReadAction","target":["https:\/\/www.letemsvetemapplem.eu\/bazar\/imac-27-late-2009-intel-i5-8gb-ram-1tb\/"]}]},{"@type":"ImageObject","inLanguage":"cs","@id":"https:\/\/www.letemsvetemapplem.eu\/bazar\/imac-27-late-2009-intel-i5-8gb-ram-1tb\/#primaryimage","url":"https:\/\/www.letemsvetemapplem.eu\/bazar\/wp-content\/uploads\/2016\/11\/IMG_0798.jpg","contentUrl":"https:\/\/www.letemsvetemapplem.eu\/bazar\/wp-content\/uploads\/2016\/11\/IMG_0798.jpg","width":2016,"height":1512},{"@type":"BreadcrumbList","@id":"https:\/\/www.letemsvetemapplem.eu\/bazar\/imac-27-late-2009-intel-i5-8gb-ram-1tb\/#breadcrumb","itemListElement":[{"@type":"ListItem","position":1,"name":"Apple Bazar","item":"https:\/\/www.letemsvetemapplem.eu\/bazar\/"},{"@type":"ListItem","position":2,"name":"iMac 27&quot; Late 2009 Intel i5 8GB RAM 1TB"}]},{"@type":"WebSite","@id":"https:\/\/www.letemsvetemapplem.eu\/bazar\/#website","url":"https:\/\/www.letemsvetemapplem.eu\/bazar\/","name":"Apple bazar","description":"Oou\u017eit\u00e9 Apple produkty za skv\u011bl\u00e9 ceny","potentialAction":[{"@type":"SearchAction","target":{"@type":"EntryPoint","urlTemplate":"https:\/\/www.letemsvetemapplem.eu\/bazar\/?s={search_term_string}"},"query-input":{"@type":"PropertyValueSpecification","valueRequired":true,"valueName":"search_term_string"}}],"inLanguage":"cs"}]}},"_links":{"self":[{"href":"https:\/\/www.letemsvetemapplem.eu\/bazar\/wp-json\/wp\/v2\/posts\/11069","targetHints":{"allow":["GET"]}}],"collection":[{"href":"https:\/\/www.letemsvetemapplem.eu\/bazar\/wp-json\/wp\/v2\/posts"}],"about":[{"href":"https:\/\/www.letemsvetemapplem.eu\/bazar\/wp-json\/wp\/v2\/types\/post"}],"replies":[{"embeddable":true,"href":"https:\/\/www.letemsvetemapplem.eu\/bazar\/wp-json\/wp\/v2\/comments?post=11069"}],"version-history":[{"count":0,"href":"https:\/\/www.letemsvetemapplem.eu\/bazar\/wp-json\/wp\/v2\/posts\/11069\/revisions"}],"wp:featuredmedia":[{"embeddable":true,"href":"https:\/\/www.letemsvetemapplem.eu\/bazar\/wp-json\/wp\/v2\/media\/11070"}],"wp:attachment":[{"href":"https:\/\/www.letemsvetemapplem.eu\/bazar\/wp-json\/wp\/v2\/media?parent=11069"}],"wp:term":[{"taxonomy":"category","embeddable":true,"href":"https:\/\/www.letemsvetemapplem.eu\/bazar\/wp-json\/wp\/v2\/categories?post=11069"},{"taxonomy":"post_tag","embeddable":true,"href":"https:\/\/www.letemsvetemapplem.eu\/bazar\/wp-json\/wp\/v2\/tags?post=11069"}],"curies":[{"name":"wp","href":"https:\/\/api.w.org\/{rel}","templated":true}]}}