{"id":107504,"date":"2018-09-14T06:32:45","date_gmt":"2018-09-14T05:32:45","guid":{"rendered":"https:\/\/www.letemsvetemapplem.eu\/bazar\/?p=107504"},"modified":"2018-11-07T12:34:40","modified_gmt":"2018-11-07T11:34:40","slug":"apple-imac-retina-5k-27-late-2015","status":"publish","type":"post","link":"https:\/\/www.letemsvetemapplem.eu\/bazar\/apple-imac-retina-5k-27-late-2015\/","title":{"rendered":"Apple iMac (Retina 5K, 27&quot;, late 2015)"},"content":{"rendered":"<p>Prod\u00e1m Apple iMac (Retina 5K, 27palcov\u00fd, late 2015). Stav jako nov\u00fd v\u010detn\u011b Apple Wireless Keyboard (UK Layout), Magic Mouse a origin\u00e1ln\u00ed krabice.&lt;br \/&gt;<br \/>\nSpecifikace:&lt;br \/&gt;&lt;br \/&gt;<br \/>\n\u2013 Procesor 3,2GHz \u010dty\u0159j\u00e1drov\u00fd Intel Core i5 (SkyLake, Turbo Boost a\u017e 3,6 GHz),&lt;br \/&gt;&lt;br \/&gt;<br \/>\n\u2013 Pam\u011b\u0165 16 GB (4x4GB Moduly) 1867 MHz pam\u011bti DDR3;&lt;br \/&gt;&lt;br \/&gt;<br \/>\n\u2013 1TB Fusion Drive pevn\u00fd disk (7200 ot.\/min),&lt;br \/&gt;&lt;br \/&gt;<br \/>\n\u2013 Grafika AMD Radeon R9 M380 2048 MB&lt;br \/&gt;<br \/>\nCena 38 500 K\u010d. Osobn\u00ed p\u0159evzet\u00ed Mohelnice \u2013 Olomouc \u2013 Vy\u0161kov. Po domluv\u011b za\u0161lu na dob\u00edrku.<\/p>\n","protected":false},"excerpt":{"rendered":"<p>Prod\u00e1m Apple iMac (Retina 5K, 27palcov\u00fd, late 2015). Stav jako nov\u00fd v\u010detn\u011b Apple Wireless Keyboard (UK Layout), Magic Mouse a origin\u00e1ln\u00ed krabice.&lt;br \/&gt; Specifikace:&lt;br \/&gt;&lt;br \/&gt; \u2013 Procesor 3,2GHz \u010dty\u0159j\u00e1drov\u00fd Intel Core i5 (SkyLake, Turbo Boost a\u017e 3,6 GHz),&lt;br \/&gt;&lt;br \/&gt; \u2013 Pam\u011b\u0165 16 GB (4x4GB Moduly) 1867 MHz pam\u011bti DDR3;&lt;br \/&gt;&lt;br \/&gt; \u2013 1TB&#8230;<\/p>\n","protected":false},"author":0,"featured_media":107505,"comment_status":"closed","ping_status":"closed","sticky":false,"template":"","format":"standard","meta":{"footnotes":""},"categories":[41],"tags":[],"class_list":["post-107504","post","type-post","status-publish","format-standard","has-post-thumbnail","hentry","category-imac"],"yoast_head":"<!-- This site is optimized with the Yoast SEO plugin v27.2 - https:\/\/yoast.com\/product\/yoast-seo-wordpress\/ -->\n<title>Apple iMac (Retina 5K, 27&quot;, late 2015) - Apple bazar<\/title>\n<meta name=\"robots\" content=\"index, follow, max-snippet:-1, max-image-preview:large, max-video-preview:-1\" \/>\n<link rel=\"canonical\" href=\"https:\/\/www.letemsvetemapplem.eu\/bazar\/apple-imac-retina-5k-27-late-2015\/\" \/>\n<meta property=\"og:locale\" content=\"cs_CZ\" \/>\n<meta property=\"og:type\" content=\"article\" \/>\n<meta property=\"og:title\" content=\"Apple iMac (Retina 5K, 27&quot;, late 2015) - Apple bazar\" \/>\n<meta property=\"og:description\" content=\"Prod\u00e1m Apple iMac (Retina 5K, 27palcov\u00fd, late 2015). Stav jako nov\u00fd v\u010detn\u011b Apple Wireless Keyboard (UK Layout), Magic Mouse a origin\u00e1ln\u00ed krabice.&lt;br \/&gt; Specifikace:&lt;br \/&gt;&lt;br \/&gt; \u2013 Procesor 3,2GHz \u010dty\u0159j\u00e1drov\u00fd Intel Core i5 (SkyLake, Turbo Boost a\u017e 3,6 GHz),&lt;br \/&gt;&lt;br \/&gt; \u2013 Pam\u011b\u0165 16 GB (4x4GB Moduly) 1867 MHz pam\u011bti DDR3;&lt;br \/&gt;&lt;br \/&gt; \u2013 1TB...\" \/>\n<meta property=\"og:url\" content=\"https:\/\/www.letemsvetemapplem.eu\/bazar\/apple-imac-retina-5k-27-late-2015\/\" \/>\n<meta property=\"og:site_name\" content=\"Apple bazar\" \/>\n<meta property=\"article:published_time\" content=\"2018-09-14T05:32:45+00:00\" \/>\n<meta property=\"article:modified_time\" content=\"2018-11-07T11:34:40+00:00\" \/>\n<meta property=\"og:image\" content=\"https:\/\/www.letemsvetemapplem.eu\/bazar\/wp-content\/uploads\/2018\/09\/UNADJUSTEDNONRAW_thumb_1487.jpg\" \/>\n\t<meta property=\"og:image:width\" content=\"1024\" \/>\n\t<meta property=\"og:image:height\" content=\"768\" \/>\n\t<meta property=\"og:image:type\" content=\"image\/jpeg\" \/>\n<meta name=\"twitter:card\" content=\"summary_large_image\" \/>\n<script type=\"application\/ld+json\" class=\"yoast-schema-graph\">{\"@context\":\"https:\/\/schema.org\",\"@graph\":[{\"@type\":\"Article\",\"@id\":\"https:\/\/www.letemsvetemapplem.eu\/bazar\/apple-imac-retina-5k-27-late-2015\/#article\",\"isPartOf\":{\"@id\":\"https:\/\/www.letemsvetemapplem.eu\/bazar\/apple-imac-retina-5k-27-late-2015\/\"},\"author\":{\"name\":\"\",\"@id\":\"\"},\"headline\":\"Apple iMac (Retina 5K, 27&quot;, late 2015)\",\"datePublished\":\"2018-09-14T05:32:45+00:00\",\"dateModified\":\"2018-11-07T11:34:40+00:00\",\"mainEntityOfPage\":{\"@id\":\"https:\/\/www.letemsvetemapplem.eu\/bazar\/apple-imac-retina-5k-27-late-2015\/\"},\"wordCount\":112,\"image\":{\"@id\":\"https:\/\/www.letemsvetemapplem.eu\/bazar\/apple-imac-retina-5k-27-late-2015\/#primaryimage\"},\"thumbnailUrl\":\"https:\/\/www.letemsvetemapplem.eu\/bazar\/wp-content\/uploads\/2018\/09\/UNADJUSTEDNONRAW_thumb_1487.jpg\",\"articleSection\":[\"iMac\"],\"inLanguage\":\"cs\"},{\"@type\":\"WebPage\",\"@id\":\"https:\/\/www.letemsvetemapplem.eu\/bazar\/apple-imac-retina-5k-27-late-2015\/\",\"url\":\"https:\/\/www.letemsvetemapplem.eu\/bazar\/apple-imac-retina-5k-27-late-2015\/\",\"name\":\"Apple iMac (Retina 5K, 27&quot;, late 2015) - Apple bazar\",\"isPartOf\":{\"@id\":\"https:\/\/www.letemsvetemapplem.eu\/bazar\/#website\"},\"primaryImageOfPage\":{\"@id\":\"https:\/\/www.letemsvetemapplem.eu\/bazar\/apple-imac-retina-5k-27-late-2015\/#primaryimage\"},\"image\":{\"@id\":\"https:\/\/www.letemsvetemapplem.eu\/bazar\/apple-imac-retina-5k-27-late-2015\/#primaryimage\"},\"thumbnailUrl\":\"https:\/\/www.letemsvetemapplem.eu\/bazar\/wp-content\/uploads\/2018\/09\/UNADJUSTEDNONRAW_thumb_1487.jpg\",\"datePublished\":\"2018-09-14T05:32:45+00:00\",\"dateModified\":\"2018-11-07T11:34:40+00:00\",\"author\":{\"@id\":\"\"},\"breadcrumb\":{\"@id\":\"https:\/\/www.letemsvetemapplem.eu\/bazar\/apple-imac-retina-5k-27-late-2015\/#breadcrumb\"},\"inLanguage\":\"cs\",\"potentialAction\":[{\"@type\":\"ReadAction\",\"target\":[\"https:\/\/www.letemsvetemapplem.eu\/bazar\/apple-imac-retina-5k-27-late-2015\/\"]}]},{\"@type\":\"ImageObject\",\"inLanguage\":\"cs\",\"@id\":\"https:\/\/www.letemsvetemapplem.eu\/bazar\/apple-imac-retina-5k-27-late-2015\/#primaryimage\",\"url\":\"https:\/\/www.letemsvetemapplem.eu\/bazar\/wp-content\/uploads\/2018\/09\/UNADJUSTEDNONRAW_thumb_1487.jpg\",\"contentUrl\":\"https:\/\/www.letemsvetemapplem.eu\/bazar\/wp-content\/uploads\/2018\/09\/UNADJUSTEDNONRAW_thumb_1487.jpg\",\"width\":1024,\"height\":768},{\"@type\":\"BreadcrumbList\",\"@id\":\"https:\/\/www.letemsvetemapplem.eu\/bazar\/apple-imac-retina-5k-27-late-2015\/#breadcrumb\",\"itemListElement\":[{\"@type\":\"ListItem\",\"position\":1,\"name\":\"Apple Bazar\",\"item\":\"https:\/\/www.letemsvetemapplem.eu\/bazar\/\"},{\"@type\":\"ListItem\",\"position\":2,\"name\":\"Apple iMac (Retina 5K, 27&quot;, late 2015)\"}]},{\"@type\":\"WebSite\",\"@id\":\"https:\/\/www.letemsvetemapplem.eu\/bazar\/#website\",\"url\":\"https:\/\/www.letemsvetemapplem.eu\/bazar\/\",\"name\":\"Apple bazar\",\"description\":\"Oou\u017eit\u00e9 Apple produkty za skv\u011bl\u00e9 ceny\",\"potentialAction\":[{\"@type\":\"SearchAction\",\"target\":{\"@type\":\"EntryPoint\",\"urlTemplate\":\"https:\/\/www.letemsvetemapplem.eu\/bazar\/?s={search_term_string}\"},\"query-input\":{\"@type\":\"PropertyValueSpecification\",\"valueRequired\":true,\"valueName\":\"search_term_string\"}}],\"inLanguage\":\"cs\"}]}<\/script>\n<!-- \/ Yoast SEO plugin. -->","yoast_head_json":{"title":"Apple iMac (Retina 5K, 27&quot;, late 2015) - Apple bazar","robots":{"index":"index","follow":"follow","max-snippet":"max-snippet:-1","max-image-preview":"max-image-preview:large","max-video-preview":"max-video-preview:-1"},"canonical":"https:\/\/www.letemsvetemapplem.eu\/bazar\/apple-imac-retina-5k-27-late-2015\/","og_locale":"cs_CZ","og_type":"article","og_title":"Apple iMac (Retina 5K, 27&quot;, late 2015) - Apple bazar","og_description":"Prod\u00e1m Apple iMac (Retina 5K, 27palcov\u00fd, late 2015). Stav jako nov\u00fd v\u010detn\u011b Apple Wireless Keyboard (UK Layout), Magic Mouse a origin\u00e1ln\u00ed krabice.&lt;br \/&gt; Specifikace:&lt;br \/&gt;&lt;br \/&gt; \u2013 Procesor 3,2GHz \u010dty\u0159j\u00e1drov\u00fd Intel Core i5 (SkyLake, Turbo Boost a\u017e 3,6 GHz),&lt;br \/&gt;&lt;br \/&gt; \u2013 Pam\u011b\u0165 16 GB (4x4GB Moduly) 1867 MHz pam\u011bti DDR3;&lt;br \/&gt;&lt;br \/&gt; \u2013 1TB...","og_url":"https:\/\/www.letemsvetemapplem.eu\/bazar\/apple-imac-retina-5k-27-late-2015\/","og_site_name":"Apple bazar","article_published_time":"2018-09-14T05:32:45+00:00","article_modified_time":"2018-11-07T11:34:40+00:00","og_image":[{"width":1024,"height":768,"url":"https:\/\/www.letemsvetemapplem.eu\/bazar\/wp-content\/uploads\/2018\/09\/UNADJUSTEDNONRAW_thumb_1487.jpg","type":"image\/jpeg"}],"twitter_card":"summary_large_image","schema":{"@context":"https:\/\/schema.org","@graph":[{"@type":"Article","@id":"https:\/\/www.letemsvetemapplem.eu\/bazar\/apple-imac-retina-5k-27-late-2015\/#article","isPartOf":{"@id":"https:\/\/www.letemsvetemapplem.eu\/bazar\/apple-imac-retina-5k-27-late-2015\/"},"author":{"name":"","@id":""},"headline":"Apple iMac (Retina 5K, 27&quot;, late 2015)","datePublished":"2018-09-14T05:32:45+00:00","dateModified":"2018-11-07T11:34:40+00:00","mainEntityOfPage":{"@id":"https:\/\/www.letemsvetemapplem.eu\/bazar\/apple-imac-retina-5k-27-late-2015\/"},"wordCount":112,"image":{"@id":"https:\/\/www.letemsvetemapplem.eu\/bazar\/apple-imac-retina-5k-27-late-2015\/#primaryimage"},"thumbnailUrl":"https:\/\/www.letemsvetemapplem.eu\/bazar\/wp-content\/uploads\/2018\/09\/UNADJUSTEDNONRAW_thumb_1487.jpg","articleSection":["iMac"],"inLanguage":"cs"},{"@type":"WebPage","@id":"https:\/\/www.letemsvetemapplem.eu\/bazar\/apple-imac-retina-5k-27-late-2015\/","url":"https:\/\/www.letemsvetemapplem.eu\/bazar\/apple-imac-retina-5k-27-late-2015\/","name":"Apple iMac (Retina 5K, 27&quot;, late 2015) - Apple bazar","isPartOf":{"@id":"https:\/\/www.letemsvetemapplem.eu\/bazar\/#website"},"primaryImageOfPage":{"@id":"https:\/\/www.letemsvetemapplem.eu\/bazar\/apple-imac-retina-5k-27-late-2015\/#primaryimage"},"image":{"@id":"https:\/\/www.letemsvetemapplem.eu\/bazar\/apple-imac-retina-5k-27-late-2015\/#primaryimage"},"thumbnailUrl":"https:\/\/www.letemsvetemapplem.eu\/bazar\/wp-content\/uploads\/2018\/09\/UNADJUSTEDNONRAW_thumb_1487.jpg","datePublished":"2018-09-14T05:32:45+00:00","dateModified":"2018-11-07T11:34:40+00:00","author":{"@id":""},"breadcrumb":{"@id":"https:\/\/www.letemsvetemapplem.eu\/bazar\/apple-imac-retina-5k-27-late-2015\/#breadcrumb"},"inLanguage":"cs","potentialAction":[{"@type":"ReadAction","target":["https:\/\/www.letemsvetemapplem.eu\/bazar\/apple-imac-retina-5k-27-late-2015\/"]}]},{"@type":"ImageObject","inLanguage":"cs","@id":"https:\/\/www.letemsvetemapplem.eu\/bazar\/apple-imac-retina-5k-27-late-2015\/#primaryimage","url":"https:\/\/www.letemsvetemapplem.eu\/bazar\/wp-content\/uploads\/2018\/09\/UNADJUSTEDNONRAW_thumb_1487.jpg","contentUrl":"https:\/\/www.letemsvetemapplem.eu\/bazar\/wp-content\/uploads\/2018\/09\/UNADJUSTEDNONRAW_thumb_1487.jpg","width":1024,"height":768},{"@type":"BreadcrumbList","@id":"https:\/\/www.letemsvetemapplem.eu\/bazar\/apple-imac-retina-5k-27-late-2015\/#breadcrumb","itemListElement":[{"@type":"ListItem","position":1,"name":"Apple Bazar","item":"https:\/\/www.letemsvetemapplem.eu\/bazar\/"},{"@type":"ListItem","position":2,"name":"Apple iMac (Retina 5K, 27&quot;, late 2015)"}]},{"@type":"WebSite","@id":"https:\/\/www.letemsvetemapplem.eu\/bazar\/#website","url":"https:\/\/www.letemsvetemapplem.eu\/bazar\/","name":"Apple bazar","description":"Oou\u017eit\u00e9 Apple produkty za skv\u011bl\u00e9 ceny","potentialAction":[{"@type":"SearchAction","target":{"@type":"EntryPoint","urlTemplate":"https:\/\/www.letemsvetemapplem.eu\/bazar\/?s={search_term_string}"},"query-input":{"@type":"PropertyValueSpecification","valueRequired":true,"valueName":"search_term_string"}}],"inLanguage":"cs"}]}},"_links":{"self":[{"href":"https:\/\/www.letemsvetemapplem.eu\/bazar\/wp-json\/wp\/v2\/posts\/107504","targetHints":{"allow":["GET"]}}],"collection":[{"href":"https:\/\/www.letemsvetemapplem.eu\/bazar\/wp-json\/wp\/v2\/posts"}],"about":[{"href":"https:\/\/www.letemsvetemapplem.eu\/bazar\/wp-json\/wp\/v2\/types\/post"}],"replies":[{"embeddable":true,"href":"https:\/\/www.letemsvetemapplem.eu\/bazar\/wp-json\/wp\/v2\/comments?post=107504"}],"version-history":[{"count":0,"href":"https:\/\/www.letemsvetemapplem.eu\/bazar\/wp-json\/wp\/v2\/posts\/107504\/revisions"}],"wp:featuredmedia":[{"embeddable":true,"href":"https:\/\/www.letemsvetemapplem.eu\/bazar\/wp-json\/wp\/v2\/media\/107505"}],"wp:attachment":[{"href":"https:\/\/www.letemsvetemapplem.eu\/bazar\/wp-json\/wp\/v2\/media?parent=107504"}],"wp:term":[{"taxonomy":"category","embeddable":true,"href":"https:\/\/www.letemsvetemapplem.eu\/bazar\/wp-json\/wp\/v2\/categories?post=107504"},{"taxonomy":"post_tag","embeddable":true,"href":"https:\/\/www.letemsvetemapplem.eu\/bazar\/wp-json\/wp\/v2\/tags?post=107504"}],"curies":[{"name":"wp","href":"https:\/\/api.w.org\/{rel}","templated":true}]}}