{"id":104744,"date":"2018-09-03T19:45:15","date_gmt":"2018-09-03T18:45:15","guid":{"rendered":"https:\/\/www.letemsvetemapplem.eu\/bazar\/?p=104744"},"modified":"2018-09-03T21:53:50","modified_gmt":"2018-09-03T20:53:50","slug":"imac-2008-20-2-66-ghz-intel-core-2-duo","status":"publish","type":"post","link":"https:\/\/www.letemsvetemapplem.eu\/bazar\/imac-2008-20-2-66-ghz-intel-core-2-duo\/","title":{"rendered":"iMac 2008 20&quot;\/2.66 GHz Intel Core 2 Duo"},"content":{"rendered":"<p>Prod\u00e1m iMac 2008  285 GB  20&quot;\/2.66 GHz Intel Core 2 Duo<br \/>\n2GB 800 MHz DDR2 SDRAM<br \/>\n+ kl\u00e1vesnice (nov\u011b koupen\u00e1), my\u0161<br \/>\nJe ve skv\u011bl\u00e9m stavu, byl b\u011b\u017en\u011b pou\u017e\u00edv\u00e1n v dom\u00e1cnosti, posledn\u00ed roky nevyu\u017eit\u00fd. <\/p>\n","protected":false},"excerpt":{"rendered":"<p>Prod\u00e1m iMac 2008 285 GB 20&quot;\/2.66 GHz Intel Core 2 Duo 2GB 800 MHz DDR2 SDRAM + kl\u00e1vesnice (nov\u011b koupen\u00e1), my\u0161 Je ve skv\u011bl\u00e9m stavu, byl b\u011b\u017en\u011b pou\u017e\u00edv\u00e1n v dom\u00e1cnosti, posledn\u00ed roky nevyu\u017eit\u00fd.<\/p>\n","protected":false},"author":0,"featured_media":104745,"comment_status":"closed","ping_status":"closed","sticky":false,"template":"","format":"standard","meta":{"footnotes":""},"categories":[41],"tags":[],"class_list":["post-104744","post","type-post","status-publish","format-standard","has-post-thumbnail","hentry","category-imac"],"yoast_head":"<!-- This site is optimized with the Yoast SEO plugin v27.2 - https:\/\/yoast.com\/product\/yoast-seo-wordpress\/ -->\n<title>iMac 2008 20&quot;\/2.66 GHz Intel Core 2 Duo - Apple bazar<\/title>\n<meta name=\"robots\" content=\"index, follow, max-snippet:-1, max-image-preview:large, max-video-preview:-1\" \/>\n<link rel=\"canonical\" href=\"https:\/\/www.letemsvetemapplem.eu\/bazar\/imac-2008-20-2-66-ghz-intel-core-2-duo\/\" \/>\n<meta property=\"og:locale\" content=\"cs_CZ\" \/>\n<meta property=\"og:type\" content=\"article\" \/>\n<meta property=\"og:title\" content=\"iMac 2008 20&quot;\/2.66 GHz Intel Core 2 Duo - Apple bazar\" \/>\n<meta property=\"og:description\" content=\"Prod\u00e1m iMac 2008 285 GB 20&quot;\/2.66 GHz Intel Core 2 Duo 2GB 800 MHz DDR2 SDRAM + kl\u00e1vesnice (nov\u011b koupen\u00e1), my\u0161 Je ve skv\u011bl\u00e9m stavu, byl b\u011b\u017en\u011b pou\u017e\u00edv\u00e1n v dom\u00e1cnosti, posledn\u00ed roky nevyu\u017eit\u00fd.\" \/>\n<meta property=\"og:url\" content=\"https:\/\/www.letemsvetemapplem.eu\/bazar\/imac-2008-20-2-66-ghz-intel-core-2-duo\/\" \/>\n<meta property=\"og:site_name\" content=\"Apple bazar\" \/>\n<meta property=\"article:published_time\" content=\"2018-09-03T18:45:15+00:00\" \/>\n<meta property=\"article:modified_time\" content=\"2018-09-03T20:53:50+00:00\" \/>\n<meta property=\"og:image\" content=\"https:\/\/www.letemsvetemapplem.eu\/bazar\/wp-content\/uploads\/2018\/09\/40652848_1025274927632756_3323437202494455808_n.jpg\" \/>\n\t<meta property=\"og:image:width\" content=\"960\" \/>\n\t<meta property=\"og:image:height\" content=\"720\" \/>\n\t<meta property=\"og:image:type\" content=\"image\/jpeg\" \/>\n<meta name=\"twitter:card\" content=\"summary_large_image\" \/>\n<script type=\"application\/ld+json\" class=\"yoast-schema-graph\">{\"@context\":\"https:\/\/schema.org\",\"@graph\":[{\"@type\":\"Article\",\"@id\":\"https:\/\/www.letemsvetemapplem.eu\/bazar\/imac-2008-20-2-66-ghz-intel-core-2-duo\/#article\",\"isPartOf\":{\"@id\":\"https:\/\/www.letemsvetemapplem.eu\/bazar\/imac-2008-20-2-66-ghz-intel-core-2-duo\/\"},\"author\":{\"name\":\"\",\"@id\":\"\"},\"headline\":\"iMac 2008 20&quot;\/2.66 GHz Intel Core 2 Duo\",\"datePublished\":\"2018-09-03T18:45:15+00:00\",\"dateModified\":\"2018-09-03T20:53:50+00:00\",\"mainEntityOfPage\":{\"@id\":\"https:\/\/www.letemsvetemapplem.eu\/bazar\/imac-2008-20-2-66-ghz-intel-core-2-duo\/\"},\"wordCount\":43,\"image\":{\"@id\":\"https:\/\/www.letemsvetemapplem.eu\/bazar\/imac-2008-20-2-66-ghz-intel-core-2-duo\/#primaryimage\"},\"thumbnailUrl\":\"https:\/\/www.letemsvetemapplem.eu\/bazar\/wp-content\/uploads\/2018\/09\/40652848_1025274927632756_3323437202494455808_n.jpg\",\"articleSection\":[\"iMac\"],\"inLanguage\":\"cs\"},{\"@type\":\"WebPage\",\"@id\":\"https:\/\/www.letemsvetemapplem.eu\/bazar\/imac-2008-20-2-66-ghz-intel-core-2-duo\/\",\"url\":\"https:\/\/www.letemsvetemapplem.eu\/bazar\/imac-2008-20-2-66-ghz-intel-core-2-duo\/\",\"name\":\"iMac 2008 20&quot;\/2.66 GHz Intel Core 2 Duo - Apple bazar\",\"isPartOf\":{\"@id\":\"https:\/\/www.letemsvetemapplem.eu\/bazar\/#website\"},\"primaryImageOfPage\":{\"@id\":\"https:\/\/www.letemsvetemapplem.eu\/bazar\/imac-2008-20-2-66-ghz-intel-core-2-duo\/#primaryimage\"},\"image\":{\"@id\":\"https:\/\/www.letemsvetemapplem.eu\/bazar\/imac-2008-20-2-66-ghz-intel-core-2-duo\/#primaryimage\"},\"thumbnailUrl\":\"https:\/\/www.letemsvetemapplem.eu\/bazar\/wp-content\/uploads\/2018\/09\/40652848_1025274927632756_3323437202494455808_n.jpg\",\"datePublished\":\"2018-09-03T18:45:15+00:00\",\"dateModified\":\"2018-09-03T20:53:50+00:00\",\"author\":{\"@id\":\"\"},\"breadcrumb\":{\"@id\":\"https:\/\/www.letemsvetemapplem.eu\/bazar\/imac-2008-20-2-66-ghz-intel-core-2-duo\/#breadcrumb\"},\"inLanguage\":\"cs\",\"potentialAction\":[{\"@type\":\"ReadAction\",\"target\":[\"https:\/\/www.letemsvetemapplem.eu\/bazar\/imac-2008-20-2-66-ghz-intel-core-2-duo\/\"]}]},{\"@type\":\"ImageObject\",\"inLanguage\":\"cs\",\"@id\":\"https:\/\/www.letemsvetemapplem.eu\/bazar\/imac-2008-20-2-66-ghz-intel-core-2-duo\/#primaryimage\",\"url\":\"https:\/\/www.letemsvetemapplem.eu\/bazar\/wp-content\/uploads\/2018\/09\/40652848_1025274927632756_3323437202494455808_n.jpg\",\"contentUrl\":\"https:\/\/www.letemsvetemapplem.eu\/bazar\/wp-content\/uploads\/2018\/09\/40652848_1025274927632756_3323437202494455808_n.jpg\",\"width\":960,\"height\":720},{\"@type\":\"BreadcrumbList\",\"@id\":\"https:\/\/www.letemsvetemapplem.eu\/bazar\/imac-2008-20-2-66-ghz-intel-core-2-duo\/#breadcrumb\",\"itemListElement\":[{\"@type\":\"ListItem\",\"position\":1,\"name\":\"Apple Bazar\",\"item\":\"https:\/\/www.letemsvetemapplem.eu\/bazar\/\"},{\"@type\":\"ListItem\",\"position\":2,\"name\":\"iMac 2008 20&quot;\/2.66 GHz Intel Core 2 Duo\"}]},{\"@type\":\"WebSite\",\"@id\":\"https:\/\/www.letemsvetemapplem.eu\/bazar\/#website\",\"url\":\"https:\/\/www.letemsvetemapplem.eu\/bazar\/\",\"name\":\"Apple bazar\",\"description\":\"Oou\u017eit\u00e9 Apple produkty za skv\u011bl\u00e9 ceny\",\"potentialAction\":[{\"@type\":\"SearchAction\",\"target\":{\"@type\":\"EntryPoint\",\"urlTemplate\":\"https:\/\/www.letemsvetemapplem.eu\/bazar\/?s={search_term_string}\"},\"query-input\":{\"@type\":\"PropertyValueSpecification\",\"valueRequired\":true,\"valueName\":\"search_term_string\"}}],\"inLanguage\":\"cs\"}]}<\/script>\n<!-- \/ Yoast SEO plugin. -->","yoast_head_json":{"title":"iMac 2008 20&quot;\/2.66 GHz Intel Core 2 Duo - Apple bazar","robots":{"index":"index","follow":"follow","max-snippet":"max-snippet:-1","max-image-preview":"max-image-preview:large","max-video-preview":"max-video-preview:-1"},"canonical":"https:\/\/www.letemsvetemapplem.eu\/bazar\/imac-2008-20-2-66-ghz-intel-core-2-duo\/","og_locale":"cs_CZ","og_type":"article","og_title":"iMac 2008 20&quot;\/2.66 GHz Intel Core 2 Duo - Apple bazar","og_description":"Prod\u00e1m iMac 2008 285 GB 20&quot;\/2.66 GHz Intel Core 2 Duo 2GB 800 MHz DDR2 SDRAM + kl\u00e1vesnice (nov\u011b koupen\u00e1), my\u0161 Je ve skv\u011bl\u00e9m stavu, byl b\u011b\u017en\u011b pou\u017e\u00edv\u00e1n v dom\u00e1cnosti, posledn\u00ed roky nevyu\u017eit\u00fd.","og_url":"https:\/\/www.letemsvetemapplem.eu\/bazar\/imac-2008-20-2-66-ghz-intel-core-2-duo\/","og_site_name":"Apple bazar","article_published_time":"2018-09-03T18:45:15+00:00","article_modified_time":"2018-09-03T20:53:50+00:00","og_image":[{"width":960,"height":720,"url":"https:\/\/www.letemsvetemapplem.eu\/bazar\/wp-content\/uploads\/2018\/09\/40652848_1025274927632756_3323437202494455808_n.jpg","type":"image\/jpeg"}],"twitter_card":"summary_large_image","schema":{"@context":"https:\/\/schema.org","@graph":[{"@type":"Article","@id":"https:\/\/www.letemsvetemapplem.eu\/bazar\/imac-2008-20-2-66-ghz-intel-core-2-duo\/#article","isPartOf":{"@id":"https:\/\/www.letemsvetemapplem.eu\/bazar\/imac-2008-20-2-66-ghz-intel-core-2-duo\/"},"author":{"name":"","@id":""},"headline":"iMac 2008 20&quot;\/2.66 GHz Intel Core 2 Duo","datePublished":"2018-09-03T18:45:15+00:00","dateModified":"2018-09-03T20:53:50+00:00","mainEntityOfPage":{"@id":"https:\/\/www.letemsvetemapplem.eu\/bazar\/imac-2008-20-2-66-ghz-intel-core-2-duo\/"},"wordCount":43,"image":{"@id":"https:\/\/www.letemsvetemapplem.eu\/bazar\/imac-2008-20-2-66-ghz-intel-core-2-duo\/#primaryimage"},"thumbnailUrl":"https:\/\/www.letemsvetemapplem.eu\/bazar\/wp-content\/uploads\/2018\/09\/40652848_1025274927632756_3323437202494455808_n.jpg","articleSection":["iMac"],"inLanguage":"cs"},{"@type":"WebPage","@id":"https:\/\/www.letemsvetemapplem.eu\/bazar\/imac-2008-20-2-66-ghz-intel-core-2-duo\/","url":"https:\/\/www.letemsvetemapplem.eu\/bazar\/imac-2008-20-2-66-ghz-intel-core-2-duo\/","name":"iMac 2008 20&quot;\/2.66 GHz Intel Core 2 Duo - Apple bazar","isPartOf":{"@id":"https:\/\/www.letemsvetemapplem.eu\/bazar\/#website"},"primaryImageOfPage":{"@id":"https:\/\/www.letemsvetemapplem.eu\/bazar\/imac-2008-20-2-66-ghz-intel-core-2-duo\/#primaryimage"},"image":{"@id":"https:\/\/www.letemsvetemapplem.eu\/bazar\/imac-2008-20-2-66-ghz-intel-core-2-duo\/#primaryimage"},"thumbnailUrl":"https:\/\/www.letemsvetemapplem.eu\/bazar\/wp-content\/uploads\/2018\/09\/40652848_1025274927632756_3323437202494455808_n.jpg","datePublished":"2018-09-03T18:45:15+00:00","dateModified":"2018-09-03T20:53:50+00:00","author":{"@id":""},"breadcrumb":{"@id":"https:\/\/www.letemsvetemapplem.eu\/bazar\/imac-2008-20-2-66-ghz-intel-core-2-duo\/#breadcrumb"},"inLanguage":"cs","potentialAction":[{"@type":"ReadAction","target":["https:\/\/www.letemsvetemapplem.eu\/bazar\/imac-2008-20-2-66-ghz-intel-core-2-duo\/"]}]},{"@type":"ImageObject","inLanguage":"cs","@id":"https:\/\/www.letemsvetemapplem.eu\/bazar\/imac-2008-20-2-66-ghz-intel-core-2-duo\/#primaryimage","url":"https:\/\/www.letemsvetemapplem.eu\/bazar\/wp-content\/uploads\/2018\/09\/40652848_1025274927632756_3323437202494455808_n.jpg","contentUrl":"https:\/\/www.letemsvetemapplem.eu\/bazar\/wp-content\/uploads\/2018\/09\/40652848_1025274927632756_3323437202494455808_n.jpg","width":960,"height":720},{"@type":"BreadcrumbList","@id":"https:\/\/www.letemsvetemapplem.eu\/bazar\/imac-2008-20-2-66-ghz-intel-core-2-duo\/#breadcrumb","itemListElement":[{"@type":"ListItem","position":1,"name":"Apple Bazar","item":"https:\/\/www.letemsvetemapplem.eu\/bazar\/"},{"@type":"ListItem","position":2,"name":"iMac 2008 20&quot;\/2.66 GHz Intel Core 2 Duo"}]},{"@type":"WebSite","@id":"https:\/\/www.letemsvetemapplem.eu\/bazar\/#website","url":"https:\/\/www.letemsvetemapplem.eu\/bazar\/","name":"Apple bazar","description":"Oou\u017eit\u00e9 Apple produkty za skv\u011bl\u00e9 ceny","potentialAction":[{"@type":"SearchAction","target":{"@type":"EntryPoint","urlTemplate":"https:\/\/www.letemsvetemapplem.eu\/bazar\/?s={search_term_string}"},"query-input":{"@type":"PropertyValueSpecification","valueRequired":true,"valueName":"search_term_string"}}],"inLanguage":"cs"}]}},"_links":{"self":[{"href":"https:\/\/www.letemsvetemapplem.eu\/bazar\/wp-json\/wp\/v2\/posts\/104744","targetHints":{"allow":["GET"]}}],"collection":[{"href":"https:\/\/www.letemsvetemapplem.eu\/bazar\/wp-json\/wp\/v2\/posts"}],"about":[{"href":"https:\/\/www.letemsvetemapplem.eu\/bazar\/wp-json\/wp\/v2\/types\/post"}],"replies":[{"embeddable":true,"href":"https:\/\/www.letemsvetemapplem.eu\/bazar\/wp-json\/wp\/v2\/comments?post=104744"}],"version-history":[{"count":0,"href":"https:\/\/www.letemsvetemapplem.eu\/bazar\/wp-json\/wp\/v2\/posts\/104744\/revisions"}],"wp:featuredmedia":[{"embeddable":true,"href":"https:\/\/www.letemsvetemapplem.eu\/bazar\/wp-json\/wp\/v2\/media\/104745"}],"wp:attachment":[{"href":"https:\/\/www.letemsvetemapplem.eu\/bazar\/wp-json\/wp\/v2\/media?parent=104744"}],"wp:term":[{"taxonomy":"category","embeddable":true,"href":"https:\/\/www.letemsvetemapplem.eu\/bazar\/wp-json\/wp\/v2\/categories?post=104744"},{"taxonomy":"post_tag","embeddable":true,"href":"https:\/\/www.letemsvetemapplem.eu\/bazar\/wp-json\/wp\/v2\/tags?post=104744"}],"curies":[{"name":"wp","href":"https:\/\/api.w.org\/{rel}","templated":true}]}}