{"id":104303,"date":"2018-08-30T10:14:37","date_gmt":"2018-08-30T09:14:37","guid":{"rendered":"https:\/\/www.letemsvetemapplem.eu\/bazar\/?p=104303"},"modified":"2018-08-30T10:14:37","modified_gmt":"2018-08-30T09:14:37","slug":"vytopeny-macbook-air-model-a1466","status":"publish","type":"post","link":"https:\/\/www.letemsvetemapplem.eu\/bazar\/vytopeny-macbook-air-model-a1466\/","title":{"rendered":"Vytopen\u00fd MacBook Air model A1466"},"content":{"rendered":"<p>Prod\u00e1m vytopen\u00fd MacBook Air model A1466 EMC 2630. Z\u016fstal venku na de\u0161ti zav\u0159en\u00fd, ale p\u0159es kl\u00e1vesnici do n\u011bj natekla voda. <\/p>\n<p>Zkouknuto servisem s t\u00edm, \u017ee by byla pot\u0159eba vym\u011bnit z\u00e1kladn\u00ed deska + mo\u017en\u00e1 dal\u0161\u00ed d\u00edly.  Tak\u017ee neov\u011b\u0159eno, co v\u0161e m\u016f\u017ee b\u00fdt po\u0161kozeno.<\/p>\n<p>V\u00edce fotek zde:<br \/>\nhttps:\/\/goo.gl\/nynfsa<\/p>\n<p>Mohu p\u0159edat osobn\u011b v Trutnov\u011b nebo Praze dle domluvy.<\/p>\n","protected":false},"excerpt":{"rendered":"<p>Prod\u00e1m vytopen\u00fd MacBook Air model A1466 EMC 2630. Z\u016fstal venku na de\u0161ti zav\u0159en\u00fd, ale p\u0159es kl\u00e1vesnici do n\u011bj natekla voda. Zkouknuto servisem s t\u00edm, \u017ee by byla pot\u0159eba vym\u011bnit z\u00e1kladn\u00ed deska + mo\u017en\u00e1 dal\u0161\u00ed d\u00edly. Tak\u017ee neov\u011b\u0159eno, co v\u0161e m\u016f\u017ee b\u00fdt po\u0161kozeno. V\u00edce fotek zde: https:\/\/goo.gl\/nynfsa Mohu p\u0159edat osobn\u011b v Trutnov\u011b nebo Praze dle domluvy.<\/p>\n","protected":false},"author":0,"featured_media":104304,"comment_status":"closed","ping_status":"closed","sticky":false,"template":"","format":"standard","meta":{"footnotes":""},"categories":[42],"tags":[],"class_list":["post-104303","post","type-post","status-publish","format-standard","has-post-thumbnail","hentry","category-macbook-air"],"yoast_head":"<!-- This site is optimized with the Yoast SEO plugin v27.5 - https:\/\/yoast.com\/product\/yoast-seo-wordpress\/ -->\n<title>Vytopen\u00fd MacBook Air model A1466 - Apple bazar<\/title>\n<meta name=\"robots\" content=\"index, follow, max-snippet:-1, max-image-preview:large, max-video-preview:-1\" \/>\n<link rel=\"canonical\" href=\"https:\/\/www.letemsvetemapplem.eu\/bazar\/vytopeny-macbook-air-model-a1466\/\" \/>\n<meta property=\"og:locale\" content=\"cs_CZ\" \/>\n<meta property=\"og:type\" content=\"article\" \/>\n<meta property=\"og:title\" content=\"Vytopen\u00fd MacBook Air model A1466 - Apple bazar\" \/>\n<meta property=\"og:description\" content=\"Prod\u00e1m vytopen\u00fd MacBook Air model A1466 EMC 2630. Z\u016fstal venku na de\u0161ti zav\u0159en\u00fd, ale p\u0159es kl\u00e1vesnici do n\u011bj natekla voda. Zkouknuto servisem s t\u00edm, \u017ee by byla pot\u0159eba vym\u011bnit z\u00e1kladn\u00ed deska + mo\u017en\u00e1 dal\u0161\u00ed d\u00edly. Tak\u017ee neov\u011b\u0159eno, co v\u0161e m\u016f\u017ee b\u00fdt po\u0161kozeno. V\u00edce fotek zde: https:\/\/goo.gl\/nynfsa Mohu p\u0159edat osobn\u011b v Trutnov\u011b nebo Praze dle domluvy.\" \/>\n<meta property=\"og:url\" content=\"https:\/\/www.letemsvetemapplem.eu\/bazar\/vytopeny-macbook-air-model-a1466\/\" \/>\n<meta property=\"og:site_name\" content=\"Apple bazar\" \/>\n<meta property=\"article:published_time\" content=\"2018-08-30T09:14:37+00:00\" \/>\n<meta property=\"og:image\" content=\"https:\/\/www.letemsvetemapplem.eu\/bazar\/wp-content\/uploads\/2018\/08\/IMG_3157.jpg\" \/>\n\t<meta property=\"og:image:width\" content=\"3264\" \/>\n\t<meta property=\"og:image:height\" content=\"2448\" \/>\n\t<meta property=\"og:image:type\" content=\"image\/jpeg\" \/>\n<meta name=\"twitter:card\" content=\"summary_large_image\" \/>\n<script type=\"application\/ld+json\" class=\"yoast-schema-graph\">{\"@context\":\"https:\\\/\\\/schema.org\",\"@graph\":[{\"@type\":\"Article\",\"@id\":\"https:\\\/\\\/www.letemsvetemapplem.eu\\\/bazar\\\/vytopeny-macbook-air-model-a1466\\\/#article\",\"isPartOf\":{\"@id\":\"https:\\\/\\\/www.letemsvetemapplem.eu\\\/bazar\\\/vytopeny-macbook-air-model-a1466\\\/\"},\"author\":{\"name\":\"\",\"@id\":\"\"},\"headline\":\"Vytopen\u00fd MacBook Air model A1466\",\"datePublished\":\"2018-08-30T09:14:37+00:00\",\"mainEntityOfPage\":{\"@id\":\"https:\\\/\\\/www.letemsvetemapplem.eu\\\/bazar\\\/vytopeny-macbook-air-model-a1466\\\/\"},\"wordCount\":82,\"image\":{\"@id\":\"https:\\\/\\\/www.letemsvetemapplem.eu\\\/bazar\\\/vytopeny-macbook-air-model-a1466\\\/#primaryimage\"},\"thumbnailUrl\":\"https:\\\/\\\/www.letemsvetemapplem.eu\\\/bazar\\\/wp-content\\\/uploads\\\/2018\\\/08\\\/IMG_3157.jpg\",\"articleSection\":[\"MacBook Air\"],\"inLanguage\":\"cs\"},{\"@type\":\"WebPage\",\"@id\":\"https:\\\/\\\/www.letemsvetemapplem.eu\\\/bazar\\\/vytopeny-macbook-air-model-a1466\\\/\",\"url\":\"https:\\\/\\\/www.letemsvetemapplem.eu\\\/bazar\\\/vytopeny-macbook-air-model-a1466\\\/\",\"name\":\"Vytopen\u00fd MacBook Air model A1466 - Apple bazar\",\"isPartOf\":{\"@id\":\"https:\\\/\\\/www.letemsvetemapplem.eu\\\/bazar\\\/#website\"},\"primaryImageOfPage\":{\"@id\":\"https:\\\/\\\/www.letemsvetemapplem.eu\\\/bazar\\\/vytopeny-macbook-air-model-a1466\\\/#primaryimage\"},\"image\":{\"@id\":\"https:\\\/\\\/www.letemsvetemapplem.eu\\\/bazar\\\/vytopeny-macbook-air-model-a1466\\\/#primaryimage\"},\"thumbnailUrl\":\"https:\\\/\\\/www.letemsvetemapplem.eu\\\/bazar\\\/wp-content\\\/uploads\\\/2018\\\/08\\\/IMG_3157.jpg\",\"datePublished\":\"2018-08-30T09:14:37+00:00\",\"author\":{\"@id\":\"\"},\"breadcrumb\":{\"@id\":\"https:\\\/\\\/www.letemsvetemapplem.eu\\\/bazar\\\/vytopeny-macbook-air-model-a1466\\\/#breadcrumb\"},\"inLanguage\":\"cs\",\"potentialAction\":[{\"@type\":\"ReadAction\",\"target\":[\"https:\\\/\\\/www.letemsvetemapplem.eu\\\/bazar\\\/vytopeny-macbook-air-model-a1466\\\/\"]}]},{\"@type\":\"ImageObject\",\"inLanguage\":\"cs\",\"@id\":\"https:\\\/\\\/www.letemsvetemapplem.eu\\\/bazar\\\/vytopeny-macbook-air-model-a1466\\\/#primaryimage\",\"url\":\"https:\\\/\\\/www.letemsvetemapplem.eu\\\/bazar\\\/wp-content\\\/uploads\\\/2018\\\/08\\\/IMG_3157.jpg\",\"contentUrl\":\"https:\\\/\\\/www.letemsvetemapplem.eu\\\/bazar\\\/wp-content\\\/uploads\\\/2018\\\/08\\\/IMG_3157.jpg\",\"width\":3264,\"height\":2448},{\"@type\":\"BreadcrumbList\",\"@id\":\"https:\\\/\\\/www.letemsvetemapplem.eu\\\/bazar\\\/vytopeny-macbook-air-model-a1466\\\/#breadcrumb\",\"itemListElement\":[{\"@type\":\"ListItem\",\"position\":1,\"name\":\"Apple Bazar\",\"item\":\"https:\\\/\\\/www.letemsvetemapplem.eu\\\/bazar\\\/\"},{\"@type\":\"ListItem\",\"position\":2,\"name\":\"Vytopen\u00fd MacBook Air model A1466\"}]},{\"@type\":\"WebSite\",\"@id\":\"https:\\\/\\\/www.letemsvetemapplem.eu\\\/bazar\\\/#website\",\"url\":\"https:\\\/\\\/www.letemsvetemapplem.eu\\\/bazar\\\/\",\"name\":\"Apple bazar\",\"description\":\"Oou\u017eit\u00e9 Apple produkty za skv\u011bl\u00e9 ceny\",\"potentialAction\":[{\"@type\":\"SearchAction\",\"target\":{\"@type\":\"EntryPoint\",\"urlTemplate\":\"https:\\\/\\\/www.letemsvetemapplem.eu\\\/bazar\\\/?s={search_term_string}\"},\"query-input\":{\"@type\":\"PropertyValueSpecification\",\"valueRequired\":true,\"valueName\":\"search_term_string\"}}],\"inLanguage\":\"cs\"}]}<\/script>\n<!-- \/ Yoast SEO plugin. -->","yoast_head_json":{"title":"Vytopen\u00fd MacBook Air model A1466 - Apple bazar","robots":{"index":"index","follow":"follow","max-snippet":"max-snippet:-1","max-image-preview":"max-image-preview:large","max-video-preview":"max-video-preview:-1"},"canonical":"https:\/\/www.letemsvetemapplem.eu\/bazar\/vytopeny-macbook-air-model-a1466\/","og_locale":"cs_CZ","og_type":"article","og_title":"Vytopen\u00fd MacBook Air model A1466 - Apple bazar","og_description":"Prod\u00e1m vytopen\u00fd MacBook Air model A1466 EMC 2630. Z\u016fstal venku na de\u0161ti zav\u0159en\u00fd, ale p\u0159es kl\u00e1vesnici do n\u011bj natekla voda. Zkouknuto servisem s t\u00edm, \u017ee by byla pot\u0159eba vym\u011bnit z\u00e1kladn\u00ed deska + mo\u017en\u00e1 dal\u0161\u00ed d\u00edly. Tak\u017ee neov\u011b\u0159eno, co v\u0161e m\u016f\u017ee b\u00fdt po\u0161kozeno. V\u00edce fotek zde: https:\/\/goo.gl\/nynfsa Mohu p\u0159edat osobn\u011b v Trutnov\u011b nebo Praze dle domluvy.","og_url":"https:\/\/www.letemsvetemapplem.eu\/bazar\/vytopeny-macbook-air-model-a1466\/","og_site_name":"Apple bazar","article_published_time":"2018-08-30T09:14:37+00:00","og_image":[{"width":3264,"height":2448,"url":"https:\/\/www.letemsvetemapplem.eu\/bazar\/wp-content\/uploads\/2018\/08\/IMG_3157.jpg","type":"image\/jpeg"}],"twitter_card":"summary_large_image","schema":{"@context":"https:\/\/schema.org","@graph":[{"@type":"Article","@id":"https:\/\/www.letemsvetemapplem.eu\/bazar\/vytopeny-macbook-air-model-a1466\/#article","isPartOf":{"@id":"https:\/\/www.letemsvetemapplem.eu\/bazar\/vytopeny-macbook-air-model-a1466\/"},"author":{"name":"","@id":""},"headline":"Vytopen\u00fd MacBook Air model A1466","datePublished":"2018-08-30T09:14:37+00:00","mainEntityOfPage":{"@id":"https:\/\/www.letemsvetemapplem.eu\/bazar\/vytopeny-macbook-air-model-a1466\/"},"wordCount":82,"image":{"@id":"https:\/\/www.letemsvetemapplem.eu\/bazar\/vytopeny-macbook-air-model-a1466\/#primaryimage"},"thumbnailUrl":"https:\/\/www.letemsvetemapplem.eu\/bazar\/wp-content\/uploads\/2018\/08\/IMG_3157.jpg","articleSection":["MacBook Air"],"inLanguage":"cs"},{"@type":"WebPage","@id":"https:\/\/www.letemsvetemapplem.eu\/bazar\/vytopeny-macbook-air-model-a1466\/","url":"https:\/\/www.letemsvetemapplem.eu\/bazar\/vytopeny-macbook-air-model-a1466\/","name":"Vytopen\u00fd MacBook Air model A1466 - Apple bazar","isPartOf":{"@id":"https:\/\/www.letemsvetemapplem.eu\/bazar\/#website"},"primaryImageOfPage":{"@id":"https:\/\/www.letemsvetemapplem.eu\/bazar\/vytopeny-macbook-air-model-a1466\/#primaryimage"},"image":{"@id":"https:\/\/www.letemsvetemapplem.eu\/bazar\/vytopeny-macbook-air-model-a1466\/#primaryimage"},"thumbnailUrl":"https:\/\/www.letemsvetemapplem.eu\/bazar\/wp-content\/uploads\/2018\/08\/IMG_3157.jpg","datePublished":"2018-08-30T09:14:37+00:00","author":{"@id":""},"breadcrumb":{"@id":"https:\/\/www.letemsvetemapplem.eu\/bazar\/vytopeny-macbook-air-model-a1466\/#breadcrumb"},"inLanguage":"cs","potentialAction":[{"@type":"ReadAction","target":["https:\/\/www.letemsvetemapplem.eu\/bazar\/vytopeny-macbook-air-model-a1466\/"]}]},{"@type":"ImageObject","inLanguage":"cs","@id":"https:\/\/www.letemsvetemapplem.eu\/bazar\/vytopeny-macbook-air-model-a1466\/#primaryimage","url":"https:\/\/www.letemsvetemapplem.eu\/bazar\/wp-content\/uploads\/2018\/08\/IMG_3157.jpg","contentUrl":"https:\/\/www.letemsvetemapplem.eu\/bazar\/wp-content\/uploads\/2018\/08\/IMG_3157.jpg","width":3264,"height":2448},{"@type":"BreadcrumbList","@id":"https:\/\/www.letemsvetemapplem.eu\/bazar\/vytopeny-macbook-air-model-a1466\/#breadcrumb","itemListElement":[{"@type":"ListItem","position":1,"name":"Apple Bazar","item":"https:\/\/www.letemsvetemapplem.eu\/bazar\/"},{"@type":"ListItem","position":2,"name":"Vytopen\u00fd MacBook Air model A1466"}]},{"@type":"WebSite","@id":"https:\/\/www.letemsvetemapplem.eu\/bazar\/#website","url":"https:\/\/www.letemsvetemapplem.eu\/bazar\/","name":"Apple bazar","description":"Oou\u017eit\u00e9 Apple produkty za skv\u011bl\u00e9 ceny","potentialAction":[{"@type":"SearchAction","target":{"@type":"EntryPoint","urlTemplate":"https:\/\/www.letemsvetemapplem.eu\/bazar\/?s={search_term_string}"},"query-input":{"@type":"PropertyValueSpecification","valueRequired":true,"valueName":"search_term_string"}}],"inLanguage":"cs"}]}},"_links":{"self":[{"href":"https:\/\/www.letemsvetemapplem.eu\/bazar\/wp-json\/wp\/v2\/posts\/104303","targetHints":{"allow":["GET"]}}],"collection":[{"href":"https:\/\/www.letemsvetemapplem.eu\/bazar\/wp-json\/wp\/v2\/posts"}],"about":[{"href":"https:\/\/www.letemsvetemapplem.eu\/bazar\/wp-json\/wp\/v2\/types\/post"}],"replies":[{"embeddable":true,"href":"https:\/\/www.letemsvetemapplem.eu\/bazar\/wp-json\/wp\/v2\/comments?post=104303"}],"version-history":[{"count":0,"href":"https:\/\/www.letemsvetemapplem.eu\/bazar\/wp-json\/wp\/v2\/posts\/104303\/revisions"}],"wp:featuredmedia":[{"embeddable":true,"href":"https:\/\/www.letemsvetemapplem.eu\/bazar\/wp-json\/wp\/v2\/media\/104304"}],"wp:attachment":[{"href":"https:\/\/www.letemsvetemapplem.eu\/bazar\/wp-json\/wp\/v2\/media?parent=104303"}],"wp:term":[{"taxonomy":"category","embeddable":true,"href":"https:\/\/www.letemsvetemapplem.eu\/bazar\/wp-json\/wp\/v2\/categories?post=104303"},{"taxonomy":"post_tag","embeddable":true,"href":"https:\/\/www.letemsvetemapplem.eu\/bazar\/wp-json\/wp\/v2\/tags?post=104303"}],"curies":[{"name":"wp","href":"https:\/\/api.w.org\/{rel}","templated":true}]}}