{"id":103336,"date":"2018-08-26T17:45:58","date_gmt":"2018-08-26T16:45:58","guid":{"rendered":"https:\/\/www.letemsvetemapplem.eu\/bazar\/?p=103336"},"modified":"2018-08-26T17:45:58","modified_gmt":"2018-08-26T16:45:58","slug":"mac-mini-i5-2-6ghz-8gb-512gb-ssd","status":"publish","type":"post","link":"https:\/\/www.letemsvetemapplem.eu\/bazar\/mac-mini-i5-2-6ghz-8gb-512gb-ssd\/","title":{"rendered":"Mac mini i5 2.6GHz\/8GB\/512GB SSD"},"content":{"rendered":"<p>Pred\u00e1m Mac mini i5 (late 2014) 2.6GHz\/8GB\/512GbB SSD pou\u017e\u00edvan\u00e9ho necel\u00e9 dva roky. Zariadenie vyzer\u00e1 ako nov\u00e9! D\u00f4vod predaja je prechod na macbook. Na mac sa u\u017e nevz\u0165ahuje z\u00e1ruka, preto\u017ee harddisc som menil svojpomocne za 512Gb Evo od samsungu. Mac \u0161lape s SSD neskuto\u010dne dobre. <\/p>\n<p>LEN OSOBN\u00dd ODBER ! Bratislava alebo Tren\u010d\u00edn<\/p>\n","protected":false},"excerpt":{"rendered":"<p>Pred\u00e1m Mac mini i5 (late 2014) 2.6GHz\/8GB\/512GbB SSD pou\u017e\u00edvan\u00e9ho necel\u00e9 dva roky. Zariadenie vyzer\u00e1 ako nov\u00e9! D\u00f4vod predaja je prechod na macbook. Na mac sa u\u017e nevz\u0165ahuje z\u00e1ruka, preto\u017ee harddisc som menil svojpomocne za 512Gb Evo od samsungu. Mac \u0161lape s SSD neskuto\u010dne dobre. LEN OSOBN\u00dd ODBER ! Bratislava alebo Tren\u010d\u00edn<\/p>\n","protected":false},"author":0,"featured_media":103337,"comment_status":"closed","ping_status":"closed","sticky":false,"template":"","format":"standard","meta":{"footnotes":""},"categories":[44],"tags":[],"class_list":["post-103336","post","type-post","status-publish","format-standard","has-post-thumbnail","hentry","category-mac-mini"],"yoast_head":"<!-- This site is optimized with the Yoast SEO plugin v27.2 - https:\/\/yoast.com\/product\/yoast-seo-wordpress\/ -->\n<title>Mac mini i5 2.6GHz\/8GB\/512GB SSD - Apple bazar<\/title>\n<meta name=\"robots\" content=\"index, follow, max-snippet:-1, max-image-preview:large, max-video-preview:-1\" \/>\n<link rel=\"canonical\" href=\"https:\/\/www.letemsvetemapplem.eu\/bazar\/mac-mini-i5-2-6ghz-8gb-512gb-ssd\/\" \/>\n<meta property=\"og:locale\" content=\"cs_CZ\" \/>\n<meta property=\"og:type\" content=\"article\" \/>\n<meta property=\"og:title\" content=\"Mac mini i5 2.6GHz\/8GB\/512GB SSD - Apple bazar\" \/>\n<meta property=\"og:description\" content=\"Pred\u00e1m Mac mini i5 (late 2014) 2.6GHz\/8GB\/512GbB SSD pou\u017e\u00edvan\u00e9ho necel\u00e9 dva roky. Zariadenie vyzer\u00e1 ako nov\u00e9! D\u00f4vod predaja je prechod na macbook. Na mac sa u\u017e nevz\u0165ahuje z\u00e1ruka, preto\u017ee harddisc som menil svojpomocne za 512Gb Evo od samsungu. Mac \u0161lape s SSD neskuto\u010dne dobre. LEN OSOBN\u00dd ODBER ! Bratislava alebo Tren\u010d\u00edn\" \/>\n<meta property=\"og:url\" content=\"https:\/\/www.letemsvetemapplem.eu\/bazar\/mac-mini-i5-2-6ghz-8gb-512gb-ssd\/\" \/>\n<meta property=\"og:site_name\" content=\"Apple bazar\" \/>\n<meta property=\"article:published_time\" content=\"2018-08-26T16:45:58+00:00\" \/>\n<meta property=\"og:image\" content=\"https:\/\/www.letemsvetemapplem.eu\/bazar\/wp-content\/uploads\/2018\/08\/UNADJUSTEDNONRAW_thumb_2127.jpg\" \/>\n\t<meta property=\"og:image:width\" content=\"1024\" \/>\n\t<meta property=\"og:image:height\" content=\"1024\" \/>\n\t<meta property=\"og:image:type\" content=\"image\/jpeg\" \/>\n<meta name=\"twitter:card\" content=\"summary_large_image\" \/>\n<script type=\"application\/ld+json\" class=\"yoast-schema-graph\">{\"@context\":\"https:\/\/schema.org\",\"@graph\":[{\"@type\":\"Article\",\"@id\":\"https:\/\/www.letemsvetemapplem.eu\/bazar\/mac-mini-i5-2-6ghz-8gb-512gb-ssd\/#article\",\"isPartOf\":{\"@id\":\"https:\/\/www.letemsvetemapplem.eu\/bazar\/mac-mini-i5-2-6ghz-8gb-512gb-ssd\/\"},\"author\":{\"name\":\"\",\"@id\":\"\"},\"headline\":\"Mac mini i5 2.6GHz\/8GB\/512GB SSD\",\"datePublished\":\"2018-08-26T16:45:58+00:00\",\"mainEntityOfPage\":{\"@id\":\"https:\/\/www.letemsvetemapplem.eu\/bazar\/mac-mini-i5-2-6ghz-8gb-512gb-ssd\/\"},\"wordCount\":67,\"image\":{\"@id\":\"https:\/\/www.letemsvetemapplem.eu\/bazar\/mac-mini-i5-2-6ghz-8gb-512gb-ssd\/#primaryimage\"},\"thumbnailUrl\":\"https:\/\/www.letemsvetemapplem.eu\/bazar\/wp-content\/uploads\/2018\/08\/UNADJUSTEDNONRAW_thumb_2127.jpg\",\"articleSection\":[\"Mac mini\"],\"inLanguage\":\"cs\"},{\"@type\":\"WebPage\",\"@id\":\"https:\/\/www.letemsvetemapplem.eu\/bazar\/mac-mini-i5-2-6ghz-8gb-512gb-ssd\/\",\"url\":\"https:\/\/www.letemsvetemapplem.eu\/bazar\/mac-mini-i5-2-6ghz-8gb-512gb-ssd\/\",\"name\":\"Mac mini i5 2.6GHz\/8GB\/512GB SSD - Apple bazar\",\"isPartOf\":{\"@id\":\"https:\/\/www.letemsvetemapplem.eu\/bazar\/#website\"},\"primaryImageOfPage\":{\"@id\":\"https:\/\/www.letemsvetemapplem.eu\/bazar\/mac-mini-i5-2-6ghz-8gb-512gb-ssd\/#primaryimage\"},\"image\":{\"@id\":\"https:\/\/www.letemsvetemapplem.eu\/bazar\/mac-mini-i5-2-6ghz-8gb-512gb-ssd\/#primaryimage\"},\"thumbnailUrl\":\"https:\/\/www.letemsvetemapplem.eu\/bazar\/wp-content\/uploads\/2018\/08\/UNADJUSTEDNONRAW_thumb_2127.jpg\",\"datePublished\":\"2018-08-26T16:45:58+00:00\",\"author\":{\"@id\":\"\"},\"breadcrumb\":{\"@id\":\"https:\/\/www.letemsvetemapplem.eu\/bazar\/mac-mini-i5-2-6ghz-8gb-512gb-ssd\/#breadcrumb\"},\"inLanguage\":\"cs\",\"potentialAction\":[{\"@type\":\"ReadAction\",\"target\":[\"https:\/\/www.letemsvetemapplem.eu\/bazar\/mac-mini-i5-2-6ghz-8gb-512gb-ssd\/\"]}]},{\"@type\":\"ImageObject\",\"inLanguage\":\"cs\",\"@id\":\"https:\/\/www.letemsvetemapplem.eu\/bazar\/mac-mini-i5-2-6ghz-8gb-512gb-ssd\/#primaryimage\",\"url\":\"https:\/\/www.letemsvetemapplem.eu\/bazar\/wp-content\/uploads\/2018\/08\/UNADJUSTEDNONRAW_thumb_2127.jpg\",\"contentUrl\":\"https:\/\/www.letemsvetemapplem.eu\/bazar\/wp-content\/uploads\/2018\/08\/UNADJUSTEDNONRAW_thumb_2127.jpg\",\"width\":1024,\"height\":1024},{\"@type\":\"BreadcrumbList\",\"@id\":\"https:\/\/www.letemsvetemapplem.eu\/bazar\/mac-mini-i5-2-6ghz-8gb-512gb-ssd\/#breadcrumb\",\"itemListElement\":[{\"@type\":\"ListItem\",\"position\":1,\"name\":\"Apple Bazar\",\"item\":\"https:\/\/www.letemsvetemapplem.eu\/bazar\/\"},{\"@type\":\"ListItem\",\"position\":2,\"name\":\"Mac mini i5 2.6GHz\/8GB\/512GB SSD\"}]},{\"@type\":\"WebSite\",\"@id\":\"https:\/\/www.letemsvetemapplem.eu\/bazar\/#website\",\"url\":\"https:\/\/www.letemsvetemapplem.eu\/bazar\/\",\"name\":\"Apple bazar\",\"description\":\"Oou\u017eit\u00e9 Apple produkty za skv\u011bl\u00e9 ceny\",\"potentialAction\":[{\"@type\":\"SearchAction\",\"target\":{\"@type\":\"EntryPoint\",\"urlTemplate\":\"https:\/\/www.letemsvetemapplem.eu\/bazar\/?s={search_term_string}\"},\"query-input\":{\"@type\":\"PropertyValueSpecification\",\"valueRequired\":true,\"valueName\":\"search_term_string\"}}],\"inLanguage\":\"cs\"}]}<\/script>\n<!-- \/ Yoast SEO plugin. -->","yoast_head_json":{"title":"Mac mini i5 2.6GHz\/8GB\/512GB SSD - Apple bazar","robots":{"index":"index","follow":"follow","max-snippet":"max-snippet:-1","max-image-preview":"max-image-preview:large","max-video-preview":"max-video-preview:-1"},"canonical":"https:\/\/www.letemsvetemapplem.eu\/bazar\/mac-mini-i5-2-6ghz-8gb-512gb-ssd\/","og_locale":"cs_CZ","og_type":"article","og_title":"Mac mini i5 2.6GHz\/8GB\/512GB SSD - Apple bazar","og_description":"Pred\u00e1m Mac mini i5 (late 2014) 2.6GHz\/8GB\/512GbB SSD pou\u017e\u00edvan\u00e9ho necel\u00e9 dva roky. Zariadenie vyzer\u00e1 ako nov\u00e9! D\u00f4vod predaja je prechod na macbook. Na mac sa u\u017e nevz\u0165ahuje z\u00e1ruka, preto\u017ee harddisc som menil svojpomocne za 512Gb Evo od samsungu. Mac \u0161lape s SSD neskuto\u010dne dobre. LEN OSOBN\u00dd ODBER ! Bratislava alebo Tren\u010d\u00edn","og_url":"https:\/\/www.letemsvetemapplem.eu\/bazar\/mac-mini-i5-2-6ghz-8gb-512gb-ssd\/","og_site_name":"Apple bazar","article_published_time":"2018-08-26T16:45:58+00:00","og_image":[{"width":1024,"height":1024,"url":"https:\/\/www.letemsvetemapplem.eu\/bazar\/wp-content\/uploads\/2018\/08\/UNADJUSTEDNONRAW_thumb_2127.jpg","type":"image\/jpeg"}],"twitter_card":"summary_large_image","schema":{"@context":"https:\/\/schema.org","@graph":[{"@type":"Article","@id":"https:\/\/www.letemsvetemapplem.eu\/bazar\/mac-mini-i5-2-6ghz-8gb-512gb-ssd\/#article","isPartOf":{"@id":"https:\/\/www.letemsvetemapplem.eu\/bazar\/mac-mini-i5-2-6ghz-8gb-512gb-ssd\/"},"author":{"name":"","@id":""},"headline":"Mac mini i5 2.6GHz\/8GB\/512GB SSD","datePublished":"2018-08-26T16:45:58+00:00","mainEntityOfPage":{"@id":"https:\/\/www.letemsvetemapplem.eu\/bazar\/mac-mini-i5-2-6ghz-8gb-512gb-ssd\/"},"wordCount":67,"image":{"@id":"https:\/\/www.letemsvetemapplem.eu\/bazar\/mac-mini-i5-2-6ghz-8gb-512gb-ssd\/#primaryimage"},"thumbnailUrl":"https:\/\/www.letemsvetemapplem.eu\/bazar\/wp-content\/uploads\/2018\/08\/UNADJUSTEDNONRAW_thumb_2127.jpg","articleSection":["Mac mini"],"inLanguage":"cs"},{"@type":"WebPage","@id":"https:\/\/www.letemsvetemapplem.eu\/bazar\/mac-mini-i5-2-6ghz-8gb-512gb-ssd\/","url":"https:\/\/www.letemsvetemapplem.eu\/bazar\/mac-mini-i5-2-6ghz-8gb-512gb-ssd\/","name":"Mac mini i5 2.6GHz\/8GB\/512GB SSD - Apple bazar","isPartOf":{"@id":"https:\/\/www.letemsvetemapplem.eu\/bazar\/#website"},"primaryImageOfPage":{"@id":"https:\/\/www.letemsvetemapplem.eu\/bazar\/mac-mini-i5-2-6ghz-8gb-512gb-ssd\/#primaryimage"},"image":{"@id":"https:\/\/www.letemsvetemapplem.eu\/bazar\/mac-mini-i5-2-6ghz-8gb-512gb-ssd\/#primaryimage"},"thumbnailUrl":"https:\/\/www.letemsvetemapplem.eu\/bazar\/wp-content\/uploads\/2018\/08\/UNADJUSTEDNONRAW_thumb_2127.jpg","datePublished":"2018-08-26T16:45:58+00:00","author":{"@id":""},"breadcrumb":{"@id":"https:\/\/www.letemsvetemapplem.eu\/bazar\/mac-mini-i5-2-6ghz-8gb-512gb-ssd\/#breadcrumb"},"inLanguage":"cs","potentialAction":[{"@type":"ReadAction","target":["https:\/\/www.letemsvetemapplem.eu\/bazar\/mac-mini-i5-2-6ghz-8gb-512gb-ssd\/"]}]},{"@type":"ImageObject","inLanguage":"cs","@id":"https:\/\/www.letemsvetemapplem.eu\/bazar\/mac-mini-i5-2-6ghz-8gb-512gb-ssd\/#primaryimage","url":"https:\/\/www.letemsvetemapplem.eu\/bazar\/wp-content\/uploads\/2018\/08\/UNADJUSTEDNONRAW_thumb_2127.jpg","contentUrl":"https:\/\/www.letemsvetemapplem.eu\/bazar\/wp-content\/uploads\/2018\/08\/UNADJUSTEDNONRAW_thumb_2127.jpg","width":1024,"height":1024},{"@type":"BreadcrumbList","@id":"https:\/\/www.letemsvetemapplem.eu\/bazar\/mac-mini-i5-2-6ghz-8gb-512gb-ssd\/#breadcrumb","itemListElement":[{"@type":"ListItem","position":1,"name":"Apple Bazar","item":"https:\/\/www.letemsvetemapplem.eu\/bazar\/"},{"@type":"ListItem","position":2,"name":"Mac mini i5 2.6GHz\/8GB\/512GB SSD"}]},{"@type":"WebSite","@id":"https:\/\/www.letemsvetemapplem.eu\/bazar\/#website","url":"https:\/\/www.letemsvetemapplem.eu\/bazar\/","name":"Apple bazar","description":"Oou\u017eit\u00e9 Apple produkty za skv\u011bl\u00e9 ceny","potentialAction":[{"@type":"SearchAction","target":{"@type":"EntryPoint","urlTemplate":"https:\/\/www.letemsvetemapplem.eu\/bazar\/?s={search_term_string}"},"query-input":{"@type":"PropertyValueSpecification","valueRequired":true,"valueName":"search_term_string"}}],"inLanguage":"cs"}]}},"_links":{"self":[{"href":"https:\/\/www.letemsvetemapplem.eu\/bazar\/wp-json\/wp\/v2\/posts\/103336","targetHints":{"allow":["GET"]}}],"collection":[{"href":"https:\/\/www.letemsvetemapplem.eu\/bazar\/wp-json\/wp\/v2\/posts"}],"about":[{"href":"https:\/\/www.letemsvetemapplem.eu\/bazar\/wp-json\/wp\/v2\/types\/post"}],"replies":[{"embeddable":true,"href":"https:\/\/www.letemsvetemapplem.eu\/bazar\/wp-json\/wp\/v2\/comments?post=103336"}],"version-history":[{"count":0,"href":"https:\/\/www.letemsvetemapplem.eu\/bazar\/wp-json\/wp\/v2\/posts\/103336\/revisions"}],"wp:featuredmedia":[{"embeddable":true,"href":"https:\/\/www.letemsvetemapplem.eu\/bazar\/wp-json\/wp\/v2\/media\/103337"}],"wp:attachment":[{"href":"https:\/\/www.letemsvetemapplem.eu\/bazar\/wp-json\/wp\/v2\/media?parent=103336"}],"wp:term":[{"taxonomy":"category","embeddable":true,"href":"https:\/\/www.letemsvetemapplem.eu\/bazar\/wp-json\/wp\/v2\/categories?post=103336"},{"taxonomy":"post_tag","embeddable":true,"href":"https:\/\/www.letemsvetemapplem.eu\/bazar\/wp-json\/wp\/v2\/tags?post=103336"}],"curies":[{"name":"wp","href":"https:\/\/api.w.org\/{rel}","templated":true}]}}